{"id":148229,"date":"2023-07-06T07:47:38","date_gmt":"2023-07-06T11:47:38","guid":{"rendered":"https:\/\/news.canadamotorjobs.com\/?p=148229"},"modified":"2023-07-06T07:59:17","modified_gmt":"2023-07-06T11:59:17","slug":"mercedes-presente-la-nouvelle-cle","status":"publish","type":"post","link":"https:\/\/news.canadamotorjobs.com\/fr\/mercedes-presente-la-nouvelle-cle\/","title":{"rendered":"Mercedes pr\u00e9sente la nouvelle CLE"},"content":{"rendered":"<\/p>\n<p>Avec la simplification de sa gamme, une nouvelle Classe E qui ne sera livrable qu\u2019en version berline, Mercedes a d\u00e9cid\u00e9 d\u2019offrir un mod\u00e8le coup\u00e9 et cabriolet qui fait le pont entre la Classe C et la classe E, la bien nomm\u00e9e CLE qui est toute nouvelle pour 2024. Elle se farde d\u2019une calandre au style athl\u00e9tique. L&#8217;arri\u00e8re muscl\u00e9 est caract\u00e9ris\u00e9 par des surfaces fluides, des transitions douces et des feux DEL en deux parties avec de nouveaux contours. Avec 4,85 m\u00e8tres de long, 1,86 m\u00e8tres de large et 1,42 m\u00e8tres de haut, le CLE est le coup\u00e9 deux portes le plus g\u00e9n\u00e9reux de la marque. On revient \u00e0 des dimensions proches de l\u2019ancienne Classe E coup\u00e9 et le coffre est en mesure de recevoir trois sacs de golf.<\/p>\n<h3>Les derniers gadgets de la marque<\/h3>\n<p>\nOutre l\u2019\u00e9cran multifonction de 12,3 pouces du conducteur, Mercedes ajoute un \u00e9cran central de 11,9 pouces orient\u00e9 vers le conducteur et \u00e9clairage d&#8217;ambiance dynamique de 64 couleurs. Les si\u00e8ges ont \u00e9t\u00e9 d\u00e9velopp\u00e9 pour le CLE. Associ\u00e9s au syst\u00e8me audio Burmester 3D ambiophonique en option, ils disposent chacun de deux haut-parleurs au niveau des appuie-t\u00eate. Le CLE coup\u00e9 reprend le d&#8217;infodivertissement MBUX de la Classe E.<\/p>\n<h3>Un seul moteur au Canada<\/h3>\n<p>\nAu Canada, la CLE 300 4MATIC sera le seul mod\u00e8le livrable.\u00a0 Elle vient avec un 4 cylindres turbo de 2,0 litres, la norme de l\u2019industrie. Autre tendance lourde, l\u2019hybridation douce\u00a0 qui prend la forme d\u2019une pile de 48 volts qui joue le double r\u00f4le d\u2019\u00e9liminer les temps morts du turbo, ajout\u00e9 23 chevaux et r\u00e9duire au passage la consommation. Le moteur est dot\u00e9 d&#8217;un g\u00e9n\u00e9rateur de d\u00e9marrage int\u00e9gr\u00e9 (ISG) de deuxi\u00e8me g\u00e9n\u00e9ration, qui assure une assistance \u00e0 bas r\u00e9gime et garantit un excellent d\u00e9veloppement de la puissance. Ce moteur d\u00e9veloppe 255 chevaux et 295 lb-pi de couple. Nos voisins am\u00e9ricains pourront se tourner vers un V6 en ligne de 3,0 litres. Le CLE 450 4MATIC d\u00e9veloppe une puissance de 375 chevaux et un couple de 369 lb-pi et offre une conduite plus sportives.<\/p>\n<h3><strong>Une conduite inspir\u00e9e<\/strong><\/h3>\n<p>\nPour assurer une conduite inspir\u00e9e, Mercedes a abaiss\u00e9 le ch\u00e2ssis de 15 millim\u00e8tres de s\u00e9rie. Pour aller chercher le maximum de sensation, le DYNAMIC BODY CONTROL en option, avec un amortissement r\u00e9glable en continu sur les essieux avant et arri\u00e8re en combinaison avec les roues arri\u00e8re directrices, tous deux propos\u00e9s dans l\u2019ensemble Dynamique vous donne un plaisir de conduite agile sans perdre de confort de roulement. L&#8217;angle de braquage aux roues arri\u00e8res peut atteindre 2,5 degr\u00e9s pour enrouler une courbe avec aplomb. Cela permet de r\u00e9duire le rayon de braquage de 50 centim\u00e8tres. Malgr\u00e9 ses dimensions plus importantes, le CLE coup\u00e9 \u00e0 propulsion a un rayon de braquage plus petit que le coup\u00e9 de la Classe C (10,7 au lieu de 11,2 m\u00e8tres). Vous avez aussi de nombreux syst\u00e8mes d&#8217;aide \u00e0 la conduite qui offrent une assistance adapt\u00e9e \u00e0 chaque situation pour plus de s\u00e9curit\u00e9. L&#8217;\u00e9quipement de s\u00e9rie tr\u00e8s complet comprend les syst\u00e8mes ATTENTION ASSIST, Active Brake Assist, Active Lane Keeping Assist, Speed Limit Assist et l\u2019ensemble de stationnement avec cam\u00e9ra de recul. Le syst\u00e8me d&#8217;aide active au maintien de la distance DISTRONIC fait \u00e9galement partie de l&#8217;\u00e9quipement de s\u00e9rie.<\/p>\n<p>\u00a0<\/p>\n<p>\u00a0<\/p>\n<p>\u00a0<\/p>\n<p>Le texte <a rel=\"nofollow\" href=\"https:\/\/annuelauto.ca\/mercedes-presente-la-nouvelle-cle\/\">Mercedes pr\u00e9sente la nouvelle CLE<\/a> provient de <a rel=\"nofollow\" href=\"https:\/\/annuelauto.ca\">L&#8217;annuel de l&#8217;automobile &#8211; Actualit\u00e9 automobile<\/a><\/p>\n<p><\/p>\n","protected":false},"excerpt":{"rendered":"<p>Avec la simplification de sa gamme, une nouvelle Classe E qui ne sera livrable qu\u2019en version berline, Mercedes a d\u00e9cid\u00e9 d\u2019offrir un mod\u00e8le coup\u00e9 et cabriolet qui fait le pont entre la Classe C et la classe E, la bien nomm\u00e9e CLE qui est toute nouvelle pour 2024. Elle se farde d\u2019une calandre au style [&hellip;]<\/p>\n","protected":false},"author":8,"featured_media":148231,"comment_status":"close","ping_status":"closed","sticky":false,"template":"","format":"standard","meta":{"_monsterinsights_skip_tracking":false,"_monsterinsights_sitenote_active":false,"_monsterinsights_sitenote_note":"","_monsterinsights_sitenote_category":0,"footnotes":""},"categories":[101],"tags":[],"yoast_head":"<!-- This site is optimized with the Yoast SEO plugin v23.2 - https:\/\/yoast.com\/wordpress\/plugins\/seo\/ -->\n<title>Mercedes pr\u00e9sente la nouvelle CLE - CanadaMotorJobs.com<\/title>\n<meta name=\"description\" content=\"Mercedes pr\u00e9sente la nouvelle CLE - Benoit Charette - Annuel automobile - CanadaMotorJobs.com.\" \/>\n<meta name=\"robots\" content=\"index, follow, max-snippet:-1, max-image-preview:large, max-video-preview:-1\" \/>\n<meta property=\"og:locale\" content=\"fr_CA\" \/>\n<meta property=\"og:type\" content=\"article\" \/>\n<meta property=\"og:title\" content=\"Mercedes pr\u00e9sente la nouvelle CLE - CanadaMotorJobs.com\" \/>\n<meta property=\"og:description\" content=\"Mercedes pr\u00e9sente la nouvelle CLE - Benoit Charette - Annuel automobile - CanadaMotorJobs.com.\" \/>\n<meta property=\"og:url\" content=\"https:\/\/news.canadamotorjobs.com\/fr\/mercedes-presente-la-nouvelle-cle\/\" \/>\n<meta property=\"og:site_name\" content=\"CanadaMotorJobs.com\" \/>\n<meta property=\"article:publisher\" content=\"https:\/\/www.facebook.com\/canadamotorjobs\/\" \/>\n<meta property=\"article:published_time\" content=\"2023-07-06T11:47:38+00:00\" \/>\n<meta property=\"article:modified_time\" content=\"2023-07-06T11:59:17+00:00\" \/>\n<meta property=\"og:image\" content=\"https:\/\/news.canadamotorjobs.com\/wp-content\/uploads\/2023\/07\/23c0232_002.jpg\" \/>\n\t<meta property=\"og:image:width\" content=\"1422\" \/>\n\t<meta property=\"og:image:height\" content=\"800\" \/>\n\t<meta property=\"og:image:type\" content=\"image\/jpeg\" \/>\n<meta name=\"author\" content=\"Benoit Charette\" \/>\n<meta name=\"twitter:card\" content=\"summary_large_image\" \/>\n<meta name=\"twitter:creator\" content=\"@canadamotorjobs\" \/>\n<meta name=\"twitter:site\" content=\"@canadamotorjobs\" \/>\n<meta name=\"twitter:label1\" content=\"\u00c9crit par\" \/>\n\t<meta name=\"twitter:data1\" content=\"Benoit Charette\" \/>\n\t<meta name=\"twitter:label2\" content=\"Estimation du temps de lecture\" \/>\n\t<meta name=\"twitter:data2\" content=\"3 minutes\" \/>\n<!-- \/ Yoast SEO plugin. -->","yoast_head_json":{"title":"Mercedes pr\u00e9sente la nouvelle CLE - CanadaMotorJobs.com","description":"Mercedes pr\u00e9sente la nouvelle CLE - Benoit Charette - Annuel automobile - CanadaMotorJobs.com.","robots":{"index":"index","follow":"follow","max-snippet":"max-snippet:-1","max-image-preview":"max-image-preview:large","max-video-preview":"max-video-preview:-1"},"og_locale":"fr_CA","og_type":"article","og_title":"Mercedes pr\u00e9sente la nouvelle CLE - CanadaMotorJobs.com","og_description":"Mercedes pr\u00e9sente la nouvelle CLE - Benoit Charette - Annuel automobile - CanadaMotorJobs.com.","og_url":"https:\/\/news.canadamotorjobs.com\/fr\/mercedes-presente-la-nouvelle-cle\/","og_site_name":"CanadaMotorJobs.com","article_publisher":"https:\/\/www.facebook.com\/canadamotorjobs\/","article_published_time":"2023-07-06T11:47:38+00:00","article_modified_time":"2023-07-06T11:59:17+00:00","og_image":[{"width":1422,"height":800,"url":"https:\/\/news.canadamotorjobs.com\/wp-content\/uploads\/2023\/07\/23c0232_002.jpg","type":"image\/jpeg"}],"author":"Benoit Charette","twitter_card":"summary_large_image","twitter_creator":"@canadamotorjobs","twitter_site":"@canadamotorjobs","twitter_misc":{"\u00c9crit par":"Benoit Charette","Estimation du temps de lecture":"3 minutes"},"schema":{"@context":"https:\/\/schema.org","@graph":[{"@type":"Article","@id":"https:\/\/news.canadamotorjobs.com\/fr\/mercedes-presente-la-nouvelle-cle\/#article","isPartOf":{"@id":"https:\/\/news.canadamotorjobs.com\/fr\/mercedes-presente-la-nouvelle-cle\/"},"author":{"name":"Benoit Charette","@id":"https:\/\/news.canadamotorjobs.com\/#\/schema\/person\/51793d1f87d44011d7bcc2ed99269a90"},"headline":"Mercedes pr\u00e9sente la nouvelle CLE","datePublished":"2023-07-06T11:47:38+00:00","dateModified":"2023-07-06T11:59:17+00:00","mainEntityOfPage":{"@id":"https:\/\/news.canadamotorjobs.com\/fr\/mercedes-presente-la-nouvelle-cle\/"},"wordCount":600,"publisher":{"@id":"https:\/\/news.canadamotorjobs.com\/#organization"},"image":{"@id":"https:\/\/news.canadamotorjobs.com\/fr\/mercedes-presente-la-nouvelle-cle\/#primaryimage"},"thumbnailUrl":"https:\/\/news.canadamotorjobs.com\/wp-content\/uploads\/2023\/07\/23c0232_002.jpg","articleSection":["Annuel automobile"],"inLanguage":"fr-CA"},{"@type":"WebPage","@id":"https:\/\/news.canadamotorjobs.com\/fr\/mercedes-presente-la-nouvelle-cle\/","url":"https:\/\/news.canadamotorjobs.com\/fr\/mercedes-presente-la-nouvelle-cle\/","name":"Mercedes pr\u00e9sente la nouvelle CLE - CanadaMotorJobs.com","isPartOf":{"@id":"https:\/\/news.canadamotorjobs.com\/#website"},"primaryImageOfPage":{"@id":"https:\/\/news.canadamotorjobs.com\/fr\/mercedes-presente-la-nouvelle-cle\/#primaryimage"},"image":{"@id":"https:\/\/news.canadamotorjobs.com\/fr\/mercedes-presente-la-nouvelle-cle\/#primaryimage"},"thumbnailUrl":"https:\/\/news.canadamotorjobs.com\/wp-content\/uploads\/2023\/07\/23c0232_002.jpg","datePublished":"2023-07-06T11:47:38+00:00","dateModified":"2023-07-06T11:59:17+00:00","description":"Mercedes pr\u00e9sente la nouvelle CLE - Benoit Charette - Annuel automobile - CanadaMotorJobs.com.","breadcrumb":{"@id":"https:\/\/news.canadamotorjobs.com\/fr\/mercedes-presente-la-nouvelle-cle\/#breadcrumb"},"inLanguage":"fr-CA","potentialAction":[{"@type":"ReadAction","target":["https:\/\/news.canadamotorjobs.com\/fr\/mercedes-presente-la-nouvelle-cle\/"]}]},{"@type":"ImageObject","inLanguage":"fr-CA","@id":"https:\/\/news.canadamotorjobs.com\/fr\/mercedes-presente-la-nouvelle-cle\/#primaryimage","url":"https:\/\/news.canadamotorjobs.com\/wp-content\/uploads\/2023\/07\/23c0232_002.jpg","contentUrl":"https:\/\/news.canadamotorjobs.com\/wp-content\/uploads\/2023\/07\/23c0232_002.jpg","width":1422,"height":800},{"@type":"BreadcrumbList","@id":"https:\/\/news.canadamotorjobs.com\/fr\/mercedes-presente-la-nouvelle-cle\/#breadcrumb","itemListElement":[{"@type":"ListItem","position":1,"name":"Home","item":"https:\/\/news.canadamotorjobs.com\/fr\/blog\/"},{"@type":"ListItem","position":2,"name":"Mercedes pr\u00e9sente la nouvelle CLE"}]},{"@type":"WebSite","@id":"https:\/\/news.canadamotorjobs.com\/#website","url":"https:\/\/news.canadamotorjobs.com\/","name":"CanadaMotorJobs.com","description":"Automotive Jobs","publisher":{"@id":"https:\/\/news.canadamotorjobs.com\/#organization"},"potentialAction":[{"@type":"SearchAction","target":{"@type":"EntryPoint","urlTemplate":"https:\/\/news.canadamotorjobs.com\/?s={search_term_string}"},"query-input":"required name=search_term_string"}],"inLanguage":"fr-CA"},{"@type":"Organization","@id":"https:\/\/news.canadamotorjobs.com\/#organization","name":"Canada Motor Jobs","url":"https:\/\/news.canadamotorjobs.com\/","logo":{"@type":"ImageObject","inLanguage":"fr-CA","@id":"https:\/\/news.canadamotorjobs.com\/#\/schema\/logo\/image\/","url":"https:\/\/news.canadamotorjobs.com\/wp-content\/uploads\/2022\/10\/logo-canada-motor-jobs-1.png","contentUrl":"https:\/\/news.canadamotorjobs.com\/wp-content\/uploads\/2022\/10\/logo-canada-motor-jobs-1.png","width":800,"height":400,"caption":"Canada Motor Jobs"},"image":{"@id":"https:\/\/news.canadamotorjobs.com\/#\/schema\/logo\/image\/"},"sameAs":["https:\/\/www.facebook.com\/canadamotorjobs\/","https:\/\/x.com\/canadamotorjobs","https:\/\/www.instagram.com\/canadamotorjobs\/","https:\/\/www.linkedin.com\/company\/canadamotorjobs"]},{"@type":"Person","@id":"https:\/\/news.canadamotorjobs.com\/#\/schema\/person\/51793d1f87d44011d7bcc2ed99269a90","name":"Benoit Charette","image":{"@type":"ImageObject","inLanguage":"fr-CA","@id":"https:\/\/news.canadamotorjobs.com\/#\/schema\/person\/image\/","url":"https:\/\/secure.gravatar.com\/avatar\/45f3d2eebcccd909668d7ce7ea7267b6?s=96&d=mm&r=g","contentUrl":"https:\/\/secure.gravatar.com\/avatar\/45f3d2eebcccd909668d7ce7ea7267b6?s=96&d=mm&r=g","caption":"Benoit Charette"},"description":"Benoit Charette \/ Propri\u00e9taire et r\u00e9dacteur en chef Benoit Charette pratique le journalisme automobile depuis bient\u00f4t 30 ans. Il a fait ses classes au c\u00f4t\u00e9 de Daniel H\u00e9raud et au Carnet de route de 1992 \u00e0 2001. Il est fondateur, copropri\u00e9taire et r\u00e9dacteur en chef de L\u2019Annuel de l\u2019automobile, qu\u2019il publie depuis 2001. Il a anim\u00e9 les \u00e9missions RPM et RPM+ sur V et les L\u00e9gendes de la route sur Historia. \u00c0 la radio depuis 1986, il reprend l\u2019antenne cette ann\u00e9e sur les ondes de Cogeco et participe pour la deuxi\u00e8me ann\u00e9e \u00e0 l\u2019\u00e9mission Passion Auto sur RDS en plus de mettre en ligne le site Web officiel de L\u2019Annuel de l\u2019automobile sur annuelauto.ca.","sameAs":["https:\/\/annuelauto.ca\/"],"url":"https:\/\/news.canadamotorjobs.com\/fr\/author\/benoit-charette\/"}]}},"_links":{"self":[{"href":"https:\/\/news.canadamotorjobs.com\/fr\/wp-json\/wp\/v2\/posts\/148229"}],"collection":[{"href":"https:\/\/news.canadamotorjobs.com\/fr\/wp-json\/wp\/v2\/posts"}],"about":[{"href":"https:\/\/news.canadamotorjobs.com\/fr\/wp-json\/wp\/v2\/types\/post"}],"author":[{"embeddable":true,"href":"https:\/\/news.canadamotorjobs.com\/fr\/wp-json\/wp\/v2\/users\/8"}],"replies":[{"embeddable":true,"href":"https:\/\/news.canadamotorjobs.com\/fr\/wp-json\/wp\/v2\/comments?post=148229"}],"version-history":[{"count":2,"href":"https:\/\/news.canadamotorjobs.com\/fr\/wp-json\/wp\/v2\/posts\/148229\/revisions"}],"predecessor-version":[{"id":148233,"href":"https:\/\/news.canadamotorjobs.com\/fr\/wp-json\/wp\/v2\/posts\/148229\/revisions\/148233"}],"wp:featuredmedia":[{"embeddable":true,"href":"https:\/\/news.canadamotorjobs.com\/fr\/wp-json\/wp\/v2\/media\/148231"}],"wp:attachment":[{"href":"https:\/\/news.canadamotorjobs.com\/fr\/wp-json\/wp\/v2\/media?parent=148229"}],"wp:term":[{"taxonomy":"category","embeddable":true,"href":"https:\/\/news.canadamotorjobs.com\/fr\/wp-json\/wp\/v2\/categories?post=148229"},{"taxonomy":"post_tag","embeddable":true,"href":"https:\/\/news.canadamotorjobs.com\/fr\/wp-json\/wp\/v2\/tags?post=148229"}],"curies":[{"name":"wp","href":"https:\/\/api.w.org\/{rel}","templated":true}]}}