{"id":148206,"date":"2023-07-06T07:25:10","date_gmt":"2023-07-06T11:25:10","guid":{"rendered":"https:\/\/news.canadamotorjobs.com\/?p=148206"},"modified":"2023-07-06T07:29:45","modified_gmt":"2023-07-06T11:29:45","slug":"la-construction-de-lusine-de-batterie-de-stellantis-va-reprendre-a-windsor","status":"publish","type":"post","link":"https:\/\/news.canadamotorjobs.com\/fr\/la-construction-de-lusine-de-batterie-de-stellantis-va-reprendre-a-windsor\/","title":{"rendered":"La construction de l\u2019usine de batterie de Stellantis va reprendre \u00e0 Windsor"},"content":{"rendered":"<\/p>\n<p>Le projet de construction d\u2019une usine de batteries de 5 milliards de dollars, d\u00e9tenue conjointement par Stellantis et LG Energy Solution, a repris, a d\u00e9clar\u00e9 le constructeur automobile hier. NextStar Energy, le nom de la coentreprise situ\u00e9e \u00e0 Windsor, en Ontario, a sign\u00e9 un accord avec le gouvernement f\u00e9d\u00e9ral, garantissant la production de cellules et de modules de batteries dans l&#8217;usine.<\/p>\n<h3>Stellantis a obtenu de meilleures conditions<\/h3>\n<p>\nL&#8217;accord comprend l&#8217;engagement du gouvernement canadien &#8220;d&#8217;\u00e9galiser les conditions de concurrence avec la loi am\u00e9ricaine sur la r\u00e9duction de l&#8217;inflation (IRA)&#8221;, a d\u00e9clar\u00e9 Stellantis dans un communiqu\u00e9. Les conditions de l&#8217;offre ne sont pas connues. Toutefois, l&#8217;Ontario s&#8217;est engag\u00e9 \u00e0 payer jusqu&#8217;\u00e0 un tiers de l&#8217;ensemble du programme. Selon certaines sources, ce montant pourrait atteindre 5 milliards de dollars.<\/p>\n<h3>Plus de soutien du f\u00e9d\u00e9ral<\/h3>\n<p>\nL&#8217;accord de mercredi refl\u00e8te essentiellement les avantages que Stellantis et LG auraient re\u00e7us en vertu de l&#8217;IRA si leur usine de batteries avait \u00e9t\u00e9 install\u00e9e aux \u00c9tats-Unis, a d\u00e9clar\u00e9 le ministre du D\u00e9veloppement \u00e9conomique de l&#8217;Ontario, Vic Fedeli. Stellantis s&#8217;attendait, si elle \u00e9tait aux \u00c9tats-Unis, \u00e0 recevoir au fil du temps 15 milliards de dollars d&#8217;all\u00e8gements fiscaux, ce qui devrait \u00eatre le cas au Canada.<\/p>\n<h3>Windsor soulag\u00e9<\/h3>\n<p>\nLe maire de Windsor, Drew Dilkens, s&#8217;est dit soulag\u00e9. &#8220;Les sept derni\u00e8res semaines ont certainement \u00e9t\u00e9 des montagnes russes pour les gens de la communaut\u00e9 alors que nous attendions des nouvelles pour savoir si cet accord pouvait \u00eatre conclu&#8221;, a-t-il d\u00e9clar\u00e9 \u00e0 la Presse canadienne. Dilkens a qualifi\u00e9 l&#8217;usine Stellantis de &#8220;monumentale&#8221; pour la r\u00e9gion. &#8220;Si cela ne s&#8217;\u00e9tait pas produit, cela aurait certainement eu un impact tr\u00e8s n\u00e9gatif sur l&#8217;avenir de notre r\u00e9gion&#8221;, a d\u00e9clar\u00e9 M. Dilkens.<\/p>\n<p>Avec des renseignements d\u2019Automotive News Canada<\/p>\n<p>Le texte <a rel=\"nofollow\" href=\"https:\/\/annuelauto.ca\/la-construction-de-lusine-de-batterie-de-stellantis-va-reprendre-a-windsor\/\">La construction de l\u2019usine de batterie de Stellantis va reprendre \u00e0 Windsor<\/a> provient de <a rel=\"nofollow\" href=\"https:\/\/annuelauto.ca\">L&#8217;annuel de l&#8217;automobile &#8211; Actualit\u00e9 automobile<\/a><\/p>\n<p><\/p>\n","protected":false},"excerpt":{"rendered":"<p>Le projet de construction d\u2019une usine de batteries de 5 milliards de dollars, d\u00e9tenue conjointement par Stellantis et LG Energy Solution, a repris, a d\u00e9clar\u00e9 le constructeur automobile hier. NextStar Energy, le nom de la coentreprise situ\u00e9e \u00e0 Windsor, en Ontario, a sign\u00e9 un accord avec le gouvernement f\u00e9d\u00e9ral, garantissant la production de cellules et [&hellip;]<\/p>\n","protected":false},"author":8,"featured_media":148208,"comment_status":"close","ping_status":"closed","sticky":false,"template":"","format":"standard","meta":{"_monsterinsights_skip_tracking":false,"_monsterinsights_sitenote_active":false,"_monsterinsights_sitenote_note":"","_monsterinsights_sitenote_category":0,"footnotes":""},"categories":[101],"tags":[],"yoast_head":"<!-- This site is optimized with the Yoast SEO plugin v23.2 - https:\/\/yoast.com\/wordpress\/plugins\/seo\/ -->\n<title>La construction de l\u2019usine de batterie de Stellantis va reprendre \u00e0 Windsor - CanadaMotorJobs.com<\/title>\n<meta name=\"description\" content=\"La construction de l\u2019usine de batterie de Stellantis va reprendre \u00e0 Windsor - Benoit Charette - Annuel automobile - CanadaMotorJobs.com.\" \/>\n<meta name=\"robots\" content=\"index, follow, max-snippet:-1, max-image-preview:large, max-video-preview:-1\" \/>\n<meta property=\"og:locale\" content=\"fr_CA\" \/>\n<meta property=\"og:type\" content=\"article\" \/>\n<meta property=\"og:title\" content=\"La construction de l\u2019usine de batterie de Stellantis va reprendre \u00e0 Windsor - CanadaMotorJobs.com\" \/>\n<meta property=\"og:description\" content=\"La construction de l\u2019usine de batterie de Stellantis va reprendre \u00e0 Windsor - Benoit Charette - Annuel automobile - CanadaMotorJobs.com.\" \/>\n<meta property=\"og:url\" content=\"https:\/\/news.canadamotorjobs.com\/fr\/la-construction-de-lusine-de-batterie-de-stellantis-va-reprendre-a-windsor\/\" \/>\n<meta property=\"og:site_name\" content=\"CanadaMotorJobs.com\" \/>\n<meta property=\"article:publisher\" content=\"https:\/\/www.facebook.com\/canadamotorjobs\/\" \/>\n<meta property=\"article:published_time\" content=\"2023-07-06T11:25:10+00:00\" \/>\n<meta property=\"article:modified_time\" content=\"2023-07-06T11:29:45+00:00\" \/>\n<meta property=\"og:image\" content=\"https:\/\/news.canadamotorjobs.com\/wp-content\/uploads\/2023\/07\/Stellantis-Battery-Aerial.jpg\" \/>\n\t<meta property=\"og:image:width\" content=\"1200\" \/>\n\t<meta property=\"og:image:height\" content=\"740\" \/>\n\t<meta property=\"og:image:type\" content=\"image\/jpeg\" \/>\n<meta name=\"author\" content=\"Benoit Charette\" \/>\n<meta name=\"twitter:card\" content=\"summary_large_image\" \/>\n<meta name=\"twitter:creator\" content=\"@canadamotorjobs\" \/>\n<meta name=\"twitter:site\" content=\"@canadamotorjobs\" \/>\n<meta name=\"twitter:label1\" content=\"\u00c9crit par\" \/>\n\t<meta name=\"twitter:data1\" content=\"Benoit Charette\" \/>\n\t<meta name=\"twitter:label2\" content=\"Estimation du temps de lecture\" \/>\n\t<meta name=\"twitter:data2\" content=\"2 minutes\" \/>\n<!-- \/ Yoast SEO plugin. -->","yoast_head_json":{"title":"La construction de l\u2019usine de batterie de Stellantis va reprendre \u00e0 Windsor - CanadaMotorJobs.com","description":"La construction de l\u2019usine de batterie de Stellantis va reprendre \u00e0 Windsor - Benoit Charette - Annuel automobile - CanadaMotorJobs.com.","robots":{"index":"index","follow":"follow","max-snippet":"max-snippet:-1","max-image-preview":"max-image-preview:large","max-video-preview":"max-video-preview:-1"},"og_locale":"fr_CA","og_type":"article","og_title":"La construction de l\u2019usine de batterie de Stellantis va reprendre \u00e0 Windsor - CanadaMotorJobs.com","og_description":"La construction de l\u2019usine de batterie de Stellantis va reprendre \u00e0 Windsor - Benoit Charette - Annuel automobile - CanadaMotorJobs.com.","og_url":"https:\/\/news.canadamotorjobs.com\/fr\/la-construction-de-lusine-de-batterie-de-stellantis-va-reprendre-a-windsor\/","og_site_name":"CanadaMotorJobs.com","article_publisher":"https:\/\/www.facebook.com\/canadamotorjobs\/","article_published_time":"2023-07-06T11:25:10+00:00","article_modified_time":"2023-07-06T11:29:45+00:00","og_image":[{"width":1200,"height":740,"url":"https:\/\/news.canadamotorjobs.com\/wp-content\/uploads\/2023\/07\/Stellantis-Battery-Aerial.jpg","type":"image\/jpeg"}],"author":"Benoit Charette","twitter_card":"summary_large_image","twitter_creator":"@canadamotorjobs","twitter_site":"@canadamotorjobs","twitter_misc":{"\u00c9crit par":"Benoit Charette","Estimation du temps de lecture":"2 minutes"},"schema":{"@context":"https:\/\/schema.org","@graph":[{"@type":"Article","@id":"https:\/\/news.canadamotorjobs.com\/fr\/la-construction-de-lusine-de-batterie-de-stellantis-va-reprendre-a-windsor\/#article","isPartOf":{"@id":"https:\/\/news.canadamotorjobs.com\/fr\/la-construction-de-lusine-de-batterie-de-stellantis-va-reprendre-a-windsor\/"},"author":{"name":"Benoit Charette","@id":"https:\/\/news.canadamotorjobs.com\/#\/schema\/person\/51793d1f87d44011d7bcc2ed99269a90"},"headline":"La construction de l\u2019usine de batterie de Stellantis va reprendre \u00e0 Windsor","datePublished":"2023-07-06T11:25:10+00:00","dateModified":"2023-07-06T11:29:45+00:00","mainEntityOfPage":{"@id":"https:\/\/news.canadamotorjobs.com\/fr\/la-construction-de-lusine-de-batterie-de-stellantis-va-reprendre-a-windsor\/"},"wordCount":353,"publisher":{"@id":"https:\/\/news.canadamotorjobs.com\/#organization"},"image":{"@id":"https:\/\/news.canadamotorjobs.com\/fr\/la-construction-de-lusine-de-batterie-de-stellantis-va-reprendre-a-windsor\/#primaryimage"},"thumbnailUrl":"https:\/\/news.canadamotorjobs.com\/wp-content\/uploads\/2023\/07\/Stellantis-Battery-Aerial.jpg","articleSection":["Annuel automobile"],"inLanguage":"fr-CA"},{"@type":"WebPage","@id":"https:\/\/news.canadamotorjobs.com\/fr\/la-construction-de-lusine-de-batterie-de-stellantis-va-reprendre-a-windsor\/","url":"https:\/\/news.canadamotorjobs.com\/fr\/la-construction-de-lusine-de-batterie-de-stellantis-va-reprendre-a-windsor\/","name":"La construction de l\u2019usine de batterie de Stellantis va reprendre \u00e0 Windsor - CanadaMotorJobs.com","isPartOf":{"@id":"https:\/\/news.canadamotorjobs.com\/#website"},"primaryImageOfPage":{"@id":"https:\/\/news.canadamotorjobs.com\/fr\/la-construction-de-lusine-de-batterie-de-stellantis-va-reprendre-a-windsor\/#primaryimage"},"image":{"@id":"https:\/\/news.canadamotorjobs.com\/fr\/la-construction-de-lusine-de-batterie-de-stellantis-va-reprendre-a-windsor\/#primaryimage"},"thumbnailUrl":"https:\/\/news.canadamotorjobs.com\/wp-content\/uploads\/2023\/07\/Stellantis-Battery-Aerial.jpg","datePublished":"2023-07-06T11:25:10+00:00","dateModified":"2023-07-06T11:29:45+00:00","description":"La construction de l\u2019usine de batterie de Stellantis va reprendre \u00e0 Windsor - Benoit Charette - Annuel automobile - CanadaMotorJobs.com.","breadcrumb":{"@id":"https:\/\/news.canadamotorjobs.com\/fr\/la-construction-de-lusine-de-batterie-de-stellantis-va-reprendre-a-windsor\/#breadcrumb"},"inLanguage":"fr-CA","potentialAction":[{"@type":"ReadAction","target":["https:\/\/news.canadamotorjobs.com\/fr\/la-construction-de-lusine-de-batterie-de-stellantis-va-reprendre-a-windsor\/"]}]},{"@type":"ImageObject","inLanguage":"fr-CA","@id":"https:\/\/news.canadamotorjobs.com\/fr\/la-construction-de-lusine-de-batterie-de-stellantis-va-reprendre-a-windsor\/#primaryimage","url":"https:\/\/news.canadamotorjobs.com\/wp-content\/uploads\/2023\/07\/Stellantis-Battery-Aerial.jpg","contentUrl":"https:\/\/news.canadamotorjobs.com\/wp-content\/uploads\/2023\/07\/Stellantis-Battery-Aerial.jpg","width":1200,"height":740},{"@type":"BreadcrumbList","@id":"https:\/\/news.canadamotorjobs.com\/fr\/la-construction-de-lusine-de-batterie-de-stellantis-va-reprendre-a-windsor\/#breadcrumb","itemListElement":[{"@type":"ListItem","position":1,"name":"Home","item":"https:\/\/news.canadamotorjobs.com\/fr\/blog\/"},{"@type":"ListItem","position":2,"name":"La construction de l\u2019usine de batterie de Stellantis va reprendre \u00e0 Windsor"}]},{"@type":"WebSite","@id":"https:\/\/news.canadamotorjobs.com\/#website","url":"https:\/\/news.canadamotorjobs.com\/","name":"CanadaMotorJobs.com","description":"Automotive Jobs","publisher":{"@id":"https:\/\/news.canadamotorjobs.com\/#organization"},"potentialAction":[{"@type":"SearchAction","target":{"@type":"EntryPoint","urlTemplate":"https:\/\/news.canadamotorjobs.com\/?s={search_term_string}"},"query-input":"required name=search_term_string"}],"inLanguage":"fr-CA"},{"@type":"Organization","@id":"https:\/\/news.canadamotorjobs.com\/#organization","name":"Canada Motor Jobs","url":"https:\/\/news.canadamotorjobs.com\/","logo":{"@type":"ImageObject","inLanguage":"fr-CA","@id":"https:\/\/news.canadamotorjobs.com\/#\/schema\/logo\/image\/","url":"https:\/\/news.canadamotorjobs.com\/wp-content\/uploads\/2022\/10\/logo-canada-motor-jobs-1.png","contentUrl":"https:\/\/news.canadamotorjobs.com\/wp-content\/uploads\/2022\/10\/logo-canada-motor-jobs-1.png","width":800,"height":400,"caption":"Canada Motor Jobs"},"image":{"@id":"https:\/\/news.canadamotorjobs.com\/#\/schema\/logo\/image\/"},"sameAs":["https:\/\/www.facebook.com\/canadamotorjobs\/","https:\/\/x.com\/canadamotorjobs","https:\/\/www.instagram.com\/canadamotorjobs\/","https:\/\/www.linkedin.com\/company\/canadamotorjobs"]},{"@type":"Person","@id":"https:\/\/news.canadamotorjobs.com\/#\/schema\/person\/51793d1f87d44011d7bcc2ed99269a90","name":"Benoit Charette","image":{"@type":"ImageObject","inLanguage":"fr-CA","@id":"https:\/\/news.canadamotorjobs.com\/#\/schema\/person\/image\/","url":"https:\/\/secure.gravatar.com\/avatar\/45f3d2eebcccd909668d7ce7ea7267b6?s=96&d=mm&r=g","contentUrl":"https:\/\/secure.gravatar.com\/avatar\/45f3d2eebcccd909668d7ce7ea7267b6?s=96&d=mm&r=g","caption":"Benoit Charette"},"description":"Benoit Charette \/ Propri\u00e9taire et r\u00e9dacteur en chef Benoit Charette pratique le journalisme automobile depuis bient\u00f4t 30 ans. Il a fait ses classes au c\u00f4t\u00e9 de Daniel H\u00e9raud et au Carnet de route de 1992 \u00e0 2001. Il est fondateur, copropri\u00e9taire et r\u00e9dacteur en chef de L\u2019Annuel de l\u2019automobile, qu\u2019il publie depuis 2001. Il a anim\u00e9 les \u00e9missions RPM et RPM+ sur V et les L\u00e9gendes de la route sur Historia. \u00c0 la radio depuis 1986, il reprend l\u2019antenne cette ann\u00e9e sur les ondes de Cogeco et participe pour la deuxi\u00e8me ann\u00e9e \u00e0 l\u2019\u00e9mission Passion Auto sur RDS en plus de mettre en ligne le site Web officiel de L\u2019Annuel de l\u2019automobile sur annuelauto.ca.","sameAs":["https:\/\/annuelauto.ca\/"],"url":"https:\/\/news.canadamotorjobs.com\/fr\/author\/benoit-charette\/"}]}},"_links":{"self":[{"href":"https:\/\/news.canadamotorjobs.com\/fr\/wp-json\/wp\/v2\/posts\/148206"}],"collection":[{"href":"https:\/\/news.canadamotorjobs.com\/fr\/wp-json\/wp\/v2\/posts"}],"about":[{"href":"https:\/\/news.canadamotorjobs.com\/fr\/wp-json\/wp\/v2\/types\/post"}],"author":[{"embeddable":true,"href":"https:\/\/news.canadamotorjobs.com\/fr\/wp-json\/wp\/v2\/users\/8"}],"replies":[{"embeddable":true,"href":"https:\/\/news.canadamotorjobs.com\/fr\/wp-json\/wp\/v2\/comments?post=148206"}],"version-history":[{"count":2,"href":"https:\/\/news.canadamotorjobs.com\/fr\/wp-json\/wp\/v2\/posts\/148206\/revisions"}],"predecessor-version":[{"id":148210,"href":"https:\/\/news.canadamotorjobs.com\/fr\/wp-json\/wp\/v2\/posts\/148206\/revisions\/148210"}],"wp:featuredmedia":[{"embeddable":true,"href":"https:\/\/news.canadamotorjobs.com\/fr\/wp-json\/wp\/v2\/media\/148208"}],"wp:attachment":[{"href":"https:\/\/news.canadamotorjobs.com\/fr\/wp-json\/wp\/v2\/media?parent=148206"}],"wp:term":[{"taxonomy":"category","embeddable":true,"href":"https:\/\/news.canadamotorjobs.com\/fr\/wp-json\/wp\/v2\/categories?post=148206"},{"taxonomy":"post_tag","embeddable":true,"href":"https:\/\/news.canadamotorjobs.com\/fr\/wp-json\/wp\/v2\/tags?post=148206"}],"curies":[{"name":"wp","href":"https:\/\/api.w.org\/{rel}","templated":true}]}}