{"id":148114,"date":"2023-07-03T12:37:57","date_gmt":"2023-07-03T16:37:57","guid":{"rendered":"https:\/\/news.canadamotorjobs.com\/?p=148114"},"modified":"2023-07-03T12:44:00","modified_gmt":"2023-07-03T16:44:00","slug":"mercedes-benz-rappelle-plus-de-160-000-vehicules","status":"publish","type":"post","link":"https:\/\/news.canadamotorjobs.com\/fr\/mercedes-benz-rappelle-plus-de-160-000-vehicules\/","title":{"rendered":"Mercedes Benz rappelle plus de 160\u00a0000 v\u00e9hicules"},"content":{"rendered":"<\/p>\n<p>Mercedes-Benz a proc\u00e9d\u00e9 \u00e0 deux rappels importants, tous deux concernant un probl\u00e8me de pompe \u00e0 carburant susceptible de provoquer l&#8217;arr\u00eat des v\u00e9hicules. Le premier des deux rappels concerne 143\u00a0551 mod\u00e8les de v\u00e9hicules de tourisme, tandis que le second porte sur 20\u00a0500 exemplaires des Mercedes-Benz Sprinter et Metris. Dans les deux cas, les avis de rappel indiquent que les v\u00e9hicules concern\u00e9s ont une pompe \u00e0 carburant qui pourrait ne pas r\u00e9pondre aux sp\u00e9cifications &#8220;en ce qui concerne les caract\u00e9ristiques du mat\u00e9riau&#8221;.<\/p>\n<h3>Une d\u00e9formation qui entra\u00eene une perte de puissance<\/h3>\n<p>\nCe d\u00e9faut peut entra\u00eener une d\u00e9formation de la roue de la pompe et, si elle entre en contact avec le bo\u00eetier de la pompe \u00e0 carburant, une r\u00e9sistance m\u00e9canique. Cela pourrait d\u00e9clencher l&#8217;arr\u00eat de la pompe \u00e0 carburant, entra\u00eenant une perte de puissance et augmentant le risque d&#8217;accident ou de blessure. Mercedes-Benz indique que le probl\u00e8me est li\u00e9 \u00e0 un \u00e9cart dans le processus de production d&#8217;un sous-traitant. Les propri\u00e9taires des v\u00e9hicules concern\u00e9s peuvent \u00eatre avertis du probl\u00e8me par un message d&#8217;avertissement affich\u00e9 sur le tableau de bord. Ils peuvent \u00e9galement remarquer que le moteur fonctionne de mani\u00e8re irr\u00e9guli\u00e8re.<\/p>\n<h3>La majorit\u00e9 des mod\u00e8les concern\u00e9s<\/h3>\n<p>\nLe rappel concerne un nombre impressionnant de mod\u00e8les de v\u00e9hicules de tourisme. Il s&#8217;agit des mod\u00e8les suivants : 2021-2023 C300, 2021-2023 AMG SL 55, 2021-2023 E350, 2021-2023 E450, 2021-2023 AMG C43, 2021-2022 G550, 2021 AMG C63, 2021-2023 GLC 300, 2021-2023 C 63 S., 2022-2023 AMG E53, 2022-2023 AMG E53, 2023 AMG E 63 S, 2021-2022 GLE450, 2021 GLE580, 2021-2023 GLS 450, 2021-2023 AMG G 63, 2021-2023 GLS 580, 2022 G63 4\u00d74, 2021-2023 Maybach GLS600, 2021-2023 AMG GLC 43, 2021-2023 Maybach S580, 2022-2023 Maybach S680, 2021 AMG GLC 63, 2022-2023 S500, 2021 AMG GLC 63 S, 2021-2023 S580, 2021-2022 AMG GLE 53, 2022 AMG GLE 63, 2023 AMG SL 43, 2021-2023 GLE 63 S, 2022-2023 AMG SL 63, 2021-2023 GLS 63, 2022-2023 AMG GT 43, 2022-2023 AMG GT 53, 2023 AMG GT 63, 2023 AMG GT 63 S, 2022-2023 CLS 450, et 2023 S580e.<\/p>\n<p>Tous les v\u00e9hicules concern\u00e9s ont \u00e9t\u00e9 produits entre le 1er juin 2021 et le 30 novembre 2022. Le rappel concerne \u00e9galement les mod\u00e8les Mercedes-Benz Metris 2021-2022, Sprinter 2021-2023 et Freightliner Sprinter 2021, tous construits entre le 21 avril 2021 et le 23 d\u00e9cembre 2022. Mercedes-Benz r\u00e9soudra le probl\u00e8me en rempla\u00e7ant le module d&#8217;alimentation en carburant sur les v\u00e9hicules concern\u00e9s.<\/p>\n<p>Avec des renseignements de carscoops<\/p>\n<p>Le texte <a rel=\"nofollow\" href=\"https:\/\/annuelauto.ca\/mercedes-benz-rappelle-plus-de-160-000-vehicules\/\">Mercedes Benz rappelle plus de 160\u00a0000 v\u00e9hicules<\/a> provient de <a rel=\"nofollow\" href=\"https:\/\/annuelauto.ca\">L&#8217;annuel de l&#8217;automobile &#8211; Actualit\u00e9 automobile<\/a><\/p>\n<p><\/p>\n","protected":false},"excerpt":{"rendered":"<p>Mercedes-Benz a proc\u00e9d\u00e9 \u00e0 deux rappels importants, tous deux concernant un probl\u00e8me de pompe \u00e0 carburant susceptible de provoquer l&#8217;arr\u00eat des v\u00e9hicules. Le premier des deux rappels concerne 143\u00a0551 mod\u00e8les de v\u00e9hicules de tourisme, tandis que le second porte sur 20\u00a0500 exemplaires des Mercedes-Benz Sprinter et Metris. Dans les deux cas, les avis de rappel [&hellip;]<\/p>\n","protected":false},"author":8,"featured_media":148116,"comment_status":"close","ping_status":"closed","sticky":false,"template":"","format":"standard","meta":{"_monsterinsights_skip_tracking":false,"_monsterinsights_sitenote_active":false,"_monsterinsights_sitenote_note":"","_monsterinsights_sitenote_category":0,"footnotes":""},"categories":[101],"tags":[],"yoast_head":"<!-- This site is optimized with the Yoast SEO plugin v23.2 - https:\/\/yoast.com\/wordpress\/plugins\/seo\/ -->\n<title>Mercedes Benz rappelle plus de 160\u00a0000 v\u00e9hicules - CanadaMotorJobs.com<\/title>\n<meta name=\"description\" content=\"Mercedes Benz rappelle plus de 160\u00a0000 v\u00e9hicules - Benoit Charette - Annuel automobile - CanadaMotorJobs.com.\" \/>\n<meta name=\"robots\" content=\"index, follow, max-snippet:-1, max-image-preview:large, max-video-preview:-1\" \/>\n<meta property=\"og:locale\" content=\"fr_CA\" \/>\n<meta property=\"og:type\" content=\"article\" \/>\n<meta property=\"og:title\" content=\"Mercedes Benz rappelle plus de 160\u00a0000 v\u00e9hicules - CanadaMotorJobs.com\" \/>\n<meta property=\"og:description\" content=\"Mercedes Benz rappelle plus de 160\u00a0000 v\u00e9hicules - Benoit Charette - Annuel automobile - CanadaMotorJobs.com.\" \/>\n<meta property=\"og:url\" content=\"https:\/\/news.canadamotorjobs.com\/fr\/mercedes-benz-rappelle-plus-de-160-000-vehicules\/\" \/>\n<meta property=\"og:site_name\" content=\"CanadaMotorJobs.com\" \/>\n<meta property=\"article:publisher\" content=\"https:\/\/www.facebook.com\/canadamotorjobs\/\" \/>\n<meta property=\"article:published_time\" content=\"2023-07-03T16:37:57+00:00\" \/>\n<meta property=\"article:modified_time\" content=\"2023-07-03T16:44:00+00:00\" \/>\n<meta property=\"og:image\" content=\"https:\/\/news.canadamotorjobs.com\/wp-content\/uploads\/2023\/07\/Mercedes-Classe-C-1-1024x683-1.jpg\" \/>\n\t<meta property=\"og:image:width\" content=\"1024\" \/>\n\t<meta property=\"og:image:height\" content=\"683\" \/>\n\t<meta property=\"og:image:type\" content=\"image\/jpeg\" \/>\n<meta name=\"author\" content=\"Benoit Charette\" \/>\n<meta name=\"twitter:card\" content=\"summary_large_image\" \/>\n<meta name=\"twitter:creator\" content=\"@canadamotorjobs\" \/>\n<meta name=\"twitter:site\" content=\"@canadamotorjobs\" \/>\n<meta name=\"twitter:label1\" content=\"\u00c9crit par\" \/>\n\t<meta name=\"twitter:data1\" content=\"Benoit Charette\" \/>\n\t<meta name=\"twitter:label2\" content=\"Estimation du temps de lecture\" \/>\n\t<meta name=\"twitter:data2\" content=\"2 minutes\" \/>\n<!-- \/ Yoast SEO plugin. -->","yoast_head_json":{"title":"Mercedes Benz rappelle plus de 160\u00a0000 v\u00e9hicules - CanadaMotorJobs.com","description":"Mercedes Benz rappelle plus de 160\u00a0000 v\u00e9hicules - Benoit Charette - Annuel automobile - CanadaMotorJobs.com.","robots":{"index":"index","follow":"follow","max-snippet":"max-snippet:-1","max-image-preview":"max-image-preview:large","max-video-preview":"max-video-preview:-1"},"og_locale":"fr_CA","og_type":"article","og_title":"Mercedes Benz rappelle plus de 160\u00a0000 v\u00e9hicules - CanadaMotorJobs.com","og_description":"Mercedes Benz rappelle plus de 160\u00a0000 v\u00e9hicules - Benoit Charette - Annuel automobile - CanadaMotorJobs.com.","og_url":"https:\/\/news.canadamotorjobs.com\/fr\/mercedes-benz-rappelle-plus-de-160-000-vehicules\/","og_site_name":"CanadaMotorJobs.com","article_publisher":"https:\/\/www.facebook.com\/canadamotorjobs\/","article_published_time":"2023-07-03T16:37:57+00:00","article_modified_time":"2023-07-03T16:44:00+00:00","og_image":[{"width":1024,"height":683,"url":"https:\/\/news.canadamotorjobs.com\/wp-content\/uploads\/2023\/07\/Mercedes-Classe-C-1-1024x683-1.jpg","type":"image\/jpeg"}],"author":"Benoit Charette","twitter_card":"summary_large_image","twitter_creator":"@canadamotorjobs","twitter_site":"@canadamotorjobs","twitter_misc":{"\u00c9crit par":"Benoit Charette","Estimation du temps de lecture":"2 minutes"},"schema":{"@context":"https:\/\/schema.org","@graph":[{"@type":"Article","@id":"https:\/\/news.canadamotorjobs.com\/fr\/mercedes-benz-rappelle-plus-de-160-000-vehicules\/#article","isPartOf":{"@id":"https:\/\/news.canadamotorjobs.com\/fr\/mercedes-benz-rappelle-plus-de-160-000-vehicules\/"},"author":{"name":"Benoit Charette","@id":"https:\/\/news.canadamotorjobs.com\/#\/schema\/person\/51793d1f87d44011d7bcc2ed99269a90"},"headline":"Mercedes Benz rappelle plus de 160\u00a0000 v\u00e9hicules","datePublished":"2023-07-03T16:37:57+00:00","dateModified":"2023-07-03T16:44:00+00:00","mainEntityOfPage":{"@id":"https:\/\/news.canadamotorjobs.com\/fr\/mercedes-benz-rappelle-plus-de-160-000-vehicules\/"},"wordCount":427,"publisher":{"@id":"https:\/\/news.canadamotorjobs.com\/#organization"},"image":{"@id":"https:\/\/news.canadamotorjobs.com\/fr\/mercedes-benz-rappelle-plus-de-160-000-vehicules\/#primaryimage"},"thumbnailUrl":"https:\/\/news.canadamotorjobs.com\/wp-content\/uploads\/2023\/07\/Mercedes-Classe-C-1-1024x683-1.jpg","articleSection":["Annuel automobile"],"inLanguage":"fr-CA"},{"@type":"WebPage","@id":"https:\/\/news.canadamotorjobs.com\/fr\/mercedes-benz-rappelle-plus-de-160-000-vehicules\/","url":"https:\/\/news.canadamotorjobs.com\/fr\/mercedes-benz-rappelle-plus-de-160-000-vehicules\/","name":"Mercedes Benz rappelle plus de 160\u00a0000 v\u00e9hicules - CanadaMotorJobs.com","isPartOf":{"@id":"https:\/\/news.canadamotorjobs.com\/#website"},"primaryImageOfPage":{"@id":"https:\/\/news.canadamotorjobs.com\/fr\/mercedes-benz-rappelle-plus-de-160-000-vehicules\/#primaryimage"},"image":{"@id":"https:\/\/news.canadamotorjobs.com\/fr\/mercedes-benz-rappelle-plus-de-160-000-vehicules\/#primaryimage"},"thumbnailUrl":"https:\/\/news.canadamotorjobs.com\/wp-content\/uploads\/2023\/07\/Mercedes-Classe-C-1-1024x683-1.jpg","datePublished":"2023-07-03T16:37:57+00:00","dateModified":"2023-07-03T16:44:00+00:00","description":"Mercedes Benz rappelle plus de 160\u00a0000 v\u00e9hicules - Benoit Charette - Annuel automobile - CanadaMotorJobs.com.","breadcrumb":{"@id":"https:\/\/news.canadamotorjobs.com\/fr\/mercedes-benz-rappelle-plus-de-160-000-vehicules\/#breadcrumb"},"inLanguage":"fr-CA","potentialAction":[{"@type":"ReadAction","target":["https:\/\/news.canadamotorjobs.com\/fr\/mercedes-benz-rappelle-plus-de-160-000-vehicules\/"]}]},{"@type":"ImageObject","inLanguage":"fr-CA","@id":"https:\/\/news.canadamotorjobs.com\/fr\/mercedes-benz-rappelle-plus-de-160-000-vehicules\/#primaryimage","url":"https:\/\/news.canadamotorjobs.com\/wp-content\/uploads\/2023\/07\/Mercedes-Classe-C-1-1024x683-1.jpg","contentUrl":"https:\/\/news.canadamotorjobs.com\/wp-content\/uploads\/2023\/07\/Mercedes-Classe-C-1-1024x683-1.jpg","width":1024,"height":683},{"@type":"BreadcrumbList","@id":"https:\/\/news.canadamotorjobs.com\/fr\/mercedes-benz-rappelle-plus-de-160-000-vehicules\/#breadcrumb","itemListElement":[{"@type":"ListItem","position":1,"name":"Home","item":"https:\/\/news.canadamotorjobs.com\/fr\/blog\/"},{"@type":"ListItem","position":2,"name":"Mercedes Benz rappelle plus de 160\u00a0000 v\u00e9hicules"}]},{"@type":"WebSite","@id":"https:\/\/news.canadamotorjobs.com\/#website","url":"https:\/\/news.canadamotorjobs.com\/","name":"CanadaMotorJobs.com","description":"Automotive Jobs","publisher":{"@id":"https:\/\/news.canadamotorjobs.com\/#organization"},"potentialAction":[{"@type":"SearchAction","target":{"@type":"EntryPoint","urlTemplate":"https:\/\/news.canadamotorjobs.com\/?s={search_term_string}"},"query-input":"required name=search_term_string"}],"inLanguage":"fr-CA"},{"@type":"Organization","@id":"https:\/\/news.canadamotorjobs.com\/#organization","name":"Canada Motor Jobs","url":"https:\/\/news.canadamotorjobs.com\/","logo":{"@type":"ImageObject","inLanguage":"fr-CA","@id":"https:\/\/news.canadamotorjobs.com\/#\/schema\/logo\/image\/","url":"https:\/\/news.canadamotorjobs.com\/wp-content\/uploads\/2022\/10\/logo-canada-motor-jobs-1.png","contentUrl":"https:\/\/news.canadamotorjobs.com\/wp-content\/uploads\/2022\/10\/logo-canada-motor-jobs-1.png","width":800,"height":400,"caption":"Canada Motor Jobs"},"image":{"@id":"https:\/\/news.canadamotorjobs.com\/#\/schema\/logo\/image\/"},"sameAs":["https:\/\/www.facebook.com\/canadamotorjobs\/","https:\/\/x.com\/canadamotorjobs","https:\/\/www.instagram.com\/canadamotorjobs\/","https:\/\/www.linkedin.com\/company\/canadamotorjobs"]},{"@type":"Person","@id":"https:\/\/news.canadamotorjobs.com\/#\/schema\/person\/51793d1f87d44011d7bcc2ed99269a90","name":"Benoit Charette","image":{"@type":"ImageObject","inLanguage":"fr-CA","@id":"https:\/\/news.canadamotorjobs.com\/#\/schema\/person\/image\/","url":"https:\/\/secure.gravatar.com\/avatar\/45f3d2eebcccd909668d7ce7ea7267b6?s=96&d=mm&r=g","contentUrl":"https:\/\/secure.gravatar.com\/avatar\/45f3d2eebcccd909668d7ce7ea7267b6?s=96&d=mm&r=g","caption":"Benoit Charette"},"description":"Benoit Charette \/ Propri\u00e9taire et r\u00e9dacteur en chef Benoit Charette pratique le journalisme automobile depuis bient\u00f4t 30 ans. Il a fait ses classes au c\u00f4t\u00e9 de Daniel H\u00e9raud et au Carnet de route de 1992 \u00e0 2001. Il est fondateur, copropri\u00e9taire et r\u00e9dacteur en chef de L\u2019Annuel de l\u2019automobile, qu\u2019il publie depuis 2001. Il a anim\u00e9 les \u00e9missions RPM et RPM+ sur V et les L\u00e9gendes de la route sur Historia. \u00c0 la radio depuis 1986, il reprend l\u2019antenne cette ann\u00e9e sur les ondes de Cogeco et participe pour la deuxi\u00e8me ann\u00e9e \u00e0 l\u2019\u00e9mission Passion Auto sur RDS en plus de mettre en ligne le site Web officiel de L\u2019Annuel de l\u2019automobile sur annuelauto.ca.","sameAs":["https:\/\/annuelauto.ca\/"],"url":"https:\/\/news.canadamotorjobs.com\/fr\/author\/benoit-charette\/"}]}},"_links":{"self":[{"href":"https:\/\/news.canadamotorjobs.com\/fr\/wp-json\/wp\/v2\/posts\/148114"}],"collection":[{"href":"https:\/\/news.canadamotorjobs.com\/fr\/wp-json\/wp\/v2\/posts"}],"about":[{"href":"https:\/\/news.canadamotorjobs.com\/fr\/wp-json\/wp\/v2\/types\/post"}],"author":[{"embeddable":true,"href":"https:\/\/news.canadamotorjobs.com\/fr\/wp-json\/wp\/v2\/users\/8"}],"replies":[{"embeddable":true,"href":"https:\/\/news.canadamotorjobs.com\/fr\/wp-json\/wp\/v2\/comments?post=148114"}],"version-history":[{"count":2,"href":"https:\/\/news.canadamotorjobs.com\/fr\/wp-json\/wp\/v2\/posts\/148114\/revisions"}],"predecessor-version":[{"id":148118,"href":"https:\/\/news.canadamotorjobs.com\/fr\/wp-json\/wp\/v2\/posts\/148114\/revisions\/148118"}],"wp:featuredmedia":[{"embeddable":true,"href":"https:\/\/news.canadamotorjobs.com\/fr\/wp-json\/wp\/v2\/media\/148116"}],"wp:attachment":[{"href":"https:\/\/news.canadamotorjobs.com\/fr\/wp-json\/wp\/v2\/media?parent=148114"}],"wp:term":[{"taxonomy":"category","embeddable":true,"href":"https:\/\/news.canadamotorjobs.com\/fr\/wp-json\/wp\/v2\/categories?post=148114"},{"taxonomy":"post_tag","embeddable":true,"href":"https:\/\/news.canadamotorjobs.com\/fr\/wp-json\/wp\/v2\/tags?post=148114"}],"curies":[{"name":"wp","href":"https:\/\/api.w.org\/{rel}","templated":true}]}}