{"id":148095,"date":"2023-07-03T09:05:10","date_gmt":"2023-07-03T13:05:10","guid":{"rendered":"https:\/\/news.canadamotorjobs.com\/?p=148095"},"modified":"2023-07-03T09:14:33","modified_gmt":"2023-07-03T13:14:33","slug":"le-port-de-vancouver-est-en-greve","status":"publish","type":"post","link":"https:\/\/news.canadamotorjobs.com\/fr\/le-port-de-vancouver-est-en-greve\/","title":{"rendered":"Le port de Vancouver est en gr\u00e8ve"},"content":{"rendered":"<\/p>\n<p>Depuis samedi matin \u00e0 9,00 heures, les quelque 7\u00a0000 employ\u00e9s du port de Vancouver sont en gr\u00e8ve. Apr\u00e8s des mois de n\u00e9gociations infructueuses, le sc\u00e9nario que plusieurs craignaient s\u2019est produit. La BC Maritime Employers Association a publi\u00e9 un communiqu\u00e9 indiquant que des pourparlers avec l&#8217;International Longshore and Warehouse Union Canada avaient eu lieu toute la nuit, mais que les n\u00e9gociateurs n&#8217;\u00e9taient pas parvenus \u00e0 conclure un accord et que les travailleurs avaient d\u00e9bray\u00e9 dans la matin\u00e9e.<\/p>\n<h3>Le plus grand port automobile au pays<\/h3>\n<p>\nEn tant que porte d&#8217;entr\u00e9e la plus efficace pour les automobiles en provenance d&#8217;Asie destin\u00e9e au Canada, le port de Vancouver re\u00e7oit pr\u00e8s de 100\u00a0% de toutes les importations fabriqu\u00e9es en Asie et destin\u00e9es au march\u00e9 canadien, et nous desservons plus d&#8217;une douzaine des plus grands constructeurs automobiles du monde. Les terminaux automobiles du port de Vancouver traitent \u00e9galement d&#8217;autres marchandises, telles que des machines et des \u00e9quipements roulants lourds, et offrent une grande capacit\u00e9 de chargement de trains et de camions \u00e0 quai. Chaque ann\u00e9e plus de 400\u00a0000 voitures transitent par le port de Vancouver.<\/p>\n<h3>De graves probl\u00e8mes commerciaux<\/h3>\n<p>\nPour chaque semaine d&#8217;interruption dans les ports de la c\u00f4te ouest, cela repr\u00e9senterait plus de cinq milliards et demi de dollars d&#8217;interruption du commerce pour l&#8217;\u00e9conomie canadienne selon les analystes \u00e9conomiques. Au-del\u00e0 du port de Vancouver, il y a aussi 29 autres terminaux qui sont touch\u00e9s par cette gr\u00e8ve. Par exemple, le terminal Annacis et Richmond s\u2019occupent de compagnies automobiles comme General Motors, Honda, Hyundai, Kia, Mazda, Mitsubishi, Nissan, Subaru, Suzuki et Toyota.<\/p>\n<h3>Les pourparlers se poursuivent<\/h3>\n<p>\nLe syndicat a \u00e9galement d\u00e9clar\u00e9 qu&#8217;il cherchait \u00e0 prot\u00e9ger ses membres contre \u00ab l&#8217;\u00e9rosion \u00bb du travail due aux travailleurs contractuels ext\u00e9rieurs et \u00e0 l&#8217;automatisation des ports. L&#8217;association repr\u00e9sente 49 employeurs du secteur priv\u00e9 op\u00e9rant dans les ports de la Colombie-Britannique. 16 % de toute la marchandise vendue au Canada transite par les ports de la c\u00f4te ouest. Il faudra s\u2019attendre \u00e0 d\u2019autres d\u00e9lais de livraison dans le monde automobile.<\/p>\n<p>Avec des renseignements de CBC<\/p>\n<p>Le texte <a rel=\"nofollow\" href=\"https:\/\/annuelauto.ca\/le-port-de-vancouver-est-en-greve\/\">Le port de Vancouver est en gr\u00e8ve<\/a> provient de <a rel=\"nofollow\" href=\"https:\/\/annuelauto.ca\">L&#8217;annuel de l&#8217;automobile &#8211; Actualit\u00e9 automobile<\/a><\/p>\n<p><\/p>\n","protected":false},"excerpt":{"rendered":"<p>Depuis samedi matin \u00e0 9,00 heures, les quelque 7\u00a0000 employ\u00e9s du port de Vancouver sont en gr\u00e8ve. Apr\u00e8s des mois de n\u00e9gociations infructueuses, le sc\u00e9nario que plusieurs craignaient s\u2019est produit. La BC Maritime Employers Association a publi\u00e9 un communiqu\u00e9 indiquant que des pourparlers avec l&#8217;International Longshore and Warehouse Union Canada avaient eu lieu toute la [&hellip;]<\/p>\n","protected":false},"author":8,"featured_media":148097,"comment_status":"close","ping_status":"closed","sticky":false,"template":"","format":"standard","meta":{"_monsterinsights_skip_tracking":false,"_monsterinsights_sitenote_active":false,"_monsterinsights_sitenote_note":"","_monsterinsights_sitenote_category":0,"footnotes":""},"categories":[101],"tags":[],"yoast_head":"<!-- This site is optimized with the Yoast SEO plugin v23.2 - https:\/\/yoast.com\/wordpress\/plugins\/seo\/ -->\n<title>Le port de Vancouver est en gr\u00e8ve - CanadaMotorJobs.com<\/title>\n<meta name=\"description\" content=\"Le port de Vancouver est en gr\u00e8ve - Benoit Charette - Annuel automobile - CanadaMotorJobs.com.\" \/>\n<meta name=\"robots\" content=\"index, follow, max-snippet:-1, max-image-preview:large, max-video-preview:-1\" \/>\n<meta property=\"og:locale\" content=\"fr_CA\" \/>\n<meta property=\"og:type\" content=\"article\" \/>\n<meta property=\"og:title\" content=\"Le port de Vancouver est en gr\u00e8ve - CanadaMotorJobs.com\" \/>\n<meta property=\"og:description\" content=\"Le port de Vancouver est en gr\u00e8ve - Benoit Charette - Annuel automobile - CanadaMotorJobs.com.\" \/>\n<meta property=\"og:url\" content=\"https:\/\/news.canadamotorjobs.com\/fr\/le-port-de-vancouver-est-en-greve\/\" \/>\n<meta property=\"og:site_name\" content=\"CanadaMotorJobs.com\" \/>\n<meta property=\"article:publisher\" content=\"https:\/\/www.facebook.com\/canadamotorjobs\/\" \/>\n<meta property=\"article:published_time\" content=\"2023-07-03T13:05:10+00:00\" \/>\n<meta property=\"article:modified_time\" content=\"2023-07-03T13:14:33+00:00\" \/>\n<meta property=\"og:image\" content=\"https:\/\/news.canadamotorjobs.com\/wp-content\/uploads\/2023\/07\/295227_2019annacisautoterminalphotosvfpa2099_296818.jpg\" \/>\n\t<meta property=\"og:image:width\" content=\"1024\" \/>\n\t<meta property=\"og:image:height\" content=\"536\" \/>\n\t<meta property=\"og:image:type\" content=\"image\/jpeg\" \/>\n<meta name=\"author\" content=\"Benoit Charette\" \/>\n<meta name=\"twitter:card\" content=\"summary_large_image\" \/>\n<meta name=\"twitter:creator\" content=\"@canadamotorjobs\" \/>\n<meta name=\"twitter:site\" content=\"@canadamotorjobs\" \/>\n<meta name=\"twitter:label1\" content=\"\u00c9crit par\" \/>\n\t<meta name=\"twitter:data1\" content=\"Benoit Charette\" \/>\n\t<meta name=\"twitter:label2\" content=\"Estimation du temps de lecture\" \/>\n\t<meta name=\"twitter:data2\" content=\"2 minutes\" \/>\n<!-- \/ Yoast SEO plugin. -->","yoast_head_json":{"title":"Le port de Vancouver est en gr\u00e8ve - CanadaMotorJobs.com","description":"Le port de Vancouver est en gr\u00e8ve - Benoit Charette - Annuel automobile - CanadaMotorJobs.com.","robots":{"index":"index","follow":"follow","max-snippet":"max-snippet:-1","max-image-preview":"max-image-preview:large","max-video-preview":"max-video-preview:-1"},"og_locale":"fr_CA","og_type":"article","og_title":"Le port de Vancouver est en gr\u00e8ve - CanadaMotorJobs.com","og_description":"Le port de Vancouver est en gr\u00e8ve - Benoit Charette - Annuel automobile - CanadaMotorJobs.com.","og_url":"https:\/\/news.canadamotorjobs.com\/fr\/le-port-de-vancouver-est-en-greve\/","og_site_name":"CanadaMotorJobs.com","article_publisher":"https:\/\/www.facebook.com\/canadamotorjobs\/","article_published_time":"2023-07-03T13:05:10+00:00","article_modified_time":"2023-07-03T13:14:33+00:00","og_image":[{"width":1024,"height":536,"url":"https:\/\/news.canadamotorjobs.com\/wp-content\/uploads\/2023\/07\/295227_2019annacisautoterminalphotosvfpa2099_296818.jpg","type":"image\/jpeg"}],"author":"Benoit Charette","twitter_card":"summary_large_image","twitter_creator":"@canadamotorjobs","twitter_site":"@canadamotorjobs","twitter_misc":{"\u00c9crit par":"Benoit Charette","Estimation du temps de lecture":"2 minutes"},"schema":{"@context":"https:\/\/schema.org","@graph":[{"@type":"Article","@id":"https:\/\/news.canadamotorjobs.com\/fr\/le-port-de-vancouver-est-en-greve\/#article","isPartOf":{"@id":"https:\/\/news.canadamotorjobs.com\/fr\/le-port-de-vancouver-est-en-greve\/"},"author":{"name":"Benoit Charette","@id":"https:\/\/news.canadamotorjobs.com\/#\/schema\/person\/51793d1f87d44011d7bcc2ed99269a90"},"headline":"Le port de Vancouver est en gr\u00e8ve","datePublished":"2023-07-03T13:05:10+00:00","dateModified":"2023-07-03T13:14:33+00:00","mainEntityOfPage":{"@id":"https:\/\/news.canadamotorjobs.com\/fr\/le-port-de-vancouver-est-en-greve\/"},"wordCount":390,"publisher":{"@id":"https:\/\/news.canadamotorjobs.com\/#organization"},"image":{"@id":"https:\/\/news.canadamotorjobs.com\/fr\/le-port-de-vancouver-est-en-greve\/#primaryimage"},"thumbnailUrl":"https:\/\/news.canadamotorjobs.com\/wp-content\/uploads\/2023\/07\/295227_2019annacisautoterminalphotosvfpa2099_296818.jpg","articleSection":["Annuel automobile"],"inLanguage":"fr-CA"},{"@type":"WebPage","@id":"https:\/\/news.canadamotorjobs.com\/fr\/le-port-de-vancouver-est-en-greve\/","url":"https:\/\/news.canadamotorjobs.com\/fr\/le-port-de-vancouver-est-en-greve\/","name":"Le port de Vancouver est en gr\u00e8ve - CanadaMotorJobs.com","isPartOf":{"@id":"https:\/\/news.canadamotorjobs.com\/#website"},"primaryImageOfPage":{"@id":"https:\/\/news.canadamotorjobs.com\/fr\/le-port-de-vancouver-est-en-greve\/#primaryimage"},"image":{"@id":"https:\/\/news.canadamotorjobs.com\/fr\/le-port-de-vancouver-est-en-greve\/#primaryimage"},"thumbnailUrl":"https:\/\/news.canadamotorjobs.com\/wp-content\/uploads\/2023\/07\/295227_2019annacisautoterminalphotosvfpa2099_296818.jpg","datePublished":"2023-07-03T13:05:10+00:00","dateModified":"2023-07-03T13:14:33+00:00","description":"Le port de Vancouver est en gr\u00e8ve - Benoit Charette - Annuel automobile - CanadaMotorJobs.com.","breadcrumb":{"@id":"https:\/\/news.canadamotorjobs.com\/fr\/le-port-de-vancouver-est-en-greve\/#breadcrumb"},"inLanguage":"fr-CA","potentialAction":[{"@type":"ReadAction","target":["https:\/\/news.canadamotorjobs.com\/fr\/le-port-de-vancouver-est-en-greve\/"]}]},{"@type":"ImageObject","inLanguage":"fr-CA","@id":"https:\/\/news.canadamotorjobs.com\/fr\/le-port-de-vancouver-est-en-greve\/#primaryimage","url":"https:\/\/news.canadamotorjobs.com\/wp-content\/uploads\/2023\/07\/295227_2019annacisautoterminalphotosvfpa2099_296818.jpg","contentUrl":"https:\/\/news.canadamotorjobs.com\/wp-content\/uploads\/2023\/07\/295227_2019annacisautoterminalphotosvfpa2099_296818.jpg","width":1024,"height":536},{"@type":"BreadcrumbList","@id":"https:\/\/news.canadamotorjobs.com\/fr\/le-port-de-vancouver-est-en-greve\/#breadcrumb","itemListElement":[{"@type":"ListItem","position":1,"name":"Home","item":"https:\/\/news.canadamotorjobs.com\/fr\/blog\/"},{"@type":"ListItem","position":2,"name":"Le port de Vancouver est en gr\u00e8ve"}]},{"@type":"WebSite","@id":"https:\/\/news.canadamotorjobs.com\/#website","url":"https:\/\/news.canadamotorjobs.com\/","name":"CanadaMotorJobs.com","description":"Automotive Jobs","publisher":{"@id":"https:\/\/news.canadamotorjobs.com\/#organization"},"potentialAction":[{"@type":"SearchAction","target":{"@type":"EntryPoint","urlTemplate":"https:\/\/news.canadamotorjobs.com\/?s={search_term_string}"},"query-input":"required name=search_term_string"}],"inLanguage":"fr-CA"},{"@type":"Organization","@id":"https:\/\/news.canadamotorjobs.com\/#organization","name":"Canada Motor Jobs","url":"https:\/\/news.canadamotorjobs.com\/","logo":{"@type":"ImageObject","inLanguage":"fr-CA","@id":"https:\/\/news.canadamotorjobs.com\/#\/schema\/logo\/image\/","url":"https:\/\/news.canadamotorjobs.com\/wp-content\/uploads\/2022\/10\/logo-canada-motor-jobs-1.png","contentUrl":"https:\/\/news.canadamotorjobs.com\/wp-content\/uploads\/2022\/10\/logo-canada-motor-jobs-1.png","width":800,"height":400,"caption":"Canada Motor Jobs"},"image":{"@id":"https:\/\/news.canadamotorjobs.com\/#\/schema\/logo\/image\/"},"sameAs":["https:\/\/www.facebook.com\/canadamotorjobs\/","https:\/\/x.com\/canadamotorjobs","https:\/\/www.instagram.com\/canadamotorjobs\/","https:\/\/www.linkedin.com\/company\/canadamotorjobs"]},{"@type":"Person","@id":"https:\/\/news.canadamotorjobs.com\/#\/schema\/person\/51793d1f87d44011d7bcc2ed99269a90","name":"Benoit Charette","image":{"@type":"ImageObject","inLanguage":"fr-CA","@id":"https:\/\/news.canadamotorjobs.com\/#\/schema\/person\/image\/","url":"https:\/\/secure.gravatar.com\/avatar\/45f3d2eebcccd909668d7ce7ea7267b6?s=96&d=mm&r=g","contentUrl":"https:\/\/secure.gravatar.com\/avatar\/45f3d2eebcccd909668d7ce7ea7267b6?s=96&d=mm&r=g","caption":"Benoit Charette"},"description":"Benoit Charette \/ Propri\u00e9taire et r\u00e9dacteur en chef Benoit Charette pratique le journalisme automobile depuis bient\u00f4t 30 ans. Il a fait ses classes au c\u00f4t\u00e9 de Daniel H\u00e9raud et au Carnet de route de 1992 \u00e0 2001. Il est fondateur, copropri\u00e9taire et r\u00e9dacteur en chef de L\u2019Annuel de l\u2019automobile, qu\u2019il publie depuis 2001. Il a anim\u00e9 les \u00e9missions RPM et RPM+ sur V et les L\u00e9gendes de la route sur Historia. \u00c0 la radio depuis 1986, il reprend l\u2019antenne cette ann\u00e9e sur les ondes de Cogeco et participe pour la deuxi\u00e8me ann\u00e9e \u00e0 l\u2019\u00e9mission Passion Auto sur RDS en plus de mettre en ligne le site Web officiel de L\u2019Annuel de l\u2019automobile sur annuelauto.ca.","sameAs":["https:\/\/annuelauto.ca\/"],"url":"https:\/\/news.canadamotorjobs.com\/fr\/author\/benoit-charette\/"}]}},"_links":{"self":[{"href":"https:\/\/news.canadamotorjobs.com\/fr\/wp-json\/wp\/v2\/posts\/148095"}],"collection":[{"href":"https:\/\/news.canadamotorjobs.com\/fr\/wp-json\/wp\/v2\/posts"}],"about":[{"href":"https:\/\/news.canadamotorjobs.com\/fr\/wp-json\/wp\/v2\/types\/post"}],"author":[{"embeddable":true,"href":"https:\/\/news.canadamotorjobs.com\/fr\/wp-json\/wp\/v2\/users\/8"}],"replies":[{"embeddable":true,"href":"https:\/\/news.canadamotorjobs.com\/fr\/wp-json\/wp\/v2\/comments?post=148095"}],"version-history":[{"count":2,"href":"https:\/\/news.canadamotorjobs.com\/fr\/wp-json\/wp\/v2\/posts\/148095\/revisions"}],"predecessor-version":[{"id":148099,"href":"https:\/\/news.canadamotorjobs.com\/fr\/wp-json\/wp\/v2\/posts\/148095\/revisions\/148099"}],"wp:featuredmedia":[{"embeddable":true,"href":"https:\/\/news.canadamotorjobs.com\/fr\/wp-json\/wp\/v2\/media\/148097"}],"wp:attachment":[{"href":"https:\/\/news.canadamotorjobs.com\/fr\/wp-json\/wp\/v2\/media?parent=148095"}],"wp:term":[{"taxonomy":"category","embeddable":true,"href":"https:\/\/news.canadamotorjobs.com\/fr\/wp-json\/wp\/v2\/categories?post=148095"},{"taxonomy":"post_tag","embeddable":true,"href":"https:\/\/news.canadamotorjobs.com\/fr\/wp-json\/wp\/v2\/tags?post=148095"}],"curies":[{"name":"wp","href":"https:\/\/api.w.org\/{rel}","templated":true}]}}