{"id":148076,"date":"2023-07-01T10:01:25","date_gmt":"2023-07-01T14:01:25","guid":{"rendered":"https:\/\/news.canadamotorjobs.com\/?p=148076"},"modified":"2023-07-01T10:14:22","modified_gmt":"2023-07-01T14:14:22","slug":"un-moteur-de-gr-corolla-pour-la-prochaine-generation-de-gr-86","status":"publish","type":"post","link":"https:\/\/news.canadamotorjobs.com\/fr\/un-moteur-de-gr-corolla-pour-la-prochaine-generation-de-gr-86\/","title":{"rendered":"Un moteur de GR Corolla pour la prochaine g\u00e9n\u00e9ration de GR\u00a086"},"content":{"rendered":"<\/p>\n<p>La prochaine g\u00e9n\u00e9ration de la petite sportive GR\u00a086 est attendue pour 2025. Toyota a d\u00e9cid\u00e9 de faire cavalier seul, abandonnant le moteur \u00e0 quatre cylindres \u00e0 plat fourni par son partenaire Subaru. Les amateurs ont longtemps critiqu\u00e9 le manque de puissance du moteur \u00e0 plat.<\/p>\n<h3>Le turbo \u00e0 la rescousse<\/h3>\n<p>\nSelon la publication japonaise Magazine X, ainsi qu&#8217;un rapport r\u00e9cent d&#8217;un autre magazine japonais Best Car, la Toyota GR86 de nouvelle g\u00e9n\u00e9ration empruntera son moteur non pas \u00e0 Subaru, mais \u00e0 ses cousines GR &#8211; la Yaris et la Corolla. Il s&#8217;agit donc d&#8217;un moteur trois cylindres turbo, qui restera tr\u00e8s probablement aussi inchang\u00e9s que possible pour maintenir les co\u00fbts \u00e0 un niveau bas. Ce qui veut dire que le moteur 1,6 litre de 300 chevaux se retrouverait sous le capot de la GR\u00a086 aussi.<\/p>\n<h3>Une nouvelle plateforme<\/h3>\n<p>\nOn parle \u00e9galement d&#8217;une nouvelle plateforme pour le coup\u00e9 sportif. Plusieurs s\u2019attendent \u00e0 une version modifi\u00e9e de la plateforme utilis\u00e9e par l&#8217;actuelle Lexus IS &#8211; qui n&#8217;est pas une version de la plateforme TNGA quasi omnipr\u00e9sente de la marque. Cela permettrait \u00e0 Toyota d&#8217;int\u00e9grer son propre moteur dans la 86, ce que la plateforme utilis\u00e9e par Subaru pour les premi\u00e8re et deuxi\u00e8me versions ne permet pas puisqu&#8217;elles sont construites pour un moteur quatre cylindres \u00e0 plat.<\/p>\n<h3>Une possible hybridation aussi<\/h3>\n<p>\nReste maintenant \u00e0 savoir si Subaru va continuer de produire le mod\u00e8le BRZ avec le moteur \u00e0 plat ou si le projet va simplement \u00eatre abandonn\u00e9. Les rapports concernant la GR86 font \u00e9tat d&#8217;un nouvel ajout au groupe motopropulseur, une forme d&#8217;hybridation qui est bien dans les cordes de Toyota.<\/p>\n<p>On ne sait pas encore si la marque optera pour un syst\u00e8me similaire \u00e0 ses hybrides traditionnels, avec une petite batterie et la possibilit\u00e9 de fonctionner parfois en mode EV, ou si un syst\u00e8me hybride de 48 volts est plus vraisemblable. Quoi qu&#8217;il en soit, la confirmation n&#8217;est pas pour tout de suite, les deux rapports sugg\u00e9rant que la prochaine 86 n&#8217;arrivera pas avant au moins deux ans. Best Car affirme que nous ne la verrons pas avant au moins 2025, tandis que Magazine X s&#8217;attend \u00e0 ce que la voiture soit r\u00e9v\u00e9l\u00e9e pour l&#8217;ann\u00e9e-mod\u00e8le\u00a02028.<\/p>\n<p>Avec des renseignements de Cars Guide<\/p>\n<p>Le texte <a rel=\"nofollow\" href=\"https:\/\/annuelauto.ca\/un-moteur-de-gr-corolla-pour-la-prochaine-generation-de-gr-86\/\">Un moteur de GR Corolla pour la prochaine g\u00e9n\u00e9ration de GR\u00a086<\/a> provient de <a rel=\"nofollow\" href=\"https:\/\/annuelauto.ca\">L&#8217;annuel de l&#8217;automobile &#8211; Actualit\u00e9 automobile<\/a><\/p>\n<p><\/p>\n","protected":false},"excerpt":{"rendered":"<p>La prochaine g\u00e9n\u00e9ration de la petite sportive GR\u00a086 est attendue pour 2025. Toyota a d\u00e9cid\u00e9 de faire cavalier seul, abandonnant le moteur \u00e0 quatre cylindres \u00e0 plat fourni par son partenaire Subaru. Les amateurs ont longtemps critiqu\u00e9 le manque de puissance du moteur \u00e0 plat. Le turbo \u00e0 la rescousse Selon la publication japonaise Magazine [&hellip;]<\/p>\n","protected":false},"author":8,"featured_media":148078,"comment_status":"close","ping_status":"closed","sticky":false,"template":"","format":"standard","meta":{"_monsterinsights_skip_tracking":false,"_monsterinsights_sitenote_active":false,"_monsterinsights_sitenote_note":"","_monsterinsights_sitenote_category":0,"footnotes":""},"categories":[101],"tags":[],"yoast_head":"<!-- This site is optimized with the Yoast SEO plugin v23.2 - https:\/\/yoast.com\/wordpress\/plugins\/seo\/ -->\n<title>Un moteur de GR Corolla pour la prochaine g\u00e9n\u00e9ration de GR\u00a086 - CanadaMotorJobs.com<\/title>\n<meta name=\"description\" content=\"Un moteur de GR Corolla pour la prochaine g\u00e9n\u00e9ration de GR\u00a086 - Benoit Charette - Annuel automobile - CanadaMotorJobs.com.\" \/>\n<meta name=\"robots\" content=\"index, follow, max-snippet:-1, max-image-preview:large, max-video-preview:-1\" \/>\n<meta property=\"og:locale\" content=\"fr_CA\" \/>\n<meta property=\"og:type\" content=\"article\" \/>\n<meta property=\"og:title\" content=\"Un moteur de GR Corolla pour la prochaine g\u00e9n\u00e9ration de GR\u00a086 - CanadaMotorJobs.com\" \/>\n<meta property=\"og:description\" content=\"Un moteur de GR Corolla pour la prochaine g\u00e9n\u00e9ration de GR\u00a086 - Benoit Charette - Annuel automobile - CanadaMotorJobs.com.\" \/>\n<meta property=\"og:url\" content=\"https:\/\/news.canadamotorjobs.com\/fr\/un-moteur-de-gr-corolla-pour-la-prochaine-generation-de-gr-86\/\" \/>\n<meta property=\"og:site_name\" content=\"CanadaMotorJobs.com\" \/>\n<meta property=\"article:publisher\" content=\"https:\/\/www.facebook.com\/canadamotorjobs\/\" \/>\n<meta property=\"article:published_time\" content=\"2023-07-01T14:01:25+00:00\" \/>\n<meta property=\"article:modified_time\" content=\"2023-07-01T14:14:22+00:00\" \/>\n<meta property=\"og:image\" content=\"https:\/\/news.canadamotorjobs.com\/wp-content\/uploads\/2023\/07\/2023_GR-86_SpecialEdition_SolarShift_001_mid.jpg\" \/>\n\t<meta property=\"og:image:width\" content=\"840\" \/>\n\t<meta property=\"og:image:height\" content=\"559\" \/>\n\t<meta property=\"og:image:type\" content=\"image\/jpeg\" \/>\n<meta name=\"author\" content=\"Benoit Charette\" \/>\n<meta name=\"twitter:card\" content=\"summary_large_image\" \/>\n<meta name=\"twitter:creator\" content=\"@canadamotorjobs\" \/>\n<meta name=\"twitter:site\" content=\"@canadamotorjobs\" \/>\n<meta name=\"twitter:label1\" content=\"\u00c9crit par\" \/>\n\t<meta name=\"twitter:data1\" content=\"Benoit Charette\" \/>\n\t<meta name=\"twitter:label2\" content=\"Estimation du temps de lecture\" \/>\n\t<meta name=\"twitter:data2\" content=\"2 minutes\" \/>\n<!-- \/ Yoast SEO plugin. -->","yoast_head_json":{"title":"Un moteur de GR Corolla pour la prochaine g\u00e9n\u00e9ration de GR\u00a086 - CanadaMotorJobs.com","description":"Un moteur de GR Corolla pour la prochaine g\u00e9n\u00e9ration de GR\u00a086 - Benoit Charette - Annuel automobile - CanadaMotorJobs.com.","robots":{"index":"index","follow":"follow","max-snippet":"max-snippet:-1","max-image-preview":"max-image-preview:large","max-video-preview":"max-video-preview:-1"},"og_locale":"fr_CA","og_type":"article","og_title":"Un moteur de GR Corolla pour la prochaine g\u00e9n\u00e9ration de GR\u00a086 - CanadaMotorJobs.com","og_description":"Un moteur de GR Corolla pour la prochaine g\u00e9n\u00e9ration de GR\u00a086 - Benoit Charette - Annuel automobile - CanadaMotorJobs.com.","og_url":"https:\/\/news.canadamotorjobs.com\/fr\/un-moteur-de-gr-corolla-pour-la-prochaine-generation-de-gr-86\/","og_site_name":"CanadaMotorJobs.com","article_publisher":"https:\/\/www.facebook.com\/canadamotorjobs\/","article_published_time":"2023-07-01T14:01:25+00:00","article_modified_time":"2023-07-01T14:14:22+00:00","og_image":[{"width":840,"height":559,"url":"https:\/\/news.canadamotorjobs.com\/wp-content\/uploads\/2023\/07\/2023_GR-86_SpecialEdition_SolarShift_001_mid.jpg","type":"image\/jpeg"}],"author":"Benoit Charette","twitter_card":"summary_large_image","twitter_creator":"@canadamotorjobs","twitter_site":"@canadamotorjobs","twitter_misc":{"\u00c9crit par":"Benoit Charette","Estimation du temps de lecture":"2 minutes"},"schema":{"@context":"https:\/\/schema.org","@graph":[{"@type":"Article","@id":"https:\/\/news.canadamotorjobs.com\/fr\/un-moteur-de-gr-corolla-pour-la-prochaine-generation-de-gr-86\/#article","isPartOf":{"@id":"https:\/\/news.canadamotorjobs.com\/fr\/un-moteur-de-gr-corolla-pour-la-prochaine-generation-de-gr-86\/"},"author":{"name":"Benoit Charette","@id":"https:\/\/news.canadamotorjobs.com\/#\/schema\/person\/51793d1f87d44011d7bcc2ed99269a90"},"headline":"Un moteur de GR Corolla pour la prochaine g\u00e9n\u00e9ration de GR\u00a086","datePublished":"2023-07-01T14:01:25+00:00","dateModified":"2023-07-01T14:14:22+00:00","mainEntityOfPage":{"@id":"https:\/\/news.canadamotorjobs.com\/fr\/un-moteur-de-gr-corolla-pour-la-prochaine-generation-de-gr-86\/"},"wordCount":427,"publisher":{"@id":"https:\/\/news.canadamotorjobs.com\/#organization"},"image":{"@id":"https:\/\/news.canadamotorjobs.com\/fr\/un-moteur-de-gr-corolla-pour-la-prochaine-generation-de-gr-86\/#primaryimage"},"thumbnailUrl":"https:\/\/news.canadamotorjobs.com\/wp-content\/uploads\/2023\/07\/2023_GR-86_SpecialEdition_SolarShift_001_mid.jpg","articleSection":["Annuel automobile"],"inLanguage":"fr-CA"},{"@type":"WebPage","@id":"https:\/\/news.canadamotorjobs.com\/fr\/un-moteur-de-gr-corolla-pour-la-prochaine-generation-de-gr-86\/","url":"https:\/\/news.canadamotorjobs.com\/fr\/un-moteur-de-gr-corolla-pour-la-prochaine-generation-de-gr-86\/","name":"Un moteur de GR Corolla pour la prochaine g\u00e9n\u00e9ration de GR\u00a086 - CanadaMotorJobs.com","isPartOf":{"@id":"https:\/\/news.canadamotorjobs.com\/#website"},"primaryImageOfPage":{"@id":"https:\/\/news.canadamotorjobs.com\/fr\/un-moteur-de-gr-corolla-pour-la-prochaine-generation-de-gr-86\/#primaryimage"},"image":{"@id":"https:\/\/news.canadamotorjobs.com\/fr\/un-moteur-de-gr-corolla-pour-la-prochaine-generation-de-gr-86\/#primaryimage"},"thumbnailUrl":"https:\/\/news.canadamotorjobs.com\/wp-content\/uploads\/2023\/07\/2023_GR-86_SpecialEdition_SolarShift_001_mid.jpg","datePublished":"2023-07-01T14:01:25+00:00","dateModified":"2023-07-01T14:14:22+00:00","description":"Un moteur de GR Corolla pour la prochaine g\u00e9n\u00e9ration de GR\u00a086 - Benoit Charette - Annuel automobile - CanadaMotorJobs.com.","breadcrumb":{"@id":"https:\/\/news.canadamotorjobs.com\/fr\/un-moteur-de-gr-corolla-pour-la-prochaine-generation-de-gr-86\/#breadcrumb"},"inLanguage":"fr-CA","potentialAction":[{"@type":"ReadAction","target":["https:\/\/news.canadamotorjobs.com\/fr\/un-moteur-de-gr-corolla-pour-la-prochaine-generation-de-gr-86\/"]}]},{"@type":"ImageObject","inLanguage":"fr-CA","@id":"https:\/\/news.canadamotorjobs.com\/fr\/un-moteur-de-gr-corolla-pour-la-prochaine-generation-de-gr-86\/#primaryimage","url":"https:\/\/news.canadamotorjobs.com\/wp-content\/uploads\/2023\/07\/2023_GR-86_SpecialEdition_SolarShift_001_mid.jpg","contentUrl":"https:\/\/news.canadamotorjobs.com\/wp-content\/uploads\/2023\/07\/2023_GR-86_SpecialEdition_SolarShift_001_mid.jpg","width":840,"height":559},{"@type":"BreadcrumbList","@id":"https:\/\/news.canadamotorjobs.com\/fr\/un-moteur-de-gr-corolla-pour-la-prochaine-generation-de-gr-86\/#breadcrumb","itemListElement":[{"@type":"ListItem","position":1,"name":"Home","item":"https:\/\/news.canadamotorjobs.com\/fr\/blog\/"},{"@type":"ListItem","position":2,"name":"Un moteur de GR Corolla pour la prochaine g\u00e9n\u00e9ration de GR\u00a086"}]},{"@type":"WebSite","@id":"https:\/\/news.canadamotorjobs.com\/#website","url":"https:\/\/news.canadamotorjobs.com\/","name":"CanadaMotorJobs.com","description":"Automotive Jobs","publisher":{"@id":"https:\/\/news.canadamotorjobs.com\/#organization"},"potentialAction":[{"@type":"SearchAction","target":{"@type":"EntryPoint","urlTemplate":"https:\/\/news.canadamotorjobs.com\/?s={search_term_string}"},"query-input":"required name=search_term_string"}],"inLanguage":"fr-CA"},{"@type":"Organization","@id":"https:\/\/news.canadamotorjobs.com\/#organization","name":"Canada Motor Jobs","url":"https:\/\/news.canadamotorjobs.com\/","logo":{"@type":"ImageObject","inLanguage":"fr-CA","@id":"https:\/\/news.canadamotorjobs.com\/#\/schema\/logo\/image\/","url":"https:\/\/news.canadamotorjobs.com\/wp-content\/uploads\/2022\/10\/logo-canada-motor-jobs-1.png","contentUrl":"https:\/\/news.canadamotorjobs.com\/wp-content\/uploads\/2022\/10\/logo-canada-motor-jobs-1.png","width":800,"height":400,"caption":"Canada Motor Jobs"},"image":{"@id":"https:\/\/news.canadamotorjobs.com\/#\/schema\/logo\/image\/"},"sameAs":["https:\/\/www.facebook.com\/canadamotorjobs\/","https:\/\/x.com\/canadamotorjobs","https:\/\/www.instagram.com\/canadamotorjobs\/","https:\/\/www.linkedin.com\/company\/canadamotorjobs"]},{"@type":"Person","@id":"https:\/\/news.canadamotorjobs.com\/#\/schema\/person\/51793d1f87d44011d7bcc2ed99269a90","name":"Benoit Charette","image":{"@type":"ImageObject","inLanguage":"fr-CA","@id":"https:\/\/news.canadamotorjobs.com\/#\/schema\/person\/image\/","url":"https:\/\/secure.gravatar.com\/avatar\/45f3d2eebcccd909668d7ce7ea7267b6?s=96&d=mm&r=g","contentUrl":"https:\/\/secure.gravatar.com\/avatar\/45f3d2eebcccd909668d7ce7ea7267b6?s=96&d=mm&r=g","caption":"Benoit Charette"},"description":"Benoit Charette \/ Propri\u00e9taire et r\u00e9dacteur en chef Benoit Charette pratique le journalisme automobile depuis bient\u00f4t 30 ans. Il a fait ses classes au c\u00f4t\u00e9 de Daniel H\u00e9raud et au Carnet de route de 1992 \u00e0 2001. Il est fondateur, copropri\u00e9taire et r\u00e9dacteur en chef de L\u2019Annuel de l\u2019automobile, qu\u2019il publie depuis 2001. Il a anim\u00e9 les \u00e9missions RPM et RPM+ sur V et les L\u00e9gendes de la route sur Historia. \u00c0 la radio depuis 1986, il reprend l\u2019antenne cette ann\u00e9e sur les ondes de Cogeco et participe pour la deuxi\u00e8me ann\u00e9e \u00e0 l\u2019\u00e9mission Passion Auto sur RDS en plus de mettre en ligne le site Web officiel de L\u2019Annuel de l\u2019automobile sur annuelauto.ca.","sameAs":["https:\/\/annuelauto.ca\/"],"url":"https:\/\/news.canadamotorjobs.com\/fr\/author\/benoit-charette\/"}]}},"_links":{"self":[{"href":"https:\/\/news.canadamotorjobs.com\/fr\/wp-json\/wp\/v2\/posts\/148076"}],"collection":[{"href":"https:\/\/news.canadamotorjobs.com\/fr\/wp-json\/wp\/v2\/posts"}],"about":[{"href":"https:\/\/news.canadamotorjobs.com\/fr\/wp-json\/wp\/v2\/types\/post"}],"author":[{"embeddable":true,"href":"https:\/\/news.canadamotorjobs.com\/fr\/wp-json\/wp\/v2\/users\/8"}],"replies":[{"embeddable":true,"href":"https:\/\/news.canadamotorjobs.com\/fr\/wp-json\/wp\/v2\/comments?post=148076"}],"version-history":[{"count":2,"href":"https:\/\/news.canadamotorjobs.com\/fr\/wp-json\/wp\/v2\/posts\/148076\/revisions"}],"predecessor-version":[{"id":148080,"href":"https:\/\/news.canadamotorjobs.com\/fr\/wp-json\/wp\/v2\/posts\/148076\/revisions\/148080"}],"wp:featuredmedia":[{"embeddable":true,"href":"https:\/\/news.canadamotorjobs.com\/fr\/wp-json\/wp\/v2\/media\/148078"}],"wp:attachment":[{"href":"https:\/\/news.canadamotorjobs.com\/fr\/wp-json\/wp\/v2\/media?parent=148076"}],"wp:term":[{"taxonomy":"category","embeddable":true,"href":"https:\/\/news.canadamotorjobs.com\/fr\/wp-json\/wp\/v2\/categories?post=148076"},{"taxonomy":"post_tag","embeddable":true,"href":"https:\/\/news.canadamotorjobs.com\/fr\/wp-json\/wp\/v2\/tags?post=148076"}],"curies":[{"name":"wp","href":"https:\/\/api.w.org\/{rel}","templated":true}]}}