{"id":148007,"date":"2023-06-30T11:05:39","date_gmt":"2023-06-30T15:05:39","guid":{"rendered":"https:\/\/news.canadamotorjobs.com\/?p=148007"},"modified":"2023-06-30T11:14:01","modified_gmt":"2023-06-30T15:14:01","slug":"mercedes-benz-s-63-amg-e-performance","status":"publish","type":"post","link":"https:\/\/news.canadamotorjobs.com\/fr\/mercedes-benz-s-63-amg-e-performance\/","title":{"rendered":"Mercedes Benz S 63 AMG e performance"},"content":{"rendered":"<\/p>\n<p>Malibu, Californie \u2013 Sentant venir l\u2019\u00e8re \u00e9lectrique \u00e0 grand pas, il semble que tous les constructeurs profitent une derni\u00e8re fois de tout le savoir-faire en moteur \u00e0 combustion interne pour l\u00e2cher leur fou. Les ing\u00e9nieurs de chez AMG se sont permis une derni\u00e8re folie avant que les V8 quittent d\u00e9finitivement l\u2019atelier. Avec quelques trucs d\u2019hybridation emprunt\u00e9 \u00e0 la F1, vous avez une Classe S AMG de 791 chevaux et 1\u00a0055 lb-pi de couple. Attention c\u2019est chaud.<\/p>\n<h3>Le plus puissant mod\u00e8le AMG \u00e0 ce jour<\/h3>\n<p>\nCette Classe S offre des chiffres qui donnent le vertige. La base m\u00e9canique est confi\u00e9e au m\u00eame moteur V8 biturbo de 4,0 litres, qui d\u00e9veloppe \u00e0 lui seul 603 ch. Ce moteur \u00e0 essence est associ\u00e9 \u00e0 un syst\u00e8me hybride sp\u00e9cifique \u00e0 AMG qui d\u00e9livre jusqu&#8217;\u00e0 188 chevaux et 236 lb-pi. Il en r\u00e9sulte une puissance totale de 791 chevavax et un couple monstrueux de 1 055 lb-pi. Il s&#8217;agit du mod\u00e8le AMG le plus puissant \u00e0 ce jour. Si le ch\u00e2ssis reste identique \u00e0 celui de la Classe S actuelle, Mercedes a apport\u00e9 un certain nombre de modifications pour pouvoir absorber une telle puissance. L&#8217;aspect visuel est \u00e9galement rehauss\u00e9 par une calandre sp\u00e9cifique \u00e0 AMG, un pare-chocs avant unique avec des prises d&#8217;air plus grandes pour les turbos, des jupes lat\u00e9rales plus sportives et un diffuseur arri\u00e8re flanqu\u00e9 d&#8217;un pot d&#8217;\u00e9chappement \u00e0 quatre embouts. Les jantes sp\u00e9cifiques AMG et les logos rouges contribuent \u00e9galement \u00e0 un look plus performant, mais le style g\u00e9n\u00e9ral reste sobre, comme le pr\u00e9f\u00e8rent les acheteurs de ce type de voiture.<\/p>\n<h3>Un int\u00e9rieur sp\u00e9cifique<\/h3>\n<p>\nCette derni\u00e8re Classe S \u00e9tant bas\u00e9e sur la g\u00e9n\u00e9ration actuelle, on ne retrouve pas l&#8217;immense \u00e9cran de la version EQS, mais plut\u00f4t les \u00e9crans de la Classe S normale avec quelques ajustements. Vous avez donc un \u00e9cran tactile OLED de 12,8 pouces, qui fournit des informations en temps r\u00e9el sur le syst\u00e8me hybride. L&#8217;affichage t\u00eate haute configurable de style AMG fournit des informations relatives aux performances, telles que les temp\u00e9ratures de la batterie et du moteur \u00e9lectrique. L&#8217;aspect g\u00e9n\u00e9ral de l&#8217;habitacle est tr\u00e8s similaire \u00e0 celui des autres mod\u00e8les de la Classe S. Des d\u00e9tails tels que le volant sp\u00e9cifique \u00e0 AMG et le tableau de bord sont \u00e9galement pr\u00e9sents. Des d\u00e9tails tels que le volant sp\u00e9cifique AMG et le cuir perfor\u00e9 de haute qualit\u00e9. Les r\u00e9glages, du mode de conduite au comportement de la transmission en passant par l&#8217;intensit\u00e9 de la r\u00e9g\u00e9n\u00e9ration des freins, se trouvent directement sur le volant. Et lorsque vous avez besoin d&#8217;acc\u00e9der rapidement aux fonctions fr\u00e9quemment utilis\u00e9es du syst\u00e8me avec un minimum d&#8217;effort, une bande de boutons physiques est \u00e9galement disponible juste en dessous de l&#8217;\u00e9cran d&#8217;infodivertissement. Ce n&#8217;est pas tr\u00e8s techno, diront certains, mais c&#8217;est facile \u00e0 comprendre et \u00e0 utiliser.<\/p>\n<h3>Un syst\u00e8me hybride inspir\u00e9 de la F1<\/h3>\n<p>\nVous l&#8217;aurez compris, le syst\u00e8me hybride n&#8217;est pas l\u00e0 pour offrir une bonne autonomie \u00e9lectrique, mais pour apporter de la performance, d&#8217;o\u00f9 le nom du mod\u00e8le. Mont\u00e9 sur l&#8217;essieu arri\u00e8re, le syst\u00e8me hybride dispose de sa propre bo\u00eete de vitesses \u00e0 deux rapports et d&#8217;un diff\u00e9rentiel \u00e0 glissement limit\u00e9 contr\u00f4l\u00e9 \u00e9lectroniquement. Mercedes explique qu&#8217;en installant le syst\u00e8me hybride derri\u00e8re la transmission (plut\u00f4t qu&#8217;entre le moteur et la transmission), le couple maximal offert par le moteur \u00e0 combustion interne et le syst\u00e8me hybride peut \u00eatre utilis\u00e9 simultan\u00e9ment, ce qui permet \u00e0 Mercedes d&#8217;atteindre le chiffre \u00e9lev\u00e9 de 1 055 lb-pi. Le syst\u00e8me est cens\u00e9 s&#8217;inspirer de ceux utilis\u00e9s dans les voitures de Formule 1 de Mercedes pour fournir la puissance n\u00e9cessaire de mani\u00e8re fr\u00e9quente et r\u00e9p\u00e9t\u00e9e gr\u00e2ce \u00e0 des efforts de r\u00e9cup\u00e9ration intelligents. Associ\u00e9 \u00e0 une batterie de 13,1 kWh avec syst\u00e8me de refroidissement int\u00e9gr\u00e9, il offre une autonomie d&#8217;environ 32 km en mode \u00e9lectrique \u00e0 une vitesse de pointe de 140 km\/h.<\/p>\n<h3>Sept modes de conduite<\/h3>\n<p>\nPas moins de sept modes de conduite peuvent \u00eatre s\u00e9lectionn\u00e9s \u00e0 partir de la molette situ\u00e9e \u00e0 droite du volant (\u00e9lectrique, confort, maintien de la batterie, sport, sport+, glissant et individuel). Une pression sur cette molette permet \u00e9galement de choisir entre quatre niveaux diff\u00e9rents de r\u00e9g\u00e9n\u00e9ration des freins, allant de la roue libre sans r\u00e9sistance \u00e0 la conduite sur une seule p\u00e9dale. Il n&#8217;est pas facile d&#8217;exploiter toute cette puissance en toute s\u00e9curit\u00e9. Mercedes a d\u00fb repenser tout le mat\u00e9riel. Les supports de moteur actifs (une premi\u00e8re pour une Classe S), les barres antiroulis \u00e9lectrom\u00e9caniques et la direction par l&#8217;essieu arri\u00e8re sont de s\u00e9rie. Le r\u00e9sultat est une S63 aussi lourde qu&#8217;un F-150.<\/p>\n<h3>Rapide, mais civilis\u00e9<\/h3>\n<p>\nIl est int\u00e9ressant de noter qu&#8217;au Canada, la S63 d\u00e9marre en mode \u00e9lectrique, alors qu&#8217;aux Etats-Unis, la voiture d\u00e9marre en mode confort. Il n&#8217;y a donc pas de bruit d&#8217;allumage ici. Malgr\u00e9 les pneus Michelin Pilot Sport 4S de 21 pouces, la conduite reste confortable gr\u00e2ce \u00e0 la suspension pneumatique. Il faut cependant laisser la voiture en mode confort. Si vous passez en mode Sport ou Sport +, le pr\u00e9dateur devient tendu, nerveux et tr\u00e8s vigilant. Il y a une vraie diff\u00e9rence d&#8217;un mode \u00e0 l&#8217;autre. Les routes des canyons de la r\u00e9gion de Malibu sont devenues un excellent terrain de jeu pour la grosse b\u00eate. Nous avons pouss\u00e9 la note sur quelques courtes lignes droites pour constater que oui, la voiture est tr\u00e8s rapide, mais qu&#8217;elle reste pos\u00e9e. Pas de performances d\u00e9brid\u00e9es \u00e0 vous glacer le sang. Ceux qui veulent impressionner leurs amis peuvent utiliser le mode Race Start. Il suffit de s\u00e9lectionner le mode Sport ou Sport+, de maintenir la p\u00e9dale de frein enfonc\u00e9e, d&#8217;appuyer sur l&#8217;acc\u00e9l\u00e9rateur, puis d&#8217;appuyer lat\u00e9ralement sur la p\u00e9dale de frein), le d\u00e9marrage est visc\u00e9ral, en partie gr\u00e2ce au couple imm\u00e9diat fourni par le syst\u00e8me hybride (et au fait que les ceintures de s\u00e9curit\u00e9 vous \u00e9tranglent au d\u00e9part). Le plus grand avantage du syst\u00e8me hybride est qu&#8217;il \u00e9limine compl\u00e8tement le temps de r\u00e9action habituel des turbos. Malgr\u00e9 son poids et son encombrement, cette b\u00eate de 2,5 tonnes se comporte presque comme une voiture de sport sur les petites routes, gr\u00e2ce \u00e0 la transmission int\u00e9grale et aux roues directionnelles qui vont jusqu&#8217;\u00e0 2,5 degr\u00e9s \u00e0 l&#8217;arri\u00e8re pour avaler une courbe avec aisance.<\/p>\n<h3>Conclusion<\/h3>\n<p>\nDans le monde de l&#8217;automobile, c&#8217;est la guerre des chiffres, et les clients de ces mod\u00e8les \u00e9litistes aiment faire savoir qu&#8217;ils poss\u00e8dent la b\u00eate la plus rapide du march\u00e9. Personne ici ne pourra utiliser ne serait-ce que la moiti\u00e9 du potentiel de cette berline, mais le simple fait de savoir que ce potentiel est en r\u00e9serve rend les propri\u00e9taires heureux. Une Classe S de base vous rendra tout aussi heureux, mais pour ceux qui veulent le nec plus ultra, il y a AMG. Aucun prix n&#8217;a encore \u00e9t\u00e9 annonc\u00e9, mais il faut s&#8217;attendre \u00e0 environ 250 000 dollars, et les mod\u00e8les arriveront dans les premiers mois de 2024.<\/p>\n<h3>Forces<\/h3>\n<p><\/p>\n<ul><\/p>\n<li>Puissance d\u00e9mentielle<\/li>\n<p><\/p>\n<li>Tenue de route surprenante<\/li>\n<p><\/p>\n<li>Un espace arri\u00e8re pour la royaut\u00e9<\/li>\n<p>\n<\/ul>\n<p><\/p>\n<h3><strong>Faiblesses<\/strong><\/h3>\n<p><\/p>\n<ul><\/p>\n<li>\u00c7a va co\u00fbter tr\u00e8s cher<\/li>\n<p><\/p>\n<li>Un moteur hybride qui sert uniquement la performance<\/li>\n<p><\/p>\n<li>Les co\u00fbts d\u2019entretien et de r\u00e9parations<\/li>\n<p>\n<\/ul>\n<p>\n\u00a0<\/p>\n<p>\u00a0<\/p>\n<p>Le texte <a rel=\"nofollow\" href=\"https:\/\/annuelauto.ca\/mercedes-benz-s-63-amg-e-performance\/\">Mercedes Benz S 63 AMG e performance<\/a> provient de <a rel=\"nofollow\" href=\"https:\/\/annuelauto.ca\">L&#8217;annuel de l&#8217;automobile &#8211; Actualit\u00e9 automobile<\/a><\/p>\n<p><\/p>\n","protected":false},"excerpt":{"rendered":"<p>Malibu, Californie \u2013 Sentant venir l\u2019\u00e8re \u00e9lectrique \u00e0 grand pas, il semble que tous les constructeurs profitent une derni\u00e8re fois de tout le savoir-faire en moteur \u00e0 combustion interne pour l\u00e2cher leur fou. Les ing\u00e9nieurs de chez AMG se sont permis une derni\u00e8re folie avant que les V8 quittent d\u00e9finitivement l\u2019atelier. Avec quelques trucs d\u2019hybridation [&hellip;]<\/p>\n","protected":false},"author":8,"featured_media":148009,"comment_status":"close","ping_status":"closed","sticky":false,"template":"","format":"standard","meta":{"_monsterinsights_skip_tracking":false,"_monsterinsights_sitenote_active":false,"_monsterinsights_sitenote_note":"","_monsterinsights_sitenote_category":0,"footnotes":""},"categories":[101],"tags":[],"yoast_head":"<!-- This site is optimized with the Yoast SEO plugin v23.2 - https:\/\/yoast.com\/wordpress\/plugins\/seo\/ -->\n<title>Mercedes Benz S 63 AMG e performance - CanadaMotorJobs.com<\/title>\n<meta name=\"description\" content=\"Mercedes Benz S 63 AMG e performance - Benoit Charette - Annuel automobile - CanadaMotorJobs.com.\" \/>\n<meta name=\"robots\" content=\"index, follow, max-snippet:-1, max-image-preview:large, max-video-preview:-1\" \/>\n<meta property=\"og:locale\" content=\"fr_CA\" \/>\n<meta property=\"og:type\" content=\"article\" \/>\n<meta property=\"og:title\" content=\"Mercedes Benz S 63 AMG e performance - CanadaMotorJobs.com\" \/>\n<meta property=\"og:description\" content=\"Mercedes Benz S 63 AMG e performance - Benoit Charette - Annuel automobile - CanadaMotorJobs.com.\" \/>\n<meta property=\"og:url\" content=\"https:\/\/news.canadamotorjobs.com\/fr\/mercedes-benz-s-63-amg-e-performance\/\" \/>\n<meta property=\"og:site_name\" content=\"CanadaMotorJobs.com\" \/>\n<meta property=\"article:publisher\" content=\"https:\/\/www.facebook.com\/canadamotorjobs\/\" \/>\n<meta property=\"article:published_time\" content=\"2023-06-30T15:05:39+00:00\" \/>\n<meta property=\"article:modified_time\" content=\"2023-06-30T15:14:01+00:00\" \/>\n<meta property=\"og:image\" content=\"https:\/\/news.canadamotorjobs.com\/wp-content\/uploads\/2023\/06\/IMG_6638.jpg\" \/>\n\t<meta property=\"og:image:width\" content=\"1067\" \/>\n\t<meta property=\"og:image:height\" content=\"800\" \/>\n\t<meta property=\"og:image:type\" content=\"image\/jpeg\" \/>\n<meta name=\"author\" content=\"Benoit Charette\" \/>\n<meta name=\"twitter:card\" content=\"summary_large_image\" \/>\n<meta name=\"twitter:creator\" content=\"@canadamotorjobs\" \/>\n<meta name=\"twitter:site\" content=\"@canadamotorjobs\" \/>\n<meta name=\"twitter:label1\" content=\"\u00c9crit par\" \/>\n\t<meta name=\"twitter:data1\" content=\"Benoit Charette\" \/>\n\t<meta name=\"twitter:label2\" content=\"Estimation du temps de lecture\" \/>\n\t<meta name=\"twitter:data2\" content=\"6 minutes\" \/>\n<!-- \/ Yoast SEO plugin. -->","yoast_head_json":{"title":"Mercedes Benz S 63 AMG e performance - CanadaMotorJobs.com","description":"Mercedes Benz S 63 AMG e performance - Benoit Charette - Annuel automobile - CanadaMotorJobs.com.","robots":{"index":"index","follow":"follow","max-snippet":"max-snippet:-1","max-image-preview":"max-image-preview:large","max-video-preview":"max-video-preview:-1"},"og_locale":"fr_CA","og_type":"article","og_title":"Mercedes Benz S 63 AMG e performance - CanadaMotorJobs.com","og_description":"Mercedes Benz S 63 AMG e performance - Benoit Charette - Annuel automobile - CanadaMotorJobs.com.","og_url":"https:\/\/news.canadamotorjobs.com\/fr\/mercedes-benz-s-63-amg-e-performance\/","og_site_name":"CanadaMotorJobs.com","article_publisher":"https:\/\/www.facebook.com\/canadamotorjobs\/","article_published_time":"2023-06-30T15:05:39+00:00","article_modified_time":"2023-06-30T15:14:01+00:00","og_image":[{"width":1067,"height":800,"url":"https:\/\/news.canadamotorjobs.com\/wp-content\/uploads\/2023\/06\/IMG_6638.jpg","type":"image\/jpeg"}],"author":"Benoit Charette","twitter_card":"summary_large_image","twitter_creator":"@canadamotorjobs","twitter_site":"@canadamotorjobs","twitter_misc":{"\u00c9crit par":"Benoit Charette","Estimation du temps de lecture":"6 minutes"},"schema":{"@context":"https:\/\/schema.org","@graph":[{"@type":"Article","@id":"https:\/\/news.canadamotorjobs.com\/fr\/mercedes-benz-s-63-amg-e-performance\/#article","isPartOf":{"@id":"https:\/\/news.canadamotorjobs.com\/fr\/mercedes-benz-s-63-amg-e-performance\/"},"author":{"name":"Benoit Charette","@id":"https:\/\/news.canadamotorjobs.com\/#\/schema\/person\/51793d1f87d44011d7bcc2ed99269a90"},"headline":"Mercedes Benz S 63 AMG e performance","datePublished":"2023-06-30T15:05:39+00:00","dateModified":"2023-06-30T15:14:01+00:00","mainEntityOfPage":{"@id":"https:\/\/news.canadamotorjobs.com\/fr\/mercedes-benz-s-63-amg-e-performance\/"},"wordCount":1320,"publisher":{"@id":"https:\/\/news.canadamotorjobs.com\/#organization"},"image":{"@id":"https:\/\/news.canadamotorjobs.com\/fr\/mercedes-benz-s-63-amg-e-performance\/#primaryimage"},"thumbnailUrl":"https:\/\/news.canadamotorjobs.com\/wp-content\/uploads\/2023\/06\/IMG_6638.jpg","articleSection":["Annuel automobile"],"inLanguage":"fr-CA"},{"@type":"WebPage","@id":"https:\/\/news.canadamotorjobs.com\/fr\/mercedes-benz-s-63-amg-e-performance\/","url":"https:\/\/news.canadamotorjobs.com\/fr\/mercedes-benz-s-63-amg-e-performance\/","name":"Mercedes Benz S 63 AMG e performance - CanadaMotorJobs.com","isPartOf":{"@id":"https:\/\/news.canadamotorjobs.com\/#website"},"primaryImageOfPage":{"@id":"https:\/\/news.canadamotorjobs.com\/fr\/mercedes-benz-s-63-amg-e-performance\/#primaryimage"},"image":{"@id":"https:\/\/news.canadamotorjobs.com\/fr\/mercedes-benz-s-63-amg-e-performance\/#primaryimage"},"thumbnailUrl":"https:\/\/news.canadamotorjobs.com\/wp-content\/uploads\/2023\/06\/IMG_6638.jpg","datePublished":"2023-06-30T15:05:39+00:00","dateModified":"2023-06-30T15:14:01+00:00","description":"Mercedes Benz S 63 AMG e performance - Benoit Charette - Annuel automobile - CanadaMotorJobs.com.","breadcrumb":{"@id":"https:\/\/news.canadamotorjobs.com\/fr\/mercedes-benz-s-63-amg-e-performance\/#breadcrumb"},"inLanguage":"fr-CA","potentialAction":[{"@type":"ReadAction","target":["https:\/\/news.canadamotorjobs.com\/fr\/mercedes-benz-s-63-amg-e-performance\/"]}]},{"@type":"ImageObject","inLanguage":"fr-CA","@id":"https:\/\/news.canadamotorjobs.com\/fr\/mercedes-benz-s-63-amg-e-performance\/#primaryimage","url":"https:\/\/news.canadamotorjobs.com\/wp-content\/uploads\/2023\/06\/IMG_6638.jpg","contentUrl":"https:\/\/news.canadamotorjobs.com\/wp-content\/uploads\/2023\/06\/IMG_6638.jpg","width":1067,"height":800},{"@type":"BreadcrumbList","@id":"https:\/\/news.canadamotorjobs.com\/fr\/mercedes-benz-s-63-amg-e-performance\/#breadcrumb","itemListElement":[{"@type":"ListItem","position":1,"name":"Home","item":"https:\/\/news.canadamotorjobs.com\/fr\/blog\/"},{"@type":"ListItem","position":2,"name":"Mercedes Benz S 63 AMG e performance"}]},{"@type":"WebSite","@id":"https:\/\/news.canadamotorjobs.com\/#website","url":"https:\/\/news.canadamotorjobs.com\/","name":"CanadaMotorJobs.com","description":"Automotive Jobs","publisher":{"@id":"https:\/\/news.canadamotorjobs.com\/#organization"},"potentialAction":[{"@type":"SearchAction","target":{"@type":"EntryPoint","urlTemplate":"https:\/\/news.canadamotorjobs.com\/?s={search_term_string}"},"query-input":"required name=search_term_string"}],"inLanguage":"fr-CA"},{"@type":"Organization","@id":"https:\/\/news.canadamotorjobs.com\/#organization","name":"Canada Motor Jobs","url":"https:\/\/news.canadamotorjobs.com\/","logo":{"@type":"ImageObject","inLanguage":"fr-CA","@id":"https:\/\/news.canadamotorjobs.com\/#\/schema\/logo\/image\/","url":"https:\/\/news.canadamotorjobs.com\/wp-content\/uploads\/2022\/10\/logo-canada-motor-jobs-1.png","contentUrl":"https:\/\/news.canadamotorjobs.com\/wp-content\/uploads\/2022\/10\/logo-canada-motor-jobs-1.png","width":800,"height":400,"caption":"Canada Motor Jobs"},"image":{"@id":"https:\/\/news.canadamotorjobs.com\/#\/schema\/logo\/image\/"},"sameAs":["https:\/\/www.facebook.com\/canadamotorjobs\/","https:\/\/x.com\/canadamotorjobs","https:\/\/www.instagram.com\/canadamotorjobs\/","https:\/\/www.linkedin.com\/company\/canadamotorjobs"]},{"@type":"Person","@id":"https:\/\/news.canadamotorjobs.com\/#\/schema\/person\/51793d1f87d44011d7bcc2ed99269a90","name":"Benoit Charette","image":{"@type":"ImageObject","inLanguage":"fr-CA","@id":"https:\/\/news.canadamotorjobs.com\/#\/schema\/person\/image\/","url":"https:\/\/secure.gravatar.com\/avatar\/45f3d2eebcccd909668d7ce7ea7267b6?s=96&d=mm&r=g","contentUrl":"https:\/\/secure.gravatar.com\/avatar\/45f3d2eebcccd909668d7ce7ea7267b6?s=96&d=mm&r=g","caption":"Benoit Charette"},"description":"Benoit Charette \/ Propri\u00e9taire et r\u00e9dacteur en chef Benoit Charette pratique le journalisme automobile depuis bient\u00f4t 30 ans. Il a fait ses classes au c\u00f4t\u00e9 de Daniel H\u00e9raud et au Carnet de route de 1992 \u00e0 2001. Il est fondateur, copropri\u00e9taire et r\u00e9dacteur en chef de L\u2019Annuel de l\u2019automobile, qu\u2019il publie depuis 2001. Il a anim\u00e9 les \u00e9missions RPM et RPM+ sur V et les L\u00e9gendes de la route sur Historia. \u00c0 la radio depuis 1986, il reprend l\u2019antenne cette ann\u00e9e sur les ondes de Cogeco et participe pour la deuxi\u00e8me ann\u00e9e \u00e0 l\u2019\u00e9mission Passion Auto sur RDS en plus de mettre en ligne le site Web officiel de L\u2019Annuel de l\u2019automobile sur annuelauto.ca.","sameAs":["https:\/\/annuelauto.ca\/"],"url":"https:\/\/news.canadamotorjobs.com\/fr\/author\/benoit-charette\/"}]}},"_links":{"self":[{"href":"https:\/\/news.canadamotorjobs.com\/fr\/wp-json\/wp\/v2\/posts\/148007"}],"collection":[{"href":"https:\/\/news.canadamotorjobs.com\/fr\/wp-json\/wp\/v2\/posts"}],"about":[{"href":"https:\/\/news.canadamotorjobs.com\/fr\/wp-json\/wp\/v2\/types\/post"}],"author":[{"embeddable":true,"href":"https:\/\/news.canadamotorjobs.com\/fr\/wp-json\/wp\/v2\/users\/8"}],"replies":[{"embeddable":true,"href":"https:\/\/news.canadamotorjobs.com\/fr\/wp-json\/wp\/v2\/comments?post=148007"}],"version-history":[{"count":2,"href":"https:\/\/news.canadamotorjobs.com\/fr\/wp-json\/wp\/v2\/posts\/148007\/revisions"}],"predecessor-version":[{"id":148011,"href":"https:\/\/news.canadamotorjobs.com\/fr\/wp-json\/wp\/v2\/posts\/148007\/revisions\/148011"}],"wp:featuredmedia":[{"embeddable":true,"href":"https:\/\/news.canadamotorjobs.com\/fr\/wp-json\/wp\/v2\/media\/148009"}],"wp:attachment":[{"href":"https:\/\/news.canadamotorjobs.com\/fr\/wp-json\/wp\/v2\/media?parent=148007"}],"wp:term":[{"taxonomy":"category","embeddable":true,"href":"https:\/\/news.canadamotorjobs.com\/fr\/wp-json\/wp\/v2\/categories?post=148007"},{"taxonomy":"post_tag","embeddable":true,"href":"https:\/\/news.canadamotorjobs.com\/fr\/wp-json\/wp\/v2\/tags?post=148007"}],"curies":[{"name":"wp","href":"https:\/\/api.w.org\/{rel}","templated":true}]}}