{"id":147988,"date":"2023-06-29T16:02:03","date_gmt":"2023-06-29T20:02:03","guid":{"rendered":"https:\/\/news.canadamotorjobs.com\/?p=147988"},"modified":"2023-06-29T16:15:31","modified_gmt":"2023-06-29T20:15:31","slug":"le-groupe-volkswagen-en-pourparlers-avec-tesla-pour-adopter-les-connecteurs-nacs","status":"publish","type":"post","link":"https:\/\/news.canadamotorjobs.com\/fr\/le-groupe-volkswagen-en-pourparlers-avec-tesla-pour-adopter-les-connecteurs-nacs\/","title":{"rendered":"Le groupe Volkswagen en pourparlers avec Tesla pour adopter les connecteurs NACS"},"content":{"rendered":"<\/p>\n<p>Au tour de Volkswagen de regarder du c\u00f4t\u00e9 de Tesla pour partager sa technologie de charge. Cette nouvelle arrive au m\u00eame moment qu&#8217;Electrify Canada, fond\u00e9e par Volkswagen, a annonc\u00e9 l&#8217;adoption du NACS.<\/p>\n<h3>Tout le monde se converti<\/h3>\n<p>\nElon Musk a raison d\u2019avoir le sourire en ce moment. L\u2019homme que l\u2019on qualifiait d\u2019un peu cingl\u00e9 il y a 10 ans de mettre sur pied un tel r\u00e9seau avant de vendre des voitures est en train de gagner son pari. Ford a \u00e9t\u00e9 le premier \u00e0 sauter le pas, suivi de peu par GM et Rivian. Volvo et Polestar, qui appartiennent \u00e0 la soci\u00e9t\u00e9 chinoise Geely, ont \u00e9galement suivi cette semaine. Stellantis est en r\u00e9flexion et voici maintenant Volkswagen, avec toutes ses filiales<\/p>\n<h3>Electrify America a d\u00e9j\u00e0 dit oui<\/h3>\n<p>\nPlus t\u00f4t dans la journ\u00e9e, Electrify America, un op\u00e9rateur de stations de recharge fond\u00e9 par Volkswagen (et sa division canadienne Electrify Canada) dans le cadre du r\u00e8glement de l&#8217;affaire du Dieselgate, a confirm\u00e9 qu&#8217;il produirait des stations avec des connecteurs NACS. C&#8217;\u00e9tait un bon signe pour le groupe Volkswagen d&#8217;\u00eatre le premier constructeur automobile allemand \u00e0 adopter la norme en Am\u00e9rique du Nord. Le groupe Volkswagen et ses marques \u00e9valuent actuellement la mise en \u0153uvre de la norme de recharge nord-am\u00e9ricaine de Tesla (NACS) pour ses clients nord-am\u00e9ricains. Le groupe a sp\u00e9cifiquement mentionn\u00e9 ses &#8220;marques&#8221;, ce qui pourrait signifier que toutes les marques VW, Audi et Porsche pourraient l&#8217;adopter simultan\u00e9ment.<\/p>\n<h3>Une entente importante<\/h3>\n<p>\nSi un accord intervient, cela serait probablement le coup de gr\u00e2ce pour le CCS en Am\u00e9rique du Nord. BMW et Mercedes-Benz suivraient rapidement. Il ne manquerait plus que les marques japonaises et cor\u00e9ennes suivent, \u00e0 savoir Toyota, Nissan et Hyundai\/Kia pour que la norme NACS. D\u2019ailleurs la SAE International tente de valider la norme NACS comme seule norme nord-am\u00e9ricaine.<\/p>\n<p>Avec des renseignements de Reuters<\/p>\n<p>Le texte <a rel=\"nofollow\" href=\"https:\/\/annuelauto.ca\/le-groupe-volkswagen-en-pourparlers-avec-tesla-pour-adopter-les-connecteurs-nacs\/\">Le groupe Volkswagen en pourparlers avec Tesla pour adopter les connecteurs NACS<\/a> provient de <a rel=\"nofollow\" href=\"https:\/\/annuelauto.ca\">L&#8217;annuel de l&#8217;automobile &#8211; Actualit\u00e9 automobile<\/a><\/p>\n<p><\/p>\n","protected":false},"excerpt":{"rendered":"<p>Au tour de Volkswagen de regarder du c\u00f4t\u00e9 de Tesla pour partager sa technologie de charge. Cette nouvelle arrive au m\u00eame moment qu&#8217;Electrify Canada, fond\u00e9e par Volkswagen, a annonc\u00e9 l&#8217;adoption du NACS. Tout le monde se converti Elon Musk a raison d\u2019avoir le sourire en ce moment. L\u2019homme que l\u2019on qualifiait d\u2019un peu cingl\u00e9 il [&hellip;]<\/p>\n","protected":false},"author":8,"featured_media":147990,"comment_status":"close","ping_status":"closed","sticky":false,"template":"","format":"standard","meta":{"_monsterinsights_skip_tracking":false,"_monsterinsights_sitenote_active":false,"_monsterinsights_sitenote_note":"","_monsterinsights_sitenote_category":0,"footnotes":""},"categories":[101],"tags":[],"yoast_head":"<!-- This site is optimized with the Yoast SEO plugin v23.2 - https:\/\/yoast.com\/wordpress\/plugins\/seo\/ -->\n<title>Le groupe Volkswagen en pourparlers avec Tesla pour adopter les connecteurs NACS - CanadaMotorJobs.com<\/title>\n<meta name=\"description\" content=\"Le groupe Volkswagen en pourparlers avec Tesla pour adopter les connecteurs NACS - Benoit Charette - Annuel automobile - CanadaMotorJobs.com.\" \/>\n<meta name=\"robots\" content=\"index, follow, max-snippet:-1, max-image-preview:large, max-video-preview:-1\" \/>\n<meta property=\"og:locale\" content=\"fr_CA\" \/>\n<meta property=\"og:type\" content=\"article\" \/>\n<meta property=\"og:title\" content=\"Le groupe Volkswagen en pourparlers avec Tesla pour adopter les connecteurs NACS - CanadaMotorJobs.com\" \/>\n<meta property=\"og:description\" content=\"Le groupe Volkswagen en pourparlers avec Tesla pour adopter les connecteurs NACS - Benoit Charette - Annuel automobile - CanadaMotorJobs.com.\" \/>\n<meta property=\"og:url\" content=\"https:\/\/news.canadamotorjobs.com\/fr\/le-groupe-volkswagen-en-pourparlers-avec-tesla-pour-adopter-les-connecteurs-nacs\/\" \/>\n<meta property=\"og:site_name\" content=\"CanadaMotorJobs.com\" \/>\n<meta property=\"article:publisher\" content=\"https:\/\/www.facebook.com\/canadamotorjobs\/\" \/>\n<meta property=\"article:published_time\" content=\"2023-06-29T20:02:03+00:00\" \/>\n<meta property=\"article:modified_time\" content=\"2023-06-29T20:15:31+00:00\" \/>\n<meta property=\"og:image\" content=\"https:\/\/news.canadamotorjobs.com\/wp-content\/uploads\/2023\/06\/brand-logos.jpg\" \/>\n\t<meta property=\"og:image:width\" content=\"800\" \/>\n\t<meta property=\"og:image:height\" content=\"450\" \/>\n\t<meta property=\"og:image:type\" content=\"image\/jpeg\" \/>\n<meta name=\"author\" content=\"Benoit Charette\" \/>\n<meta name=\"twitter:card\" content=\"summary_large_image\" \/>\n<meta name=\"twitter:creator\" content=\"@canadamotorjobs\" \/>\n<meta name=\"twitter:site\" content=\"@canadamotorjobs\" \/>\n<meta name=\"twitter:label1\" content=\"\u00c9crit par\" \/>\n\t<meta name=\"twitter:data1\" content=\"Benoit Charette\" \/>\n\t<meta name=\"twitter:label2\" content=\"Estimation du temps de lecture\" \/>\n\t<meta name=\"twitter:data2\" content=\"2 minutes\" \/>\n<!-- \/ Yoast SEO plugin. -->","yoast_head_json":{"title":"Le groupe Volkswagen en pourparlers avec Tesla pour adopter les connecteurs NACS - CanadaMotorJobs.com","description":"Le groupe Volkswagen en pourparlers avec Tesla pour adopter les connecteurs NACS - Benoit Charette - Annuel automobile - CanadaMotorJobs.com.","robots":{"index":"index","follow":"follow","max-snippet":"max-snippet:-1","max-image-preview":"max-image-preview:large","max-video-preview":"max-video-preview:-1"},"og_locale":"fr_CA","og_type":"article","og_title":"Le groupe Volkswagen en pourparlers avec Tesla pour adopter les connecteurs NACS - CanadaMotorJobs.com","og_description":"Le groupe Volkswagen en pourparlers avec Tesla pour adopter les connecteurs NACS - Benoit Charette - Annuel automobile - CanadaMotorJobs.com.","og_url":"https:\/\/news.canadamotorjobs.com\/fr\/le-groupe-volkswagen-en-pourparlers-avec-tesla-pour-adopter-les-connecteurs-nacs\/","og_site_name":"CanadaMotorJobs.com","article_publisher":"https:\/\/www.facebook.com\/canadamotorjobs\/","article_published_time":"2023-06-29T20:02:03+00:00","article_modified_time":"2023-06-29T20:15:31+00:00","og_image":[{"width":800,"height":450,"url":"https:\/\/news.canadamotorjobs.com\/wp-content\/uploads\/2023\/06\/brand-logos.jpg","type":"image\/jpeg"}],"author":"Benoit Charette","twitter_card":"summary_large_image","twitter_creator":"@canadamotorjobs","twitter_site":"@canadamotorjobs","twitter_misc":{"\u00c9crit par":"Benoit Charette","Estimation du temps de lecture":"2 minutes"},"schema":{"@context":"https:\/\/schema.org","@graph":[{"@type":"Article","@id":"https:\/\/news.canadamotorjobs.com\/fr\/le-groupe-volkswagen-en-pourparlers-avec-tesla-pour-adopter-les-connecteurs-nacs\/#article","isPartOf":{"@id":"https:\/\/news.canadamotorjobs.com\/fr\/le-groupe-volkswagen-en-pourparlers-avec-tesla-pour-adopter-les-connecteurs-nacs\/"},"author":{"name":"Benoit Charette","@id":"https:\/\/news.canadamotorjobs.com\/#\/schema\/person\/51793d1f87d44011d7bcc2ed99269a90"},"headline":"Le groupe Volkswagen en pourparlers avec Tesla pour adopter les connecteurs NACS","datePublished":"2023-06-29T20:02:03+00:00","dateModified":"2023-06-29T20:15:31+00:00","mainEntityOfPage":{"@id":"https:\/\/news.canadamotorjobs.com\/fr\/le-groupe-volkswagen-en-pourparlers-avec-tesla-pour-adopter-les-connecteurs-nacs\/"},"wordCount":367,"publisher":{"@id":"https:\/\/news.canadamotorjobs.com\/#organization"},"image":{"@id":"https:\/\/news.canadamotorjobs.com\/fr\/le-groupe-volkswagen-en-pourparlers-avec-tesla-pour-adopter-les-connecteurs-nacs\/#primaryimage"},"thumbnailUrl":"https:\/\/news.canadamotorjobs.com\/wp-content\/uploads\/2023\/06\/brand-logos.jpg","articleSection":["Annuel automobile"],"inLanguage":"fr-CA"},{"@type":"WebPage","@id":"https:\/\/news.canadamotorjobs.com\/fr\/le-groupe-volkswagen-en-pourparlers-avec-tesla-pour-adopter-les-connecteurs-nacs\/","url":"https:\/\/news.canadamotorjobs.com\/fr\/le-groupe-volkswagen-en-pourparlers-avec-tesla-pour-adopter-les-connecteurs-nacs\/","name":"Le groupe Volkswagen en pourparlers avec Tesla pour adopter les connecteurs NACS - CanadaMotorJobs.com","isPartOf":{"@id":"https:\/\/news.canadamotorjobs.com\/#website"},"primaryImageOfPage":{"@id":"https:\/\/news.canadamotorjobs.com\/fr\/le-groupe-volkswagen-en-pourparlers-avec-tesla-pour-adopter-les-connecteurs-nacs\/#primaryimage"},"image":{"@id":"https:\/\/news.canadamotorjobs.com\/fr\/le-groupe-volkswagen-en-pourparlers-avec-tesla-pour-adopter-les-connecteurs-nacs\/#primaryimage"},"thumbnailUrl":"https:\/\/news.canadamotorjobs.com\/wp-content\/uploads\/2023\/06\/brand-logos.jpg","datePublished":"2023-06-29T20:02:03+00:00","dateModified":"2023-06-29T20:15:31+00:00","description":"Le groupe Volkswagen en pourparlers avec Tesla pour adopter les connecteurs NACS - Benoit Charette - Annuel automobile - CanadaMotorJobs.com.","breadcrumb":{"@id":"https:\/\/news.canadamotorjobs.com\/fr\/le-groupe-volkswagen-en-pourparlers-avec-tesla-pour-adopter-les-connecteurs-nacs\/#breadcrumb"},"inLanguage":"fr-CA","potentialAction":[{"@type":"ReadAction","target":["https:\/\/news.canadamotorjobs.com\/fr\/le-groupe-volkswagen-en-pourparlers-avec-tesla-pour-adopter-les-connecteurs-nacs\/"]}]},{"@type":"ImageObject","inLanguage":"fr-CA","@id":"https:\/\/news.canadamotorjobs.com\/fr\/le-groupe-volkswagen-en-pourparlers-avec-tesla-pour-adopter-les-connecteurs-nacs\/#primaryimage","url":"https:\/\/news.canadamotorjobs.com\/wp-content\/uploads\/2023\/06\/brand-logos.jpg","contentUrl":"https:\/\/news.canadamotorjobs.com\/wp-content\/uploads\/2023\/06\/brand-logos.jpg","width":800,"height":450},{"@type":"BreadcrumbList","@id":"https:\/\/news.canadamotorjobs.com\/fr\/le-groupe-volkswagen-en-pourparlers-avec-tesla-pour-adopter-les-connecteurs-nacs\/#breadcrumb","itemListElement":[{"@type":"ListItem","position":1,"name":"Home","item":"https:\/\/news.canadamotorjobs.com\/fr\/blog\/"},{"@type":"ListItem","position":2,"name":"Le groupe Volkswagen en pourparlers avec Tesla pour adopter les connecteurs NACS"}]},{"@type":"WebSite","@id":"https:\/\/news.canadamotorjobs.com\/#website","url":"https:\/\/news.canadamotorjobs.com\/","name":"CanadaMotorJobs.com","description":"Automotive Jobs","publisher":{"@id":"https:\/\/news.canadamotorjobs.com\/#organization"},"potentialAction":[{"@type":"SearchAction","target":{"@type":"EntryPoint","urlTemplate":"https:\/\/news.canadamotorjobs.com\/?s={search_term_string}"},"query-input":"required name=search_term_string"}],"inLanguage":"fr-CA"},{"@type":"Organization","@id":"https:\/\/news.canadamotorjobs.com\/#organization","name":"Canada Motor Jobs","url":"https:\/\/news.canadamotorjobs.com\/","logo":{"@type":"ImageObject","inLanguage":"fr-CA","@id":"https:\/\/news.canadamotorjobs.com\/#\/schema\/logo\/image\/","url":"https:\/\/news.canadamotorjobs.com\/wp-content\/uploads\/2022\/10\/logo-canada-motor-jobs-1.png","contentUrl":"https:\/\/news.canadamotorjobs.com\/wp-content\/uploads\/2022\/10\/logo-canada-motor-jobs-1.png","width":800,"height":400,"caption":"Canada Motor Jobs"},"image":{"@id":"https:\/\/news.canadamotorjobs.com\/#\/schema\/logo\/image\/"},"sameAs":["https:\/\/www.facebook.com\/canadamotorjobs\/","https:\/\/x.com\/canadamotorjobs","https:\/\/www.instagram.com\/canadamotorjobs\/","https:\/\/www.linkedin.com\/company\/canadamotorjobs"]},{"@type":"Person","@id":"https:\/\/news.canadamotorjobs.com\/#\/schema\/person\/51793d1f87d44011d7bcc2ed99269a90","name":"Benoit Charette","image":{"@type":"ImageObject","inLanguage":"fr-CA","@id":"https:\/\/news.canadamotorjobs.com\/#\/schema\/person\/image\/","url":"https:\/\/secure.gravatar.com\/avatar\/45f3d2eebcccd909668d7ce7ea7267b6?s=96&d=mm&r=g","contentUrl":"https:\/\/secure.gravatar.com\/avatar\/45f3d2eebcccd909668d7ce7ea7267b6?s=96&d=mm&r=g","caption":"Benoit Charette"},"description":"Benoit Charette \/ Propri\u00e9taire et r\u00e9dacteur en chef Benoit Charette pratique le journalisme automobile depuis bient\u00f4t 30 ans. Il a fait ses classes au c\u00f4t\u00e9 de Daniel H\u00e9raud et au Carnet de route de 1992 \u00e0 2001. Il est fondateur, copropri\u00e9taire et r\u00e9dacteur en chef de L\u2019Annuel de l\u2019automobile, qu\u2019il publie depuis 2001. Il a anim\u00e9 les \u00e9missions RPM et RPM+ sur V et les L\u00e9gendes de la route sur Historia. \u00c0 la radio depuis 1986, il reprend l\u2019antenne cette ann\u00e9e sur les ondes de Cogeco et participe pour la deuxi\u00e8me ann\u00e9e \u00e0 l\u2019\u00e9mission Passion Auto sur RDS en plus de mettre en ligne le site Web officiel de L\u2019Annuel de l\u2019automobile sur annuelauto.ca.","sameAs":["https:\/\/annuelauto.ca\/"],"url":"https:\/\/news.canadamotorjobs.com\/fr\/author\/benoit-charette\/"}]}},"_links":{"self":[{"href":"https:\/\/news.canadamotorjobs.com\/fr\/wp-json\/wp\/v2\/posts\/147988"}],"collection":[{"href":"https:\/\/news.canadamotorjobs.com\/fr\/wp-json\/wp\/v2\/posts"}],"about":[{"href":"https:\/\/news.canadamotorjobs.com\/fr\/wp-json\/wp\/v2\/types\/post"}],"author":[{"embeddable":true,"href":"https:\/\/news.canadamotorjobs.com\/fr\/wp-json\/wp\/v2\/users\/8"}],"replies":[{"embeddable":true,"href":"https:\/\/news.canadamotorjobs.com\/fr\/wp-json\/wp\/v2\/comments?post=147988"}],"version-history":[{"count":2,"href":"https:\/\/news.canadamotorjobs.com\/fr\/wp-json\/wp\/v2\/posts\/147988\/revisions"}],"predecessor-version":[{"id":147992,"href":"https:\/\/news.canadamotorjobs.com\/fr\/wp-json\/wp\/v2\/posts\/147988\/revisions\/147992"}],"wp:featuredmedia":[{"embeddable":true,"href":"https:\/\/news.canadamotorjobs.com\/fr\/wp-json\/wp\/v2\/media\/147990"}],"wp:attachment":[{"href":"https:\/\/news.canadamotorjobs.com\/fr\/wp-json\/wp\/v2\/media?parent=147988"}],"wp:term":[{"taxonomy":"category","embeddable":true,"href":"https:\/\/news.canadamotorjobs.com\/fr\/wp-json\/wp\/v2\/categories?post=147988"},{"taxonomy":"post_tag","embeddable":true,"href":"https:\/\/news.canadamotorjobs.com\/fr\/wp-json\/wp\/v2\/tags?post=147988"}],"curies":[{"name":"wp","href":"https:\/\/api.w.org\/{rel}","templated":true}]}}