{"id":147957,"date":"2023-06-29T10:27:36","date_gmt":"2023-06-29T14:27:36","guid":{"rendered":"https:\/\/news.canadamotorjobs.com\/?p=147957"},"modified":"2023-06-29T10:30:01","modified_gmt":"2023-06-29T14:30:01","slug":"le-premier-choix-au-repechage-de-la-lnh-connor-bedard-sassocie-a-hyundai","status":"publish","type":"post","link":"https:\/\/news.canadamotorjobs.com\/fr\/le-premier-choix-au-repechage-de-la-lnh-connor-bedard-sassocie-a-hyundai\/","title":{"rendered":"Le premier choix au rep\u00eachage de la LNH, Connor B\u00e9dard s\u2019associe \u00e0 Hyundai"},"content":{"rendered":"<\/p>\n<p>Hyundai Canada est heureuse d\u2019annoncer qu\u2019elle a sign\u00e9 une entente de partenariat avec Connor Bedard, le premier choix au rep\u00eachage de la ligue nationale de hockey en 2023. Bedard portera le chandail des Blackhawks de Chicago repr\u00e9sentera Hyundai Canada par le biais d\u2019apparitions publiques, de publications sur les r\u00e9seaux sociaux, de publicit\u00e9s et plus encore.<\/p>\n<h3>Hyundai impliqu\u00e9 dans la ligue nationale<\/h3>\n<p>\nL\u2019engagement de Hyundai envers les initiatives li\u00e9es au hockey a commenc\u00e9 il y a plus de dix ans avec\u00a0<em>Hyundai Hockey Helpers.<\/em>\u00a0En 2022, Hyundai Canada a port\u00e9 son investissement dans le hockey au plus haut niveau en devenant le partenaire officiel de l\u2019Association des joueurs de la Ligne nationale de hockey (AJLNH) et de la Ligue nationale de hockey (LNH\u00ae) au Canada gr\u00e2ce \u00e0 un accord sur plusieurs ann\u00e9es, qui est \u00e9galement le plus grand partenariat de l\u2019entreprise depuis sa cr\u00e9ation il y a 40 ans.<\/p>\n<p>L\u2019entente avec Connor Bedard marque une autre \u00e9tape importante li\u00e9e au hockey pour Hyundai Canada, alors que Bedard est lui-m\u00eame r\u00e9cemment entr\u00e9 dans l\u2019histoire du hockey. Plus t\u00f4t ce mois-ci, Bedard a remport\u00e9 les prix du meilleur espoir, du meilleur buteur et du joueur de l\u2019ann\u00e9e David Branch de la LCH. C\u2019est la premi\u00e8re fois qu\u2019un joueur remporte ces trois distinctions depuis que le prix du meilleur buteur a \u00e9t\u00e9 introduit en 1994. Aux\u00a0<em>NHL Awards<\/em>\u2122, Bedard a \u00e9galement \u00e9t\u00e9 nomm\u00e9 r\u00e9cipiendaire du prix d\u2019excellence E.J. McGuire.<\/p>\n<p>Source\u00a0: Hyundai<\/p>\n<p>Le texte <a rel=\"nofollow\" href=\"https:\/\/annuelauto.ca\/le-premier-choix-au-repechage-de-la-lnh-connor-bedard-sassocie-a-hyundai\/\">Le premier choix au rep\u00eachage de la LNH, Connor B\u00e9dard s\u2019associe \u00e0 Hyundai<\/a> provient de <a rel=\"nofollow\" href=\"https:\/\/annuelauto.ca\">L&#8217;annuel de l&#8217;automobile &#8211; Actualit\u00e9 automobile<\/a><\/p>\n<p><\/p>\n","protected":false},"excerpt":{"rendered":"<p>Hyundai Canada est heureuse d\u2019annoncer qu\u2019elle a sign\u00e9 une entente de partenariat avec Connor Bedard, le premier choix au rep\u00eachage de la ligue nationale de hockey en 2023. Bedard portera le chandail des Blackhawks de Chicago repr\u00e9sentera Hyundai Canada par le biais d\u2019apparitions publiques, de publications sur les r\u00e9seaux sociaux, de publicit\u00e9s et plus encore. [&hellip;]<\/p>\n","protected":false},"author":8,"featured_media":147959,"comment_status":"close","ping_status":"closed","sticky":false,"template":"","format":"standard","meta":{"_monsterinsights_skip_tracking":false,"_monsterinsights_sitenote_active":false,"_monsterinsights_sitenote_note":"","_monsterinsights_sitenote_category":0,"footnotes":""},"categories":[101],"tags":[],"yoast_head":"<!-- This site is optimized with the Yoast SEO plugin v23.2 - https:\/\/yoast.com\/wordpress\/plugins\/seo\/ -->\n<title>Le premier choix au rep\u00eachage de la LNH, Connor B\u00e9dard s\u2019associe \u00e0 Hyundai - CanadaMotorJobs.com<\/title>\n<meta name=\"description\" content=\"Le premier choix au rep\u00eachage de la LNH, Connor B\u00e9dard s\u2019associe \u00e0 Hyundai - Benoit Charette - Annuel automobile - CanadaMotorJobs.com.\" \/>\n<meta name=\"robots\" content=\"index, follow, max-snippet:-1, max-image-preview:large, max-video-preview:-1\" \/>\n<meta property=\"og:locale\" content=\"fr_CA\" \/>\n<meta property=\"og:type\" content=\"article\" \/>\n<meta property=\"og:title\" content=\"Le premier choix au rep\u00eachage de la LNH, Connor B\u00e9dard s\u2019associe \u00e0 Hyundai - CanadaMotorJobs.com\" \/>\n<meta property=\"og:description\" content=\"Le premier choix au rep\u00eachage de la LNH, Connor B\u00e9dard s\u2019associe \u00e0 Hyundai - Benoit Charette - Annuel automobile - CanadaMotorJobs.com.\" \/>\n<meta property=\"og:url\" content=\"https:\/\/news.canadamotorjobs.com\/fr\/le-premier-choix-au-repechage-de-la-lnh-connor-bedard-sassocie-a-hyundai\/\" \/>\n<meta property=\"og:site_name\" content=\"CanadaMotorJobs.com\" \/>\n<meta property=\"article:publisher\" content=\"https:\/\/www.facebook.com\/canadamotorjobs\/\" \/>\n<meta property=\"article:published_time\" content=\"2023-06-29T14:27:36+00:00\" \/>\n<meta property=\"article:modified_time\" content=\"2023-06-29T14:30:01+00:00\" \/>\n<meta property=\"og:image\" content=\"https:\/\/news.canadamotorjobs.com\/wp-content\/uploads\/2023\/06\/Large-53529-Next-generationhockeysuperstarConnorBedardsignswithHyundaiAutoCanada-scaled-1.jpg\" \/>\n\t<meta property=\"og:image:width\" content=\"2560\" \/>\n\t<meta property=\"og:image:height\" content=\"2280\" \/>\n\t<meta property=\"og:image:type\" content=\"image\/jpeg\" \/>\n<meta name=\"author\" content=\"Benoit Charette\" \/>\n<meta name=\"twitter:card\" content=\"summary_large_image\" \/>\n<meta name=\"twitter:creator\" content=\"@canadamotorjobs\" \/>\n<meta name=\"twitter:site\" content=\"@canadamotorjobs\" \/>\n<meta name=\"twitter:label1\" content=\"\u00c9crit par\" \/>\n\t<meta name=\"twitter:data1\" content=\"Benoit Charette\" \/>\n\t<meta name=\"twitter:label2\" content=\"Estimation du temps de lecture\" \/>\n\t<meta name=\"twitter:data2\" content=\"1 minute\" \/>\n<!-- \/ Yoast SEO plugin. -->","yoast_head_json":{"title":"Le premier choix au rep\u00eachage de la LNH, Connor B\u00e9dard s\u2019associe \u00e0 Hyundai - CanadaMotorJobs.com","description":"Le premier choix au rep\u00eachage de la LNH, Connor B\u00e9dard s\u2019associe \u00e0 Hyundai - Benoit Charette - Annuel automobile - CanadaMotorJobs.com.","robots":{"index":"index","follow":"follow","max-snippet":"max-snippet:-1","max-image-preview":"max-image-preview:large","max-video-preview":"max-video-preview:-1"},"og_locale":"fr_CA","og_type":"article","og_title":"Le premier choix au rep\u00eachage de la LNH, Connor B\u00e9dard s\u2019associe \u00e0 Hyundai - CanadaMotorJobs.com","og_description":"Le premier choix au rep\u00eachage de la LNH, Connor B\u00e9dard s\u2019associe \u00e0 Hyundai - Benoit Charette - Annuel automobile - CanadaMotorJobs.com.","og_url":"https:\/\/news.canadamotorjobs.com\/fr\/le-premier-choix-au-repechage-de-la-lnh-connor-bedard-sassocie-a-hyundai\/","og_site_name":"CanadaMotorJobs.com","article_publisher":"https:\/\/www.facebook.com\/canadamotorjobs\/","article_published_time":"2023-06-29T14:27:36+00:00","article_modified_time":"2023-06-29T14:30:01+00:00","og_image":[{"width":2560,"height":2280,"url":"https:\/\/news.canadamotorjobs.com\/wp-content\/uploads\/2023\/06\/Large-53529-Next-generationhockeysuperstarConnorBedardsignswithHyundaiAutoCanada-scaled-1.jpg","type":"image\/jpeg"}],"author":"Benoit Charette","twitter_card":"summary_large_image","twitter_creator":"@canadamotorjobs","twitter_site":"@canadamotorjobs","twitter_misc":{"\u00c9crit par":"Benoit Charette","Estimation du temps de lecture":"1 minute"},"schema":{"@context":"https:\/\/schema.org","@graph":[{"@type":"Article","@id":"https:\/\/news.canadamotorjobs.com\/fr\/le-premier-choix-au-repechage-de-la-lnh-connor-bedard-sassocie-a-hyundai\/#article","isPartOf":{"@id":"https:\/\/news.canadamotorjobs.com\/fr\/le-premier-choix-au-repechage-de-la-lnh-connor-bedard-sassocie-a-hyundai\/"},"author":{"name":"Benoit Charette","@id":"https:\/\/news.canadamotorjobs.com\/#\/schema\/person\/51793d1f87d44011d7bcc2ed99269a90"},"headline":"Le premier choix au rep\u00eachage de la LNH, Connor B\u00e9dard s\u2019associe \u00e0 Hyundai","datePublished":"2023-06-29T14:27:36+00:00","dateModified":"2023-06-29T14:30:01+00:00","mainEntityOfPage":{"@id":"https:\/\/news.canadamotorjobs.com\/fr\/le-premier-choix-au-repechage-de-la-lnh-connor-bedard-sassocie-a-hyundai\/"},"wordCount":301,"publisher":{"@id":"https:\/\/news.canadamotorjobs.com\/#organization"},"image":{"@id":"https:\/\/news.canadamotorjobs.com\/fr\/le-premier-choix-au-repechage-de-la-lnh-connor-bedard-sassocie-a-hyundai\/#primaryimage"},"thumbnailUrl":"https:\/\/news.canadamotorjobs.com\/wp-content\/uploads\/2023\/06\/Large-53529-Next-generationhockeysuperstarConnorBedardsignswithHyundaiAutoCanada-scaled-1.jpg","articleSection":["Annuel automobile"],"inLanguage":"fr-CA"},{"@type":"WebPage","@id":"https:\/\/news.canadamotorjobs.com\/fr\/le-premier-choix-au-repechage-de-la-lnh-connor-bedard-sassocie-a-hyundai\/","url":"https:\/\/news.canadamotorjobs.com\/fr\/le-premier-choix-au-repechage-de-la-lnh-connor-bedard-sassocie-a-hyundai\/","name":"Le premier choix au rep\u00eachage de la LNH, Connor B\u00e9dard s\u2019associe \u00e0 Hyundai - CanadaMotorJobs.com","isPartOf":{"@id":"https:\/\/news.canadamotorjobs.com\/#website"},"primaryImageOfPage":{"@id":"https:\/\/news.canadamotorjobs.com\/fr\/le-premier-choix-au-repechage-de-la-lnh-connor-bedard-sassocie-a-hyundai\/#primaryimage"},"image":{"@id":"https:\/\/news.canadamotorjobs.com\/fr\/le-premier-choix-au-repechage-de-la-lnh-connor-bedard-sassocie-a-hyundai\/#primaryimage"},"thumbnailUrl":"https:\/\/news.canadamotorjobs.com\/wp-content\/uploads\/2023\/06\/Large-53529-Next-generationhockeysuperstarConnorBedardsignswithHyundaiAutoCanada-scaled-1.jpg","datePublished":"2023-06-29T14:27:36+00:00","dateModified":"2023-06-29T14:30:01+00:00","description":"Le premier choix au rep\u00eachage de la LNH, Connor B\u00e9dard s\u2019associe \u00e0 Hyundai - Benoit Charette - Annuel automobile - CanadaMotorJobs.com.","breadcrumb":{"@id":"https:\/\/news.canadamotorjobs.com\/fr\/le-premier-choix-au-repechage-de-la-lnh-connor-bedard-sassocie-a-hyundai\/#breadcrumb"},"inLanguage":"fr-CA","potentialAction":[{"@type":"ReadAction","target":["https:\/\/news.canadamotorjobs.com\/fr\/le-premier-choix-au-repechage-de-la-lnh-connor-bedard-sassocie-a-hyundai\/"]}]},{"@type":"ImageObject","inLanguage":"fr-CA","@id":"https:\/\/news.canadamotorjobs.com\/fr\/le-premier-choix-au-repechage-de-la-lnh-connor-bedard-sassocie-a-hyundai\/#primaryimage","url":"https:\/\/news.canadamotorjobs.com\/wp-content\/uploads\/2023\/06\/Large-53529-Next-generationhockeysuperstarConnorBedardsignswithHyundaiAutoCanada-scaled-1.jpg","contentUrl":"https:\/\/news.canadamotorjobs.com\/wp-content\/uploads\/2023\/06\/Large-53529-Next-generationhockeysuperstarConnorBedardsignswithHyundaiAutoCanada-scaled-1.jpg","width":2560,"height":2280},{"@type":"BreadcrumbList","@id":"https:\/\/news.canadamotorjobs.com\/fr\/le-premier-choix-au-repechage-de-la-lnh-connor-bedard-sassocie-a-hyundai\/#breadcrumb","itemListElement":[{"@type":"ListItem","position":1,"name":"Home","item":"https:\/\/news.canadamotorjobs.com\/fr\/blog\/"},{"@type":"ListItem","position":2,"name":"Le premier choix au rep\u00eachage de la LNH, Connor B\u00e9dard s\u2019associe \u00e0 Hyundai"}]},{"@type":"WebSite","@id":"https:\/\/news.canadamotorjobs.com\/#website","url":"https:\/\/news.canadamotorjobs.com\/","name":"CanadaMotorJobs.com","description":"Automotive Jobs","publisher":{"@id":"https:\/\/news.canadamotorjobs.com\/#organization"},"potentialAction":[{"@type":"SearchAction","target":{"@type":"EntryPoint","urlTemplate":"https:\/\/news.canadamotorjobs.com\/?s={search_term_string}"},"query-input":"required name=search_term_string"}],"inLanguage":"fr-CA"},{"@type":"Organization","@id":"https:\/\/news.canadamotorjobs.com\/#organization","name":"Canada Motor Jobs","url":"https:\/\/news.canadamotorjobs.com\/","logo":{"@type":"ImageObject","inLanguage":"fr-CA","@id":"https:\/\/news.canadamotorjobs.com\/#\/schema\/logo\/image\/","url":"https:\/\/news.canadamotorjobs.com\/wp-content\/uploads\/2022\/10\/logo-canada-motor-jobs-1.png","contentUrl":"https:\/\/news.canadamotorjobs.com\/wp-content\/uploads\/2022\/10\/logo-canada-motor-jobs-1.png","width":800,"height":400,"caption":"Canada Motor Jobs"},"image":{"@id":"https:\/\/news.canadamotorjobs.com\/#\/schema\/logo\/image\/"},"sameAs":["https:\/\/www.facebook.com\/canadamotorjobs\/","https:\/\/x.com\/canadamotorjobs","https:\/\/www.instagram.com\/canadamotorjobs\/","https:\/\/www.linkedin.com\/company\/canadamotorjobs"]},{"@type":"Person","@id":"https:\/\/news.canadamotorjobs.com\/#\/schema\/person\/51793d1f87d44011d7bcc2ed99269a90","name":"Benoit Charette","image":{"@type":"ImageObject","inLanguage":"fr-CA","@id":"https:\/\/news.canadamotorjobs.com\/#\/schema\/person\/image\/","url":"https:\/\/secure.gravatar.com\/avatar\/45f3d2eebcccd909668d7ce7ea7267b6?s=96&d=mm&r=g","contentUrl":"https:\/\/secure.gravatar.com\/avatar\/45f3d2eebcccd909668d7ce7ea7267b6?s=96&d=mm&r=g","caption":"Benoit Charette"},"description":"Benoit Charette \/ Propri\u00e9taire et r\u00e9dacteur en chef Benoit Charette pratique le journalisme automobile depuis bient\u00f4t 30 ans. Il a fait ses classes au c\u00f4t\u00e9 de Daniel H\u00e9raud et au Carnet de route de 1992 \u00e0 2001. Il est fondateur, copropri\u00e9taire et r\u00e9dacteur en chef de L\u2019Annuel de l\u2019automobile, qu\u2019il publie depuis 2001. Il a anim\u00e9 les \u00e9missions RPM et RPM+ sur V et les L\u00e9gendes de la route sur Historia. \u00c0 la radio depuis 1986, il reprend l\u2019antenne cette ann\u00e9e sur les ondes de Cogeco et participe pour la deuxi\u00e8me ann\u00e9e \u00e0 l\u2019\u00e9mission Passion Auto sur RDS en plus de mettre en ligne le site Web officiel de L\u2019Annuel de l\u2019automobile sur annuelauto.ca.","sameAs":["https:\/\/annuelauto.ca\/"],"url":"https:\/\/news.canadamotorjobs.com\/fr\/author\/benoit-charette\/"}]}},"_links":{"self":[{"href":"https:\/\/news.canadamotorjobs.com\/fr\/wp-json\/wp\/v2\/posts\/147957"}],"collection":[{"href":"https:\/\/news.canadamotorjobs.com\/fr\/wp-json\/wp\/v2\/posts"}],"about":[{"href":"https:\/\/news.canadamotorjobs.com\/fr\/wp-json\/wp\/v2\/types\/post"}],"author":[{"embeddable":true,"href":"https:\/\/news.canadamotorjobs.com\/fr\/wp-json\/wp\/v2\/users\/8"}],"replies":[{"embeddable":true,"href":"https:\/\/news.canadamotorjobs.com\/fr\/wp-json\/wp\/v2\/comments?post=147957"}],"version-history":[{"count":2,"href":"https:\/\/news.canadamotorjobs.com\/fr\/wp-json\/wp\/v2\/posts\/147957\/revisions"}],"predecessor-version":[{"id":147961,"href":"https:\/\/news.canadamotorjobs.com\/fr\/wp-json\/wp\/v2\/posts\/147957\/revisions\/147961"}],"wp:featuredmedia":[{"embeddable":true,"href":"https:\/\/news.canadamotorjobs.com\/fr\/wp-json\/wp\/v2\/media\/147959"}],"wp:attachment":[{"href":"https:\/\/news.canadamotorjobs.com\/fr\/wp-json\/wp\/v2\/media?parent=147957"}],"wp:term":[{"taxonomy":"category","embeddable":true,"href":"https:\/\/news.canadamotorjobs.com\/fr\/wp-json\/wp\/v2\/categories?post=147957"},{"taxonomy":"post_tag","embeddable":true,"href":"https:\/\/news.canadamotorjobs.com\/fr\/wp-json\/wp\/v2\/tags?post=147957"}],"curies":[{"name":"wp","href":"https:\/\/api.w.org\/{rel}","templated":true}]}}