{"id":147911,"date":"2023-06-29T07:03:09","date_gmt":"2023-06-29T11:03:09","guid":{"rendered":"https:\/\/news.canadamotorjobs.com\/?p=147911"},"modified":"2023-06-29T07:03:44","modified_gmt":"2023-06-29T11:03:44","slug":"un-gmc-hummer-ev-version-militaire","status":"publish","type":"post","link":"https:\/\/news.canadamotorjobs.com\/fr\/un-gmc-hummer-ev-version-militaire\/","title":{"rendered":"Un GMC Hummer EV version militaire"},"content":{"rendered":"<\/p>\n<p>La division de la d\u00e9fense de General Motors travaille depuis un certain temps sur une version militaire de son GMC Hummer EV civil, et nous avons maintenant les premi\u00e8res images du camion ainsi que de quelques sp\u00e9cifications de base.<\/p>\n<h3>Bas\u00e9 sur le m\u00eame ch\u00e2ssis<\/h3>\n<p>\nLe &#8220;Electric Military Concept Vehicle&#8221; est en fait un GMC Hummer \u00e9lectrique d\u00e9pouill\u00e9, avec diverses modifications destin\u00e9es \u00e0 l&#8217;arm\u00e9e. Un porte-parole de GM Defense a d\u00e9clar\u00e9 que l&#8217;EMCV avait &#8220;le m\u00eame ch\u00e2ssis et le m\u00eame syst\u00e8me de propulsion \u00e9lectrique que le GMC Hummer EV&#8221;. Cela signifie qu&#8217;il est \u00e9quip\u00e9 d&#8217;une \u00e9norme batterie de 212 kWh et d&#8217;une puissance de 1 000 chevaux. \u00c0 premi\u00e8re vue, l&#8217;EMCV pourrait \u00e9galement \u00eatre plus l\u00e9ger que le Hummer normal, gr\u00e2ce \u00e0 son habitacle d\u00e9pouill\u00e9 pour six passagers et \u00e0 son arceau de s\u00e9curit\u00e9 tubulaire. Parmi les autres modifications mat\u00e9rielles, citons &#8220;des amortisseurs Fox performants, des pneus de 37 pouces, des freins robustes et des angles d&#8217;approche et de d\u00e9part am\u00e9lior\u00e9s pour une meilleure mobilit\u00e9 en tout-terrain&#8221;. Quel monstre !<\/p>\n<h3>Le futur de l\u2019arm\u00e9e passe aussi par l\u2019\u00e9lectrique<\/h3>\n<p>\nNous savons que l&#8217;arm\u00e9e am\u00e9ricaine teste un Hummer EV civil depuis un certain temps, mais les d\u00e9tails sur la version militaris\u00e9e sont rares. L&#8217;arm\u00e9e est probablement int\u00e9ress\u00e9e non seulement par la capacit\u00e9 du v\u00e9hicule \u00e0 se d\u00e9placer rapidement et silencieusement dans une zone de combat &#8211; le camion est dot\u00e9 d&#8217;un mode &#8220;Silent Watch&#8221; et &#8220;Silent Drive&#8221; &#8211; mais aussi par la quantit\u00e9 d&#8217;\u00e9nergie stock\u00e9e dans sa batterie. Comme l&#8217;a soulign\u00e9 le porte-parole de GM, l&#8217;\u00e9norme batterie du Hummer &#8220;offre une puissance exportable substantielle pour les \u00e9quipements critiques&#8221;. Apr\u00e8s tout, de nombreux VE peuvent alimenter des maisons enti\u00e8res pendant plusieurs jours. Disposer d&#8217;une telle quantit\u00e9 d&#8217;\u00e9nergie sur le champ de bataille pourrait donc s&#8217;av\u00e9rer avantageux pour la logistique.<\/p>\n<h3>Le trajet inverse du Hummer original<\/h3>\n<p>\nAlors que le Hummer H1 \u00e9tait pass\u00e9 d\u2019un mod\u00e8le militaire \u00e0 un mode civil, il est tr\u00e8s peu probable que l&#8217;EMCV fasse le chemin inverse et va uniquement servir \u00e0 des fins militaires. La division d\u00e9fense de l&#8217;entreprise ne traite qu&#8217;avec le gouvernement. Le nouveau Suburban HD, par exemple, est vendu au D\u00e9partement d&#8217;\u00c9tat. Cela dit, si l&#8217;arm\u00e9e d\u00e9cide d&#8217;acheter des EMCV, gardez un \u0153il sur les ventes aux ench\u00e8res de surplus. Si le gouvernement est pr\u00eat \u00e0 vous vendre un transport amphibie LARC-LX, il y a fort \u00e0 parier que ces EMCV seront tr\u00e8s pris\u00e9s une fois qu&#8217;ils seront retir\u00e9s du service.<\/p>\n<p>Avec des renseignements de The Drive<\/p>\n<p>Le texte <a rel=\"nofollow\" href=\"https:\/\/annuelauto.ca\/un-gmc-hummer-ev-version-militaire\/\">Un GMC Hummer EV version militaire<\/a> provient de <a rel=\"nofollow\" href=\"https:\/\/annuelauto.ca\">L&#8217;annuel de l&#8217;automobile &#8211; Actualit\u00e9 automobile<\/a><\/p>\n<p><\/p>\n","protected":false},"excerpt":{"rendered":"<p>La division de la d\u00e9fense de General Motors travaille depuis un certain temps sur une version militaire de son GMC Hummer EV civil, et nous avons maintenant les premi\u00e8res images du camion ainsi que de quelques sp\u00e9cifications de base. Bas\u00e9 sur le m\u00eame ch\u00e2ssis Le &#8220;Electric Military Concept Vehicle&#8221; est en fait un GMC Hummer [&hellip;]<\/p>\n","protected":false},"author":8,"featured_media":147913,"comment_status":"close","ping_status":"closed","sticky":false,"template":"","format":"standard","meta":{"_monsterinsights_skip_tracking":false,"_monsterinsights_sitenote_active":false,"_monsterinsights_sitenote_note":"","_monsterinsights_sitenote_category":0,"footnotes":""},"categories":[101],"tags":[],"yoast_head":"<!-- This site is optimized with the Yoast SEO plugin v23.2 - https:\/\/yoast.com\/wordpress\/plugins\/seo\/ -->\n<title>Un GMC Hummer EV version militaire - CanadaMotorJobs.com<\/title>\n<meta name=\"description\" content=\"Un GMC Hummer EV version militaire - Benoit Charette - Annuel automobile - CanadaMotorJobs.com.\" \/>\n<meta name=\"robots\" content=\"index, follow, max-snippet:-1, max-image-preview:large, max-video-preview:-1\" \/>\n<meta property=\"og:locale\" content=\"fr_CA\" \/>\n<meta property=\"og:type\" content=\"article\" \/>\n<meta property=\"og:title\" content=\"Un GMC Hummer EV version militaire - CanadaMotorJobs.com\" \/>\n<meta property=\"og:description\" content=\"Un GMC Hummer EV version militaire - Benoit Charette - Annuel automobile - CanadaMotorJobs.com.\" \/>\n<meta property=\"og:url\" content=\"https:\/\/news.canadamotorjobs.com\/fr\/un-gmc-hummer-ev-version-militaire\/\" \/>\n<meta property=\"og:site_name\" content=\"CanadaMotorJobs.com\" \/>\n<meta property=\"article:publisher\" content=\"https:\/\/www.facebook.com\/canadamotorjobs\/\" \/>\n<meta property=\"article:published_time\" content=\"2023-06-29T11:03:09+00:00\" \/>\n<meta property=\"article:modified_time\" content=\"2023-06-29T11:03:44+00:00\" \/>\n<meta property=\"og:image\" content=\"https:\/\/news.canadamotorjobs.com\/wp-content\/uploads\/2023\/06\/GM-Defense-has-brought-forward-capabilities-from-its-commercial-operations-for-the-Armys-Infantry-Squad-Vehicle.jpg\" \/>\n\t<meta property=\"og:image:width\" content=\"1200\" \/>\n\t<meta property=\"og:image:height\" content=\"750\" \/>\n\t<meta property=\"og:image:type\" content=\"image\/jpeg\" \/>\n<meta name=\"author\" content=\"Benoit Charette\" \/>\n<meta name=\"twitter:card\" content=\"summary_large_image\" \/>\n<meta name=\"twitter:creator\" content=\"@canadamotorjobs\" \/>\n<meta name=\"twitter:site\" content=\"@canadamotorjobs\" \/>\n<meta name=\"twitter:label1\" content=\"\u00c9crit par\" \/>\n\t<meta name=\"twitter:data1\" content=\"Benoit Charette\" \/>\n\t<meta name=\"twitter:label2\" content=\"Estimation du temps de lecture\" \/>\n\t<meta name=\"twitter:data2\" content=\"2 minutes\" \/>\n<!-- \/ Yoast SEO plugin. -->","yoast_head_json":{"title":"Un GMC Hummer EV version militaire - CanadaMotorJobs.com","description":"Un GMC Hummer EV version militaire - Benoit Charette - Annuel automobile - CanadaMotorJobs.com.","robots":{"index":"index","follow":"follow","max-snippet":"max-snippet:-1","max-image-preview":"max-image-preview:large","max-video-preview":"max-video-preview:-1"},"og_locale":"fr_CA","og_type":"article","og_title":"Un GMC Hummer EV version militaire - CanadaMotorJobs.com","og_description":"Un GMC Hummer EV version militaire - Benoit Charette - Annuel automobile - CanadaMotorJobs.com.","og_url":"https:\/\/news.canadamotorjobs.com\/fr\/un-gmc-hummer-ev-version-militaire\/","og_site_name":"CanadaMotorJobs.com","article_publisher":"https:\/\/www.facebook.com\/canadamotorjobs\/","article_published_time":"2023-06-29T11:03:09+00:00","article_modified_time":"2023-06-29T11:03:44+00:00","og_image":[{"width":1200,"height":750,"url":"https:\/\/news.canadamotorjobs.com\/wp-content\/uploads\/2023\/06\/GM-Defense-has-brought-forward-capabilities-from-its-commercial-operations-for-the-Armys-Infantry-Squad-Vehicle.jpg","type":"image\/jpeg"}],"author":"Benoit Charette","twitter_card":"summary_large_image","twitter_creator":"@canadamotorjobs","twitter_site":"@canadamotorjobs","twitter_misc":{"\u00c9crit par":"Benoit Charette","Estimation du temps de lecture":"2 minutes"},"schema":{"@context":"https:\/\/schema.org","@graph":[{"@type":"Article","@id":"https:\/\/news.canadamotorjobs.com\/fr\/un-gmc-hummer-ev-version-militaire\/#article","isPartOf":{"@id":"https:\/\/news.canadamotorjobs.com\/fr\/un-gmc-hummer-ev-version-militaire\/"},"author":{"name":"Benoit Charette","@id":"https:\/\/news.canadamotorjobs.com\/#\/schema\/person\/51793d1f87d44011d7bcc2ed99269a90"},"headline":"Un GMC Hummer EV version militaire","datePublished":"2023-06-29T11:03:09+00:00","dateModified":"2023-06-29T11:03:44+00:00","mainEntityOfPage":{"@id":"https:\/\/news.canadamotorjobs.com\/fr\/un-gmc-hummer-ev-version-militaire\/"},"wordCount":492,"publisher":{"@id":"https:\/\/news.canadamotorjobs.com\/#organization"},"image":{"@id":"https:\/\/news.canadamotorjobs.com\/fr\/un-gmc-hummer-ev-version-militaire\/#primaryimage"},"thumbnailUrl":"https:\/\/news.canadamotorjobs.com\/wp-content\/uploads\/2023\/06\/GM-Defense-has-brought-forward-capabilities-from-its-commercial-operations-for-the-Armys-Infantry-Squad-Vehicle.jpg","articleSection":["Annuel automobile"],"inLanguage":"fr-CA"},{"@type":"WebPage","@id":"https:\/\/news.canadamotorjobs.com\/fr\/un-gmc-hummer-ev-version-militaire\/","url":"https:\/\/news.canadamotorjobs.com\/fr\/un-gmc-hummer-ev-version-militaire\/","name":"Un GMC Hummer EV version militaire - CanadaMotorJobs.com","isPartOf":{"@id":"https:\/\/news.canadamotorjobs.com\/#website"},"primaryImageOfPage":{"@id":"https:\/\/news.canadamotorjobs.com\/fr\/un-gmc-hummer-ev-version-militaire\/#primaryimage"},"image":{"@id":"https:\/\/news.canadamotorjobs.com\/fr\/un-gmc-hummer-ev-version-militaire\/#primaryimage"},"thumbnailUrl":"https:\/\/news.canadamotorjobs.com\/wp-content\/uploads\/2023\/06\/GM-Defense-has-brought-forward-capabilities-from-its-commercial-operations-for-the-Armys-Infantry-Squad-Vehicle.jpg","datePublished":"2023-06-29T11:03:09+00:00","dateModified":"2023-06-29T11:03:44+00:00","description":"Un GMC Hummer EV version militaire - Benoit Charette - Annuel automobile - CanadaMotorJobs.com.","breadcrumb":{"@id":"https:\/\/news.canadamotorjobs.com\/fr\/un-gmc-hummer-ev-version-militaire\/#breadcrumb"},"inLanguage":"fr-CA","potentialAction":[{"@type":"ReadAction","target":["https:\/\/news.canadamotorjobs.com\/fr\/un-gmc-hummer-ev-version-militaire\/"]}]},{"@type":"ImageObject","inLanguage":"fr-CA","@id":"https:\/\/news.canadamotorjobs.com\/fr\/un-gmc-hummer-ev-version-militaire\/#primaryimage","url":"https:\/\/news.canadamotorjobs.com\/wp-content\/uploads\/2023\/06\/GM-Defense-has-brought-forward-capabilities-from-its-commercial-operations-for-the-Armys-Infantry-Squad-Vehicle.jpg","contentUrl":"https:\/\/news.canadamotorjobs.com\/wp-content\/uploads\/2023\/06\/GM-Defense-has-brought-forward-capabilities-from-its-commercial-operations-for-the-Armys-Infantry-Squad-Vehicle.jpg","width":1200,"height":750},{"@type":"BreadcrumbList","@id":"https:\/\/news.canadamotorjobs.com\/fr\/un-gmc-hummer-ev-version-militaire\/#breadcrumb","itemListElement":[{"@type":"ListItem","position":1,"name":"Home","item":"https:\/\/news.canadamotorjobs.com\/fr\/blog\/"},{"@type":"ListItem","position":2,"name":"Un GMC Hummer EV version militaire"}]},{"@type":"WebSite","@id":"https:\/\/news.canadamotorjobs.com\/#website","url":"https:\/\/news.canadamotorjobs.com\/","name":"CanadaMotorJobs.com","description":"Automotive Jobs","publisher":{"@id":"https:\/\/news.canadamotorjobs.com\/#organization"},"potentialAction":[{"@type":"SearchAction","target":{"@type":"EntryPoint","urlTemplate":"https:\/\/news.canadamotorjobs.com\/?s={search_term_string}"},"query-input":"required name=search_term_string"}],"inLanguage":"fr-CA"},{"@type":"Organization","@id":"https:\/\/news.canadamotorjobs.com\/#organization","name":"Canada Motor Jobs","url":"https:\/\/news.canadamotorjobs.com\/","logo":{"@type":"ImageObject","inLanguage":"fr-CA","@id":"https:\/\/news.canadamotorjobs.com\/#\/schema\/logo\/image\/","url":"https:\/\/news.canadamotorjobs.com\/wp-content\/uploads\/2022\/10\/logo-canada-motor-jobs-1.png","contentUrl":"https:\/\/news.canadamotorjobs.com\/wp-content\/uploads\/2022\/10\/logo-canada-motor-jobs-1.png","width":800,"height":400,"caption":"Canada Motor Jobs"},"image":{"@id":"https:\/\/news.canadamotorjobs.com\/#\/schema\/logo\/image\/"},"sameAs":["https:\/\/www.facebook.com\/canadamotorjobs\/","https:\/\/x.com\/canadamotorjobs","https:\/\/www.instagram.com\/canadamotorjobs\/","https:\/\/www.linkedin.com\/company\/canadamotorjobs"]},{"@type":"Person","@id":"https:\/\/news.canadamotorjobs.com\/#\/schema\/person\/51793d1f87d44011d7bcc2ed99269a90","name":"Benoit Charette","image":{"@type":"ImageObject","inLanguage":"fr-CA","@id":"https:\/\/news.canadamotorjobs.com\/#\/schema\/person\/image\/","url":"https:\/\/secure.gravatar.com\/avatar\/45f3d2eebcccd909668d7ce7ea7267b6?s=96&d=mm&r=g","contentUrl":"https:\/\/secure.gravatar.com\/avatar\/45f3d2eebcccd909668d7ce7ea7267b6?s=96&d=mm&r=g","caption":"Benoit Charette"},"description":"Benoit Charette \/ Propri\u00e9taire et r\u00e9dacteur en chef Benoit Charette pratique le journalisme automobile depuis bient\u00f4t 30 ans. Il a fait ses classes au c\u00f4t\u00e9 de Daniel H\u00e9raud et au Carnet de route de 1992 \u00e0 2001. Il est fondateur, copropri\u00e9taire et r\u00e9dacteur en chef de L\u2019Annuel de l\u2019automobile, qu\u2019il publie depuis 2001. Il a anim\u00e9 les \u00e9missions RPM et RPM+ sur V et les L\u00e9gendes de la route sur Historia. \u00c0 la radio depuis 1986, il reprend l\u2019antenne cette ann\u00e9e sur les ondes de Cogeco et participe pour la deuxi\u00e8me ann\u00e9e \u00e0 l\u2019\u00e9mission Passion Auto sur RDS en plus de mettre en ligne le site Web officiel de L\u2019Annuel de l\u2019automobile sur annuelauto.ca.","sameAs":["https:\/\/annuelauto.ca\/"],"url":"https:\/\/news.canadamotorjobs.com\/fr\/author\/benoit-charette\/"}]}},"_links":{"self":[{"href":"https:\/\/news.canadamotorjobs.com\/fr\/wp-json\/wp\/v2\/posts\/147911"}],"collection":[{"href":"https:\/\/news.canadamotorjobs.com\/fr\/wp-json\/wp\/v2\/posts"}],"about":[{"href":"https:\/\/news.canadamotorjobs.com\/fr\/wp-json\/wp\/v2\/types\/post"}],"author":[{"embeddable":true,"href":"https:\/\/news.canadamotorjobs.com\/fr\/wp-json\/wp\/v2\/users\/8"}],"replies":[{"embeddable":true,"href":"https:\/\/news.canadamotorjobs.com\/fr\/wp-json\/wp\/v2\/comments?post=147911"}],"version-history":[{"count":2,"href":"https:\/\/news.canadamotorjobs.com\/fr\/wp-json\/wp\/v2\/posts\/147911\/revisions"}],"predecessor-version":[{"id":147915,"href":"https:\/\/news.canadamotorjobs.com\/fr\/wp-json\/wp\/v2\/posts\/147911\/revisions\/147915"}],"wp:featuredmedia":[{"embeddable":true,"href":"https:\/\/news.canadamotorjobs.com\/fr\/wp-json\/wp\/v2\/media\/147913"}],"wp:attachment":[{"href":"https:\/\/news.canadamotorjobs.com\/fr\/wp-json\/wp\/v2\/media?parent=147911"}],"wp:term":[{"taxonomy":"category","embeddable":true,"href":"https:\/\/news.canadamotorjobs.com\/fr\/wp-json\/wp\/v2\/categories?post=147911"},{"taxonomy":"post_tag","embeddable":true,"href":"https:\/\/news.canadamotorjobs.com\/fr\/wp-json\/wp\/v2\/tags?post=147911"}],"curies":[{"name":"wp","href":"https:\/\/api.w.org\/{rel}","templated":true}]}}