{"id":147892,"date":"2023-06-28T09:48:56","date_gmt":"2023-06-28T13:48:56","guid":{"rendered":"https:\/\/news.canadamotorjobs.com\/?p=147892"},"modified":"2023-06-28T10:00:33","modified_gmt":"2023-06-28T14:00:33","slug":"bugatti-va-agrandir-son-siege-social-de-molsheim","status":"publish","type":"post","link":"https:\/\/news.canadamotorjobs.com\/fr\/bugatti-va-agrandir-son-siege-social-de-molsheim\/","title":{"rendered":"Bugatti va agrandir son si\u00e8ge social de Molsheim"},"content":{"rendered":"<\/p>\n<p>Bugatti a confirm\u00e9 son intention d&#8217;agrandir son si\u00e8ge social \u00e0 Molsheim, en France, dans le cadre d&#8217;un programme d&#8217;investissement qui, selon la soci\u00e9t\u00e9, &#8220;soutiendra le d\u00e9veloppement de nouveaux mod\u00e8les \u00e9lectrique&#8221;.<\/p>\n<h3>En collaboration avec Rimac<\/h3>\n<p>\nParmi les changements pr\u00e9vus sur le site figure la construction d&#8217;un nouveau b\u00e2timent de deux \u00e9tages adjacent \u00e0 l&#8217;Atelier existant, o\u00f9 la Bugatti Chiron est assembl\u00e9e. Ce b\u00e2timent, dont la construction est pr\u00e9vue pour le second semestre 2024, occupera 2120 m\u00e8tres carr\u00e9s et accueillera du nouveau personnel ainsi que d&#8217;autres projets de d\u00e9veloppement, notamment ce que Bugatti d\u00e9crit comme son premier mod\u00e8le &#8220;hypersportif&#8221; sous la propri\u00e9t\u00e9 de Rimac.<\/p>\n<h3>Un mod\u00e8le \u00e9lectrique plus puissant que la Chiron<\/h3>\n<p>\nLe nouveau mod\u00e8le Bugatti, d\u00e9j\u00e0 en cours de d\u00e9veloppement, devrait s&#8217;appuyer sur l&#8217;expertise de la soci\u00e9t\u00e9 m\u00e8re Rimac en mati\u00e8re de transmission \u00e9lectrique, avec des performances d&#8217;acc\u00e9l\u00e9ration sup\u00e9rieures \u00e0 celles de la Chiron Super Sport \u00e0 moteur \u00e0 essence W16 de 8,0 litres \u00e0 quatre turbocompresseurs d\u00e9veloppant 1 577\u00a0ch.<br \/>\nL&#8217;agrandissement des installations existantes permettra \u00e9galement de soutenir les programmes en cours, tels que la production de la Bolide et de la W16 Mistral, pr\u00e9cise Bugatti.<\/p>\n<h3>Terminer pour 2027<\/h3>\n<p>\n&#8220;La construction de ce nouveau b\u00e2timent sur notre site de Molsheim s&#8217;inscrit dans le cadre de l&#8217;expansion de la marque et des produits&#8221;, a d\u00e9clar\u00e9 Christophe Piochon, pr\u00e9sident de Bugatti. Bugatti a lanc\u00e9 une campagne de recrutement pour attirer de nouveaux employ\u00e9s. L&#8217;objectif est d&#8217;augmenter les effectifs de Molsheim de 50\u00a0% d&#8217;ici \u00e0 la fin de l&#8217;ann\u00e9e 2027.<\/p>\n<p>Le texte <a rel=\"nofollow\" href=\"https:\/\/annuelauto.ca\/bugatti-va-agrandir-son-siege-social-de-molsheim\/\">Bugatti va agrandir son si\u00e8ge social de Molsheim<\/a> provient de <a rel=\"nofollow\" href=\"https:\/\/annuelauto.ca\">L&#8217;annuel de l&#8217;automobile &#8211; Actualit\u00e9 automobile<\/a><\/p>\n<p><\/p>\n","protected":false},"excerpt":{"rendered":"<p>Bugatti a confirm\u00e9 son intention d&#8217;agrandir son si\u00e8ge social \u00e0 Molsheim, en France, dans le cadre d&#8217;un programme d&#8217;investissement qui, selon la soci\u00e9t\u00e9, &#8220;soutiendra le d\u00e9veloppement de nouveaux mod\u00e8les \u00e9lectrique&#8221;. En collaboration avec Rimac Parmi les changements pr\u00e9vus sur le site figure la construction d&#8217;un nouveau b\u00e2timent de deux \u00e9tages adjacent \u00e0 l&#8217;Atelier existant, o\u00f9 [&hellip;]<\/p>\n","protected":false},"author":8,"featured_media":147894,"comment_status":"close","ping_status":"closed","sticky":false,"template":"","format":"standard","meta":{"_monsterinsights_skip_tracking":false,"_monsterinsights_sitenote_active":false,"_monsterinsights_sitenote_note":"","_monsterinsights_sitenote_category":0,"footnotes":""},"categories":[101],"tags":[],"yoast_head":"<!-- This site is optimized with the Yoast SEO plugin v23.2 - https:\/\/yoast.com\/wordpress\/plugins\/seo\/ -->\n<title>Bugatti va agrandir son si\u00e8ge social de Molsheim - CanadaMotorJobs.com<\/title>\n<meta name=\"description\" content=\"Bugatti va agrandir son si\u00e8ge social de Molsheim - Benoit Charette - Annuel automobile - CanadaMotorJobs.com.\" \/>\n<meta name=\"robots\" content=\"index, follow, max-snippet:-1, max-image-preview:large, max-video-preview:-1\" \/>\n<meta property=\"og:locale\" content=\"fr_CA\" \/>\n<meta property=\"og:type\" content=\"article\" \/>\n<meta property=\"og:title\" content=\"Bugatti va agrandir son si\u00e8ge social de Molsheim - CanadaMotorJobs.com\" \/>\n<meta property=\"og:description\" content=\"Bugatti va agrandir son si\u00e8ge social de Molsheim - Benoit Charette - Annuel automobile - CanadaMotorJobs.com.\" \/>\n<meta property=\"og:url\" content=\"https:\/\/news.canadamotorjobs.com\/fr\/bugatti-va-agrandir-son-siege-social-de-molsheim\/\" \/>\n<meta property=\"og:site_name\" content=\"CanadaMotorJobs.com\" \/>\n<meta property=\"article:publisher\" content=\"https:\/\/www.facebook.com\/canadamotorjobs\/\" \/>\n<meta property=\"article:published_time\" content=\"2023-06-28T13:48:56+00:00\" \/>\n<meta property=\"article:modified_time\" content=\"2023-06-28T14:00:33+00:00\" \/>\n<meta property=\"og:image\" content=\"https:\/\/news.canadamotorjobs.com\/wp-content\/uploads\/2023\/06\/bugatti-molsheim-expansion.jpg\" \/>\n\t<meta property=\"og:image:width\" content=\"1024\" \/>\n\t<meta property=\"og:image:height\" content=\"680\" \/>\n\t<meta property=\"og:image:type\" content=\"image\/jpeg\" \/>\n<meta name=\"author\" content=\"Benoit Charette\" \/>\n<meta name=\"twitter:card\" content=\"summary_large_image\" \/>\n<meta name=\"twitter:creator\" content=\"@canadamotorjobs\" \/>\n<meta name=\"twitter:site\" content=\"@canadamotorjobs\" \/>\n<meta name=\"twitter:label1\" content=\"\u00c9crit par\" \/>\n\t<meta name=\"twitter:data1\" content=\"Benoit Charette\" \/>\n\t<meta name=\"twitter:label2\" content=\"Estimation du temps de lecture\" \/>\n\t<meta name=\"twitter:data2\" content=\"1 minute\" \/>\n<!-- \/ Yoast SEO plugin. -->","yoast_head_json":{"title":"Bugatti va agrandir son si\u00e8ge social de Molsheim - CanadaMotorJobs.com","description":"Bugatti va agrandir son si\u00e8ge social de Molsheim - Benoit Charette - Annuel automobile - CanadaMotorJobs.com.","robots":{"index":"index","follow":"follow","max-snippet":"max-snippet:-1","max-image-preview":"max-image-preview:large","max-video-preview":"max-video-preview:-1"},"og_locale":"fr_CA","og_type":"article","og_title":"Bugatti va agrandir son si\u00e8ge social de Molsheim - CanadaMotorJobs.com","og_description":"Bugatti va agrandir son si\u00e8ge social de Molsheim - Benoit Charette - Annuel automobile - CanadaMotorJobs.com.","og_url":"https:\/\/news.canadamotorjobs.com\/fr\/bugatti-va-agrandir-son-siege-social-de-molsheim\/","og_site_name":"CanadaMotorJobs.com","article_publisher":"https:\/\/www.facebook.com\/canadamotorjobs\/","article_published_time":"2023-06-28T13:48:56+00:00","article_modified_time":"2023-06-28T14:00:33+00:00","og_image":[{"width":1024,"height":680,"url":"https:\/\/news.canadamotorjobs.com\/wp-content\/uploads\/2023\/06\/bugatti-molsheim-expansion.jpg","type":"image\/jpeg"}],"author":"Benoit Charette","twitter_card":"summary_large_image","twitter_creator":"@canadamotorjobs","twitter_site":"@canadamotorjobs","twitter_misc":{"\u00c9crit par":"Benoit Charette","Estimation du temps de lecture":"1 minute"},"schema":{"@context":"https:\/\/schema.org","@graph":[{"@type":"Article","@id":"https:\/\/news.canadamotorjobs.com\/fr\/bugatti-va-agrandir-son-siege-social-de-molsheim\/#article","isPartOf":{"@id":"https:\/\/news.canadamotorjobs.com\/fr\/bugatti-va-agrandir-son-siege-social-de-molsheim\/"},"author":{"name":"Benoit Charette","@id":"https:\/\/news.canadamotorjobs.com\/#\/schema\/person\/51793d1f87d44011d7bcc2ed99269a90"},"headline":"Bugatti va agrandir son si\u00e8ge social de Molsheim","datePublished":"2023-06-28T13:48:56+00:00","dateModified":"2023-06-28T14:00:33+00:00","mainEntityOfPage":{"@id":"https:\/\/news.canadamotorjobs.com\/fr\/bugatti-va-agrandir-son-siege-social-de-molsheim\/"},"wordCount":310,"publisher":{"@id":"https:\/\/news.canadamotorjobs.com\/#organization"},"image":{"@id":"https:\/\/news.canadamotorjobs.com\/fr\/bugatti-va-agrandir-son-siege-social-de-molsheim\/#primaryimage"},"thumbnailUrl":"https:\/\/news.canadamotorjobs.com\/wp-content\/uploads\/2023\/06\/bugatti-molsheim-expansion.jpg","articleSection":["Annuel automobile"],"inLanguage":"fr-CA"},{"@type":"WebPage","@id":"https:\/\/news.canadamotorjobs.com\/fr\/bugatti-va-agrandir-son-siege-social-de-molsheim\/","url":"https:\/\/news.canadamotorjobs.com\/fr\/bugatti-va-agrandir-son-siege-social-de-molsheim\/","name":"Bugatti va agrandir son si\u00e8ge social de Molsheim - CanadaMotorJobs.com","isPartOf":{"@id":"https:\/\/news.canadamotorjobs.com\/#website"},"primaryImageOfPage":{"@id":"https:\/\/news.canadamotorjobs.com\/fr\/bugatti-va-agrandir-son-siege-social-de-molsheim\/#primaryimage"},"image":{"@id":"https:\/\/news.canadamotorjobs.com\/fr\/bugatti-va-agrandir-son-siege-social-de-molsheim\/#primaryimage"},"thumbnailUrl":"https:\/\/news.canadamotorjobs.com\/wp-content\/uploads\/2023\/06\/bugatti-molsheim-expansion.jpg","datePublished":"2023-06-28T13:48:56+00:00","dateModified":"2023-06-28T14:00:33+00:00","description":"Bugatti va agrandir son si\u00e8ge social de Molsheim - Benoit Charette - Annuel automobile - CanadaMotorJobs.com.","breadcrumb":{"@id":"https:\/\/news.canadamotorjobs.com\/fr\/bugatti-va-agrandir-son-siege-social-de-molsheim\/#breadcrumb"},"inLanguage":"fr-CA","potentialAction":[{"@type":"ReadAction","target":["https:\/\/news.canadamotorjobs.com\/fr\/bugatti-va-agrandir-son-siege-social-de-molsheim\/"]}]},{"@type":"ImageObject","inLanguage":"fr-CA","@id":"https:\/\/news.canadamotorjobs.com\/fr\/bugatti-va-agrandir-son-siege-social-de-molsheim\/#primaryimage","url":"https:\/\/news.canadamotorjobs.com\/wp-content\/uploads\/2023\/06\/bugatti-molsheim-expansion.jpg","contentUrl":"https:\/\/news.canadamotorjobs.com\/wp-content\/uploads\/2023\/06\/bugatti-molsheim-expansion.jpg","width":1024,"height":680},{"@type":"BreadcrumbList","@id":"https:\/\/news.canadamotorjobs.com\/fr\/bugatti-va-agrandir-son-siege-social-de-molsheim\/#breadcrumb","itemListElement":[{"@type":"ListItem","position":1,"name":"Home","item":"https:\/\/news.canadamotorjobs.com\/fr\/blog\/"},{"@type":"ListItem","position":2,"name":"Bugatti va agrandir son si\u00e8ge social de Molsheim"}]},{"@type":"WebSite","@id":"https:\/\/news.canadamotorjobs.com\/#website","url":"https:\/\/news.canadamotorjobs.com\/","name":"CanadaMotorJobs.com","description":"Automotive Jobs","publisher":{"@id":"https:\/\/news.canadamotorjobs.com\/#organization"},"potentialAction":[{"@type":"SearchAction","target":{"@type":"EntryPoint","urlTemplate":"https:\/\/news.canadamotorjobs.com\/?s={search_term_string}"},"query-input":"required name=search_term_string"}],"inLanguage":"fr-CA"},{"@type":"Organization","@id":"https:\/\/news.canadamotorjobs.com\/#organization","name":"Canada Motor Jobs","url":"https:\/\/news.canadamotorjobs.com\/","logo":{"@type":"ImageObject","inLanguage":"fr-CA","@id":"https:\/\/news.canadamotorjobs.com\/#\/schema\/logo\/image\/","url":"https:\/\/news.canadamotorjobs.com\/wp-content\/uploads\/2022\/10\/logo-canada-motor-jobs-1.png","contentUrl":"https:\/\/news.canadamotorjobs.com\/wp-content\/uploads\/2022\/10\/logo-canada-motor-jobs-1.png","width":800,"height":400,"caption":"Canada Motor Jobs"},"image":{"@id":"https:\/\/news.canadamotorjobs.com\/#\/schema\/logo\/image\/"},"sameAs":["https:\/\/www.facebook.com\/canadamotorjobs\/","https:\/\/x.com\/canadamotorjobs","https:\/\/www.instagram.com\/canadamotorjobs\/","https:\/\/www.linkedin.com\/company\/canadamotorjobs"]},{"@type":"Person","@id":"https:\/\/news.canadamotorjobs.com\/#\/schema\/person\/51793d1f87d44011d7bcc2ed99269a90","name":"Benoit Charette","image":{"@type":"ImageObject","inLanguage":"fr-CA","@id":"https:\/\/news.canadamotorjobs.com\/#\/schema\/person\/image\/","url":"https:\/\/secure.gravatar.com\/avatar\/45f3d2eebcccd909668d7ce7ea7267b6?s=96&d=mm&r=g","contentUrl":"https:\/\/secure.gravatar.com\/avatar\/45f3d2eebcccd909668d7ce7ea7267b6?s=96&d=mm&r=g","caption":"Benoit Charette"},"description":"Benoit Charette \/ Propri\u00e9taire et r\u00e9dacteur en chef Benoit Charette pratique le journalisme automobile depuis bient\u00f4t 30 ans. Il a fait ses classes au c\u00f4t\u00e9 de Daniel H\u00e9raud et au Carnet de route de 1992 \u00e0 2001. Il est fondateur, copropri\u00e9taire et r\u00e9dacteur en chef de L\u2019Annuel de l\u2019automobile, qu\u2019il publie depuis 2001. Il a anim\u00e9 les \u00e9missions RPM et RPM+ sur V et les L\u00e9gendes de la route sur Historia. \u00c0 la radio depuis 1986, il reprend l\u2019antenne cette ann\u00e9e sur les ondes de Cogeco et participe pour la deuxi\u00e8me ann\u00e9e \u00e0 l\u2019\u00e9mission Passion Auto sur RDS en plus de mettre en ligne le site Web officiel de L\u2019Annuel de l\u2019automobile sur annuelauto.ca.","sameAs":["https:\/\/annuelauto.ca\/"],"url":"https:\/\/news.canadamotorjobs.com\/fr\/author\/benoit-charette\/"}]}},"_links":{"self":[{"href":"https:\/\/news.canadamotorjobs.com\/fr\/wp-json\/wp\/v2\/posts\/147892"}],"collection":[{"href":"https:\/\/news.canadamotorjobs.com\/fr\/wp-json\/wp\/v2\/posts"}],"about":[{"href":"https:\/\/news.canadamotorjobs.com\/fr\/wp-json\/wp\/v2\/types\/post"}],"author":[{"embeddable":true,"href":"https:\/\/news.canadamotorjobs.com\/fr\/wp-json\/wp\/v2\/users\/8"}],"replies":[{"embeddable":true,"href":"https:\/\/news.canadamotorjobs.com\/fr\/wp-json\/wp\/v2\/comments?post=147892"}],"version-history":[{"count":2,"href":"https:\/\/news.canadamotorjobs.com\/fr\/wp-json\/wp\/v2\/posts\/147892\/revisions"}],"predecessor-version":[{"id":147896,"href":"https:\/\/news.canadamotorjobs.com\/fr\/wp-json\/wp\/v2\/posts\/147892\/revisions\/147896"}],"wp:featuredmedia":[{"embeddable":true,"href":"https:\/\/news.canadamotorjobs.com\/fr\/wp-json\/wp\/v2\/media\/147894"}],"wp:attachment":[{"href":"https:\/\/news.canadamotorjobs.com\/fr\/wp-json\/wp\/v2\/media?parent=147892"}],"wp:term":[{"taxonomy":"category","embeddable":true,"href":"https:\/\/news.canadamotorjobs.com\/fr\/wp-json\/wp\/v2\/categories?post=147892"},{"taxonomy":"post_tag","embeddable":true,"href":"https:\/\/news.canadamotorjobs.com\/fr\/wp-json\/wp\/v2\/tags?post=147892"}],"curies":[{"name":"wp","href":"https:\/\/api.w.org\/{rel}","templated":true}]}}