{"id":147806,"date":"2023-06-27T12:34:23","date_gmt":"2023-06-27T16:34:23","guid":{"rendered":"https:\/\/news.canadamotorjobs.com\/?p=147806"},"modified":"2023-06-27T12:47:38","modified_gmt":"2023-06-27T16:47:38","slug":"au-tour-de-volvo-de-se-joindre-a-la-norme-de-recharge-tesla","status":"publish","type":"post","link":"https:\/\/news.canadamotorjobs.com\/fr\/au-tour-de-volvo-de-se-joindre-a-la-norme-de-recharge-tesla\/","title":{"rendered":"Au tour de Volvo de se joindre \u00e0 la norme de recharge Tesla"},"content":{"rendered":"<\/p>\n<p>Apr\u00e8s Ford, GM et Rivian, Volvo devient le premier constructeur europ\u00e9en \u00e0 signer un accord avec Tesla, permettant aux conducteurs actuels et futurs de voitures \u00e9lectriques Volvo d&#8217;acc\u00e9der au vaste r\u00e9seau de Superchargeurs de Tesla aux \u00c9tats-Unis, au Canada et au Mexique.<\/p>\n<h3>Des prises NACS sur les Volvo en 2025<\/h3>\n<p>\nEn vertu de cet accord, les futures voitures Volvo, \u00e0 partir de 2025, seront \u00e9quip\u00e9es du port de charge North American Charging Standard (NACS) dans la r\u00e9gion. L&#8217;accord permet aux conducteurs de Volvo enti\u00e8rement \u00e9lectriques d&#8217;acc\u00e9der \u00e0 12 000 nouveaux points de charge rapide, un chiffre qui devrait augmenter \u00e0 mesure que Tesla continue d&#8217;\u00e9tendre son r\u00e9seau de Superchargeurs dans la r\u00e9gion.<\/p>\n<h3>Le choix du chargeur<\/h3>\n<p>\nLes conducteurs des futures voitures Volvo \u00e9quip\u00e9es du port de charge NACS qui souhaitent continuer \u00e0 charger dans le syst\u00e8me de charge combin\u00e9 (CCS) des chargeurs pourront continuer \u00e0 le faire avec un adaptateur fourni par Volvo Cars. Gr\u00e2ce \u00e0 l&#8217;application Volvo Cars, les conducteurs de voitures Volvo enti\u00e8rement \u00e9lectriques aux \u00c9tats-Unis et au Canada pourront trouver des dizaines de milliers de stations de recharge publiques, obtenir des informations en temps r\u00e9el sur la disponibilit\u00e9 des chargeurs et payer leur session de recharge par le biais d&#8217;une interface unique, ce qui facilitera la recharge d&#8217;une voiture Volvo.<\/p>\n<p>\u00a0<\/p>\n<p>Source\u00a0: Volvo<\/p>\n<p>Le texte <a rel=\"nofollow\" href=\"https:\/\/annuelauto.ca\/au-tour-de-volvo-de-se-joindre-a-la-norme-de-recharge-tesla\/\">Au tour de Volvo de se joindre \u00e0 la norme de recharge Tesla<\/a> provient de <a rel=\"nofollow\" href=\"https:\/\/annuelauto.ca\">L&#8217;annuel de l&#8217;automobile &#8211; Actualit\u00e9 automobile<\/a><\/p>\n<p><\/p>\n","protected":false},"excerpt":{"rendered":"<p>Apr\u00e8s Ford, GM et Rivian, Volvo devient le premier constructeur europ\u00e9en \u00e0 signer un accord avec Tesla, permettant aux conducteurs actuels et futurs de voitures \u00e9lectriques Volvo d&#8217;acc\u00e9der au vaste r\u00e9seau de Superchargeurs de Tesla aux \u00c9tats-Unis, au Canada et au Mexique. Des prises NACS sur les Volvo en 2025 En vertu de cet accord, [&hellip;]<\/p>\n","protected":false},"author":8,"featured_media":147808,"comment_status":"close","ping_status":"closed","sticky":false,"template":"","format":"standard","meta":{"_monsterinsights_skip_tracking":false,"_monsterinsights_sitenote_active":false,"_monsterinsights_sitenote_note":"","_monsterinsights_sitenote_category":0,"footnotes":""},"categories":[101],"tags":[],"yoast_head":"<!-- This site is optimized with the Yoast SEO plugin v23.2 - https:\/\/yoast.com\/wordpress\/plugins\/seo\/ -->\n<title>Au tour de Volvo de se joindre \u00e0 la norme de recharge Tesla - CanadaMotorJobs.com<\/title>\n<meta name=\"description\" content=\"Au tour de Volvo de se joindre \u00e0 la norme de recharge Tesla - Benoit Charette - Annuel automobile - CanadaMotorJobs.com.\" \/>\n<meta name=\"robots\" content=\"index, follow, max-snippet:-1, max-image-preview:large, max-video-preview:-1\" \/>\n<meta property=\"og:locale\" content=\"fr_CA\" \/>\n<meta property=\"og:type\" content=\"article\" \/>\n<meta property=\"og:title\" content=\"Au tour de Volvo de se joindre \u00e0 la norme de recharge Tesla - CanadaMotorJobs.com\" \/>\n<meta property=\"og:description\" content=\"Au tour de Volvo de se joindre \u00e0 la norme de recharge Tesla - Benoit Charette - Annuel automobile - CanadaMotorJobs.com.\" \/>\n<meta property=\"og:url\" content=\"https:\/\/news.canadamotorjobs.com\/fr\/au-tour-de-volvo-de-se-joindre-a-la-norme-de-recharge-tesla\/\" \/>\n<meta property=\"og:site_name\" content=\"CanadaMotorJobs.com\" \/>\n<meta property=\"article:publisher\" content=\"https:\/\/www.facebook.com\/canadamotorjobs\/\" \/>\n<meta property=\"article:published_time\" content=\"2023-06-27T16:34:23+00:00\" \/>\n<meta property=\"article:modified_time\" content=\"2023-06-27T16:47:38+00:00\" \/>\n<meta property=\"og:image\" content=\"https:\/\/news.canadamotorjobs.com\/wp-content\/uploads\/2023\/06\/volvo1-scaled-1.jpg\" \/>\n\t<meta property=\"og:image:width\" content=\"2560\" \/>\n\t<meta property=\"og:image:height\" content=\"1440\" \/>\n\t<meta property=\"og:image:type\" content=\"image\/jpeg\" \/>\n<meta name=\"author\" content=\"Benoit Charette\" \/>\n<meta name=\"twitter:card\" content=\"summary_large_image\" \/>\n<meta name=\"twitter:creator\" content=\"@canadamotorjobs\" \/>\n<meta name=\"twitter:site\" content=\"@canadamotorjobs\" \/>\n<meta name=\"twitter:label1\" content=\"\u00c9crit par\" \/>\n\t<meta name=\"twitter:data1\" content=\"Benoit Charette\" \/>\n\t<meta name=\"twitter:label2\" content=\"Estimation du temps de lecture\" \/>\n\t<meta name=\"twitter:data2\" content=\"1 minute\" \/>\n<!-- \/ Yoast SEO plugin. -->","yoast_head_json":{"title":"Au tour de Volvo de se joindre \u00e0 la norme de recharge Tesla - CanadaMotorJobs.com","description":"Au tour de Volvo de se joindre \u00e0 la norme de recharge Tesla - Benoit Charette - Annuel automobile - CanadaMotorJobs.com.","robots":{"index":"index","follow":"follow","max-snippet":"max-snippet:-1","max-image-preview":"max-image-preview:large","max-video-preview":"max-video-preview:-1"},"og_locale":"fr_CA","og_type":"article","og_title":"Au tour de Volvo de se joindre \u00e0 la norme de recharge Tesla - CanadaMotorJobs.com","og_description":"Au tour de Volvo de se joindre \u00e0 la norme de recharge Tesla - Benoit Charette - Annuel automobile - CanadaMotorJobs.com.","og_url":"https:\/\/news.canadamotorjobs.com\/fr\/au-tour-de-volvo-de-se-joindre-a-la-norme-de-recharge-tesla\/","og_site_name":"CanadaMotorJobs.com","article_publisher":"https:\/\/www.facebook.com\/canadamotorjobs\/","article_published_time":"2023-06-27T16:34:23+00:00","article_modified_time":"2023-06-27T16:47:38+00:00","og_image":[{"width":2560,"height":1440,"url":"https:\/\/news.canadamotorjobs.com\/wp-content\/uploads\/2023\/06\/volvo1-scaled-1.jpg","type":"image\/jpeg"}],"author":"Benoit Charette","twitter_card":"summary_large_image","twitter_creator":"@canadamotorjobs","twitter_site":"@canadamotorjobs","twitter_misc":{"\u00c9crit par":"Benoit Charette","Estimation du temps de lecture":"1 minute"},"schema":{"@context":"https:\/\/schema.org","@graph":[{"@type":"Article","@id":"https:\/\/news.canadamotorjobs.com\/fr\/au-tour-de-volvo-de-se-joindre-a-la-norme-de-recharge-tesla\/#article","isPartOf":{"@id":"https:\/\/news.canadamotorjobs.com\/fr\/au-tour-de-volvo-de-se-joindre-a-la-norme-de-recharge-tesla\/"},"author":{"name":"Benoit Charette","@id":"https:\/\/news.canadamotorjobs.com\/#\/schema\/person\/51793d1f87d44011d7bcc2ed99269a90"},"headline":"Au tour de Volvo de se joindre \u00e0 la norme de recharge Tesla","datePublished":"2023-06-27T16:34:23+00:00","dateModified":"2023-06-27T16:47:38+00:00","mainEntityOfPage":{"@id":"https:\/\/news.canadamotorjobs.com\/fr\/au-tour-de-volvo-de-se-joindre-a-la-norme-de-recharge-tesla\/"},"wordCount":261,"publisher":{"@id":"https:\/\/news.canadamotorjobs.com\/#organization"},"image":{"@id":"https:\/\/news.canadamotorjobs.com\/fr\/au-tour-de-volvo-de-se-joindre-a-la-norme-de-recharge-tesla\/#primaryimage"},"thumbnailUrl":"https:\/\/news.canadamotorjobs.com\/wp-content\/uploads\/2023\/06\/volvo1-scaled-1.jpg","articleSection":["Annuel automobile"],"inLanguage":"fr-CA"},{"@type":"WebPage","@id":"https:\/\/news.canadamotorjobs.com\/fr\/au-tour-de-volvo-de-se-joindre-a-la-norme-de-recharge-tesla\/","url":"https:\/\/news.canadamotorjobs.com\/fr\/au-tour-de-volvo-de-se-joindre-a-la-norme-de-recharge-tesla\/","name":"Au tour de Volvo de se joindre \u00e0 la norme de recharge Tesla - CanadaMotorJobs.com","isPartOf":{"@id":"https:\/\/news.canadamotorjobs.com\/#website"},"primaryImageOfPage":{"@id":"https:\/\/news.canadamotorjobs.com\/fr\/au-tour-de-volvo-de-se-joindre-a-la-norme-de-recharge-tesla\/#primaryimage"},"image":{"@id":"https:\/\/news.canadamotorjobs.com\/fr\/au-tour-de-volvo-de-se-joindre-a-la-norme-de-recharge-tesla\/#primaryimage"},"thumbnailUrl":"https:\/\/news.canadamotorjobs.com\/wp-content\/uploads\/2023\/06\/volvo1-scaled-1.jpg","datePublished":"2023-06-27T16:34:23+00:00","dateModified":"2023-06-27T16:47:38+00:00","description":"Au tour de Volvo de se joindre \u00e0 la norme de recharge Tesla - Benoit Charette - Annuel automobile - CanadaMotorJobs.com.","breadcrumb":{"@id":"https:\/\/news.canadamotorjobs.com\/fr\/au-tour-de-volvo-de-se-joindre-a-la-norme-de-recharge-tesla\/#breadcrumb"},"inLanguage":"fr-CA","potentialAction":[{"@type":"ReadAction","target":["https:\/\/news.canadamotorjobs.com\/fr\/au-tour-de-volvo-de-se-joindre-a-la-norme-de-recharge-tesla\/"]}]},{"@type":"ImageObject","inLanguage":"fr-CA","@id":"https:\/\/news.canadamotorjobs.com\/fr\/au-tour-de-volvo-de-se-joindre-a-la-norme-de-recharge-tesla\/#primaryimage","url":"https:\/\/news.canadamotorjobs.com\/wp-content\/uploads\/2023\/06\/volvo1-scaled-1.jpg","contentUrl":"https:\/\/news.canadamotorjobs.com\/wp-content\/uploads\/2023\/06\/volvo1-scaled-1.jpg","width":2560,"height":1440},{"@type":"BreadcrumbList","@id":"https:\/\/news.canadamotorjobs.com\/fr\/au-tour-de-volvo-de-se-joindre-a-la-norme-de-recharge-tesla\/#breadcrumb","itemListElement":[{"@type":"ListItem","position":1,"name":"Home","item":"https:\/\/news.canadamotorjobs.com\/fr\/blog\/"},{"@type":"ListItem","position":2,"name":"Au tour de Volvo de se joindre \u00e0 la norme de recharge Tesla"}]},{"@type":"WebSite","@id":"https:\/\/news.canadamotorjobs.com\/#website","url":"https:\/\/news.canadamotorjobs.com\/","name":"CanadaMotorJobs.com","description":"Automotive Jobs","publisher":{"@id":"https:\/\/news.canadamotorjobs.com\/#organization"},"potentialAction":[{"@type":"SearchAction","target":{"@type":"EntryPoint","urlTemplate":"https:\/\/news.canadamotorjobs.com\/?s={search_term_string}"},"query-input":"required name=search_term_string"}],"inLanguage":"fr-CA"},{"@type":"Organization","@id":"https:\/\/news.canadamotorjobs.com\/#organization","name":"Canada Motor Jobs","url":"https:\/\/news.canadamotorjobs.com\/","logo":{"@type":"ImageObject","inLanguage":"fr-CA","@id":"https:\/\/news.canadamotorjobs.com\/#\/schema\/logo\/image\/","url":"https:\/\/news.canadamotorjobs.com\/wp-content\/uploads\/2022\/10\/logo-canada-motor-jobs-1.png","contentUrl":"https:\/\/news.canadamotorjobs.com\/wp-content\/uploads\/2022\/10\/logo-canada-motor-jobs-1.png","width":800,"height":400,"caption":"Canada Motor Jobs"},"image":{"@id":"https:\/\/news.canadamotorjobs.com\/#\/schema\/logo\/image\/"},"sameAs":["https:\/\/www.facebook.com\/canadamotorjobs\/","https:\/\/x.com\/canadamotorjobs","https:\/\/www.instagram.com\/canadamotorjobs\/","https:\/\/www.linkedin.com\/company\/canadamotorjobs"]},{"@type":"Person","@id":"https:\/\/news.canadamotorjobs.com\/#\/schema\/person\/51793d1f87d44011d7bcc2ed99269a90","name":"Benoit Charette","image":{"@type":"ImageObject","inLanguage":"fr-CA","@id":"https:\/\/news.canadamotorjobs.com\/#\/schema\/person\/image\/","url":"https:\/\/secure.gravatar.com\/avatar\/45f3d2eebcccd909668d7ce7ea7267b6?s=96&d=mm&r=g","contentUrl":"https:\/\/secure.gravatar.com\/avatar\/45f3d2eebcccd909668d7ce7ea7267b6?s=96&d=mm&r=g","caption":"Benoit Charette"},"description":"Benoit Charette \/ Propri\u00e9taire et r\u00e9dacteur en chef Benoit Charette pratique le journalisme automobile depuis bient\u00f4t 30 ans. Il a fait ses classes au c\u00f4t\u00e9 de Daniel H\u00e9raud et au Carnet de route de 1992 \u00e0 2001. Il est fondateur, copropri\u00e9taire et r\u00e9dacteur en chef de L\u2019Annuel de l\u2019automobile, qu\u2019il publie depuis 2001. Il a anim\u00e9 les \u00e9missions RPM et RPM+ sur V et les L\u00e9gendes de la route sur Historia. \u00c0 la radio depuis 1986, il reprend l\u2019antenne cette ann\u00e9e sur les ondes de Cogeco et participe pour la deuxi\u00e8me ann\u00e9e \u00e0 l\u2019\u00e9mission Passion Auto sur RDS en plus de mettre en ligne le site Web officiel de L\u2019Annuel de l\u2019automobile sur annuelauto.ca.","sameAs":["https:\/\/annuelauto.ca\/"],"url":"https:\/\/news.canadamotorjobs.com\/fr\/author\/benoit-charette\/"}]}},"_links":{"self":[{"href":"https:\/\/news.canadamotorjobs.com\/fr\/wp-json\/wp\/v2\/posts\/147806"}],"collection":[{"href":"https:\/\/news.canadamotorjobs.com\/fr\/wp-json\/wp\/v2\/posts"}],"about":[{"href":"https:\/\/news.canadamotorjobs.com\/fr\/wp-json\/wp\/v2\/types\/post"}],"author":[{"embeddable":true,"href":"https:\/\/news.canadamotorjobs.com\/fr\/wp-json\/wp\/v2\/users\/8"}],"replies":[{"embeddable":true,"href":"https:\/\/news.canadamotorjobs.com\/fr\/wp-json\/wp\/v2\/comments?post=147806"}],"version-history":[{"count":2,"href":"https:\/\/news.canadamotorjobs.com\/fr\/wp-json\/wp\/v2\/posts\/147806\/revisions"}],"predecessor-version":[{"id":147810,"href":"https:\/\/news.canadamotorjobs.com\/fr\/wp-json\/wp\/v2\/posts\/147806\/revisions\/147810"}],"wp:featuredmedia":[{"embeddable":true,"href":"https:\/\/news.canadamotorjobs.com\/fr\/wp-json\/wp\/v2\/media\/147808"}],"wp:attachment":[{"href":"https:\/\/news.canadamotorjobs.com\/fr\/wp-json\/wp\/v2\/media?parent=147806"}],"wp:term":[{"taxonomy":"category","embeddable":true,"href":"https:\/\/news.canadamotorjobs.com\/fr\/wp-json\/wp\/v2\/categories?post=147806"},{"taxonomy":"post_tag","embeddable":true,"href":"https:\/\/news.canadamotorjobs.com\/fr\/wp-json\/wp\/v2\/tags?post=147806"}],"curies":[{"name":"wp","href":"https:\/\/api.w.org\/{rel}","templated":true}]}}