{"id":147787,"date":"2023-06-26T08:19:37","date_gmt":"2023-06-26T12:19:37","guid":{"rendered":"https:\/\/news.canadamotorjobs.com\/?p=147787"},"modified":"2023-06-26T08:28:46","modified_gmt":"2023-06-26T12:28:46","slug":"aston-martin-se-joint-a-lucid-pour-ses-futurs-vehicules-electriques","status":"publish","type":"post","link":"https:\/\/news.canadamotorjobs.com\/fr\/aston-martin-se-joint-a-lucid-pour-ses-futurs-vehicules-electriques\/","title":{"rendered":"Aston Martin se joint \u00e0 Lucid pour ses futurs v\u00e9hicules \u00e9lectriques"},"content":{"rendered":"<\/p>\n<p>Aston Martin et Lucid ont conclu un partenariat strat\u00e9gique \u00e0 long terme qui permettra au constructeur automobile britannique d&#8217;utiliser les technologies de pointe d\u00e9velopp\u00e9es par Lucid en mati\u00e8re de groupes motopropulseurs \u00e9lectriques.<\/p>\n<h3>Une belle surprise<\/h3>\n<p>\nDans cette annonce-surprise, Aston Martin d\u00e9clare vouloir &#8220;cr\u00e9er les voitures \u00e9lectriques performantes les plus excitantes et les plus d\u00e9sirables du monde&#8221; et, \u00e0 l&#8217;avenir, aura acc\u00e8s \u00e0 la double motorisation haute performance de Lucid, \u00e0 sa technologie de batterie et \u00e0 sa Wunderbox, une unit\u00e9 de charge avanc\u00e9e. Cet accord s&#8217;inscrit dans le cadre de la strat\u00e9gie de durabilit\u00e9 Racing Green d&#8217;Aston Martin et fait partie d&#8217;un investissement de plus 3,3 milliards de dollars dans les technologies de pointe au cours des cinq prochaines ann\u00e9es. Les contrats avec Lucid s&#8217;\u00e9l\u00e8vent \u00e0 plus de 450 millions de dollars.<\/p>\n<h3>Mais il y a plus<\/h3>\n<p>\nOutre l&#8217;accord avec Lucid, Aston Martin a r\u00e9v\u00e9l\u00e9 qu&#8217;elle d\u00e9veloppait une toute nouvelle plateforme interne de v\u00e9hicule \u00e9lectrique \u00e0 batterie (BEV) qui \u00e9quipera les futurs mod\u00e8les de voitures exotiques, de voitures de sport, de voitures GT et de VUS. Mercedes-Benz continuera \u00e9galement \u00e0 fournir \u00e0 la marque l&#8217;acc\u00e8s \u00e0 son groupe motopropulseur et \u00e0 ses architectures \u00e9lectriques\/\u00e9lectroniques pour les mod\u00e8les actuels et futurs, y compris les V\u00c9S.<\/p>\n<p>&#8220;L&#8217;accord de fourniture avec Lucid change la donne pour la croissance future d&#8217;Aston Martin bas\u00e9e sur les v\u00e9hicules \u00e9lectriques&#8221;, a d\u00e9clar\u00e9 Lawrence Stroll, pr\u00e9sident ex\u00e9cutif du constructeur automobile britannique. &#8220;Sur la base de notre strat\u00e9gie et de nos exigences, nous avons choisi Lucid, ce qui nous permet d&#8217;acc\u00e9der aux technologies les plus performantes et les plus innovantes de l&#8217;industrie pour nos futurs produits BEV. Nous allons non seulement tirer parti des investissements importants r\u00e9alis\u00e9s par Lucid pour d\u00e9velopper ses technologies de classe mondiale, mais aussi am\u00e9liorer et diff\u00e9rencier l&#8217;exp\u00e9rience de conduite gr\u00e2ce au travail que Roberto Fedeli (un ancien de chez Ferrari) et ses \u00e9quipes d\u00e9veloppent d\u00e9j\u00e0, conform\u00e9ment \u00e0 notre strat\u00e9gie d&#8217;ultra-luxe et de haute performance.&#8221;<\/p>\n<h3>Des premiers mod\u00e8les d\u00e8s 2025<\/h3>\n<p>\nAston Martin lancera son premier v\u00e9hicule \u00e9lectrique en 2025 et l&#8217;accord marque la premi\u00e8re relation constructeur-fournisseur que l&#8217;aile technologique de Lucid a obtenue. Aston Martin note que ses futurs v\u00e9hicules \u00e9lectriques ne seront pas seulement dot\u00e9s de groupes motopropulseurs impressionnants, mais que l&#8217;a\u00e9rodynamique active et les mesures de r\u00e9duction de la tra\u00een\u00e9e seront \u00e9galement des \u00e9l\u00e9ments cl\u00e9s de leur conception. Par exemple, il y aura des \u00e9vents de refroidissement actifs et une gestion des flux d&#8217;air autour des passages de roue et du soubassement.<\/p>\n<p>\u00a0<\/p>\n<p>Source\u00a0: Aston martin<\/p>\n<p>Le texte <a rel=\"nofollow\" href=\"https:\/\/annuelauto.ca\/aston-martin-se-joint-a-lucid-pour-ses-futurs-vehicules-electriques\/\">Aston Martin se joint \u00e0 Lucid pour ses futurs v\u00e9hicules \u00e9lectriques<\/a> provient de <a rel=\"nofollow\" href=\"https:\/\/annuelauto.ca\">L&#8217;annuel de l&#8217;automobile &#8211; Actualit\u00e9 automobile<\/a><\/p>\n<p><\/p>\n","protected":false},"excerpt":{"rendered":"<p>Aston Martin et Lucid ont conclu un partenariat strat\u00e9gique \u00e0 long terme qui permettra au constructeur automobile britannique d&#8217;utiliser les technologies de pointe d\u00e9velopp\u00e9es par Lucid en mati\u00e8re de groupes motopropulseurs \u00e9lectriques. Une belle surprise Dans cette annonce-surprise, Aston Martin d\u00e9clare vouloir &#8220;cr\u00e9er les voitures \u00e9lectriques performantes les plus excitantes et les plus d\u00e9sirables du [&hellip;]<\/p>\n","protected":false},"author":8,"featured_media":147789,"comment_status":"close","ping_status":"closed","sticky":false,"template":"","format":"standard","meta":{"_monsterinsights_skip_tracking":false,"_monsterinsights_sitenote_active":false,"_monsterinsights_sitenote_note":"","_monsterinsights_sitenote_category":0,"footnotes":""},"categories":[101],"tags":[],"yoast_head":"<!-- This site is optimized with the Yoast SEO plugin v23.2 - https:\/\/yoast.com\/wordpress\/plugins\/seo\/ -->\n<title>Aston Martin se joint \u00e0 Lucid pour ses futurs v\u00e9hicules \u00e9lectriques - CanadaMotorJobs.com<\/title>\n<meta name=\"description\" content=\"Aston Martin se joint \u00e0 Lucid pour ses futurs v\u00e9hicules \u00e9lectriques - Benoit Charette - Annuel automobile - CanadaMotorJobs.com.\" \/>\n<meta name=\"robots\" content=\"index, follow, max-snippet:-1, max-image-preview:large, max-video-preview:-1\" \/>\n<meta property=\"og:locale\" content=\"fr_CA\" \/>\n<meta property=\"og:type\" content=\"article\" \/>\n<meta property=\"og:title\" content=\"Aston Martin se joint \u00e0 Lucid pour ses futurs v\u00e9hicules \u00e9lectriques - CanadaMotorJobs.com\" \/>\n<meta property=\"og:description\" content=\"Aston Martin se joint \u00e0 Lucid pour ses futurs v\u00e9hicules \u00e9lectriques - Benoit Charette - Annuel automobile - CanadaMotorJobs.com.\" \/>\n<meta property=\"og:url\" content=\"https:\/\/news.canadamotorjobs.com\/fr\/aston-martin-se-joint-a-lucid-pour-ses-futurs-vehicules-electriques\/\" \/>\n<meta property=\"og:site_name\" content=\"CanadaMotorJobs.com\" \/>\n<meta property=\"article:publisher\" content=\"https:\/\/www.facebook.com\/canadamotorjobs\/\" \/>\n<meta property=\"article:published_time\" content=\"2023-06-26T12:19:37+00:00\" \/>\n<meta property=\"article:modified_time\" content=\"2023-06-26T12:28:46+00:00\" \/>\n<meta property=\"og:image\" content=\"https:\/\/news.canadamotorjobs.com\/wp-content\/uploads\/2023\/06\/Aston-Martin-Valhalla_2-web_0.jpg\" \/>\n\t<meta property=\"og:image:width\" content=\"900\" \/>\n\t<meta property=\"og:image:height\" content=\"600\" \/>\n\t<meta property=\"og:image:type\" content=\"image\/jpeg\" \/>\n<meta name=\"author\" content=\"Benoit Charette\" \/>\n<meta name=\"twitter:card\" content=\"summary_large_image\" \/>\n<meta name=\"twitter:creator\" content=\"@canadamotorjobs\" \/>\n<meta name=\"twitter:site\" content=\"@canadamotorjobs\" \/>\n<meta name=\"twitter:label1\" content=\"\u00c9crit par\" \/>\n\t<meta name=\"twitter:data1\" content=\"Benoit Charette\" \/>\n\t<meta name=\"twitter:label2\" content=\"Estimation du temps de lecture\" \/>\n\t<meta name=\"twitter:data2\" content=\"2 minutes\" \/>\n<!-- \/ Yoast SEO plugin. -->","yoast_head_json":{"title":"Aston Martin se joint \u00e0 Lucid pour ses futurs v\u00e9hicules \u00e9lectriques - CanadaMotorJobs.com","description":"Aston Martin se joint \u00e0 Lucid pour ses futurs v\u00e9hicules \u00e9lectriques - Benoit Charette - Annuel automobile - CanadaMotorJobs.com.","robots":{"index":"index","follow":"follow","max-snippet":"max-snippet:-1","max-image-preview":"max-image-preview:large","max-video-preview":"max-video-preview:-1"},"og_locale":"fr_CA","og_type":"article","og_title":"Aston Martin se joint \u00e0 Lucid pour ses futurs v\u00e9hicules \u00e9lectriques - CanadaMotorJobs.com","og_description":"Aston Martin se joint \u00e0 Lucid pour ses futurs v\u00e9hicules \u00e9lectriques - Benoit Charette - Annuel automobile - CanadaMotorJobs.com.","og_url":"https:\/\/news.canadamotorjobs.com\/fr\/aston-martin-se-joint-a-lucid-pour-ses-futurs-vehicules-electriques\/","og_site_name":"CanadaMotorJobs.com","article_publisher":"https:\/\/www.facebook.com\/canadamotorjobs\/","article_published_time":"2023-06-26T12:19:37+00:00","article_modified_time":"2023-06-26T12:28:46+00:00","og_image":[{"width":900,"height":600,"url":"https:\/\/news.canadamotorjobs.com\/wp-content\/uploads\/2023\/06\/Aston-Martin-Valhalla_2-web_0.jpg","type":"image\/jpeg"}],"author":"Benoit Charette","twitter_card":"summary_large_image","twitter_creator":"@canadamotorjobs","twitter_site":"@canadamotorjobs","twitter_misc":{"\u00c9crit par":"Benoit Charette","Estimation du temps de lecture":"2 minutes"},"schema":{"@context":"https:\/\/schema.org","@graph":[{"@type":"Article","@id":"https:\/\/news.canadamotorjobs.com\/fr\/aston-martin-se-joint-a-lucid-pour-ses-futurs-vehicules-electriques\/#article","isPartOf":{"@id":"https:\/\/news.canadamotorjobs.com\/fr\/aston-martin-se-joint-a-lucid-pour-ses-futurs-vehicules-electriques\/"},"author":{"name":"Benoit Charette","@id":"https:\/\/news.canadamotorjobs.com\/#\/schema\/person\/51793d1f87d44011d7bcc2ed99269a90"},"headline":"Aston Martin se joint \u00e0 Lucid pour ses futurs v\u00e9hicules \u00e9lectriques","datePublished":"2023-06-26T12:19:37+00:00","dateModified":"2023-06-26T12:28:46+00:00","mainEntityOfPage":{"@id":"https:\/\/news.canadamotorjobs.com\/fr\/aston-martin-se-joint-a-lucid-pour-ses-futurs-vehicules-electriques\/"},"wordCount":499,"publisher":{"@id":"https:\/\/news.canadamotorjobs.com\/#organization"},"image":{"@id":"https:\/\/news.canadamotorjobs.com\/fr\/aston-martin-se-joint-a-lucid-pour-ses-futurs-vehicules-electriques\/#primaryimage"},"thumbnailUrl":"https:\/\/news.canadamotorjobs.com\/wp-content\/uploads\/2023\/06\/Aston-Martin-Valhalla_2-web_0.jpg","articleSection":["Annuel automobile"],"inLanguage":"fr-CA"},{"@type":"WebPage","@id":"https:\/\/news.canadamotorjobs.com\/fr\/aston-martin-se-joint-a-lucid-pour-ses-futurs-vehicules-electriques\/","url":"https:\/\/news.canadamotorjobs.com\/fr\/aston-martin-se-joint-a-lucid-pour-ses-futurs-vehicules-electriques\/","name":"Aston Martin se joint \u00e0 Lucid pour ses futurs v\u00e9hicules \u00e9lectriques - CanadaMotorJobs.com","isPartOf":{"@id":"https:\/\/news.canadamotorjobs.com\/#website"},"primaryImageOfPage":{"@id":"https:\/\/news.canadamotorjobs.com\/fr\/aston-martin-se-joint-a-lucid-pour-ses-futurs-vehicules-electriques\/#primaryimage"},"image":{"@id":"https:\/\/news.canadamotorjobs.com\/fr\/aston-martin-se-joint-a-lucid-pour-ses-futurs-vehicules-electriques\/#primaryimage"},"thumbnailUrl":"https:\/\/news.canadamotorjobs.com\/wp-content\/uploads\/2023\/06\/Aston-Martin-Valhalla_2-web_0.jpg","datePublished":"2023-06-26T12:19:37+00:00","dateModified":"2023-06-26T12:28:46+00:00","description":"Aston Martin se joint \u00e0 Lucid pour ses futurs v\u00e9hicules \u00e9lectriques - Benoit Charette - Annuel automobile - CanadaMotorJobs.com.","breadcrumb":{"@id":"https:\/\/news.canadamotorjobs.com\/fr\/aston-martin-se-joint-a-lucid-pour-ses-futurs-vehicules-electriques\/#breadcrumb"},"inLanguage":"fr-CA","potentialAction":[{"@type":"ReadAction","target":["https:\/\/news.canadamotorjobs.com\/fr\/aston-martin-se-joint-a-lucid-pour-ses-futurs-vehicules-electriques\/"]}]},{"@type":"ImageObject","inLanguage":"fr-CA","@id":"https:\/\/news.canadamotorjobs.com\/fr\/aston-martin-se-joint-a-lucid-pour-ses-futurs-vehicules-electriques\/#primaryimage","url":"https:\/\/news.canadamotorjobs.com\/wp-content\/uploads\/2023\/06\/Aston-Martin-Valhalla_2-web_0.jpg","contentUrl":"https:\/\/news.canadamotorjobs.com\/wp-content\/uploads\/2023\/06\/Aston-Martin-Valhalla_2-web_0.jpg","width":900,"height":600},{"@type":"BreadcrumbList","@id":"https:\/\/news.canadamotorjobs.com\/fr\/aston-martin-se-joint-a-lucid-pour-ses-futurs-vehicules-electriques\/#breadcrumb","itemListElement":[{"@type":"ListItem","position":1,"name":"Home","item":"https:\/\/news.canadamotorjobs.com\/fr\/blog\/"},{"@type":"ListItem","position":2,"name":"Aston Martin se joint \u00e0 Lucid pour ses futurs v\u00e9hicules \u00e9lectriques"}]},{"@type":"WebSite","@id":"https:\/\/news.canadamotorjobs.com\/#website","url":"https:\/\/news.canadamotorjobs.com\/","name":"CanadaMotorJobs.com","description":"Automotive Jobs","publisher":{"@id":"https:\/\/news.canadamotorjobs.com\/#organization"},"potentialAction":[{"@type":"SearchAction","target":{"@type":"EntryPoint","urlTemplate":"https:\/\/news.canadamotorjobs.com\/?s={search_term_string}"},"query-input":"required name=search_term_string"}],"inLanguage":"fr-CA"},{"@type":"Organization","@id":"https:\/\/news.canadamotorjobs.com\/#organization","name":"Canada Motor Jobs","url":"https:\/\/news.canadamotorjobs.com\/","logo":{"@type":"ImageObject","inLanguage":"fr-CA","@id":"https:\/\/news.canadamotorjobs.com\/#\/schema\/logo\/image\/","url":"https:\/\/news.canadamotorjobs.com\/wp-content\/uploads\/2022\/10\/logo-canada-motor-jobs-1.png","contentUrl":"https:\/\/news.canadamotorjobs.com\/wp-content\/uploads\/2022\/10\/logo-canada-motor-jobs-1.png","width":800,"height":400,"caption":"Canada Motor Jobs"},"image":{"@id":"https:\/\/news.canadamotorjobs.com\/#\/schema\/logo\/image\/"},"sameAs":["https:\/\/www.facebook.com\/canadamotorjobs\/","https:\/\/x.com\/canadamotorjobs","https:\/\/www.instagram.com\/canadamotorjobs\/","https:\/\/www.linkedin.com\/company\/canadamotorjobs"]},{"@type":"Person","@id":"https:\/\/news.canadamotorjobs.com\/#\/schema\/person\/51793d1f87d44011d7bcc2ed99269a90","name":"Benoit Charette","image":{"@type":"ImageObject","inLanguage":"fr-CA","@id":"https:\/\/news.canadamotorjobs.com\/#\/schema\/person\/image\/","url":"https:\/\/secure.gravatar.com\/avatar\/45f3d2eebcccd909668d7ce7ea7267b6?s=96&d=mm&r=g","contentUrl":"https:\/\/secure.gravatar.com\/avatar\/45f3d2eebcccd909668d7ce7ea7267b6?s=96&d=mm&r=g","caption":"Benoit Charette"},"description":"Benoit Charette \/ Propri\u00e9taire et r\u00e9dacteur en chef Benoit Charette pratique le journalisme automobile depuis bient\u00f4t 30 ans. Il a fait ses classes au c\u00f4t\u00e9 de Daniel H\u00e9raud et au Carnet de route de 1992 \u00e0 2001. Il est fondateur, copropri\u00e9taire et r\u00e9dacteur en chef de L\u2019Annuel de l\u2019automobile, qu\u2019il publie depuis 2001. Il a anim\u00e9 les \u00e9missions RPM et RPM+ sur V et les L\u00e9gendes de la route sur Historia. \u00c0 la radio depuis 1986, il reprend l\u2019antenne cette ann\u00e9e sur les ondes de Cogeco et participe pour la deuxi\u00e8me ann\u00e9e \u00e0 l\u2019\u00e9mission Passion Auto sur RDS en plus de mettre en ligne le site Web officiel de L\u2019Annuel de l\u2019automobile sur annuelauto.ca.","sameAs":["https:\/\/annuelauto.ca\/"],"url":"https:\/\/news.canadamotorjobs.com\/fr\/author\/benoit-charette\/"}]}},"_links":{"self":[{"href":"https:\/\/news.canadamotorjobs.com\/fr\/wp-json\/wp\/v2\/posts\/147787"}],"collection":[{"href":"https:\/\/news.canadamotorjobs.com\/fr\/wp-json\/wp\/v2\/posts"}],"about":[{"href":"https:\/\/news.canadamotorjobs.com\/fr\/wp-json\/wp\/v2\/types\/post"}],"author":[{"embeddable":true,"href":"https:\/\/news.canadamotorjobs.com\/fr\/wp-json\/wp\/v2\/users\/8"}],"replies":[{"embeddable":true,"href":"https:\/\/news.canadamotorjobs.com\/fr\/wp-json\/wp\/v2\/comments?post=147787"}],"version-history":[{"count":2,"href":"https:\/\/news.canadamotorjobs.com\/fr\/wp-json\/wp\/v2\/posts\/147787\/revisions"}],"predecessor-version":[{"id":147791,"href":"https:\/\/news.canadamotorjobs.com\/fr\/wp-json\/wp\/v2\/posts\/147787\/revisions\/147791"}],"wp:featuredmedia":[{"embeddable":true,"href":"https:\/\/news.canadamotorjobs.com\/fr\/wp-json\/wp\/v2\/media\/147789"}],"wp:attachment":[{"href":"https:\/\/news.canadamotorjobs.com\/fr\/wp-json\/wp\/v2\/media?parent=147787"}],"wp:term":[{"taxonomy":"category","embeddable":true,"href":"https:\/\/news.canadamotorjobs.com\/fr\/wp-json\/wp\/v2\/categories?post=147787"},{"taxonomy":"post_tag","embeddable":true,"href":"https:\/\/news.canadamotorjobs.com\/fr\/wp-json\/wp\/v2\/tags?post=147787"}],"curies":[{"name":"wp","href":"https:\/\/api.w.org\/{rel}","templated":true}]}}