{"id":147718,"date":"2023-06-24T09:26:57","date_gmt":"2023-06-24T13:26:57","guid":{"rendered":"https:\/\/news.canadamotorjobs.com\/?p=147718"},"modified":"2023-06-24T09:30:51","modified_gmt":"2023-06-24T13:30:51","slug":"est-ce-que-le-prix-eleve-des-voitures-va-ouvrir-la-porte-a-la-chine","status":"publish","type":"post","link":"https:\/\/news.canadamotorjobs.com\/fr\/est-ce-que-le-prix-eleve-des-voitures-va-ouvrir-la-porte-a-la-chine\/","title":{"rendered":"Est-ce que le prix \u00e9lev\u00e9 des voitures va ouvrir la porte \u00e0 la Chine ?"},"content":{"rendered":"<\/p>\n<p>Ailleurs dans le monde comme en Europe ou en Australie, l\u2019industrie automobile chinoise a fait son nid. Des marques comme MG, GWM Haval et BYD ont un impact important sur les ventes de voitures neuves dans beaucoup de pays. Les prix des v\u00e9hicules neufs qui semblent hors de contr\u00f4le ouvrent la porte toute grande \u00e0 l\u2019industrie automobile chinoise qui a fait dans d\u2019autres pays ce que le Japon a fait dans les ann\u00e9es 70.<\/p>\n<h3>Une augmentation des co\u00fbts<\/h3>\n<p>\nLa pand\u00e9mie qui a amen\u00e9 une augmentation du co\u00fbt des mati\u00e8res premi\u00e8res et des frais de transport a conduit les constructeurs automobiles \u00e0 r\u00e9percuter ces changements sur les consommateurs sous la forme d&#8217;augmentations r\u00e9guli\u00e8res des prix. Ce virage de prix \u00e0 la hausse intervient \u00e9galement \u00e0 un moment o\u00f9 les marques \u00e9tablies ont modifi\u00e9 leur mod\u00e8le d&#8217;entreprise pour privil\u00e9gier la qualit\u00e9 \u00e0 la quantit\u00e9, en r\u00e9alisant davantage de b\u00e9n\u00e9fices sur les mod\u00e8les individuels plut\u00f4t qu&#8217;en essayant de vendre des volumes plus importants \u00e0 moindre co\u00fbt. Cette \u00e9volution s&#8217;est traduite par une hausse des prix, en particulier pour les mod\u00e8les d&#8217;entr\u00e9e de gamme qui ont pratiquement disparu du paysage automobile. M\u00eame les marques cor\u00e9ennes qui ont longtemps tir\u00e9 les prix vers le bas ont suivi la tendance.<\/p>\n<h3>La nature a horreur du vide<\/h3>\n<p>\nLes constructeurs ne le disent pas tout haut, mais ils sont tr\u00e8s heureux d\u2019avoir une faible quantit\u00e9 de v\u00e9hicules sur le march\u00e9. Cela maintient les prix \u00e9lev\u00e9s et offre une meilleure marge aux concessionnaires. Cela a aussi pour effet de d\u00e9courager bien des gens face \u00e0 l\u2019achat d\u2019un v\u00e9hicule. Les marques chinoises surveillent le march\u00e9 et vont lentement se glisser chez nous comme l\u2019ont fait Honda et Toyota dans les ann\u00e9es 70 et Hyundai dans les ann\u00e9es 80. Si on regarde la strat\u00e9gie ailleurs dans le monde, la Chine arrive avec un mod\u00e8le populaire \u00e0 5 000\u00a0$ de moins que l\u2019autre mod\u00e8le \u00e9quivalent sur le march\u00e9. Un mod\u00e8le comme la berline MG se veut un concurrent \u00e0 une Toyota Corolla. Il y a moins de technologies, d\u2019aides \u00e9lectroniques \u00e0 la conduite, mais personne ne s\u2019est plaint de cette r\u00e9alit\u00e9. Bien des gens veulent seulement un moyen de transport pour aller du point A au point B. La quantit\u00e9 sans cesse grandissante d\u2019\u00e9lectronique a aussi fortement contribu\u00e9 \u00e0 l\u2019augmentation du prix moyen des v\u00e9hicules sans compter des co\u00fbts d\u2019entretien et de r\u00e9parations qui deviennent exorbitants.<\/p>\n<p>La Chine surveille de pr\u00e8s notre march\u00e9 et va trouver une faille dans laquelle se glisser si les prix restent si haut.<\/p>\n<p>Le texte <a rel=\"nofollow\" href=\"https:\/\/annuelauto.ca\/est-ce-que-le-prix-eleve-des-voitures-va-ouvrir-la-porte-a-la-chine\/\">Est-ce que le prix \u00e9lev\u00e9 des voitures va ouvrir la porte \u00e0 la Chine ?<\/a> provient de <a rel=\"nofollow\" href=\"https:\/\/annuelauto.ca\">L&#8217;annuel de l&#8217;automobile &#8211; Actualit\u00e9 automobile<\/a><\/p>\n<p><\/p>\n","protected":false},"excerpt":{"rendered":"<p>Ailleurs dans le monde comme en Europe ou en Australie, l\u2019industrie automobile chinoise a fait son nid. Des marques comme MG, GWM Haval et BYD ont un impact important sur les ventes de voitures neuves dans beaucoup de pays. Les prix des v\u00e9hicules neufs qui semblent hors de contr\u00f4le ouvrent la porte toute grande \u00e0 [&hellip;]<\/p>\n","protected":false},"author":8,"featured_media":147720,"comment_status":"close","ping_status":"closed","sticky":false,"template":"","format":"standard","meta":{"_monsterinsights_skip_tracking":false,"_monsterinsights_sitenote_active":false,"_monsterinsights_sitenote_note":"","_monsterinsights_sitenote_category":0,"footnotes":""},"categories":[101],"tags":[],"yoast_head":"<!-- This site is optimized with the Yoast SEO plugin v23.2 - https:\/\/yoast.com\/wordpress\/plugins\/seo\/ -->\n<title>Est-ce que le prix \u00e9lev\u00e9 des voitures va ouvrir la porte \u00e0 la Chine ? - CanadaMotorJobs.com<\/title>\n<meta name=\"description\" content=\"Est-ce que le prix \u00e9lev\u00e9 des voitures va ouvrir la porte \u00e0 la Chine ? - Benoit Charette - Annuel automobile - CanadaMotorJobs.com.\" \/>\n<meta name=\"robots\" content=\"index, follow, max-snippet:-1, max-image-preview:large, max-video-preview:-1\" \/>\n<meta property=\"og:locale\" content=\"fr_CA\" \/>\n<meta property=\"og:type\" content=\"article\" \/>\n<meta property=\"og:title\" content=\"Est-ce que le prix \u00e9lev\u00e9 des voitures va ouvrir la porte \u00e0 la Chine ? - CanadaMotorJobs.com\" \/>\n<meta property=\"og:description\" content=\"Est-ce que le prix \u00e9lev\u00e9 des voitures va ouvrir la porte \u00e0 la Chine ? - Benoit Charette - Annuel automobile - CanadaMotorJobs.com.\" \/>\n<meta property=\"og:url\" content=\"https:\/\/news.canadamotorjobs.com\/fr\/est-ce-que-le-prix-eleve-des-voitures-va-ouvrir-la-porte-a-la-chine\/\" \/>\n<meta property=\"og:site_name\" content=\"CanadaMotorJobs.com\" \/>\n<meta property=\"article:publisher\" content=\"https:\/\/www.facebook.com\/canadamotorjobs\/\" \/>\n<meta property=\"article:published_time\" content=\"2023-06-24T13:26:57+00:00\" \/>\n<meta property=\"article:modified_time\" content=\"2023-06-24T13:30:51+00:00\" \/>\n<meta property=\"og:image\" content=\"https:\/\/news.canadamotorjobs.com\/wp-content\/uploads\/2023\/06\/MG4-electrique-BD_20.jpg\" \/>\n\t<meta property=\"og:image:width\" content=\"1280\" \/>\n\t<meta property=\"og:image:height\" content=\"853\" \/>\n\t<meta property=\"og:image:type\" content=\"image\/jpeg\" \/>\n<meta name=\"author\" content=\"Benoit Charette\" \/>\n<meta name=\"twitter:card\" content=\"summary_large_image\" \/>\n<meta name=\"twitter:creator\" content=\"@canadamotorjobs\" \/>\n<meta name=\"twitter:site\" content=\"@canadamotorjobs\" \/>\n<meta name=\"twitter:label1\" content=\"\u00c9crit par\" \/>\n\t<meta name=\"twitter:data1\" content=\"Benoit Charette\" \/>\n\t<meta name=\"twitter:label2\" content=\"Estimation du temps de lecture\" \/>\n\t<meta name=\"twitter:data2\" content=\"2 minutes\" \/>\n<!-- \/ Yoast SEO plugin. -->","yoast_head_json":{"title":"Est-ce que le prix \u00e9lev\u00e9 des voitures va ouvrir la porte \u00e0 la Chine ? - CanadaMotorJobs.com","description":"Est-ce que le prix \u00e9lev\u00e9 des voitures va ouvrir la porte \u00e0 la Chine ? - Benoit Charette - Annuel automobile - CanadaMotorJobs.com.","robots":{"index":"index","follow":"follow","max-snippet":"max-snippet:-1","max-image-preview":"max-image-preview:large","max-video-preview":"max-video-preview:-1"},"og_locale":"fr_CA","og_type":"article","og_title":"Est-ce que le prix \u00e9lev\u00e9 des voitures va ouvrir la porte \u00e0 la Chine ? - CanadaMotorJobs.com","og_description":"Est-ce que le prix \u00e9lev\u00e9 des voitures va ouvrir la porte \u00e0 la Chine ? - Benoit Charette - Annuel automobile - CanadaMotorJobs.com.","og_url":"https:\/\/news.canadamotorjobs.com\/fr\/est-ce-que-le-prix-eleve-des-voitures-va-ouvrir-la-porte-a-la-chine\/","og_site_name":"CanadaMotorJobs.com","article_publisher":"https:\/\/www.facebook.com\/canadamotorjobs\/","article_published_time":"2023-06-24T13:26:57+00:00","article_modified_time":"2023-06-24T13:30:51+00:00","og_image":[{"width":1280,"height":853,"url":"https:\/\/news.canadamotorjobs.com\/wp-content\/uploads\/2023\/06\/MG4-electrique-BD_20.jpg","type":"image\/jpeg"}],"author":"Benoit Charette","twitter_card":"summary_large_image","twitter_creator":"@canadamotorjobs","twitter_site":"@canadamotorjobs","twitter_misc":{"\u00c9crit par":"Benoit Charette","Estimation du temps de lecture":"2 minutes"},"schema":{"@context":"https:\/\/schema.org","@graph":[{"@type":"Article","@id":"https:\/\/news.canadamotorjobs.com\/fr\/est-ce-que-le-prix-eleve-des-voitures-va-ouvrir-la-porte-a-la-chine\/#article","isPartOf":{"@id":"https:\/\/news.canadamotorjobs.com\/fr\/est-ce-que-le-prix-eleve-des-voitures-va-ouvrir-la-porte-a-la-chine\/"},"author":{"name":"Benoit Charette","@id":"https:\/\/news.canadamotorjobs.com\/#\/schema\/person\/51793d1f87d44011d7bcc2ed99269a90"},"headline":"Est-ce que le prix \u00e9lev\u00e9 des voitures va ouvrir la porte \u00e0 la Chine ?","datePublished":"2023-06-24T13:26:57+00:00","dateModified":"2023-06-24T13:30:51+00:00","mainEntityOfPage":{"@id":"https:\/\/news.canadamotorjobs.com\/fr\/est-ce-que-le-prix-eleve-des-voitures-va-ouvrir-la-porte-a-la-chine\/"},"wordCount":495,"publisher":{"@id":"https:\/\/news.canadamotorjobs.com\/#organization"},"image":{"@id":"https:\/\/news.canadamotorjobs.com\/fr\/est-ce-que-le-prix-eleve-des-voitures-va-ouvrir-la-porte-a-la-chine\/#primaryimage"},"thumbnailUrl":"https:\/\/news.canadamotorjobs.com\/wp-content\/uploads\/2023\/06\/MG4-electrique-BD_20.jpg","articleSection":["Annuel automobile"],"inLanguage":"fr-CA"},{"@type":"WebPage","@id":"https:\/\/news.canadamotorjobs.com\/fr\/est-ce-que-le-prix-eleve-des-voitures-va-ouvrir-la-porte-a-la-chine\/","url":"https:\/\/news.canadamotorjobs.com\/fr\/est-ce-que-le-prix-eleve-des-voitures-va-ouvrir-la-porte-a-la-chine\/","name":"Est-ce que le prix \u00e9lev\u00e9 des voitures va ouvrir la porte \u00e0 la Chine ? - CanadaMotorJobs.com","isPartOf":{"@id":"https:\/\/news.canadamotorjobs.com\/#website"},"primaryImageOfPage":{"@id":"https:\/\/news.canadamotorjobs.com\/fr\/est-ce-que-le-prix-eleve-des-voitures-va-ouvrir-la-porte-a-la-chine\/#primaryimage"},"image":{"@id":"https:\/\/news.canadamotorjobs.com\/fr\/est-ce-que-le-prix-eleve-des-voitures-va-ouvrir-la-porte-a-la-chine\/#primaryimage"},"thumbnailUrl":"https:\/\/news.canadamotorjobs.com\/wp-content\/uploads\/2023\/06\/MG4-electrique-BD_20.jpg","datePublished":"2023-06-24T13:26:57+00:00","dateModified":"2023-06-24T13:30:51+00:00","description":"Est-ce que le prix \u00e9lev\u00e9 des voitures va ouvrir la porte \u00e0 la Chine ? - Benoit Charette - Annuel automobile - CanadaMotorJobs.com.","breadcrumb":{"@id":"https:\/\/news.canadamotorjobs.com\/fr\/est-ce-que-le-prix-eleve-des-voitures-va-ouvrir-la-porte-a-la-chine\/#breadcrumb"},"inLanguage":"fr-CA","potentialAction":[{"@type":"ReadAction","target":["https:\/\/news.canadamotorjobs.com\/fr\/est-ce-que-le-prix-eleve-des-voitures-va-ouvrir-la-porte-a-la-chine\/"]}]},{"@type":"ImageObject","inLanguage":"fr-CA","@id":"https:\/\/news.canadamotorjobs.com\/fr\/est-ce-que-le-prix-eleve-des-voitures-va-ouvrir-la-porte-a-la-chine\/#primaryimage","url":"https:\/\/news.canadamotorjobs.com\/wp-content\/uploads\/2023\/06\/MG4-electrique-BD_20.jpg","contentUrl":"https:\/\/news.canadamotorjobs.com\/wp-content\/uploads\/2023\/06\/MG4-electrique-BD_20.jpg","width":1280,"height":853},{"@type":"BreadcrumbList","@id":"https:\/\/news.canadamotorjobs.com\/fr\/est-ce-que-le-prix-eleve-des-voitures-va-ouvrir-la-porte-a-la-chine\/#breadcrumb","itemListElement":[{"@type":"ListItem","position":1,"name":"Home","item":"https:\/\/news.canadamotorjobs.com\/fr\/blog\/"},{"@type":"ListItem","position":2,"name":"Est-ce que le prix \u00e9lev\u00e9 des voitures va ouvrir la porte \u00e0 la Chine ?"}]},{"@type":"WebSite","@id":"https:\/\/news.canadamotorjobs.com\/#website","url":"https:\/\/news.canadamotorjobs.com\/","name":"CanadaMotorJobs.com","description":"Automotive Jobs","publisher":{"@id":"https:\/\/news.canadamotorjobs.com\/#organization"},"potentialAction":[{"@type":"SearchAction","target":{"@type":"EntryPoint","urlTemplate":"https:\/\/news.canadamotorjobs.com\/?s={search_term_string}"},"query-input":"required name=search_term_string"}],"inLanguage":"fr-CA"},{"@type":"Organization","@id":"https:\/\/news.canadamotorjobs.com\/#organization","name":"Canada Motor Jobs","url":"https:\/\/news.canadamotorjobs.com\/","logo":{"@type":"ImageObject","inLanguage":"fr-CA","@id":"https:\/\/news.canadamotorjobs.com\/#\/schema\/logo\/image\/","url":"https:\/\/news.canadamotorjobs.com\/wp-content\/uploads\/2022\/10\/logo-canada-motor-jobs-1.png","contentUrl":"https:\/\/news.canadamotorjobs.com\/wp-content\/uploads\/2022\/10\/logo-canada-motor-jobs-1.png","width":800,"height":400,"caption":"Canada Motor Jobs"},"image":{"@id":"https:\/\/news.canadamotorjobs.com\/#\/schema\/logo\/image\/"},"sameAs":["https:\/\/www.facebook.com\/canadamotorjobs\/","https:\/\/x.com\/canadamotorjobs","https:\/\/www.instagram.com\/canadamotorjobs\/","https:\/\/www.linkedin.com\/company\/canadamotorjobs"]},{"@type":"Person","@id":"https:\/\/news.canadamotorjobs.com\/#\/schema\/person\/51793d1f87d44011d7bcc2ed99269a90","name":"Benoit Charette","image":{"@type":"ImageObject","inLanguage":"fr-CA","@id":"https:\/\/news.canadamotorjobs.com\/#\/schema\/person\/image\/","url":"https:\/\/secure.gravatar.com\/avatar\/45f3d2eebcccd909668d7ce7ea7267b6?s=96&d=mm&r=g","contentUrl":"https:\/\/secure.gravatar.com\/avatar\/45f3d2eebcccd909668d7ce7ea7267b6?s=96&d=mm&r=g","caption":"Benoit Charette"},"description":"Benoit Charette \/ Propri\u00e9taire et r\u00e9dacteur en chef Benoit Charette pratique le journalisme automobile depuis bient\u00f4t 30 ans. Il a fait ses classes au c\u00f4t\u00e9 de Daniel H\u00e9raud et au Carnet de route de 1992 \u00e0 2001. Il est fondateur, copropri\u00e9taire et r\u00e9dacteur en chef de L\u2019Annuel de l\u2019automobile, qu\u2019il publie depuis 2001. Il a anim\u00e9 les \u00e9missions RPM et RPM+ sur V et les L\u00e9gendes de la route sur Historia. \u00c0 la radio depuis 1986, il reprend l\u2019antenne cette ann\u00e9e sur les ondes de Cogeco et participe pour la deuxi\u00e8me ann\u00e9e \u00e0 l\u2019\u00e9mission Passion Auto sur RDS en plus de mettre en ligne le site Web officiel de L\u2019Annuel de l\u2019automobile sur annuelauto.ca.","sameAs":["https:\/\/annuelauto.ca\/"],"url":"https:\/\/news.canadamotorjobs.com\/fr\/author\/benoit-charette\/"}]}},"_links":{"self":[{"href":"https:\/\/news.canadamotorjobs.com\/fr\/wp-json\/wp\/v2\/posts\/147718"}],"collection":[{"href":"https:\/\/news.canadamotorjobs.com\/fr\/wp-json\/wp\/v2\/posts"}],"about":[{"href":"https:\/\/news.canadamotorjobs.com\/fr\/wp-json\/wp\/v2\/types\/post"}],"author":[{"embeddable":true,"href":"https:\/\/news.canadamotorjobs.com\/fr\/wp-json\/wp\/v2\/users\/8"}],"replies":[{"embeddable":true,"href":"https:\/\/news.canadamotorjobs.com\/fr\/wp-json\/wp\/v2\/comments?post=147718"}],"version-history":[{"count":2,"href":"https:\/\/news.canadamotorjobs.com\/fr\/wp-json\/wp\/v2\/posts\/147718\/revisions"}],"predecessor-version":[{"id":147722,"href":"https:\/\/news.canadamotorjobs.com\/fr\/wp-json\/wp\/v2\/posts\/147718\/revisions\/147722"}],"wp:featuredmedia":[{"embeddable":true,"href":"https:\/\/news.canadamotorjobs.com\/fr\/wp-json\/wp\/v2\/media\/147720"}],"wp:attachment":[{"href":"https:\/\/news.canadamotorjobs.com\/fr\/wp-json\/wp\/v2\/media?parent=147718"}],"wp:term":[{"taxonomy":"category","embeddable":true,"href":"https:\/\/news.canadamotorjobs.com\/fr\/wp-json\/wp\/v2\/categories?post=147718"},{"taxonomy":"post_tag","embeddable":true,"href":"https:\/\/news.canadamotorjobs.com\/fr\/wp-json\/wp\/v2\/tags?post=147718"}],"curies":[{"name":"wp","href":"https:\/\/api.w.org\/{rel}","templated":true}]}}