{"id":147695,"date":"2023-06-23T09:19:17","date_gmt":"2023-06-23T13:19:17","guid":{"rendered":"https:\/\/news.canadamotorjobs.com\/?p=147695"},"modified":"2023-06-23T09:22:12","modified_gmt":"2023-06-23T13:22:12","slug":"des-delais-dattente-dun-mois-au-port-de-vancouver-pour-recuperer-des-voitures","status":"publish","type":"post","link":"https:\/\/news.canadamotorjobs.com\/fr\/des-delais-dattente-dun-mois-au-port-de-vancouver-pour-recuperer-des-voitures\/","title":{"rendered":"Des d\u00e9lais d\u2019attente d\u2019un mois au port de Vancouver pour r\u00e9cup\u00e9rer des voitures"},"content":{"rendered":"<\/p>\n<p>Des retards pouvant aller jusqu&#8217;\u00e0 un mois au port de Vancouver, dus \u00e0 l&#8217;augmentation des importations de v\u00e9hicules et \u00e0 une p\u00e9nurie de wagons, incitent les constructeurs automobiles qui exp\u00e9dient des v\u00e9hicules par la plate-forme logistique de la c\u00f4te ouest \u00e0 mettre en place des plans d&#8217;urgence \u00e9labor\u00e9s pour acheminer les v\u00e9hicules vers les concessionnaires canadiens.<\/p>\n<h3>On change la route des navires<\/h3>\n<p>\nHyundai Auto Canada, par exemple, a commenc\u00e9 \u00e0 d\u00e9tourner des navires vers des ports des \u00c9tats-Unis, o\u00f9 les v\u00e9hicules sont d\u00e9charg\u00e9s, plac\u00e9s sur des wagons et ensuite envoy\u00e9s au Canada. Une t\u00e2che compliqu\u00e9e selon le pr\u00e9sident de Hyundai canada, Don Romano et aussi co\u00fbteuse. Si les probl\u00e8mes persistent, les co\u00fbts seront r\u00e9percut\u00e9s sur le prix des v\u00e9hicules Hyundai, ce qui signifie que les consommateurs finiront par payer pour les probl\u00e8mes portuaires de Vancouver. David Adams, pr\u00e9sident de Global Automakers of Canada, a d\u00e9clar\u00e9 qu&#8217;une demi-douzaine de constructeurs automobiles \u00e9trangers repr\u00e9sent\u00e9s par l&#8217;organisation ont signal\u00e9 le m\u00eame probl\u00e8me.<\/p>\n<h3>Des probl\u00e8mes qui perdurent<\/h3>\n<p>\nLes retards au port de Vancouver durent depuis que de fortes inondations ont ravag\u00e9 les infrastructures de la Colombie-Britannique \u00e0 la fin de 2021. Alors que les clients se sont habitu\u00e9s aux retards depuis la pand\u00e9mie, le port de Vancouver est d\u00e9sormais le principal obstacle pour les concessionnaires canadiens qui cherchent \u00e0 augmenter leurs stocks de v\u00e9hicules. Ces retards nuisent \u00e0 la fois \u00e0 la productivit\u00e9 et \u00e0 la comp\u00e9titivit\u00e9, en particulier \u00e0 un moment o\u00f9 la demande de v\u00e9hicules reste \u00e9lev\u00e9e.<\/p>\n<h3>Propri\u00e9t\u00e9 de la couronne<\/h3>\n<p>\nLes deux terminaux automobiles appartiennent au gouvernement f\u00e9d\u00e9ral, mais sont exploit\u00e9s par Wallenius Wilhelmsen Logistics. Dan Emerson, vice-pr\u00e9sident des op\u00e9rations canadiennes de la soci\u00e9t\u00e9 internationale de transport maritime, a reconnu les retards et a d\u00e9clar\u00e9 que les deux terminaux enregistraient des &#8220;volumes extr\u00eamement \u00e9lev\u00e9s&#8221;, les exp\u00e9ditions d&#8217;automobiles ayant atteint leur niveau le plus bas depuis la pand\u00e9mie. Selon M. Emerson, la p\u00e9nurie nationale de wagons aggrave le probl\u00e8me en emp\u00eachant les v\u00e9hicules d\u00e9charg\u00e9s d&#8217;\u00eatre transport\u00e9s efficacement hors des terminaux.<\/p>\n<h3>Un des pires ports au monde<\/h3>\n<p>\nLes retards des deux terminaux automobiles ne sont qu&#8217;un \u00e9l\u00e9ment de la liste des probl\u00e8mes du port le plus actif du Canada. Un rapport publi\u00e9 en mai par la Banque mondiale et S&amp;P Global Market Intelligence classe le port de Vancouver au 347e rang en termes d&#8217;efficacit\u00e9 sur les 348 ports \u00e0 conteneurs \u00e9valu\u00e9s dans le monde. Les lacunes de l&#8217;infrastructure sous-jacente de la plate-forme de transport maritime sont la v\u00e9ritable source des probl\u00e8mes. Il y a plusieurs points d&#8217;\u00e9tranglement ferroviaires et un manque d&#8217;espace de stockage dans la r\u00e9gion m\u00e9tropolitaine de Vancouver, qui manque de terres, comme deux des principaux probl\u00e8mes que le gouvernement f\u00e9d\u00e9ral et les parties prenantes locales s&#8217;efforcent de r\u00e9soudre.<\/p>\n<h3>Soulagement en vue ?<\/h3>\n<p>\nLe terminal d&#8217;Annacis est \u00e0 mi-parcours d&#8217;un projet d&#8217;expansion qui permettra d&#8217;augmenter la capacit\u00e9 d&#8217;accueil des v\u00e9hicules \u00e0 mesure que les volumes d&#8217;importation en provenance d&#8217;Asie continueront d&#8217;augmenter. Le projet, qui devrait \u00eatre achev\u00e9 l&#8217;ann\u00e9e prochaine, portera la capacit\u00e9 \u00e0 480 000 v\u00e9hicules par an, contre 352 000 auparavant en ce moment. Mais la capacit\u00e9 nettement plus \u00e9lev\u00e9e du terminal de l&#8217;\u00eele \u00e0 la suite de l&#8217;expansion d\u00e9pend de l&#8217;approvisionnement en wagons. Sans wagon, cette expansion ne donnera rien , pr\u00e9cise le responsable du port Dan Emerson.<\/p>\n<p>\u00a0<\/p>\n<p>Avec des renseignements d\u2019Automotive News Canada<\/p>\n<p>\u00a0<\/p>\n<p>Le texte <a rel=\"nofollow\" href=\"https:\/\/annuelauto.ca\/des-delais-dattente-dun-mois-au-port-de-vancouver-pour-recuperer-des-voitures\/\">Des d\u00e9lais d\u2019attente d\u2019un mois au port de Vancouver pour r\u00e9cup\u00e9rer des voitures<\/a> provient de <a rel=\"nofollow\" href=\"https:\/\/annuelauto.ca\">L&#8217;annuel de l&#8217;automobile &#8211; Actualit\u00e9 automobile<\/a><\/p>\n<p><\/p>\n","protected":false},"excerpt":{"rendered":"<p>Des retards pouvant aller jusqu&#8217;\u00e0 un mois au port de Vancouver, dus \u00e0 l&#8217;augmentation des importations de v\u00e9hicules et \u00e0 une p\u00e9nurie de wagons, incitent les constructeurs automobiles qui exp\u00e9dient des v\u00e9hicules par la plate-forme logistique de la c\u00f4te ouest \u00e0 mettre en place des plans d&#8217;urgence \u00e9labor\u00e9s pour acheminer les v\u00e9hicules vers les concessionnaires [&hellip;]<\/p>\n","protected":false},"author":8,"featured_media":147697,"comment_status":"close","ping_status":"closed","sticky":false,"template":"","format":"standard","meta":{"_monsterinsights_skip_tracking":false,"_monsterinsights_sitenote_active":false,"_monsterinsights_sitenote_note":"","_monsterinsights_sitenote_category":0,"footnotes":""},"categories":[101],"tags":[],"yoast_head":"<!-- This site is optimized with the Yoast SEO plugin v23.2 - https:\/\/yoast.com\/wordpress\/plugins\/seo\/ -->\n<title>Des d\u00e9lais d\u2019attente d\u2019un mois au port de Vancouver pour r\u00e9cup\u00e9rer des voitures - CanadaMotorJobs.com<\/title>\n<meta name=\"description\" content=\"Des d\u00e9lais d\u2019attente d\u2019un mois au port de Vancouver pour r\u00e9cup\u00e9rer des voitures - Benoit Charette - Annuel automobile - CanadaMotorJobs.com.\" \/>\n<meta name=\"robots\" content=\"index, follow, max-snippet:-1, max-image-preview:large, max-video-preview:-1\" \/>\n<meta property=\"og:locale\" content=\"fr_CA\" \/>\n<meta property=\"og:type\" content=\"article\" \/>\n<meta property=\"og:title\" content=\"Des d\u00e9lais d\u2019attente d\u2019un mois au port de Vancouver pour r\u00e9cup\u00e9rer des voitures - CanadaMotorJobs.com\" \/>\n<meta property=\"og:description\" content=\"Des d\u00e9lais d\u2019attente d\u2019un mois au port de Vancouver pour r\u00e9cup\u00e9rer des voitures - Benoit Charette - Annuel automobile - CanadaMotorJobs.com.\" \/>\n<meta property=\"og:url\" content=\"https:\/\/news.canadamotorjobs.com\/fr\/des-delais-dattente-dun-mois-au-port-de-vancouver-pour-recuperer-des-voitures\/\" \/>\n<meta property=\"og:site_name\" content=\"CanadaMotorJobs.com\" \/>\n<meta property=\"article:publisher\" content=\"https:\/\/www.facebook.com\/canadamotorjobs\/\" \/>\n<meta property=\"article:published_time\" content=\"2023-06-23T13:19:17+00:00\" \/>\n<meta property=\"article:modified_time\" content=\"2023-06-23T13:22:12+00:00\" \/>\n<meta property=\"og:image\" content=\"https:\/\/news.canadamotorjobs.com\/wp-content\/uploads\/2023\/06\/1200px-PortOVan.jpg\" \/>\n\t<meta property=\"og:image:width\" content=\"1200\" \/>\n\t<meta property=\"og:image:height\" content=\"900\" \/>\n\t<meta property=\"og:image:type\" content=\"image\/jpeg\" \/>\n<meta name=\"author\" content=\"Benoit Charette\" \/>\n<meta name=\"twitter:card\" content=\"summary_large_image\" \/>\n<meta name=\"twitter:creator\" content=\"@canadamotorjobs\" \/>\n<meta name=\"twitter:site\" content=\"@canadamotorjobs\" \/>\n<meta name=\"twitter:label1\" content=\"\u00c9crit par\" \/>\n\t<meta name=\"twitter:data1\" content=\"Benoit Charette\" \/>\n\t<meta name=\"twitter:label2\" content=\"Estimation du temps de lecture\" \/>\n\t<meta name=\"twitter:data2\" content=\"3 minutes\" \/>\n<!-- \/ Yoast SEO plugin. -->","yoast_head_json":{"title":"Des d\u00e9lais d\u2019attente d\u2019un mois au port de Vancouver pour r\u00e9cup\u00e9rer des voitures - CanadaMotorJobs.com","description":"Des d\u00e9lais d\u2019attente d\u2019un mois au port de Vancouver pour r\u00e9cup\u00e9rer des voitures - Benoit Charette - Annuel automobile - CanadaMotorJobs.com.","robots":{"index":"index","follow":"follow","max-snippet":"max-snippet:-1","max-image-preview":"max-image-preview:large","max-video-preview":"max-video-preview:-1"},"og_locale":"fr_CA","og_type":"article","og_title":"Des d\u00e9lais d\u2019attente d\u2019un mois au port de Vancouver pour r\u00e9cup\u00e9rer des voitures - CanadaMotorJobs.com","og_description":"Des d\u00e9lais d\u2019attente d\u2019un mois au port de Vancouver pour r\u00e9cup\u00e9rer des voitures - Benoit Charette - Annuel automobile - CanadaMotorJobs.com.","og_url":"https:\/\/news.canadamotorjobs.com\/fr\/des-delais-dattente-dun-mois-au-port-de-vancouver-pour-recuperer-des-voitures\/","og_site_name":"CanadaMotorJobs.com","article_publisher":"https:\/\/www.facebook.com\/canadamotorjobs\/","article_published_time":"2023-06-23T13:19:17+00:00","article_modified_time":"2023-06-23T13:22:12+00:00","og_image":[{"width":1200,"height":900,"url":"https:\/\/news.canadamotorjobs.com\/wp-content\/uploads\/2023\/06\/1200px-PortOVan.jpg","type":"image\/jpeg"}],"author":"Benoit Charette","twitter_card":"summary_large_image","twitter_creator":"@canadamotorjobs","twitter_site":"@canadamotorjobs","twitter_misc":{"\u00c9crit par":"Benoit Charette","Estimation du temps de lecture":"3 minutes"},"schema":{"@context":"https:\/\/schema.org","@graph":[{"@type":"Article","@id":"https:\/\/news.canadamotorjobs.com\/fr\/des-delais-dattente-dun-mois-au-port-de-vancouver-pour-recuperer-des-voitures\/#article","isPartOf":{"@id":"https:\/\/news.canadamotorjobs.com\/fr\/des-delais-dattente-dun-mois-au-port-de-vancouver-pour-recuperer-des-voitures\/"},"author":{"name":"Benoit Charette","@id":"https:\/\/news.canadamotorjobs.com\/#\/schema\/person\/51793d1f87d44011d7bcc2ed99269a90"},"headline":"Des d\u00e9lais d\u2019attente d\u2019un mois au port de Vancouver pour r\u00e9cup\u00e9rer des voitures","datePublished":"2023-06-23T13:19:17+00:00","dateModified":"2023-06-23T13:22:12+00:00","mainEntityOfPage":{"@id":"https:\/\/news.canadamotorjobs.com\/fr\/des-delais-dattente-dun-mois-au-port-de-vancouver-pour-recuperer-des-voitures\/"},"wordCount":670,"publisher":{"@id":"https:\/\/news.canadamotorjobs.com\/#organization"},"image":{"@id":"https:\/\/news.canadamotorjobs.com\/fr\/des-delais-dattente-dun-mois-au-port-de-vancouver-pour-recuperer-des-voitures\/#primaryimage"},"thumbnailUrl":"https:\/\/news.canadamotorjobs.com\/wp-content\/uploads\/2023\/06\/1200px-PortOVan.jpg","articleSection":["Annuel automobile"],"inLanguage":"fr-CA"},{"@type":"WebPage","@id":"https:\/\/news.canadamotorjobs.com\/fr\/des-delais-dattente-dun-mois-au-port-de-vancouver-pour-recuperer-des-voitures\/","url":"https:\/\/news.canadamotorjobs.com\/fr\/des-delais-dattente-dun-mois-au-port-de-vancouver-pour-recuperer-des-voitures\/","name":"Des d\u00e9lais d\u2019attente d\u2019un mois au port de Vancouver pour r\u00e9cup\u00e9rer des voitures - CanadaMotorJobs.com","isPartOf":{"@id":"https:\/\/news.canadamotorjobs.com\/#website"},"primaryImageOfPage":{"@id":"https:\/\/news.canadamotorjobs.com\/fr\/des-delais-dattente-dun-mois-au-port-de-vancouver-pour-recuperer-des-voitures\/#primaryimage"},"image":{"@id":"https:\/\/news.canadamotorjobs.com\/fr\/des-delais-dattente-dun-mois-au-port-de-vancouver-pour-recuperer-des-voitures\/#primaryimage"},"thumbnailUrl":"https:\/\/news.canadamotorjobs.com\/wp-content\/uploads\/2023\/06\/1200px-PortOVan.jpg","datePublished":"2023-06-23T13:19:17+00:00","dateModified":"2023-06-23T13:22:12+00:00","description":"Des d\u00e9lais d\u2019attente d\u2019un mois au port de Vancouver pour r\u00e9cup\u00e9rer des voitures - Benoit Charette - Annuel automobile - CanadaMotorJobs.com.","breadcrumb":{"@id":"https:\/\/news.canadamotorjobs.com\/fr\/des-delais-dattente-dun-mois-au-port-de-vancouver-pour-recuperer-des-voitures\/#breadcrumb"},"inLanguage":"fr-CA","potentialAction":[{"@type":"ReadAction","target":["https:\/\/news.canadamotorjobs.com\/fr\/des-delais-dattente-dun-mois-au-port-de-vancouver-pour-recuperer-des-voitures\/"]}]},{"@type":"ImageObject","inLanguage":"fr-CA","@id":"https:\/\/news.canadamotorjobs.com\/fr\/des-delais-dattente-dun-mois-au-port-de-vancouver-pour-recuperer-des-voitures\/#primaryimage","url":"https:\/\/news.canadamotorjobs.com\/wp-content\/uploads\/2023\/06\/1200px-PortOVan.jpg","contentUrl":"https:\/\/news.canadamotorjobs.com\/wp-content\/uploads\/2023\/06\/1200px-PortOVan.jpg","width":1200,"height":900},{"@type":"BreadcrumbList","@id":"https:\/\/news.canadamotorjobs.com\/fr\/des-delais-dattente-dun-mois-au-port-de-vancouver-pour-recuperer-des-voitures\/#breadcrumb","itemListElement":[{"@type":"ListItem","position":1,"name":"Home","item":"https:\/\/news.canadamotorjobs.com\/fr\/blog\/"},{"@type":"ListItem","position":2,"name":"Des d\u00e9lais d\u2019attente d\u2019un mois au port de Vancouver pour r\u00e9cup\u00e9rer des voitures"}]},{"@type":"WebSite","@id":"https:\/\/news.canadamotorjobs.com\/#website","url":"https:\/\/news.canadamotorjobs.com\/","name":"CanadaMotorJobs.com","description":"Automotive Jobs","publisher":{"@id":"https:\/\/news.canadamotorjobs.com\/#organization"},"potentialAction":[{"@type":"SearchAction","target":{"@type":"EntryPoint","urlTemplate":"https:\/\/news.canadamotorjobs.com\/?s={search_term_string}"},"query-input":"required name=search_term_string"}],"inLanguage":"fr-CA"},{"@type":"Organization","@id":"https:\/\/news.canadamotorjobs.com\/#organization","name":"Canada Motor Jobs","url":"https:\/\/news.canadamotorjobs.com\/","logo":{"@type":"ImageObject","inLanguage":"fr-CA","@id":"https:\/\/news.canadamotorjobs.com\/#\/schema\/logo\/image\/","url":"https:\/\/news.canadamotorjobs.com\/wp-content\/uploads\/2022\/10\/logo-canada-motor-jobs-1.png","contentUrl":"https:\/\/news.canadamotorjobs.com\/wp-content\/uploads\/2022\/10\/logo-canada-motor-jobs-1.png","width":800,"height":400,"caption":"Canada Motor Jobs"},"image":{"@id":"https:\/\/news.canadamotorjobs.com\/#\/schema\/logo\/image\/"},"sameAs":["https:\/\/www.facebook.com\/canadamotorjobs\/","https:\/\/x.com\/canadamotorjobs","https:\/\/www.instagram.com\/canadamotorjobs\/","https:\/\/www.linkedin.com\/company\/canadamotorjobs"]},{"@type":"Person","@id":"https:\/\/news.canadamotorjobs.com\/#\/schema\/person\/51793d1f87d44011d7bcc2ed99269a90","name":"Benoit Charette","image":{"@type":"ImageObject","inLanguage":"fr-CA","@id":"https:\/\/news.canadamotorjobs.com\/#\/schema\/person\/image\/","url":"https:\/\/secure.gravatar.com\/avatar\/45f3d2eebcccd909668d7ce7ea7267b6?s=96&d=mm&r=g","contentUrl":"https:\/\/secure.gravatar.com\/avatar\/45f3d2eebcccd909668d7ce7ea7267b6?s=96&d=mm&r=g","caption":"Benoit Charette"},"description":"Benoit Charette \/ Propri\u00e9taire et r\u00e9dacteur en chef Benoit Charette pratique le journalisme automobile depuis bient\u00f4t 30 ans. Il a fait ses classes au c\u00f4t\u00e9 de Daniel H\u00e9raud et au Carnet de route de 1992 \u00e0 2001. Il est fondateur, copropri\u00e9taire et r\u00e9dacteur en chef de L\u2019Annuel de l\u2019automobile, qu\u2019il publie depuis 2001. Il a anim\u00e9 les \u00e9missions RPM et RPM+ sur V et les L\u00e9gendes de la route sur Historia. \u00c0 la radio depuis 1986, il reprend l\u2019antenne cette ann\u00e9e sur les ondes de Cogeco et participe pour la deuxi\u00e8me ann\u00e9e \u00e0 l\u2019\u00e9mission Passion Auto sur RDS en plus de mettre en ligne le site Web officiel de L\u2019Annuel de l\u2019automobile sur annuelauto.ca.","sameAs":["https:\/\/annuelauto.ca\/"],"url":"https:\/\/news.canadamotorjobs.com\/fr\/author\/benoit-charette\/"}]}},"_links":{"self":[{"href":"https:\/\/news.canadamotorjobs.com\/fr\/wp-json\/wp\/v2\/posts\/147695"}],"collection":[{"href":"https:\/\/news.canadamotorjobs.com\/fr\/wp-json\/wp\/v2\/posts"}],"about":[{"href":"https:\/\/news.canadamotorjobs.com\/fr\/wp-json\/wp\/v2\/types\/post"}],"author":[{"embeddable":true,"href":"https:\/\/news.canadamotorjobs.com\/fr\/wp-json\/wp\/v2\/users\/8"}],"replies":[{"embeddable":true,"href":"https:\/\/news.canadamotorjobs.com\/fr\/wp-json\/wp\/v2\/comments?post=147695"}],"version-history":[{"count":2,"href":"https:\/\/news.canadamotorjobs.com\/fr\/wp-json\/wp\/v2\/posts\/147695\/revisions"}],"predecessor-version":[{"id":147699,"href":"https:\/\/news.canadamotorjobs.com\/fr\/wp-json\/wp\/v2\/posts\/147695\/revisions\/147699"}],"wp:featuredmedia":[{"embeddable":true,"href":"https:\/\/news.canadamotorjobs.com\/fr\/wp-json\/wp\/v2\/media\/147697"}],"wp:attachment":[{"href":"https:\/\/news.canadamotorjobs.com\/fr\/wp-json\/wp\/v2\/media?parent=147695"}],"wp:term":[{"taxonomy":"category","embeddable":true,"href":"https:\/\/news.canadamotorjobs.com\/fr\/wp-json\/wp\/v2\/categories?post=147695"},{"taxonomy":"post_tag","embeddable":true,"href":"https:\/\/news.canadamotorjobs.com\/fr\/wp-json\/wp\/v2\/tags?post=147695"}],"curies":[{"name":"wp","href":"https:\/\/api.w.org\/{rel}","templated":true}]}}