{"id":147676,"date":"2023-06-23T08:39:22","date_gmt":"2023-06-23T12:39:22","guid":{"rendered":"https:\/\/news.canadamotorjobs.com\/?p=147676"},"modified":"2023-06-23T08:46:27","modified_gmt":"2023-06-23T12:46:27","slug":"honda-rappelle-12-million-de-vehicules","status":"publish","type":"post","link":"https:\/\/news.canadamotorjobs.com\/fr\/honda-rappelle-12-million-de-vehicules\/","title":{"rendered":"Honda rappelle 1,2 million de v\u00e9hicules"},"content":{"rendered":"<\/p>\n<p>Honda rappelle pr\u00e8s de 1,2 million de v\u00e9hicules car l&#8217;image de la cam\u00e9ra de recul peut ne pas s&#8217;afficher sur l&#8217;\u00e9cran du tableau de bord.<\/p>\n<p>Le rappel concerne les mod\u00e8les Odyssey de 2018 \u00e0 2023, ainsi que les VUS Pilot de 2019 \u00e0 2022 et Passport de 2019 \u00e0 2023.<\/p>\n<p>Honda indique dans des documents publi\u00e9s vendredi par les autorit\u00e9s am\u00e9ricaines de r\u00e9glementation de la s\u00e9curit\u00e9 que le probl\u00e8me est li\u00e9 \u00e0 un connecteur de c\u00e2ble coaxial d\u00e9fectueux. La National Highway Traffic Safety Administration indique que si l&#8217;image de la cam\u00e9ra de recul ne s&#8217;affiche pas, cela peut r\u00e9duire la visibilit\u00e9 du conducteur et augmenter le risque d&#8217;accident.<\/p>\n<p>L&#8217;entreprise dit avoir re\u00e7u pr\u00e8s de 274 000 r\u00e9clamations au titre de la garantie entre mai 2017 et le 8 juin. Aucun cas de blessure n&#8217;a \u00e9t\u00e9 signal\u00e9.<\/p>\n<p>Les concessionnaires remplaceront un faisceau de c\u00e2bles et installeront un cache de redressement sans frais pour les propri\u00e9taires, qui seront inform\u00e9s par lettre \u00e0 partir du 24 juillet.<\/p>\n<p>\u00a0<\/p>\n<p>Avec des renseignements de Reuters<\/p>\n<p>Le texte <a rel=\"nofollow\" href=\"https:\/\/annuelauto.ca\/honda-rappelle-12-million-de-vehicules\/\">Honda rappelle 1,2 million de v\u00e9hicules<\/a> provient de <a rel=\"nofollow\" href=\"https:\/\/annuelauto.ca\">L&#8217;annuel de l&#8217;automobile &#8211; Actualit\u00e9 automobile<\/a><\/p>\n<p><\/p>\n","protected":false},"excerpt":{"rendered":"<p>Honda rappelle pr\u00e8s de 1,2 million de v\u00e9hicules car l&#8217;image de la cam\u00e9ra de recul peut ne pas s&#8217;afficher sur l&#8217;\u00e9cran du tableau de bord. Le rappel concerne les mod\u00e8les Odyssey de 2018 \u00e0 2023, ainsi que les VUS Pilot de 2019 \u00e0 2022 et Passport de 2019 \u00e0 2023. Honda indique dans des documents [&hellip;]<\/p>\n","protected":false},"author":8,"featured_media":147678,"comment_status":"close","ping_status":"closed","sticky":false,"template":"","format":"standard","meta":{"_monsterinsights_skip_tracking":false,"_monsterinsights_sitenote_active":false,"_monsterinsights_sitenote_note":"","_monsterinsights_sitenote_category":0,"footnotes":""},"categories":[101],"tags":[],"yoast_head":"<!-- This site is optimized with the Yoast SEO plugin v23.2 - https:\/\/yoast.com\/wordpress\/plugins\/seo\/ -->\n<title>Honda rappelle 1,2 million de v\u00e9hicules - CanadaMotorJobs.com<\/title>\n<meta name=\"description\" content=\"Honda rappelle 1,2 million de v\u00e9hicules - Benoit Charette - Annuel automobile - CanadaMotorJobs.com.\" \/>\n<meta name=\"robots\" content=\"index, follow, max-snippet:-1, max-image-preview:large, max-video-preview:-1\" \/>\n<meta property=\"og:locale\" content=\"fr_CA\" \/>\n<meta property=\"og:type\" content=\"article\" \/>\n<meta property=\"og:title\" content=\"Honda rappelle 1,2 million de v\u00e9hicules - CanadaMotorJobs.com\" \/>\n<meta property=\"og:description\" content=\"Honda rappelle 1,2 million de v\u00e9hicules - Benoit Charette - Annuel automobile - CanadaMotorJobs.com.\" \/>\n<meta property=\"og:url\" content=\"https:\/\/news.canadamotorjobs.com\/fr\/honda-rappelle-12-million-de-vehicules\/\" \/>\n<meta property=\"og:site_name\" content=\"CanadaMotorJobs.com\" \/>\n<meta property=\"article:publisher\" content=\"https:\/\/www.facebook.com\/canadamotorjobs\/\" \/>\n<meta property=\"article:published_time\" content=\"2023-06-23T12:39:22+00:00\" \/>\n<meta property=\"article:modified_time\" content=\"2023-06-23T12:46:27+00:00\" \/>\n<meta property=\"og:image\" content=\"https:\/\/news.canadamotorjobs.com\/wp-content\/uploads\/2023\/06\/2022-Honda-Pilot-ext2.jpg\" \/>\n\t<meta property=\"og:image:width\" content=\"800\" \/>\n\t<meta property=\"og:image:height\" content=\"533\" \/>\n\t<meta property=\"og:image:type\" content=\"image\/jpeg\" \/>\n<meta name=\"author\" content=\"Benoit Charette\" \/>\n<meta name=\"twitter:card\" content=\"summary_large_image\" \/>\n<meta name=\"twitter:creator\" content=\"@canadamotorjobs\" \/>\n<meta name=\"twitter:site\" content=\"@canadamotorjobs\" \/>\n<meta name=\"twitter:label1\" content=\"\u00c9crit par\" \/>\n\t<meta name=\"twitter:data1\" content=\"Benoit Charette\" \/>\n\t<meta name=\"twitter:label2\" content=\"Estimation du temps de lecture\" \/>\n\t<meta name=\"twitter:data2\" content=\"1 minute\" \/>\n<!-- \/ Yoast SEO plugin. -->","yoast_head_json":{"title":"Honda rappelle 1,2 million de v\u00e9hicules - CanadaMotorJobs.com","description":"Honda rappelle 1,2 million de v\u00e9hicules - Benoit Charette - Annuel automobile - CanadaMotorJobs.com.","robots":{"index":"index","follow":"follow","max-snippet":"max-snippet:-1","max-image-preview":"max-image-preview:large","max-video-preview":"max-video-preview:-1"},"og_locale":"fr_CA","og_type":"article","og_title":"Honda rappelle 1,2 million de v\u00e9hicules - CanadaMotorJobs.com","og_description":"Honda rappelle 1,2 million de v\u00e9hicules - Benoit Charette - Annuel automobile - CanadaMotorJobs.com.","og_url":"https:\/\/news.canadamotorjobs.com\/fr\/honda-rappelle-12-million-de-vehicules\/","og_site_name":"CanadaMotorJobs.com","article_publisher":"https:\/\/www.facebook.com\/canadamotorjobs\/","article_published_time":"2023-06-23T12:39:22+00:00","article_modified_time":"2023-06-23T12:46:27+00:00","og_image":[{"width":800,"height":533,"url":"https:\/\/news.canadamotorjobs.com\/wp-content\/uploads\/2023\/06\/2022-Honda-Pilot-ext2.jpg","type":"image\/jpeg"}],"author":"Benoit Charette","twitter_card":"summary_large_image","twitter_creator":"@canadamotorjobs","twitter_site":"@canadamotorjobs","twitter_misc":{"\u00c9crit par":"Benoit Charette","Estimation du temps de lecture":"1 minute"},"schema":{"@context":"https:\/\/schema.org","@graph":[{"@type":"Article","@id":"https:\/\/news.canadamotorjobs.com\/fr\/honda-rappelle-12-million-de-vehicules\/#article","isPartOf":{"@id":"https:\/\/news.canadamotorjobs.com\/fr\/honda-rappelle-12-million-de-vehicules\/"},"author":{"name":"Benoit Charette","@id":"https:\/\/news.canadamotorjobs.com\/#\/schema\/person\/51793d1f87d44011d7bcc2ed99269a90"},"headline":"Honda rappelle 1,2 million de v\u00e9hicules","datePublished":"2023-06-23T12:39:22+00:00","dateModified":"2023-06-23T12:46:27+00:00","mainEntityOfPage":{"@id":"https:\/\/news.canadamotorjobs.com\/fr\/honda-rappelle-12-million-de-vehicules\/"},"wordCount":203,"publisher":{"@id":"https:\/\/news.canadamotorjobs.com\/#organization"},"image":{"@id":"https:\/\/news.canadamotorjobs.com\/fr\/honda-rappelle-12-million-de-vehicules\/#primaryimage"},"thumbnailUrl":"https:\/\/news.canadamotorjobs.com\/wp-content\/uploads\/2023\/06\/2022-Honda-Pilot-ext2.jpg","articleSection":["Annuel automobile"],"inLanguage":"fr-CA"},{"@type":"WebPage","@id":"https:\/\/news.canadamotorjobs.com\/fr\/honda-rappelle-12-million-de-vehicules\/","url":"https:\/\/news.canadamotorjobs.com\/fr\/honda-rappelle-12-million-de-vehicules\/","name":"Honda rappelle 1,2 million de v\u00e9hicules - CanadaMotorJobs.com","isPartOf":{"@id":"https:\/\/news.canadamotorjobs.com\/#website"},"primaryImageOfPage":{"@id":"https:\/\/news.canadamotorjobs.com\/fr\/honda-rappelle-12-million-de-vehicules\/#primaryimage"},"image":{"@id":"https:\/\/news.canadamotorjobs.com\/fr\/honda-rappelle-12-million-de-vehicules\/#primaryimage"},"thumbnailUrl":"https:\/\/news.canadamotorjobs.com\/wp-content\/uploads\/2023\/06\/2022-Honda-Pilot-ext2.jpg","datePublished":"2023-06-23T12:39:22+00:00","dateModified":"2023-06-23T12:46:27+00:00","description":"Honda rappelle 1,2 million de v\u00e9hicules - Benoit Charette - Annuel automobile - CanadaMotorJobs.com.","breadcrumb":{"@id":"https:\/\/news.canadamotorjobs.com\/fr\/honda-rappelle-12-million-de-vehicules\/#breadcrumb"},"inLanguage":"fr-CA","potentialAction":[{"@type":"ReadAction","target":["https:\/\/news.canadamotorjobs.com\/fr\/honda-rappelle-12-million-de-vehicules\/"]}]},{"@type":"ImageObject","inLanguage":"fr-CA","@id":"https:\/\/news.canadamotorjobs.com\/fr\/honda-rappelle-12-million-de-vehicules\/#primaryimage","url":"https:\/\/news.canadamotorjobs.com\/wp-content\/uploads\/2023\/06\/2022-Honda-Pilot-ext2.jpg","contentUrl":"https:\/\/news.canadamotorjobs.com\/wp-content\/uploads\/2023\/06\/2022-Honda-Pilot-ext2.jpg","width":800,"height":533},{"@type":"BreadcrumbList","@id":"https:\/\/news.canadamotorjobs.com\/fr\/honda-rappelle-12-million-de-vehicules\/#breadcrumb","itemListElement":[{"@type":"ListItem","position":1,"name":"Home","item":"https:\/\/news.canadamotorjobs.com\/fr\/blog\/"},{"@type":"ListItem","position":2,"name":"Honda rappelle 1,2 million de v\u00e9hicules"}]},{"@type":"WebSite","@id":"https:\/\/news.canadamotorjobs.com\/#website","url":"https:\/\/news.canadamotorjobs.com\/","name":"CanadaMotorJobs.com","description":"Automotive Jobs","publisher":{"@id":"https:\/\/news.canadamotorjobs.com\/#organization"},"potentialAction":[{"@type":"SearchAction","target":{"@type":"EntryPoint","urlTemplate":"https:\/\/news.canadamotorjobs.com\/?s={search_term_string}"},"query-input":"required name=search_term_string"}],"inLanguage":"fr-CA"},{"@type":"Organization","@id":"https:\/\/news.canadamotorjobs.com\/#organization","name":"Canada Motor Jobs","url":"https:\/\/news.canadamotorjobs.com\/","logo":{"@type":"ImageObject","inLanguage":"fr-CA","@id":"https:\/\/news.canadamotorjobs.com\/#\/schema\/logo\/image\/","url":"https:\/\/news.canadamotorjobs.com\/wp-content\/uploads\/2022\/10\/logo-canada-motor-jobs-1.png","contentUrl":"https:\/\/news.canadamotorjobs.com\/wp-content\/uploads\/2022\/10\/logo-canada-motor-jobs-1.png","width":800,"height":400,"caption":"Canada Motor Jobs"},"image":{"@id":"https:\/\/news.canadamotorjobs.com\/#\/schema\/logo\/image\/"},"sameAs":["https:\/\/www.facebook.com\/canadamotorjobs\/","https:\/\/x.com\/canadamotorjobs","https:\/\/www.instagram.com\/canadamotorjobs\/","https:\/\/www.linkedin.com\/company\/canadamotorjobs"]},{"@type":"Person","@id":"https:\/\/news.canadamotorjobs.com\/#\/schema\/person\/51793d1f87d44011d7bcc2ed99269a90","name":"Benoit Charette","image":{"@type":"ImageObject","inLanguage":"fr-CA","@id":"https:\/\/news.canadamotorjobs.com\/#\/schema\/person\/image\/","url":"https:\/\/secure.gravatar.com\/avatar\/45f3d2eebcccd909668d7ce7ea7267b6?s=96&d=mm&r=g","contentUrl":"https:\/\/secure.gravatar.com\/avatar\/45f3d2eebcccd909668d7ce7ea7267b6?s=96&d=mm&r=g","caption":"Benoit Charette"},"description":"Benoit Charette \/ Propri\u00e9taire et r\u00e9dacteur en chef Benoit Charette pratique le journalisme automobile depuis bient\u00f4t 30 ans. Il a fait ses classes au c\u00f4t\u00e9 de Daniel H\u00e9raud et au Carnet de route de 1992 \u00e0 2001. Il est fondateur, copropri\u00e9taire et r\u00e9dacteur en chef de L\u2019Annuel de l\u2019automobile, qu\u2019il publie depuis 2001. Il a anim\u00e9 les \u00e9missions RPM et RPM+ sur V et les L\u00e9gendes de la route sur Historia. \u00c0 la radio depuis 1986, il reprend l\u2019antenne cette ann\u00e9e sur les ondes de Cogeco et participe pour la deuxi\u00e8me ann\u00e9e \u00e0 l\u2019\u00e9mission Passion Auto sur RDS en plus de mettre en ligne le site Web officiel de L\u2019Annuel de l\u2019automobile sur annuelauto.ca.","sameAs":["https:\/\/annuelauto.ca\/"],"url":"https:\/\/news.canadamotorjobs.com\/fr\/author\/benoit-charette\/"}]}},"_links":{"self":[{"href":"https:\/\/news.canadamotorjobs.com\/fr\/wp-json\/wp\/v2\/posts\/147676"}],"collection":[{"href":"https:\/\/news.canadamotorjobs.com\/fr\/wp-json\/wp\/v2\/posts"}],"about":[{"href":"https:\/\/news.canadamotorjobs.com\/fr\/wp-json\/wp\/v2\/types\/post"}],"author":[{"embeddable":true,"href":"https:\/\/news.canadamotorjobs.com\/fr\/wp-json\/wp\/v2\/users\/8"}],"replies":[{"embeddable":true,"href":"https:\/\/news.canadamotorjobs.com\/fr\/wp-json\/wp\/v2\/comments?post=147676"}],"version-history":[{"count":2,"href":"https:\/\/news.canadamotorjobs.com\/fr\/wp-json\/wp\/v2\/posts\/147676\/revisions"}],"predecessor-version":[{"id":147680,"href":"https:\/\/news.canadamotorjobs.com\/fr\/wp-json\/wp\/v2\/posts\/147676\/revisions\/147680"}],"wp:featuredmedia":[{"embeddable":true,"href":"https:\/\/news.canadamotorjobs.com\/fr\/wp-json\/wp\/v2\/media\/147678"}],"wp:attachment":[{"href":"https:\/\/news.canadamotorjobs.com\/fr\/wp-json\/wp\/v2\/media?parent=147676"}],"wp:term":[{"taxonomy":"category","embeddable":true,"href":"https:\/\/news.canadamotorjobs.com\/fr\/wp-json\/wp\/v2\/categories?post=147676"},{"taxonomy":"post_tag","embeddable":true,"href":"https:\/\/news.canadamotorjobs.com\/fr\/wp-json\/wp\/v2\/tags?post=147676"}],"curies":[{"name":"wp","href":"https:\/\/api.w.org\/{rel}","templated":true}]}}