{"id":147622,"date":"2023-06-22T09:10:43","date_gmt":"2023-06-22T13:10:43","guid":{"rendered":"https:\/\/news.canadamotorjobs.com\/?p=147622"},"modified":"2023-06-22T09:15:43","modified_gmt":"2023-06-22T13:15:43","slug":"flo-ajoutera-loption-du-connecteur-de-charge-nacs-a-ses-chargeurs","status":"publish","type":"post","link":"https:\/\/news.canadamotorjobs.com\/fr\/flo-ajoutera-loption-du-connecteur-de-charge-nacs-a-ses-chargeurs\/","title":{"rendered":"FLO ajoutera l\u2019option du connecteur de charge NACS \u00e0 ses chargeurs"},"content":{"rendered":"<\/p>\n<p>Apr\u00e8s les constructeurs qui adoptent la norme NACS, c\u2019est au tour de la Qu\u00e9b\u00e9coise FLO d\u2019embo\u00eeter le pas. FLO a annonc\u00e9 au d\u00e9but du mois qu&#8217;il offrirait le connecteur de recharge North American Charging Standard (NACS) de Tesla sur ses chargeurs rapides. Une d\u00e9cision logique si les constructeurs adoptent massivement cette norme.<\/p>\n<h3>Des bornes d\u00e9j\u00e0 con\u00e7ues pour la norme NACS<\/h3>\n<p>\nFLO a \u00e9t\u00e9 l&#8217;un des premiers fabricants de bornes \u00e0 annoncer cette d\u00e9cision \u00e9tant donn\u00e9 que de plus en plus de constructeurs de v\u00e9hicules \u00e9lectriques souhaitent passer du syst\u00e8me de charge combin\u00e9 (CCS1) au NACS.\u00a0 Il est int\u00e9ressant de noter que FLO a r\u00e9v\u00e9l\u00e9 que sa nouvelle station de charge rapide FLO Ultra DC \u00e9tait &#8220;d\u00e9j\u00e0 con\u00e7ue pour prendre en charge les c\u00e2bles NACS \u00e0 la demande des clients ou des h\u00f4tes du site&#8221;.<\/p>\n<h3>Est-ce que d\u2019autres fabricants de bornes vont embarquer ?<\/h3>\n<p>\nLe chargeur FLO Ultra, pr\u00e9sent\u00e9 lors de la 36e \u00e9dition de l&#8217;Electric Vehicle Symposium and Exposition (EVS36) en Californie, est une unit\u00e9 \u00e0 double port de 320 kilowatts (kW). Il peut charger simultan\u00e9ment deux v\u00e9hicules (jusqu&#8217;\u00e0 160 kW chacun) ou un seul v\u00e9hicule (jusqu&#8217;\u00e0 320 kW), et prend en charge des niveaux de tension de batterie allant de 150 \u00e0 1 000 V. En fait, la puissance de sortie peut \u00eatre plus \u00e9lev\u00e9e (jusqu&#8217;\u00e0 500 kW) si plusieurs FLO Ultra sont connect\u00e9s ensemble pour partager la puissance au sein d&#8217;une station. Deux unit\u00e9s ont une puissance totale combin\u00e9e de 640 kW et seule la norme de charge (prise et c\u00e2ble), ainsi que la batterie du v\u00e9hicule \u00e9lectrique, sera alors la limite. Reste maintenant \u00e0 savoir si d\u2019autres fabricants de bornes vont suivre l\u2019exemple de FLO et quand.<\/p>\n<p>\u00a0<\/p>\n<p>Avec des renseignements de Inside EV\u2019s<\/p>\n<p>Le texte <a rel=\"nofollow\" href=\"https:\/\/annuelauto.ca\/flo-ajoutera-loption-du-connecteur-de-charge-nacs-a-ses-chargeurs\/\">FLO ajoutera l\u2019option du connecteur de charge NACS \u00e0 ses chargeurs<\/a> provient de <a rel=\"nofollow\" href=\"https:\/\/annuelauto.ca\">L&#8217;annuel de l&#8217;automobile &#8211; Actualit\u00e9 automobile<\/a><\/p>\n<p><\/p>\n","protected":false},"excerpt":{"rendered":"<p>Apr\u00e8s les constructeurs qui adoptent la norme NACS, c\u2019est au tour de la Qu\u00e9b\u00e9coise FLO d\u2019embo\u00eeter le pas. FLO a annonc\u00e9 au d\u00e9but du mois qu&#8217;il offrirait le connecteur de recharge North American Charging Standard (NACS) de Tesla sur ses chargeurs rapides. Une d\u00e9cision logique si les constructeurs adoptent massivement cette norme. Des bornes d\u00e9j\u00e0 [&hellip;]<\/p>\n","protected":false},"author":8,"featured_media":147624,"comment_status":"close","ping_status":"closed","sticky":false,"template":"","format":"standard","meta":{"_monsterinsights_skip_tracking":false,"_monsterinsights_sitenote_active":false,"_monsterinsights_sitenote_note":"","_monsterinsights_sitenote_category":0,"footnotes":""},"categories":[101],"tags":[],"yoast_head":"<!-- This site is optimized with the Yoast SEO plugin v23.2 - https:\/\/yoast.com\/wordpress\/plugins\/seo\/ -->\n<title>FLO ajoutera l\u2019option du connecteur de charge NACS \u00e0 ses chargeurs - CanadaMotorJobs.com<\/title>\n<meta name=\"description\" content=\"FLO ajoutera l\u2019option du connecteur de charge NACS \u00e0 ses chargeurs - Benoit Charette - Annuel automobile - CanadaMotorJobs.com.\" \/>\n<meta name=\"robots\" content=\"index, follow, max-snippet:-1, max-image-preview:large, max-video-preview:-1\" \/>\n<meta property=\"og:locale\" content=\"fr_CA\" \/>\n<meta property=\"og:type\" content=\"article\" \/>\n<meta property=\"og:title\" content=\"FLO ajoutera l\u2019option du connecteur de charge NACS \u00e0 ses chargeurs - CanadaMotorJobs.com\" \/>\n<meta property=\"og:description\" content=\"FLO ajoutera l\u2019option du connecteur de charge NACS \u00e0 ses chargeurs - Benoit Charette - Annuel automobile - CanadaMotorJobs.com.\" \/>\n<meta property=\"og:url\" content=\"https:\/\/news.canadamotorjobs.com\/fr\/flo-ajoutera-loption-du-connecteur-de-charge-nacs-a-ses-chargeurs\/\" \/>\n<meta property=\"og:site_name\" content=\"CanadaMotorJobs.com\" \/>\n<meta property=\"article:publisher\" content=\"https:\/\/www.facebook.com\/canadamotorjobs\/\" \/>\n<meta property=\"article:published_time\" content=\"2023-06-22T13:10:43+00:00\" \/>\n<meta property=\"article:modified_time\" content=\"2023-06-22T13:15:43+00:00\" \/>\n<meta property=\"og:image\" content=\"https:\/\/news.canadamotorjobs.com\/wp-content\/uploads\/2023\/06\/FLO-Ultra-Pull-Through_WEB-scaled-1.jpg\" \/>\n\t<meta property=\"og:image:width\" content=\"2560\" \/>\n\t<meta property=\"og:image:height\" content=\"1978\" \/>\n\t<meta property=\"og:image:type\" content=\"image\/jpeg\" \/>\n<meta name=\"author\" content=\"Benoit Charette\" \/>\n<meta name=\"twitter:card\" content=\"summary_large_image\" \/>\n<meta name=\"twitter:creator\" content=\"@canadamotorjobs\" \/>\n<meta name=\"twitter:site\" content=\"@canadamotorjobs\" \/>\n<meta name=\"twitter:label1\" content=\"\u00c9crit par\" \/>\n\t<meta name=\"twitter:data1\" content=\"Benoit Charette\" \/>\n\t<meta name=\"twitter:label2\" content=\"Estimation du temps de lecture\" \/>\n\t<meta name=\"twitter:data2\" content=\"2 minutes\" \/>\n<!-- \/ Yoast SEO plugin. -->","yoast_head_json":{"title":"FLO ajoutera l\u2019option du connecteur de charge NACS \u00e0 ses chargeurs - CanadaMotorJobs.com","description":"FLO ajoutera l\u2019option du connecteur de charge NACS \u00e0 ses chargeurs - Benoit Charette - Annuel automobile - CanadaMotorJobs.com.","robots":{"index":"index","follow":"follow","max-snippet":"max-snippet:-1","max-image-preview":"max-image-preview:large","max-video-preview":"max-video-preview:-1"},"og_locale":"fr_CA","og_type":"article","og_title":"FLO ajoutera l\u2019option du connecteur de charge NACS \u00e0 ses chargeurs - CanadaMotorJobs.com","og_description":"FLO ajoutera l\u2019option du connecteur de charge NACS \u00e0 ses chargeurs - Benoit Charette - Annuel automobile - CanadaMotorJobs.com.","og_url":"https:\/\/news.canadamotorjobs.com\/fr\/flo-ajoutera-loption-du-connecteur-de-charge-nacs-a-ses-chargeurs\/","og_site_name":"CanadaMotorJobs.com","article_publisher":"https:\/\/www.facebook.com\/canadamotorjobs\/","article_published_time":"2023-06-22T13:10:43+00:00","article_modified_time":"2023-06-22T13:15:43+00:00","og_image":[{"width":2560,"height":1978,"url":"https:\/\/news.canadamotorjobs.com\/wp-content\/uploads\/2023\/06\/FLO-Ultra-Pull-Through_WEB-scaled-1.jpg","type":"image\/jpeg"}],"author":"Benoit Charette","twitter_card":"summary_large_image","twitter_creator":"@canadamotorjobs","twitter_site":"@canadamotorjobs","twitter_misc":{"\u00c9crit par":"Benoit Charette","Estimation du temps de lecture":"2 minutes"},"schema":{"@context":"https:\/\/schema.org","@graph":[{"@type":"Article","@id":"https:\/\/news.canadamotorjobs.com\/fr\/flo-ajoutera-loption-du-connecteur-de-charge-nacs-a-ses-chargeurs\/#article","isPartOf":{"@id":"https:\/\/news.canadamotorjobs.com\/fr\/flo-ajoutera-loption-du-connecteur-de-charge-nacs-a-ses-chargeurs\/"},"author":{"name":"Benoit Charette","@id":"https:\/\/news.canadamotorjobs.com\/#\/schema\/person\/51793d1f87d44011d7bcc2ed99269a90"},"headline":"FLO ajoutera l\u2019option du connecteur de charge NACS \u00e0 ses chargeurs","datePublished":"2023-06-22T13:10:43+00:00","dateModified":"2023-06-22T13:15:43+00:00","mainEntityOfPage":{"@id":"https:\/\/news.canadamotorjobs.com\/fr\/flo-ajoutera-loption-du-connecteur-de-charge-nacs-a-ses-chargeurs\/"},"wordCount":343,"publisher":{"@id":"https:\/\/news.canadamotorjobs.com\/#organization"},"image":{"@id":"https:\/\/news.canadamotorjobs.com\/fr\/flo-ajoutera-loption-du-connecteur-de-charge-nacs-a-ses-chargeurs\/#primaryimage"},"thumbnailUrl":"https:\/\/news.canadamotorjobs.com\/wp-content\/uploads\/2023\/06\/FLO-Ultra-Pull-Through_WEB-scaled-1.jpg","articleSection":["Annuel automobile"],"inLanguage":"fr-CA"},{"@type":"WebPage","@id":"https:\/\/news.canadamotorjobs.com\/fr\/flo-ajoutera-loption-du-connecteur-de-charge-nacs-a-ses-chargeurs\/","url":"https:\/\/news.canadamotorjobs.com\/fr\/flo-ajoutera-loption-du-connecteur-de-charge-nacs-a-ses-chargeurs\/","name":"FLO ajoutera l\u2019option du connecteur de charge NACS \u00e0 ses chargeurs - CanadaMotorJobs.com","isPartOf":{"@id":"https:\/\/news.canadamotorjobs.com\/#website"},"primaryImageOfPage":{"@id":"https:\/\/news.canadamotorjobs.com\/fr\/flo-ajoutera-loption-du-connecteur-de-charge-nacs-a-ses-chargeurs\/#primaryimage"},"image":{"@id":"https:\/\/news.canadamotorjobs.com\/fr\/flo-ajoutera-loption-du-connecteur-de-charge-nacs-a-ses-chargeurs\/#primaryimage"},"thumbnailUrl":"https:\/\/news.canadamotorjobs.com\/wp-content\/uploads\/2023\/06\/FLO-Ultra-Pull-Through_WEB-scaled-1.jpg","datePublished":"2023-06-22T13:10:43+00:00","dateModified":"2023-06-22T13:15:43+00:00","description":"FLO ajoutera l\u2019option du connecteur de charge NACS \u00e0 ses chargeurs - Benoit Charette - Annuel automobile - CanadaMotorJobs.com.","breadcrumb":{"@id":"https:\/\/news.canadamotorjobs.com\/fr\/flo-ajoutera-loption-du-connecteur-de-charge-nacs-a-ses-chargeurs\/#breadcrumb"},"inLanguage":"fr-CA","potentialAction":[{"@type":"ReadAction","target":["https:\/\/news.canadamotorjobs.com\/fr\/flo-ajoutera-loption-du-connecteur-de-charge-nacs-a-ses-chargeurs\/"]}]},{"@type":"ImageObject","inLanguage":"fr-CA","@id":"https:\/\/news.canadamotorjobs.com\/fr\/flo-ajoutera-loption-du-connecteur-de-charge-nacs-a-ses-chargeurs\/#primaryimage","url":"https:\/\/news.canadamotorjobs.com\/wp-content\/uploads\/2023\/06\/FLO-Ultra-Pull-Through_WEB-scaled-1.jpg","contentUrl":"https:\/\/news.canadamotorjobs.com\/wp-content\/uploads\/2023\/06\/FLO-Ultra-Pull-Through_WEB-scaled-1.jpg","width":2560,"height":1978},{"@type":"BreadcrumbList","@id":"https:\/\/news.canadamotorjobs.com\/fr\/flo-ajoutera-loption-du-connecteur-de-charge-nacs-a-ses-chargeurs\/#breadcrumb","itemListElement":[{"@type":"ListItem","position":1,"name":"Home","item":"https:\/\/news.canadamotorjobs.com\/fr\/blog\/"},{"@type":"ListItem","position":2,"name":"FLO ajoutera l\u2019option du connecteur de charge NACS \u00e0 ses chargeurs"}]},{"@type":"WebSite","@id":"https:\/\/news.canadamotorjobs.com\/#website","url":"https:\/\/news.canadamotorjobs.com\/","name":"CanadaMotorJobs.com","description":"Automotive Jobs","publisher":{"@id":"https:\/\/news.canadamotorjobs.com\/#organization"},"potentialAction":[{"@type":"SearchAction","target":{"@type":"EntryPoint","urlTemplate":"https:\/\/news.canadamotorjobs.com\/?s={search_term_string}"},"query-input":"required name=search_term_string"}],"inLanguage":"fr-CA"},{"@type":"Organization","@id":"https:\/\/news.canadamotorjobs.com\/#organization","name":"Canada Motor Jobs","url":"https:\/\/news.canadamotorjobs.com\/","logo":{"@type":"ImageObject","inLanguage":"fr-CA","@id":"https:\/\/news.canadamotorjobs.com\/#\/schema\/logo\/image\/","url":"https:\/\/news.canadamotorjobs.com\/wp-content\/uploads\/2022\/10\/logo-canada-motor-jobs-1.png","contentUrl":"https:\/\/news.canadamotorjobs.com\/wp-content\/uploads\/2022\/10\/logo-canada-motor-jobs-1.png","width":800,"height":400,"caption":"Canada Motor Jobs"},"image":{"@id":"https:\/\/news.canadamotorjobs.com\/#\/schema\/logo\/image\/"},"sameAs":["https:\/\/www.facebook.com\/canadamotorjobs\/","https:\/\/x.com\/canadamotorjobs","https:\/\/www.instagram.com\/canadamotorjobs\/","https:\/\/www.linkedin.com\/company\/canadamotorjobs"]},{"@type":"Person","@id":"https:\/\/news.canadamotorjobs.com\/#\/schema\/person\/51793d1f87d44011d7bcc2ed99269a90","name":"Benoit Charette","image":{"@type":"ImageObject","inLanguage":"fr-CA","@id":"https:\/\/news.canadamotorjobs.com\/#\/schema\/person\/image\/","url":"https:\/\/secure.gravatar.com\/avatar\/45f3d2eebcccd909668d7ce7ea7267b6?s=96&d=mm&r=g","contentUrl":"https:\/\/secure.gravatar.com\/avatar\/45f3d2eebcccd909668d7ce7ea7267b6?s=96&d=mm&r=g","caption":"Benoit Charette"},"description":"Benoit Charette \/ Propri\u00e9taire et r\u00e9dacteur en chef Benoit Charette pratique le journalisme automobile depuis bient\u00f4t 30 ans. Il a fait ses classes au c\u00f4t\u00e9 de Daniel H\u00e9raud et au Carnet de route de 1992 \u00e0 2001. Il est fondateur, copropri\u00e9taire et r\u00e9dacteur en chef de L\u2019Annuel de l\u2019automobile, qu\u2019il publie depuis 2001. Il a anim\u00e9 les \u00e9missions RPM et RPM+ sur V et les L\u00e9gendes de la route sur Historia. \u00c0 la radio depuis 1986, il reprend l\u2019antenne cette ann\u00e9e sur les ondes de Cogeco et participe pour la deuxi\u00e8me ann\u00e9e \u00e0 l\u2019\u00e9mission Passion Auto sur RDS en plus de mettre en ligne le site Web officiel de L\u2019Annuel de l\u2019automobile sur annuelauto.ca.","sameAs":["https:\/\/annuelauto.ca\/"],"url":"https:\/\/news.canadamotorjobs.com\/fr\/author\/benoit-charette\/"}]}},"_links":{"self":[{"href":"https:\/\/news.canadamotorjobs.com\/fr\/wp-json\/wp\/v2\/posts\/147622"}],"collection":[{"href":"https:\/\/news.canadamotorjobs.com\/fr\/wp-json\/wp\/v2\/posts"}],"about":[{"href":"https:\/\/news.canadamotorjobs.com\/fr\/wp-json\/wp\/v2\/types\/post"}],"author":[{"embeddable":true,"href":"https:\/\/news.canadamotorjobs.com\/fr\/wp-json\/wp\/v2\/users\/8"}],"replies":[{"embeddable":true,"href":"https:\/\/news.canadamotorjobs.com\/fr\/wp-json\/wp\/v2\/comments?post=147622"}],"version-history":[{"count":2,"href":"https:\/\/news.canadamotorjobs.com\/fr\/wp-json\/wp\/v2\/posts\/147622\/revisions"}],"predecessor-version":[{"id":147626,"href":"https:\/\/news.canadamotorjobs.com\/fr\/wp-json\/wp\/v2\/posts\/147622\/revisions\/147626"}],"wp:featuredmedia":[{"embeddable":true,"href":"https:\/\/news.canadamotorjobs.com\/fr\/wp-json\/wp\/v2\/media\/147624"}],"wp:attachment":[{"href":"https:\/\/news.canadamotorjobs.com\/fr\/wp-json\/wp\/v2\/media?parent=147622"}],"wp:term":[{"taxonomy":"category","embeddable":true,"href":"https:\/\/news.canadamotorjobs.com\/fr\/wp-json\/wp\/v2\/categories?post=147622"},{"taxonomy":"post_tag","embeddable":true,"href":"https:\/\/news.canadamotorjobs.com\/fr\/wp-json\/wp\/v2\/tags?post=147622"}],"curies":[{"name":"wp","href":"https:\/\/api.w.org\/{rel}","templated":true}]}}