{"id":147568,"date":"2023-06-21T09:04:49","date_gmt":"2023-06-21T13:04:49","guid":{"rendered":"https:\/\/news.canadamotorjobs.com\/?p=147568"},"modified":"2023-06-21T09:15:16","modified_gmt":"2023-06-21T13:15:16","slug":"au-tour-de-rivian-dadopter-la-norme-nacs-de-tesla","status":"publish","type":"post","link":"https:\/\/news.canadamotorjobs.com\/fr\/au-tour-de-rivian-dadopter-la-norme-nacs-de-tesla\/","title":{"rendered":"Au tour de Rivian d\u2019adopter la norme NACS de Tesla"},"content":{"rendered":"<\/p>\n<p>M\u00eame si Rivian est encore absent du march\u00e9 Canadien, la compagnie a r\u00e9alis\u00e9 que pour acc\u00e9l\u00e9rer leur pr\u00e9sence en Am\u00e9rique et avoir acc\u00e8s \u00e0 un vaste r\u00e9seau de recharge, la solution tesla \u00e9tais la bonne. Rivian devient le plus r\u00e9cent constructeur automobile \u00e0 adopter la norme de charge, rejoignant ainsi une liste d&#8217;\u00e9quipementiers qui ne cesse de s&#8217;allonger.<\/p>\n<p>On fait comme Ford et GM<\/p>\n<p>On pourrait facilement affirmer que le combo SAE (CCS Type 1) est rest\u00e9 la norme bien apr\u00e8s la nouvelle nomenclature de Tesla. Des constructeurs automobiles comme Rivian et Ford ont mis en place leurs propres r\u00e9seaux de recharge en Am\u00e9rique du Nord en utilisant le CCS plut\u00f4t que le NACS. L&#8217;adoption du NACS n&#8217;a v\u00e9ritablement explos\u00e9 qu&#8217;en mai dernier, lorsque Tesla a annonc\u00e9 un partenariat avec Ford Motor Company. Non seulement les conducteurs de V\u00c9S de Ford auront bient\u00f4t acc\u00e8s \u00e0 des adaptateurs pour utiliser les 12 000 Superchargers de Tesla rien qu&#8217;aux \u00c9tats-Unis et au Canada, mais les nouveaux v\u00e9hicules Ford seront \u00e9quip\u00e9s de la prise NACS int\u00e9gr\u00e9e \u00e0 partir de 2025.<\/p>\n<p>Rivian passe au port NACS en 2025<\/p>\n<p>Rivian affirme qu&#8217;elle int\u00e9grera les ports de charge NACS en tant qu&#8217;\u00e9quipement de s\u00e9rie sur ses v\u00e9hicules R1 \u00e0 partir de 2025, et sur sa future plateforme R2 par la suite. RJ Scaringe, fondateur et PDG de Rivian, s&#8217;est exprim\u00e9 sur le nouvel accord NACS : Rivian affirme que bien qu&#8217;elle offre l&#8217;acc\u00e8s au vaste r\u00e9seau de charge de Tesla en Am\u00e9rique du Nord, elle continuera \u00e0 d\u00e9velopper son propre r\u00e9seau de chargeurs Adventure Network. On ne sait pas encore si ces piles Rivian prendront en charge le NACS en plus de SAE Combo avec CCS.<\/p>\n<p>\u00a0<\/p>\n<p>Avec des renseignements d\u2019Electrek<\/p>\n<p>\u00a0<\/p>\n<p>Le texte <a rel=\"nofollow\" href=\"https:\/\/annuelauto.ca\/au-tour-de-rivian-dadopter-la-norme-nacs-de-tesla\/\">Au tour de Rivian d\u2019adopter la norme NACS de Tesla<\/a> provient de <a rel=\"nofollow\" href=\"https:\/\/annuelauto.ca\">L&#8217;annuel de l&#8217;automobile &#8211; Actualit\u00e9 automobile<\/a><\/p>\n<p><\/p>\n","protected":false},"excerpt":{"rendered":"<p>M\u00eame si Rivian est encore absent du march\u00e9 Canadien, la compagnie a r\u00e9alis\u00e9 que pour acc\u00e9l\u00e9rer leur pr\u00e9sence en Am\u00e9rique et avoir acc\u00e8s \u00e0 un vaste r\u00e9seau de recharge, la solution tesla \u00e9tais la bonne. Rivian devient le plus r\u00e9cent constructeur automobile \u00e0 adopter la norme de charge, rejoignant ainsi une liste d&#8217;\u00e9quipementiers qui ne [&hellip;]<\/p>\n","protected":false},"author":8,"featured_media":147570,"comment_status":"close","ping_status":"closed","sticky":false,"template":"","format":"standard","meta":{"_monsterinsights_skip_tracking":false,"_monsterinsights_sitenote_active":false,"_monsterinsights_sitenote_note":"","_monsterinsights_sitenote_category":0,"footnotes":""},"categories":[101],"tags":[],"yoast_head":"<!-- This site is optimized with the Yoast SEO plugin v23.2 - https:\/\/yoast.com\/wordpress\/plugins\/seo\/ -->\n<title>Au tour de Rivian d\u2019adopter la norme NACS de Tesla - CanadaMotorJobs.com<\/title>\n<meta name=\"description\" content=\"Au tour de Rivian d\u2019adopter la norme NACS de Tesla - Benoit Charette - Annuel automobile - CanadaMotorJobs.com.\" \/>\n<meta name=\"robots\" content=\"index, follow, max-snippet:-1, max-image-preview:large, max-video-preview:-1\" \/>\n<meta property=\"og:locale\" content=\"fr_CA\" \/>\n<meta property=\"og:type\" content=\"article\" \/>\n<meta property=\"og:title\" content=\"Au tour de Rivian d\u2019adopter la norme NACS de Tesla - CanadaMotorJobs.com\" \/>\n<meta property=\"og:description\" content=\"Au tour de Rivian d\u2019adopter la norme NACS de Tesla - Benoit Charette - Annuel automobile - CanadaMotorJobs.com.\" \/>\n<meta property=\"og:url\" content=\"https:\/\/news.canadamotorjobs.com\/fr\/au-tour-de-rivian-dadopter-la-norme-nacs-de-tesla\/\" \/>\n<meta property=\"og:site_name\" content=\"CanadaMotorJobs.com\" \/>\n<meta property=\"article:publisher\" content=\"https:\/\/www.facebook.com\/canadamotorjobs\/\" \/>\n<meta property=\"article:published_time\" content=\"2023-06-21T13:04:49+00:00\" \/>\n<meta property=\"article:modified_time\" content=\"2023-06-21T13:15:16+00:00\" \/>\n<meta property=\"og:image\" content=\"https:\/\/news.canadamotorjobs.com\/wp-content\/uploads\/2023\/06\/1200px-Rivian-r1t-2021.jpg\" \/>\n\t<meta property=\"og:image:width\" content=\"1200\" \/>\n\t<meta property=\"og:image:height\" content=\"800\" \/>\n\t<meta property=\"og:image:type\" content=\"image\/jpeg\" \/>\n<meta name=\"author\" content=\"Benoit Charette\" \/>\n<meta name=\"twitter:card\" content=\"summary_large_image\" \/>\n<meta name=\"twitter:creator\" content=\"@canadamotorjobs\" \/>\n<meta name=\"twitter:site\" content=\"@canadamotorjobs\" \/>\n<meta name=\"twitter:label1\" content=\"\u00c9crit par\" \/>\n\t<meta name=\"twitter:data1\" content=\"Benoit Charette\" \/>\n\t<meta name=\"twitter:label2\" content=\"Estimation du temps de lecture\" \/>\n\t<meta name=\"twitter:data2\" content=\"2 minutes\" \/>\n<!-- \/ Yoast SEO plugin. -->","yoast_head_json":{"title":"Au tour de Rivian d\u2019adopter la norme NACS de Tesla - CanadaMotorJobs.com","description":"Au tour de Rivian d\u2019adopter la norme NACS de Tesla - Benoit Charette - Annuel automobile - CanadaMotorJobs.com.","robots":{"index":"index","follow":"follow","max-snippet":"max-snippet:-1","max-image-preview":"max-image-preview:large","max-video-preview":"max-video-preview:-1"},"og_locale":"fr_CA","og_type":"article","og_title":"Au tour de Rivian d\u2019adopter la norme NACS de Tesla - CanadaMotorJobs.com","og_description":"Au tour de Rivian d\u2019adopter la norme NACS de Tesla - Benoit Charette - Annuel automobile - CanadaMotorJobs.com.","og_url":"https:\/\/news.canadamotorjobs.com\/fr\/au-tour-de-rivian-dadopter-la-norme-nacs-de-tesla\/","og_site_name":"CanadaMotorJobs.com","article_publisher":"https:\/\/www.facebook.com\/canadamotorjobs\/","article_published_time":"2023-06-21T13:04:49+00:00","article_modified_time":"2023-06-21T13:15:16+00:00","og_image":[{"width":1200,"height":800,"url":"https:\/\/news.canadamotorjobs.com\/wp-content\/uploads\/2023\/06\/1200px-Rivian-r1t-2021.jpg","type":"image\/jpeg"}],"author":"Benoit Charette","twitter_card":"summary_large_image","twitter_creator":"@canadamotorjobs","twitter_site":"@canadamotorjobs","twitter_misc":{"\u00c9crit par":"Benoit Charette","Estimation du temps de lecture":"2 minutes"},"schema":{"@context":"https:\/\/schema.org","@graph":[{"@type":"Article","@id":"https:\/\/news.canadamotorjobs.com\/fr\/au-tour-de-rivian-dadopter-la-norme-nacs-de-tesla\/#article","isPartOf":{"@id":"https:\/\/news.canadamotorjobs.com\/fr\/au-tour-de-rivian-dadopter-la-norme-nacs-de-tesla\/"},"author":{"name":"Benoit Charette","@id":"https:\/\/news.canadamotorjobs.com\/#\/schema\/person\/51793d1f87d44011d7bcc2ed99269a90"},"headline":"Au tour de Rivian d\u2019adopter la norme NACS de Tesla","datePublished":"2023-06-21T13:04:49+00:00","dateModified":"2023-06-21T13:15:16+00:00","mainEntityOfPage":{"@id":"https:\/\/news.canadamotorjobs.com\/fr\/au-tour-de-rivian-dadopter-la-norme-nacs-de-tesla\/"},"wordCount":346,"publisher":{"@id":"https:\/\/news.canadamotorjobs.com\/#organization"},"image":{"@id":"https:\/\/news.canadamotorjobs.com\/fr\/au-tour-de-rivian-dadopter-la-norme-nacs-de-tesla\/#primaryimage"},"thumbnailUrl":"https:\/\/news.canadamotorjobs.com\/wp-content\/uploads\/2023\/06\/1200px-Rivian-r1t-2021.jpg","articleSection":["Annuel automobile"],"inLanguage":"fr-CA"},{"@type":"WebPage","@id":"https:\/\/news.canadamotorjobs.com\/fr\/au-tour-de-rivian-dadopter-la-norme-nacs-de-tesla\/","url":"https:\/\/news.canadamotorjobs.com\/fr\/au-tour-de-rivian-dadopter-la-norme-nacs-de-tesla\/","name":"Au tour de Rivian d\u2019adopter la norme NACS de Tesla - CanadaMotorJobs.com","isPartOf":{"@id":"https:\/\/news.canadamotorjobs.com\/#website"},"primaryImageOfPage":{"@id":"https:\/\/news.canadamotorjobs.com\/fr\/au-tour-de-rivian-dadopter-la-norme-nacs-de-tesla\/#primaryimage"},"image":{"@id":"https:\/\/news.canadamotorjobs.com\/fr\/au-tour-de-rivian-dadopter-la-norme-nacs-de-tesla\/#primaryimage"},"thumbnailUrl":"https:\/\/news.canadamotorjobs.com\/wp-content\/uploads\/2023\/06\/1200px-Rivian-r1t-2021.jpg","datePublished":"2023-06-21T13:04:49+00:00","dateModified":"2023-06-21T13:15:16+00:00","description":"Au tour de Rivian d\u2019adopter la norme NACS de Tesla - Benoit Charette - Annuel automobile - CanadaMotorJobs.com.","breadcrumb":{"@id":"https:\/\/news.canadamotorjobs.com\/fr\/au-tour-de-rivian-dadopter-la-norme-nacs-de-tesla\/#breadcrumb"},"inLanguage":"fr-CA","potentialAction":[{"@type":"ReadAction","target":["https:\/\/news.canadamotorjobs.com\/fr\/au-tour-de-rivian-dadopter-la-norme-nacs-de-tesla\/"]}]},{"@type":"ImageObject","inLanguage":"fr-CA","@id":"https:\/\/news.canadamotorjobs.com\/fr\/au-tour-de-rivian-dadopter-la-norme-nacs-de-tesla\/#primaryimage","url":"https:\/\/news.canadamotorjobs.com\/wp-content\/uploads\/2023\/06\/1200px-Rivian-r1t-2021.jpg","contentUrl":"https:\/\/news.canadamotorjobs.com\/wp-content\/uploads\/2023\/06\/1200px-Rivian-r1t-2021.jpg","width":1200,"height":800},{"@type":"BreadcrumbList","@id":"https:\/\/news.canadamotorjobs.com\/fr\/au-tour-de-rivian-dadopter-la-norme-nacs-de-tesla\/#breadcrumb","itemListElement":[{"@type":"ListItem","position":1,"name":"Home","item":"https:\/\/news.canadamotorjobs.com\/fr\/blog\/"},{"@type":"ListItem","position":2,"name":"Au tour de Rivian d\u2019adopter la norme NACS de Tesla"}]},{"@type":"WebSite","@id":"https:\/\/news.canadamotorjobs.com\/#website","url":"https:\/\/news.canadamotorjobs.com\/","name":"CanadaMotorJobs.com","description":"Automotive Jobs","publisher":{"@id":"https:\/\/news.canadamotorjobs.com\/#organization"},"potentialAction":[{"@type":"SearchAction","target":{"@type":"EntryPoint","urlTemplate":"https:\/\/news.canadamotorjobs.com\/?s={search_term_string}"},"query-input":"required name=search_term_string"}],"inLanguage":"fr-CA"},{"@type":"Organization","@id":"https:\/\/news.canadamotorjobs.com\/#organization","name":"Canada Motor Jobs","url":"https:\/\/news.canadamotorjobs.com\/","logo":{"@type":"ImageObject","inLanguage":"fr-CA","@id":"https:\/\/news.canadamotorjobs.com\/#\/schema\/logo\/image\/","url":"https:\/\/news.canadamotorjobs.com\/wp-content\/uploads\/2022\/10\/logo-canada-motor-jobs-1.png","contentUrl":"https:\/\/news.canadamotorjobs.com\/wp-content\/uploads\/2022\/10\/logo-canada-motor-jobs-1.png","width":800,"height":400,"caption":"Canada Motor Jobs"},"image":{"@id":"https:\/\/news.canadamotorjobs.com\/#\/schema\/logo\/image\/"},"sameAs":["https:\/\/www.facebook.com\/canadamotorjobs\/","https:\/\/x.com\/canadamotorjobs","https:\/\/www.instagram.com\/canadamotorjobs\/","https:\/\/www.linkedin.com\/company\/canadamotorjobs"]},{"@type":"Person","@id":"https:\/\/news.canadamotorjobs.com\/#\/schema\/person\/51793d1f87d44011d7bcc2ed99269a90","name":"Benoit Charette","image":{"@type":"ImageObject","inLanguage":"fr-CA","@id":"https:\/\/news.canadamotorjobs.com\/#\/schema\/person\/image\/","url":"https:\/\/secure.gravatar.com\/avatar\/45f3d2eebcccd909668d7ce7ea7267b6?s=96&d=mm&r=g","contentUrl":"https:\/\/secure.gravatar.com\/avatar\/45f3d2eebcccd909668d7ce7ea7267b6?s=96&d=mm&r=g","caption":"Benoit Charette"},"description":"Benoit Charette \/ Propri\u00e9taire et r\u00e9dacteur en chef Benoit Charette pratique le journalisme automobile depuis bient\u00f4t 30 ans. Il a fait ses classes au c\u00f4t\u00e9 de Daniel H\u00e9raud et au Carnet de route de 1992 \u00e0 2001. Il est fondateur, copropri\u00e9taire et r\u00e9dacteur en chef de L\u2019Annuel de l\u2019automobile, qu\u2019il publie depuis 2001. Il a anim\u00e9 les \u00e9missions RPM et RPM+ sur V et les L\u00e9gendes de la route sur Historia. \u00c0 la radio depuis 1986, il reprend l\u2019antenne cette ann\u00e9e sur les ondes de Cogeco et participe pour la deuxi\u00e8me ann\u00e9e \u00e0 l\u2019\u00e9mission Passion Auto sur RDS en plus de mettre en ligne le site Web officiel de L\u2019Annuel de l\u2019automobile sur annuelauto.ca.","sameAs":["https:\/\/annuelauto.ca\/"],"url":"https:\/\/news.canadamotorjobs.com\/fr\/author\/benoit-charette\/"}]}},"_links":{"self":[{"href":"https:\/\/news.canadamotorjobs.com\/fr\/wp-json\/wp\/v2\/posts\/147568"}],"collection":[{"href":"https:\/\/news.canadamotorjobs.com\/fr\/wp-json\/wp\/v2\/posts"}],"about":[{"href":"https:\/\/news.canadamotorjobs.com\/fr\/wp-json\/wp\/v2\/types\/post"}],"author":[{"embeddable":true,"href":"https:\/\/news.canadamotorjobs.com\/fr\/wp-json\/wp\/v2\/users\/8"}],"replies":[{"embeddable":true,"href":"https:\/\/news.canadamotorjobs.com\/fr\/wp-json\/wp\/v2\/comments?post=147568"}],"version-history":[{"count":2,"href":"https:\/\/news.canadamotorjobs.com\/fr\/wp-json\/wp\/v2\/posts\/147568\/revisions"}],"predecessor-version":[{"id":147572,"href":"https:\/\/news.canadamotorjobs.com\/fr\/wp-json\/wp\/v2\/posts\/147568\/revisions\/147572"}],"wp:featuredmedia":[{"embeddable":true,"href":"https:\/\/news.canadamotorjobs.com\/fr\/wp-json\/wp\/v2\/media\/147570"}],"wp:attachment":[{"href":"https:\/\/news.canadamotorjobs.com\/fr\/wp-json\/wp\/v2\/media?parent=147568"}],"wp:term":[{"taxonomy":"category","embeddable":true,"href":"https:\/\/news.canadamotorjobs.com\/fr\/wp-json\/wp\/v2\/categories?post=147568"},{"taxonomy":"post_tag","embeddable":true,"href":"https:\/\/news.canadamotorjobs.com\/fr\/wp-json\/wp\/v2\/tags?post=147568"}],"curies":[{"name":"wp","href":"https:\/\/api.w.org\/{rel}","templated":true}]}}