{"id":147503,"date":"2023-06-20T07:37:51","date_gmt":"2023-06-20T11:37:51","guid":{"rendered":"https:\/\/news.canadamotorjobs.com\/?p=147503"},"modified":"2023-06-20T07:47:48","modified_gmt":"2023-06-20T11:47:48","slug":"vw-va-amener-un-correctif-a-ses-touches-tactiles","status":"publish","type":"post","link":"https:\/\/news.canadamotorjobs.com\/fr\/vw-va-amener-un-correctif-a-ses-touches-tactiles\/","title":{"rendered":"VW va amener un correctif \u00e0 ses touches tactiles"},"content":{"rendered":"<\/p>\n<p>Volkswagen a toujours \u00e9t\u00e9 synonyme de produits pratiques et fonctionnels. Tout cela a chang\u00e9 lorsque la huiti\u00e8me g\u00e9n\u00e9ration de la Golf est sortie en 2019, car les gens de Wolfsburg ont d\u00e9cid\u00e9 d&#8217;essayer quelque chose de nouveau avec les commandes tactiles. Nous ne parlons pas seulement des boutons d\u00e9licats sur le volant, mais aussi du curseur tactile situ\u00e9 sous le syst\u00e8me d&#8217;infodivertissement pour r\u00e9gler la temp\u00e9rature.<\/p>\n<h3>Une maladie qui s\u2019est r\u00e9pandue sur d\u2019autres mod\u00e8les<\/h3>\n<p>\nL&#8217;ID.4 a \u00e9galement re\u00e7u cette configuration, ainsi que d\u2019autres mod\u00e8les du groupe \u00e0 travers le monde. Dans une interview accord\u00e9e \u00e0 Autocar, le PDG Thomas Sch\u00e4fer a reconnu que les commandes tactiles \u00e9taient une erreur. Il a d\u00e9clar\u00e9 que les commandes tactiles &#8220;ont certainement fait beaucoup de d\u00e9g\u00e2ts&#8221; et que l&#8217;entreprise &#8220;a frustr\u00e9 des clients qui ne devraient pas l&#8217;\u00eatre&#8221;. Heureusement, une solution est en route puisque la marque allemande va se d\u00e9barrasser des curseurs de contr\u00f4le de la climatisation et des boutons haptiques du volant.<\/p>\n<h3>Un retour vers les boutons<\/h3>\n<p>\nLe premier mod\u00e8le \u00e0 b\u00e9n\u00e9ficier de cette nouvelle configuration sera le Tiguan de nouvelle g\u00e9n\u00e9ration. En regardant de plus pr\u00e8s la partie inf\u00e9rieure de la console centrale du Tiguan 2024, vous verrez un bouton rotatif avec un \u00e9cran OLED int\u00e9gr\u00e9. Il sert \u00e0 r\u00e9gler le volume et les couleurs de l&#8217;\u00e9clairage d&#8217;ambiance, ainsi qu&#8217;\u00e0 s\u00e9lectionner les modes de conduite du syst\u00e8me de contr\u00f4le actif 4Motion. Attention, VW ne revient pas \u00e0 des commandes conventionnelles \u00e0 l&#8217;int\u00e9rieur de ses voitures, puisque de nos jours, il s&#8217;agit de placer de grands \u00e9crans et d&#8217;int\u00e9grer la plupart des fonctions dans le syst\u00e8me d&#8217;infodivertissement. Dans le cas du Tiguan, l&#8217;\u00e9cran atteindra 15 pouces pour correspondre \u00e0 l&#8217;ID.7.<\/p>\n<h3>Volkswagen va aussi offrir de meilleurs mat\u00e9riaux<\/h3>\n<p>\nLe pr\u00e9sident du groupe VW, Oliver Blume, a promis une &#8220;offensive qualit\u00e9&#8221; et des &#8220;langages de conception clairs&#8221; pour mieux diff\u00e9rencier les mod\u00e8les \u00e0 plate-forme partag\u00e9e. Il a \u00e9galement indiqu\u00e9 que les marques Golf et Tiguan survivraient \u00e0 l&#8217;in\u00e9vitable \u00e8re des v\u00e9hicules \u00e9lectriques.<\/p>\n<p>Avec des renseignements de Motor 1<\/p>\n<p>Le texte <a rel=\"nofollow\" href=\"https:\/\/annuelauto.ca\/vw-va-amener-un-correctif-a-ses-touches-tactiles\/\">VW va amener un correctif \u00e0 ses touches tactiles<\/a> provient de <a rel=\"nofollow\" href=\"https:\/\/annuelauto.ca\">L&#8217;annuel de l&#8217;automobile &#8211; Actualit\u00e9 automobile<\/a><\/p>\n<p><\/p>\n","protected":false},"excerpt":{"rendered":"<p>Volkswagen a toujours \u00e9t\u00e9 synonyme de produits pratiques et fonctionnels. Tout cela a chang\u00e9 lorsque la huiti\u00e8me g\u00e9n\u00e9ration de la Golf est sortie en 2019, car les gens de Wolfsburg ont d\u00e9cid\u00e9 d&#8217;essayer quelque chose de nouveau avec les commandes tactiles. Nous ne parlons pas seulement des boutons d\u00e9licats sur le volant, mais aussi du [&hellip;]<\/p>\n","protected":false},"author":8,"featured_media":147505,"comment_status":"close","ping_status":"closed","sticky":false,"template":"","format":"standard","meta":{"_monsterinsights_skip_tracking":false,"_monsterinsights_sitenote_active":false,"_monsterinsights_sitenote_note":"","_monsterinsights_sitenote_category":0,"footnotes":""},"categories":[101],"tags":[],"yoast_head":"<!-- This site is optimized with the Yoast SEO plugin v23.2 - https:\/\/yoast.com\/wordpress\/plugins\/seo\/ -->\n<title>VW va amener un correctif \u00e0 ses touches tactiles - CanadaMotorJobs.com<\/title>\n<meta name=\"description\" content=\"VW va amener un correctif \u00e0 ses touches tactiles - Benoit Charette - Annuel automobile - CanadaMotorJobs.com.\" \/>\n<meta name=\"robots\" content=\"index, follow, max-snippet:-1, max-image-preview:large, max-video-preview:-1\" \/>\n<meta property=\"og:locale\" content=\"fr_CA\" \/>\n<meta property=\"og:type\" content=\"article\" \/>\n<meta property=\"og:title\" content=\"VW va amener un correctif \u00e0 ses touches tactiles - CanadaMotorJobs.com\" \/>\n<meta property=\"og:description\" content=\"VW va amener un correctif \u00e0 ses touches tactiles - Benoit Charette - Annuel automobile - CanadaMotorJobs.com.\" \/>\n<meta property=\"og:url\" content=\"https:\/\/news.canadamotorjobs.com\/fr\/vw-va-amener-un-correctif-a-ses-touches-tactiles\/\" \/>\n<meta property=\"og:site_name\" content=\"CanadaMotorJobs.com\" \/>\n<meta property=\"article:publisher\" content=\"https:\/\/www.facebook.com\/canadamotorjobs\/\" \/>\n<meta property=\"article:published_time\" content=\"2023-06-20T11:37:51+00:00\" \/>\n<meta property=\"article:modified_time\" content=\"2023-06-20T11:47:48+00:00\" \/>\n<meta property=\"og:image\" content=\"https:\/\/news.canadamotorjobs.com\/wp-content\/uploads\/2023\/06\/DB2019AU01462_blog-1024x576-1.jpg\" \/>\n\t<meta property=\"og:image:width\" content=\"1024\" \/>\n\t<meta property=\"og:image:height\" content=\"576\" \/>\n\t<meta property=\"og:image:type\" content=\"image\/jpeg\" \/>\n<meta name=\"author\" content=\"Benoit Charette\" \/>\n<meta name=\"twitter:card\" content=\"summary_large_image\" \/>\n<meta name=\"twitter:creator\" content=\"@canadamotorjobs\" \/>\n<meta name=\"twitter:site\" content=\"@canadamotorjobs\" \/>\n<meta name=\"twitter:label1\" content=\"\u00c9crit par\" \/>\n\t<meta name=\"twitter:data1\" content=\"Benoit Charette\" \/>\n\t<meta name=\"twitter:label2\" content=\"Estimation du temps de lecture\" \/>\n\t<meta name=\"twitter:data2\" content=\"2 minutes\" \/>\n<!-- \/ Yoast SEO plugin. -->","yoast_head_json":{"title":"VW va amener un correctif \u00e0 ses touches tactiles - CanadaMotorJobs.com","description":"VW va amener un correctif \u00e0 ses touches tactiles - Benoit Charette - Annuel automobile - CanadaMotorJobs.com.","robots":{"index":"index","follow":"follow","max-snippet":"max-snippet:-1","max-image-preview":"max-image-preview:large","max-video-preview":"max-video-preview:-1"},"og_locale":"fr_CA","og_type":"article","og_title":"VW va amener un correctif \u00e0 ses touches tactiles - CanadaMotorJobs.com","og_description":"VW va amener un correctif \u00e0 ses touches tactiles - Benoit Charette - Annuel automobile - CanadaMotorJobs.com.","og_url":"https:\/\/news.canadamotorjobs.com\/fr\/vw-va-amener-un-correctif-a-ses-touches-tactiles\/","og_site_name":"CanadaMotorJobs.com","article_publisher":"https:\/\/www.facebook.com\/canadamotorjobs\/","article_published_time":"2023-06-20T11:37:51+00:00","article_modified_time":"2023-06-20T11:47:48+00:00","og_image":[{"width":1024,"height":576,"url":"https:\/\/news.canadamotorjobs.com\/wp-content\/uploads\/2023\/06\/DB2019AU01462_blog-1024x576-1.jpg","type":"image\/jpeg"}],"author":"Benoit Charette","twitter_card":"summary_large_image","twitter_creator":"@canadamotorjobs","twitter_site":"@canadamotorjobs","twitter_misc":{"\u00c9crit par":"Benoit Charette","Estimation du temps de lecture":"2 minutes"},"schema":{"@context":"https:\/\/schema.org","@graph":[{"@type":"Article","@id":"https:\/\/news.canadamotorjobs.com\/fr\/vw-va-amener-un-correctif-a-ses-touches-tactiles\/#article","isPartOf":{"@id":"https:\/\/news.canadamotorjobs.com\/fr\/vw-va-amener-un-correctif-a-ses-touches-tactiles\/"},"author":{"name":"Benoit Charette","@id":"https:\/\/news.canadamotorjobs.com\/#\/schema\/person\/51793d1f87d44011d7bcc2ed99269a90"},"headline":"VW va amener un correctif \u00e0 ses touches tactiles","datePublished":"2023-06-20T11:37:51+00:00","dateModified":"2023-06-20T11:47:48+00:00","mainEntityOfPage":{"@id":"https:\/\/news.canadamotorjobs.com\/fr\/vw-va-amener-un-correctif-a-ses-touches-tactiles\/"},"wordCount":407,"publisher":{"@id":"https:\/\/news.canadamotorjobs.com\/#organization"},"image":{"@id":"https:\/\/news.canadamotorjobs.com\/fr\/vw-va-amener-un-correctif-a-ses-touches-tactiles\/#primaryimage"},"thumbnailUrl":"https:\/\/news.canadamotorjobs.com\/wp-content\/uploads\/2023\/06\/DB2019AU01462_blog-1024x576-1.jpg","articleSection":["Annuel automobile"],"inLanguage":"fr-CA"},{"@type":"WebPage","@id":"https:\/\/news.canadamotorjobs.com\/fr\/vw-va-amener-un-correctif-a-ses-touches-tactiles\/","url":"https:\/\/news.canadamotorjobs.com\/fr\/vw-va-amener-un-correctif-a-ses-touches-tactiles\/","name":"VW va amener un correctif \u00e0 ses touches tactiles - CanadaMotorJobs.com","isPartOf":{"@id":"https:\/\/news.canadamotorjobs.com\/#website"},"primaryImageOfPage":{"@id":"https:\/\/news.canadamotorjobs.com\/fr\/vw-va-amener-un-correctif-a-ses-touches-tactiles\/#primaryimage"},"image":{"@id":"https:\/\/news.canadamotorjobs.com\/fr\/vw-va-amener-un-correctif-a-ses-touches-tactiles\/#primaryimage"},"thumbnailUrl":"https:\/\/news.canadamotorjobs.com\/wp-content\/uploads\/2023\/06\/DB2019AU01462_blog-1024x576-1.jpg","datePublished":"2023-06-20T11:37:51+00:00","dateModified":"2023-06-20T11:47:48+00:00","description":"VW va amener un correctif \u00e0 ses touches tactiles - Benoit Charette - Annuel automobile - CanadaMotorJobs.com.","breadcrumb":{"@id":"https:\/\/news.canadamotorjobs.com\/fr\/vw-va-amener-un-correctif-a-ses-touches-tactiles\/#breadcrumb"},"inLanguage":"fr-CA","potentialAction":[{"@type":"ReadAction","target":["https:\/\/news.canadamotorjobs.com\/fr\/vw-va-amener-un-correctif-a-ses-touches-tactiles\/"]}]},{"@type":"ImageObject","inLanguage":"fr-CA","@id":"https:\/\/news.canadamotorjobs.com\/fr\/vw-va-amener-un-correctif-a-ses-touches-tactiles\/#primaryimage","url":"https:\/\/news.canadamotorjobs.com\/wp-content\/uploads\/2023\/06\/DB2019AU01462_blog-1024x576-1.jpg","contentUrl":"https:\/\/news.canadamotorjobs.com\/wp-content\/uploads\/2023\/06\/DB2019AU01462_blog-1024x576-1.jpg","width":1024,"height":576},{"@type":"BreadcrumbList","@id":"https:\/\/news.canadamotorjobs.com\/fr\/vw-va-amener-un-correctif-a-ses-touches-tactiles\/#breadcrumb","itemListElement":[{"@type":"ListItem","position":1,"name":"Home","item":"https:\/\/news.canadamotorjobs.com\/fr\/blog\/"},{"@type":"ListItem","position":2,"name":"VW va amener un correctif \u00e0 ses touches tactiles"}]},{"@type":"WebSite","@id":"https:\/\/news.canadamotorjobs.com\/#website","url":"https:\/\/news.canadamotorjobs.com\/","name":"CanadaMotorJobs.com","description":"Automotive Jobs","publisher":{"@id":"https:\/\/news.canadamotorjobs.com\/#organization"},"potentialAction":[{"@type":"SearchAction","target":{"@type":"EntryPoint","urlTemplate":"https:\/\/news.canadamotorjobs.com\/?s={search_term_string}"},"query-input":"required name=search_term_string"}],"inLanguage":"fr-CA"},{"@type":"Organization","@id":"https:\/\/news.canadamotorjobs.com\/#organization","name":"Canada Motor Jobs","url":"https:\/\/news.canadamotorjobs.com\/","logo":{"@type":"ImageObject","inLanguage":"fr-CA","@id":"https:\/\/news.canadamotorjobs.com\/#\/schema\/logo\/image\/","url":"https:\/\/news.canadamotorjobs.com\/wp-content\/uploads\/2022\/10\/logo-canada-motor-jobs-1.png","contentUrl":"https:\/\/news.canadamotorjobs.com\/wp-content\/uploads\/2022\/10\/logo-canada-motor-jobs-1.png","width":800,"height":400,"caption":"Canada Motor Jobs"},"image":{"@id":"https:\/\/news.canadamotorjobs.com\/#\/schema\/logo\/image\/"},"sameAs":["https:\/\/www.facebook.com\/canadamotorjobs\/","https:\/\/x.com\/canadamotorjobs","https:\/\/www.instagram.com\/canadamotorjobs\/","https:\/\/www.linkedin.com\/company\/canadamotorjobs"]},{"@type":"Person","@id":"https:\/\/news.canadamotorjobs.com\/#\/schema\/person\/51793d1f87d44011d7bcc2ed99269a90","name":"Benoit Charette","image":{"@type":"ImageObject","inLanguage":"fr-CA","@id":"https:\/\/news.canadamotorjobs.com\/#\/schema\/person\/image\/","url":"https:\/\/secure.gravatar.com\/avatar\/45f3d2eebcccd909668d7ce7ea7267b6?s=96&d=mm&r=g","contentUrl":"https:\/\/secure.gravatar.com\/avatar\/45f3d2eebcccd909668d7ce7ea7267b6?s=96&d=mm&r=g","caption":"Benoit Charette"},"description":"Benoit Charette \/ Propri\u00e9taire et r\u00e9dacteur en chef Benoit Charette pratique le journalisme automobile depuis bient\u00f4t 30 ans. Il a fait ses classes au c\u00f4t\u00e9 de Daniel H\u00e9raud et au Carnet de route de 1992 \u00e0 2001. Il est fondateur, copropri\u00e9taire et r\u00e9dacteur en chef de L\u2019Annuel de l\u2019automobile, qu\u2019il publie depuis 2001. Il a anim\u00e9 les \u00e9missions RPM et RPM+ sur V et les L\u00e9gendes de la route sur Historia. \u00c0 la radio depuis 1986, il reprend l\u2019antenne cette ann\u00e9e sur les ondes de Cogeco et participe pour la deuxi\u00e8me ann\u00e9e \u00e0 l\u2019\u00e9mission Passion Auto sur RDS en plus de mettre en ligne le site Web officiel de L\u2019Annuel de l\u2019automobile sur annuelauto.ca.","sameAs":["https:\/\/annuelauto.ca\/"],"url":"https:\/\/news.canadamotorjobs.com\/fr\/author\/benoit-charette\/"}]}},"_links":{"self":[{"href":"https:\/\/news.canadamotorjobs.com\/fr\/wp-json\/wp\/v2\/posts\/147503"}],"collection":[{"href":"https:\/\/news.canadamotorjobs.com\/fr\/wp-json\/wp\/v2\/posts"}],"about":[{"href":"https:\/\/news.canadamotorjobs.com\/fr\/wp-json\/wp\/v2\/types\/post"}],"author":[{"embeddable":true,"href":"https:\/\/news.canadamotorjobs.com\/fr\/wp-json\/wp\/v2\/users\/8"}],"replies":[{"embeddable":true,"href":"https:\/\/news.canadamotorjobs.com\/fr\/wp-json\/wp\/v2\/comments?post=147503"}],"version-history":[{"count":2,"href":"https:\/\/news.canadamotorjobs.com\/fr\/wp-json\/wp\/v2\/posts\/147503\/revisions"}],"predecessor-version":[{"id":147507,"href":"https:\/\/news.canadamotorjobs.com\/fr\/wp-json\/wp\/v2\/posts\/147503\/revisions\/147507"}],"wp:featuredmedia":[{"embeddable":true,"href":"https:\/\/news.canadamotorjobs.com\/fr\/wp-json\/wp\/v2\/media\/147505"}],"wp:attachment":[{"href":"https:\/\/news.canadamotorjobs.com\/fr\/wp-json\/wp\/v2\/media?parent=147503"}],"wp:term":[{"taxonomy":"category","embeddable":true,"href":"https:\/\/news.canadamotorjobs.com\/fr\/wp-json\/wp\/v2\/categories?post=147503"},{"taxonomy":"post_tag","embeddable":true,"href":"https:\/\/news.canadamotorjobs.com\/fr\/wp-json\/wp\/v2\/tags?post=147503"}],"curies":[{"name":"wp","href":"https:\/\/api.w.org\/{rel}","templated":true}]}}