{"id":147480,"date":"2023-06-20T07:08:25","date_gmt":"2023-06-20T11:08:25","guid":{"rendered":"https:\/\/news.canadamotorjobs.com\/?p=147480"},"modified":"2023-06-20T07:16:19","modified_gmt":"2023-06-20T11:16:19","slug":"au-tour-de-hyundai-denvisager-la-norme-de-recharge-tesla-en-amerique-du-nord","status":"publish","type":"post","link":"https:\/\/news.canadamotorjobs.com\/fr\/au-tour-de-hyundai-denvisager-la-norme-de-recharge-tesla-en-amerique-du-nord\/","title":{"rendered":"Au tour de Hyundai d\u2019envisager la norme de recharge Tesla en Am\u00e9rique du Nord"},"content":{"rendered":"<\/p>\n<p>De plus en plus de constructeurs semblent maintenant vouloir joindre Tesla pour la norme de recharge. Le g\u00e9ant Cor\u00e9en Hyundai r\u00e9alise comme d\u2019autres que Tesla poss\u00e8de 60 % des chargeurs rapides disponibles aux \u00c9tats-Unis. Ces derni\u00e8res semaines, Ford et General Motors ont conclu des accords avec Tesla pour utiliser sa technologie de recharge, d\u00e9sormais appel\u00e9e &#8220;North American Charging Standard&#8221;. Apr\u00e8s Stellantis, Hyundai a maintenant laiss\u00e9 savoir qu\u2019il \u00e9tait en r\u00e9flexion<\/p>\n<h3>Un poids de taille dans la balance<\/h3>\n<p>\nLe PDG de Hyundai, Jaehoon Chang a d\u00e9clar\u00e9 que l&#8217;entreprise envisagerait de rejoindre l&#8217;alliance des constructeurs automobiles qui adoptent la norme de Tesla, mais qu&#8217;elle devrait d\u00e9terminer si c&#8217;est dans l&#8217;int\u00e9r\u00eat de ses clients. L&#8217;un des probl\u00e8mes, a-t-il dit, est que le r\u00e9seau actuel de Superchargeurs de Tesla ne permet pas la charge plus rapide que les v\u00e9hicules \u00e9lectriques de Hyundai peuvent atteindre sur d&#8217;autres chargeurs. &#8220;C&#8217;est ce que nous allons examiner du point de vue du client&#8221;, a d\u00e9clar\u00e9 M. Chang aux analystes lors de la journ\u00e9e des investisseurs du constructeur automobile. Les nouvelles voitures \u00e9lectriques de Hyundai, dont la Ioniq 5, utilisent une architecture \u00e9lectrique de 800 volts pour permettre une recharge plus rapide, alors que les superchargeurs de Tesla fonctionnent \u00e0 une tension inf\u00e9rieure.<\/p>\n<h3>Des pourparlers entre Tesla et Hyundai<\/h3>\n<p>\nM. Chang a indiqu\u00e9 que Hyundai consulterait Tesla pour voir s&#8217;il est possible d&#8217;adapter son syst\u00e8me de recharge pour les clients de Hyundai afin qu&#8217;ils puissent se recharger plus rapidement. L&#8217;ouverture du r\u00e9seau de recharge de Tesla aux v\u00e9hicules \u00e9lectriques d&#8217;autres marques est une condition pour que l&#8217;entreprise puisse b\u00e9n\u00e9ficier d&#8217;une partie des 7,5 milliards de dollars de subventions accord\u00e9es par l&#8217;administration Biden pour acc\u00e9l\u00e9rer le d\u00e9ploiement des chargeurs aux \u00c9tats-Unis.<\/p>\n<p>Le constructeur automobile am\u00e9ricain devrait \u00e9galement tirer profit de la vente d&#8217;\u00e9lectricit\u00e9 \u00e0 un plus grand nombre de conducteurs de v\u00e9hicules \u00e9lectriques. Les actions de Tesla ont augment\u00e9 de plus de 40\u00a0% depuis la fin du mois de mai, date de l&#8217;annonce de l&#8217;accord avec Ford.<\/p>\n<p>Avec des renseignements d\u2019Automotive News<\/p>\n<p>Le texte <a rel=\"nofollow\" href=\"https:\/\/annuelauto.ca\/au-tour-de-hyundai-denvisager-la-norme-de-recharge-tesla-en-amerique-du-nord\/\">Au tour de Hyundai d\u2019envisager la norme de recharge Tesla en Am\u00e9rique du Nord<\/a> provient de <a rel=\"nofollow\" href=\"https:\/\/annuelauto.ca\">L&#8217;annuel de l&#8217;automobile &#8211; Actualit\u00e9 automobile<\/a><\/p>\n<p><\/p>\n","protected":false},"excerpt":{"rendered":"<p>De plus en plus de constructeurs semblent maintenant vouloir joindre Tesla pour la norme de recharge. Le g\u00e9ant Cor\u00e9en Hyundai r\u00e9alise comme d\u2019autres que Tesla poss\u00e8de 60 % des chargeurs rapides disponibles aux \u00c9tats-Unis. Ces derni\u00e8res semaines, Ford et General Motors ont conclu des accords avec Tesla pour utiliser sa technologie de recharge, d\u00e9sormais appel\u00e9e [&hellip;]<\/p>\n","protected":false},"author":8,"featured_media":147482,"comment_status":"close","ping_status":"closed","sticky":false,"template":"","format":"standard","meta":{"_monsterinsights_skip_tracking":false,"_monsterinsights_sitenote_active":false,"_monsterinsights_sitenote_note":"","_monsterinsights_sitenote_category":0,"footnotes":""},"categories":[101],"tags":[],"yoast_head":"<!-- This site is optimized with the Yoast SEO plugin v23.2 - https:\/\/yoast.com\/wordpress\/plugins\/seo\/ -->\n<title>Au tour de Hyundai d\u2019envisager la norme de recharge Tesla en Am\u00e9rique du Nord - CanadaMotorJobs.com<\/title>\n<meta name=\"description\" content=\"Au tour de Hyundai d\u2019envisager la norme de recharge Tesla en Am\u00e9rique du Nord - Benoit Charette - Annuel automobile - CanadaMotorJobs.com.\" \/>\n<meta name=\"robots\" content=\"index, follow, max-snippet:-1, max-image-preview:large, max-video-preview:-1\" \/>\n<meta property=\"og:locale\" content=\"fr_CA\" \/>\n<meta property=\"og:type\" content=\"article\" \/>\n<meta property=\"og:title\" content=\"Au tour de Hyundai d\u2019envisager la norme de recharge Tesla en Am\u00e9rique du Nord - CanadaMotorJobs.com\" \/>\n<meta property=\"og:description\" content=\"Au tour de Hyundai d\u2019envisager la norme de recharge Tesla en Am\u00e9rique du Nord - Benoit Charette - Annuel automobile - CanadaMotorJobs.com.\" \/>\n<meta property=\"og:url\" content=\"https:\/\/news.canadamotorjobs.com\/fr\/au-tour-de-hyundai-denvisager-la-norme-de-recharge-tesla-en-amerique-du-nord\/\" \/>\n<meta property=\"og:site_name\" content=\"CanadaMotorJobs.com\" \/>\n<meta property=\"article:publisher\" content=\"https:\/\/www.facebook.com\/canadamotorjobs\/\" \/>\n<meta property=\"article:published_time\" content=\"2023-06-20T11:08:25+00:00\" \/>\n<meta property=\"article:modified_time\" content=\"2023-06-20T11:16:19+00:00\" \/>\n<meta property=\"og:image\" content=\"https:\/\/news.canadamotorjobs.com\/wp-content\/uploads\/2023\/06\/Hyundai-Ioniq-5-vs.-Tesla-Model-Y-side-profile.jpg\" \/>\n\t<meta property=\"og:image:width\" content=\"1280\" \/>\n\t<meta property=\"og:image:height\" content=\"853\" \/>\n\t<meta property=\"og:image:type\" content=\"image\/jpeg\" \/>\n<meta name=\"author\" content=\"Benoit Charette\" \/>\n<meta name=\"twitter:card\" content=\"summary_large_image\" \/>\n<meta name=\"twitter:creator\" content=\"@canadamotorjobs\" \/>\n<meta name=\"twitter:site\" content=\"@canadamotorjobs\" \/>\n<meta name=\"twitter:label1\" content=\"\u00c9crit par\" \/>\n\t<meta name=\"twitter:data1\" content=\"Benoit Charette\" \/>\n\t<meta name=\"twitter:label2\" content=\"Estimation du temps de lecture\" \/>\n\t<meta name=\"twitter:data2\" content=\"2 minutes\" \/>\n<!-- \/ Yoast SEO plugin. -->","yoast_head_json":{"title":"Au tour de Hyundai d\u2019envisager la norme de recharge Tesla en Am\u00e9rique du Nord - CanadaMotorJobs.com","description":"Au tour de Hyundai d\u2019envisager la norme de recharge Tesla en Am\u00e9rique du Nord - Benoit Charette - Annuel automobile - CanadaMotorJobs.com.","robots":{"index":"index","follow":"follow","max-snippet":"max-snippet:-1","max-image-preview":"max-image-preview:large","max-video-preview":"max-video-preview:-1"},"og_locale":"fr_CA","og_type":"article","og_title":"Au tour de Hyundai d\u2019envisager la norme de recharge Tesla en Am\u00e9rique du Nord - CanadaMotorJobs.com","og_description":"Au tour de Hyundai d\u2019envisager la norme de recharge Tesla en Am\u00e9rique du Nord - Benoit Charette - Annuel automobile - CanadaMotorJobs.com.","og_url":"https:\/\/news.canadamotorjobs.com\/fr\/au-tour-de-hyundai-denvisager-la-norme-de-recharge-tesla-en-amerique-du-nord\/","og_site_name":"CanadaMotorJobs.com","article_publisher":"https:\/\/www.facebook.com\/canadamotorjobs\/","article_published_time":"2023-06-20T11:08:25+00:00","article_modified_time":"2023-06-20T11:16:19+00:00","og_image":[{"width":1280,"height":853,"url":"https:\/\/news.canadamotorjobs.com\/wp-content\/uploads\/2023\/06\/Hyundai-Ioniq-5-vs.-Tesla-Model-Y-side-profile.jpg","type":"image\/jpeg"}],"author":"Benoit Charette","twitter_card":"summary_large_image","twitter_creator":"@canadamotorjobs","twitter_site":"@canadamotorjobs","twitter_misc":{"\u00c9crit par":"Benoit Charette","Estimation du temps de lecture":"2 minutes"},"schema":{"@context":"https:\/\/schema.org","@graph":[{"@type":"Article","@id":"https:\/\/news.canadamotorjobs.com\/fr\/au-tour-de-hyundai-denvisager-la-norme-de-recharge-tesla-en-amerique-du-nord\/#article","isPartOf":{"@id":"https:\/\/news.canadamotorjobs.com\/fr\/au-tour-de-hyundai-denvisager-la-norme-de-recharge-tesla-en-amerique-du-nord\/"},"author":{"name":"Benoit Charette","@id":"https:\/\/news.canadamotorjobs.com\/#\/schema\/person\/51793d1f87d44011d7bcc2ed99269a90"},"headline":"Au tour de Hyundai d\u2019envisager la norme de recharge Tesla en Am\u00e9rique du Nord","datePublished":"2023-06-20T11:08:25+00:00","dateModified":"2023-06-20T11:16:19+00:00","mainEntityOfPage":{"@id":"https:\/\/news.canadamotorjobs.com\/fr\/au-tour-de-hyundai-denvisager-la-norme-de-recharge-tesla-en-amerique-du-nord\/"},"wordCount":419,"publisher":{"@id":"https:\/\/news.canadamotorjobs.com\/#organization"},"image":{"@id":"https:\/\/news.canadamotorjobs.com\/fr\/au-tour-de-hyundai-denvisager-la-norme-de-recharge-tesla-en-amerique-du-nord\/#primaryimage"},"thumbnailUrl":"https:\/\/news.canadamotorjobs.com\/wp-content\/uploads\/2023\/06\/Hyundai-Ioniq-5-vs.-Tesla-Model-Y-side-profile.jpg","articleSection":["Annuel automobile"],"inLanguage":"fr-CA"},{"@type":"WebPage","@id":"https:\/\/news.canadamotorjobs.com\/fr\/au-tour-de-hyundai-denvisager-la-norme-de-recharge-tesla-en-amerique-du-nord\/","url":"https:\/\/news.canadamotorjobs.com\/fr\/au-tour-de-hyundai-denvisager-la-norme-de-recharge-tesla-en-amerique-du-nord\/","name":"Au tour de Hyundai d\u2019envisager la norme de recharge Tesla en Am\u00e9rique du Nord - CanadaMotorJobs.com","isPartOf":{"@id":"https:\/\/news.canadamotorjobs.com\/#website"},"primaryImageOfPage":{"@id":"https:\/\/news.canadamotorjobs.com\/fr\/au-tour-de-hyundai-denvisager-la-norme-de-recharge-tesla-en-amerique-du-nord\/#primaryimage"},"image":{"@id":"https:\/\/news.canadamotorjobs.com\/fr\/au-tour-de-hyundai-denvisager-la-norme-de-recharge-tesla-en-amerique-du-nord\/#primaryimage"},"thumbnailUrl":"https:\/\/news.canadamotorjobs.com\/wp-content\/uploads\/2023\/06\/Hyundai-Ioniq-5-vs.-Tesla-Model-Y-side-profile.jpg","datePublished":"2023-06-20T11:08:25+00:00","dateModified":"2023-06-20T11:16:19+00:00","description":"Au tour de Hyundai d\u2019envisager la norme de recharge Tesla en Am\u00e9rique du Nord - Benoit Charette - Annuel automobile - CanadaMotorJobs.com.","breadcrumb":{"@id":"https:\/\/news.canadamotorjobs.com\/fr\/au-tour-de-hyundai-denvisager-la-norme-de-recharge-tesla-en-amerique-du-nord\/#breadcrumb"},"inLanguage":"fr-CA","potentialAction":[{"@type":"ReadAction","target":["https:\/\/news.canadamotorjobs.com\/fr\/au-tour-de-hyundai-denvisager-la-norme-de-recharge-tesla-en-amerique-du-nord\/"]}]},{"@type":"ImageObject","inLanguage":"fr-CA","@id":"https:\/\/news.canadamotorjobs.com\/fr\/au-tour-de-hyundai-denvisager-la-norme-de-recharge-tesla-en-amerique-du-nord\/#primaryimage","url":"https:\/\/news.canadamotorjobs.com\/wp-content\/uploads\/2023\/06\/Hyundai-Ioniq-5-vs.-Tesla-Model-Y-side-profile.jpg","contentUrl":"https:\/\/news.canadamotorjobs.com\/wp-content\/uploads\/2023\/06\/Hyundai-Ioniq-5-vs.-Tesla-Model-Y-side-profile.jpg","width":1280,"height":853},{"@type":"BreadcrumbList","@id":"https:\/\/news.canadamotorjobs.com\/fr\/au-tour-de-hyundai-denvisager-la-norme-de-recharge-tesla-en-amerique-du-nord\/#breadcrumb","itemListElement":[{"@type":"ListItem","position":1,"name":"Home","item":"https:\/\/news.canadamotorjobs.com\/fr\/blog\/"},{"@type":"ListItem","position":2,"name":"Au tour de Hyundai d\u2019envisager la norme de recharge Tesla en Am\u00e9rique du Nord"}]},{"@type":"WebSite","@id":"https:\/\/news.canadamotorjobs.com\/#website","url":"https:\/\/news.canadamotorjobs.com\/","name":"CanadaMotorJobs.com","description":"Automotive Jobs","publisher":{"@id":"https:\/\/news.canadamotorjobs.com\/#organization"},"potentialAction":[{"@type":"SearchAction","target":{"@type":"EntryPoint","urlTemplate":"https:\/\/news.canadamotorjobs.com\/?s={search_term_string}"},"query-input":"required name=search_term_string"}],"inLanguage":"fr-CA"},{"@type":"Organization","@id":"https:\/\/news.canadamotorjobs.com\/#organization","name":"Canada Motor Jobs","url":"https:\/\/news.canadamotorjobs.com\/","logo":{"@type":"ImageObject","inLanguage":"fr-CA","@id":"https:\/\/news.canadamotorjobs.com\/#\/schema\/logo\/image\/","url":"https:\/\/news.canadamotorjobs.com\/wp-content\/uploads\/2022\/10\/logo-canada-motor-jobs-1.png","contentUrl":"https:\/\/news.canadamotorjobs.com\/wp-content\/uploads\/2022\/10\/logo-canada-motor-jobs-1.png","width":800,"height":400,"caption":"Canada Motor Jobs"},"image":{"@id":"https:\/\/news.canadamotorjobs.com\/#\/schema\/logo\/image\/"},"sameAs":["https:\/\/www.facebook.com\/canadamotorjobs\/","https:\/\/x.com\/canadamotorjobs","https:\/\/www.instagram.com\/canadamotorjobs\/","https:\/\/www.linkedin.com\/company\/canadamotorjobs"]},{"@type":"Person","@id":"https:\/\/news.canadamotorjobs.com\/#\/schema\/person\/51793d1f87d44011d7bcc2ed99269a90","name":"Benoit Charette","image":{"@type":"ImageObject","inLanguage":"fr-CA","@id":"https:\/\/news.canadamotorjobs.com\/#\/schema\/person\/image\/","url":"https:\/\/secure.gravatar.com\/avatar\/45f3d2eebcccd909668d7ce7ea7267b6?s=96&d=mm&r=g","contentUrl":"https:\/\/secure.gravatar.com\/avatar\/45f3d2eebcccd909668d7ce7ea7267b6?s=96&d=mm&r=g","caption":"Benoit Charette"},"description":"Benoit Charette \/ Propri\u00e9taire et r\u00e9dacteur en chef Benoit Charette pratique le journalisme automobile depuis bient\u00f4t 30 ans. Il a fait ses classes au c\u00f4t\u00e9 de Daniel H\u00e9raud et au Carnet de route de 1992 \u00e0 2001. Il est fondateur, copropri\u00e9taire et r\u00e9dacteur en chef de L\u2019Annuel de l\u2019automobile, qu\u2019il publie depuis 2001. Il a anim\u00e9 les \u00e9missions RPM et RPM+ sur V et les L\u00e9gendes de la route sur Historia. \u00c0 la radio depuis 1986, il reprend l\u2019antenne cette ann\u00e9e sur les ondes de Cogeco et participe pour la deuxi\u00e8me ann\u00e9e \u00e0 l\u2019\u00e9mission Passion Auto sur RDS en plus de mettre en ligne le site Web officiel de L\u2019Annuel de l\u2019automobile sur annuelauto.ca.","sameAs":["https:\/\/annuelauto.ca\/"],"url":"https:\/\/news.canadamotorjobs.com\/fr\/author\/benoit-charette\/"}]}},"_links":{"self":[{"href":"https:\/\/news.canadamotorjobs.com\/fr\/wp-json\/wp\/v2\/posts\/147480"}],"collection":[{"href":"https:\/\/news.canadamotorjobs.com\/fr\/wp-json\/wp\/v2\/posts"}],"about":[{"href":"https:\/\/news.canadamotorjobs.com\/fr\/wp-json\/wp\/v2\/types\/post"}],"author":[{"embeddable":true,"href":"https:\/\/news.canadamotorjobs.com\/fr\/wp-json\/wp\/v2\/users\/8"}],"replies":[{"embeddable":true,"href":"https:\/\/news.canadamotorjobs.com\/fr\/wp-json\/wp\/v2\/comments?post=147480"}],"version-history":[{"count":2,"href":"https:\/\/news.canadamotorjobs.com\/fr\/wp-json\/wp\/v2\/posts\/147480\/revisions"}],"predecessor-version":[{"id":147484,"href":"https:\/\/news.canadamotorjobs.com\/fr\/wp-json\/wp\/v2\/posts\/147480\/revisions\/147484"}],"wp:featuredmedia":[{"embeddable":true,"href":"https:\/\/news.canadamotorjobs.com\/fr\/wp-json\/wp\/v2\/media\/147482"}],"wp:attachment":[{"href":"https:\/\/news.canadamotorjobs.com\/fr\/wp-json\/wp\/v2\/media?parent=147480"}],"wp:term":[{"taxonomy":"category","embeddable":true,"href":"https:\/\/news.canadamotorjobs.com\/fr\/wp-json\/wp\/v2\/categories?post=147480"},{"taxonomy":"post_tag","embeddable":true,"href":"https:\/\/news.canadamotorjobs.com\/fr\/wp-json\/wp\/v2\/tags?post=147480"}],"curies":[{"name":"wp","href":"https:\/\/api.w.org\/{rel}","templated":true}]}}