{"id":147461,"date":"2023-06-19T11:55:29","date_gmt":"2023-06-19T15:55:29","guid":{"rendered":"https:\/\/news.canadamotorjobs.com\/?p=147461"},"modified":"2023-06-19T12:00:14","modified_gmt":"2023-06-19T16:00:14","slug":"le-hyundai-ioniq-5-fait-lobjet-dune-enquete-aux-etats-unis","status":"publish","type":"post","link":"https:\/\/news.canadamotorjobs.com\/fr\/le-hyundai-ioniq-5-fait-lobjet-dune-enquete-aux-etats-unis\/","title":{"rendered":"Le Hyundai Ioniq 5 fait l\u2019objet d\u2019une enqu\u00eate aux \u00c9tats-Unis"},"content":{"rendered":"<\/p>\n<p>Le NHTSA a ouvert une enqu\u00eate aux \u00c9tats-Unis sur le mod\u00e8le Hyundai Ioniq 5 apr\u00e8s avoir re\u00e7u 30 plaintes de propri\u00e9taires de v\u00e9hicules am\u00e9ricains, dont beaucoup ont signal\u00e9 un &#8220;bruit fort suivi d&#8217;un avertissement affich\u00e9 sur leur tableau de bord&#8221; et ont imm\u00e9diatement subi une perte r\u00e9duite ou totale de puissance motrice.<\/p>\n<h3>Pas de rappels pour le moment<\/h3>\n<p>\nDans un rapport r\u00e9cemment rendu public, Hyundai a indiqu\u00e9 aux enqu\u00eateurs de la NHTSA que le probl\u00e8me est li\u00e9 \u00e0 l&#8217;unit\u00e9 de charge \u00e0 contr\u00f4le int\u00e9gr\u00e9 qui alimente les batteries du v\u00e9hicule. Un premier examen a indiqu\u00e9 qu&#8217;une surintensit\u00e9 au sein de l&#8217;unit\u00e9 de charge peut endommager les transistors, emp\u00eachant la batterie de 12 volts de se recharger, indique le rapport.<\/p>\n<h3>Hyundai va rectifier le tir<\/h3>\n<p>\n&#8220;Pour r\u00e9pondre \u00e0 cette pr\u00e9occupation, Hyundai lancera une campagne de service en juillet qui mettra \u00e0 jour le logiciel du v\u00e9hicule concern\u00e9 et remplacera l&#8217;ICCU si n\u00e9cessaire&#8221;, a d\u00e9clar\u00e9 un porte-parole de la marque.\u00a0 Depuis le d\u00e9but de l&#8217;ann\u00e9e, Hyundai a vendu plus de 10 500 exemplaires de son Ioniq 5.<\/p>\n<h3>Les origines du probl\u00e8me<\/h3>\n<p>\nDans une plainte soumise \u00e0 la NHTSA, le v\u00e9hicule a ralenti de mani\u00e8re inattendue 30 km\/h apr\u00e8s avoir roul\u00e9 \u00e0 60 km\/h. &#8220;Peu importe la force avec laquelle j&#8217;ai appuy\u00e9 sur l&#8217;acc\u00e9l\u00e9rateur, le v\u00e9hicule n&#8217;a pas d\u00e9pass\u00e9 &#8230; 30 km\/h&#8221;, a d\u00e9clar\u00e9 le plaignant \u00e0 propos de l&#8217;incident. &#8220;Le tableau de bord indiquait \u00e9galement que la vitesse \u00e9tait limit\u00e9e \u00e0 30 km\/h. J&#8217;ai d\u00fb m&#8217;arr\u00eater sur le bas-c\u00f4t\u00e9 de la route. J&#8217;ai coup\u00e9 le contact. Je l&#8217;ai ensuite remis en marche. La voiture a alors recommenc\u00e9 \u00e0 fonctionner normalement. Heureusement, il n&#8217;y avait pas d&#8217;autres voitures autour de moi et j&#8217;ai pu m&#8217;arr\u00eater en toute s\u00e9curit\u00e9. Un autre rapport concerne un conducteur qui utilisait le syst\u00e8me avanc\u00e9 d&#8217;aide \u00e0 la conduite du v\u00e9hicule et roulait \u00e0 120\u00a0km\/h lorsque la voiture est tomb\u00e9e morte. Le chauffeur a \u00e9t\u00e9 contraint de s&#8217;arr\u00eater en roue libre sur le bas-c\u00f4t\u00e9 de l&#8217;autoroute.<\/p>\n<p>Un dossier \u00e0 suivre<\/p>\n<p>\u00a0<\/p>\n<p>Avec des renseignements d\u2019Automotive News<\/p>\n<p>Le texte <a rel=\"nofollow\" href=\"https:\/\/annuelauto.ca\/le-hyundai-ioniq-5-fait-lobjet-dune-enquete-aux-etats-unis\/\">Le Hyundai Ioniq 5 fait l\u2019objet d\u2019une enqu\u00eate aux \u00c9tats-Unis<\/a> provient de <a rel=\"nofollow\" href=\"https:\/\/annuelauto.ca\">L&#8217;annuel de l&#8217;automobile &#8211; Actualit\u00e9 automobile<\/a><\/p>\n<p><\/p>\n","protected":false},"excerpt":{"rendered":"<p>Le NHTSA a ouvert une enqu\u00eate aux \u00c9tats-Unis sur le mod\u00e8le Hyundai Ioniq 5 apr\u00e8s avoir re\u00e7u 30 plaintes de propri\u00e9taires de v\u00e9hicules am\u00e9ricains, dont beaucoup ont signal\u00e9 un &#8220;bruit fort suivi d&#8217;un avertissement affich\u00e9 sur leur tableau de bord&#8221; et ont imm\u00e9diatement subi une perte r\u00e9duite ou totale de puissance motrice. Pas de rappels [&hellip;]<\/p>\n","protected":false},"author":8,"featured_media":147463,"comment_status":"close","ping_status":"closed","sticky":false,"template":"","format":"standard","meta":{"_monsterinsights_skip_tracking":false,"_monsterinsights_sitenote_active":false,"_monsterinsights_sitenote_note":"","_monsterinsights_sitenote_category":0,"footnotes":""},"categories":[101],"tags":[],"yoast_head":"<!-- This site is optimized with the Yoast SEO plugin v23.2 - https:\/\/yoast.com\/wordpress\/plugins\/seo\/ -->\n<title>Le Hyundai Ioniq 5 fait l\u2019objet d\u2019une enqu\u00eate aux \u00c9tats-Unis - CanadaMotorJobs.com<\/title>\n<meta name=\"description\" content=\"Le Hyundai Ioniq 5 fait l\u2019objet d\u2019une enqu\u00eate aux \u00c9tats-Unis - Benoit Charette - Annuel automobile - CanadaMotorJobs.com.\" \/>\n<meta name=\"robots\" content=\"index, follow, max-snippet:-1, max-image-preview:large, max-video-preview:-1\" \/>\n<meta property=\"og:locale\" content=\"fr_CA\" \/>\n<meta property=\"og:type\" content=\"article\" \/>\n<meta property=\"og:title\" content=\"Le Hyundai Ioniq 5 fait l\u2019objet d\u2019une enqu\u00eate aux \u00c9tats-Unis - CanadaMotorJobs.com\" \/>\n<meta property=\"og:description\" content=\"Le Hyundai Ioniq 5 fait l\u2019objet d\u2019une enqu\u00eate aux \u00c9tats-Unis - Benoit Charette - Annuel automobile - CanadaMotorJobs.com.\" \/>\n<meta property=\"og:url\" content=\"https:\/\/news.canadamotorjobs.com\/fr\/le-hyundai-ioniq-5-fait-lobjet-dune-enquete-aux-etats-unis\/\" \/>\n<meta property=\"og:site_name\" content=\"CanadaMotorJobs.com\" \/>\n<meta property=\"article:publisher\" content=\"https:\/\/www.facebook.com\/canadamotorjobs\/\" \/>\n<meta property=\"article:published_time\" content=\"2023-06-19T15:55:29+00:00\" \/>\n<meta property=\"article:modified_time\" content=\"2023-06-19T16:00:14+00:00\" \/>\n<meta property=\"og:image\" content=\"https:\/\/news.canadamotorjobs.com\/wp-content\/uploads\/2023\/06\/IMG_4895-1024x768-1.jpg\" \/>\n\t<meta property=\"og:image:width\" content=\"1024\" \/>\n\t<meta property=\"og:image:height\" content=\"768\" \/>\n\t<meta property=\"og:image:type\" content=\"image\/jpeg\" \/>\n<meta name=\"author\" content=\"Benoit Charette\" \/>\n<meta name=\"twitter:card\" content=\"summary_large_image\" \/>\n<meta name=\"twitter:creator\" content=\"@canadamotorjobs\" \/>\n<meta name=\"twitter:site\" content=\"@canadamotorjobs\" \/>\n<meta name=\"twitter:label1\" content=\"\u00c9crit par\" \/>\n\t<meta name=\"twitter:data1\" content=\"Benoit Charette\" \/>\n\t<meta name=\"twitter:label2\" content=\"Estimation du temps de lecture\" \/>\n\t<meta name=\"twitter:data2\" content=\"2 minutes\" \/>\n<!-- \/ Yoast SEO plugin. -->","yoast_head_json":{"title":"Le Hyundai Ioniq 5 fait l\u2019objet d\u2019une enqu\u00eate aux \u00c9tats-Unis - CanadaMotorJobs.com","description":"Le Hyundai Ioniq 5 fait l\u2019objet d\u2019une enqu\u00eate aux \u00c9tats-Unis - Benoit Charette - Annuel automobile - CanadaMotorJobs.com.","robots":{"index":"index","follow":"follow","max-snippet":"max-snippet:-1","max-image-preview":"max-image-preview:large","max-video-preview":"max-video-preview:-1"},"og_locale":"fr_CA","og_type":"article","og_title":"Le Hyundai Ioniq 5 fait l\u2019objet d\u2019une enqu\u00eate aux \u00c9tats-Unis - CanadaMotorJobs.com","og_description":"Le Hyundai Ioniq 5 fait l\u2019objet d\u2019une enqu\u00eate aux \u00c9tats-Unis - Benoit Charette - Annuel automobile - CanadaMotorJobs.com.","og_url":"https:\/\/news.canadamotorjobs.com\/fr\/le-hyundai-ioniq-5-fait-lobjet-dune-enquete-aux-etats-unis\/","og_site_name":"CanadaMotorJobs.com","article_publisher":"https:\/\/www.facebook.com\/canadamotorjobs\/","article_published_time":"2023-06-19T15:55:29+00:00","article_modified_time":"2023-06-19T16:00:14+00:00","og_image":[{"width":1024,"height":768,"url":"https:\/\/news.canadamotorjobs.com\/wp-content\/uploads\/2023\/06\/IMG_4895-1024x768-1.jpg","type":"image\/jpeg"}],"author":"Benoit Charette","twitter_card":"summary_large_image","twitter_creator":"@canadamotorjobs","twitter_site":"@canadamotorjobs","twitter_misc":{"\u00c9crit par":"Benoit Charette","Estimation du temps de lecture":"2 minutes"},"schema":{"@context":"https:\/\/schema.org","@graph":[{"@type":"Article","@id":"https:\/\/news.canadamotorjobs.com\/fr\/le-hyundai-ioniq-5-fait-lobjet-dune-enquete-aux-etats-unis\/#article","isPartOf":{"@id":"https:\/\/news.canadamotorjobs.com\/fr\/le-hyundai-ioniq-5-fait-lobjet-dune-enquete-aux-etats-unis\/"},"author":{"name":"Benoit Charette","@id":"https:\/\/news.canadamotorjobs.com\/#\/schema\/person\/51793d1f87d44011d7bcc2ed99269a90"},"headline":"Le Hyundai Ioniq 5 fait l\u2019objet d\u2019une enqu\u00eate aux \u00c9tats-Unis","datePublished":"2023-06-19T15:55:29+00:00","dateModified":"2023-06-19T16:00:14+00:00","mainEntityOfPage":{"@id":"https:\/\/news.canadamotorjobs.com\/fr\/le-hyundai-ioniq-5-fait-lobjet-dune-enquete-aux-etats-unis\/"},"wordCount":417,"publisher":{"@id":"https:\/\/news.canadamotorjobs.com\/#organization"},"image":{"@id":"https:\/\/news.canadamotorjobs.com\/fr\/le-hyundai-ioniq-5-fait-lobjet-dune-enquete-aux-etats-unis\/#primaryimage"},"thumbnailUrl":"https:\/\/news.canadamotorjobs.com\/wp-content\/uploads\/2023\/06\/IMG_4895-1024x768-1.jpg","articleSection":["Annuel automobile"],"inLanguage":"fr-CA"},{"@type":"WebPage","@id":"https:\/\/news.canadamotorjobs.com\/fr\/le-hyundai-ioniq-5-fait-lobjet-dune-enquete-aux-etats-unis\/","url":"https:\/\/news.canadamotorjobs.com\/fr\/le-hyundai-ioniq-5-fait-lobjet-dune-enquete-aux-etats-unis\/","name":"Le Hyundai Ioniq 5 fait l\u2019objet d\u2019une enqu\u00eate aux \u00c9tats-Unis - CanadaMotorJobs.com","isPartOf":{"@id":"https:\/\/news.canadamotorjobs.com\/#website"},"primaryImageOfPage":{"@id":"https:\/\/news.canadamotorjobs.com\/fr\/le-hyundai-ioniq-5-fait-lobjet-dune-enquete-aux-etats-unis\/#primaryimage"},"image":{"@id":"https:\/\/news.canadamotorjobs.com\/fr\/le-hyundai-ioniq-5-fait-lobjet-dune-enquete-aux-etats-unis\/#primaryimage"},"thumbnailUrl":"https:\/\/news.canadamotorjobs.com\/wp-content\/uploads\/2023\/06\/IMG_4895-1024x768-1.jpg","datePublished":"2023-06-19T15:55:29+00:00","dateModified":"2023-06-19T16:00:14+00:00","description":"Le Hyundai Ioniq 5 fait l\u2019objet d\u2019une enqu\u00eate aux \u00c9tats-Unis - Benoit Charette - Annuel automobile - CanadaMotorJobs.com.","breadcrumb":{"@id":"https:\/\/news.canadamotorjobs.com\/fr\/le-hyundai-ioniq-5-fait-lobjet-dune-enquete-aux-etats-unis\/#breadcrumb"},"inLanguage":"fr-CA","potentialAction":[{"@type":"ReadAction","target":["https:\/\/news.canadamotorjobs.com\/fr\/le-hyundai-ioniq-5-fait-lobjet-dune-enquete-aux-etats-unis\/"]}]},{"@type":"ImageObject","inLanguage":"fr-CA","@id":"https:\/\/news.canadamotorjobs.com\/fr\/le-hyundai-ioniq-5-fait-lobjet-dune-enquete-aux-etats-unis\/#primaryimage","url":"https:\/\/news.canadamotorjobs.com\/wp-content\/uploads\/2023\/06\/IMG_4895-1024x768-1.jpg","contentUrl":"https:\/\/news.canadamotorjobs.com\/wp-content\/uploads\/2023\/06\/IMG_4895-1024x768-1.jpg","width":1024,"height":768},{"@type":"BreadcrumbList","@id":"https:\/\/news.canadamotorjobs.com\/fr\/le-hyundai-ioniq-5-fait-lobjet-dune-enquete-aux-etats-unis\/#breadcrumb","itemListElement":[{"@type":"ListItem","position":1,"name":"Home","item":"https:\/\/news.canadamotorjobs.com\/fr\/blog\/"},{"@type":"ListItem","position":2,"name":"Le Hyundai Ioniq 5 fait l\u2019objet d\u2019une enqu\u00eate aux \u00c9tats-Unis"}]},{"@type":"WebSite","@id":"https:\/\/news.canadamotorjobs.com\/#website","url":"https:\/\/news.canadamotorjobs.com\/","name":"CanadaMotorJobs.com","description":"Automotive Jobs","publisher":{"@id":"https:\/\/news.canadamotorjobs.com\/#organization"},"potentialAction":[{"@type":"SearchAction","target":{"@type":"EntryPoint","urlTemplate":"https:\/\/news.canadamotorjobs.com\/?s={search_term_string}"},"query-input":"required name=search_term_string"}],"inLanguage":"fr-CA"},{"@type":"Organization","@id":"https:\/\/news.canadamotorjobs.com\/#organization","name":"Canada Motor Jobs","url":"https:\/\/news.canadamotorjobs.com\/","logo":{"@type":"ImageObject","inLanguage":"fr-CA","@id":"https:\/\/news.canadamotorjobs.com\/#\/schema\/logo\/image\/","url":"https:\/\/news.canadamotorjobs.com\/wp-content\/uploads\/2022\/10\/logo-canada-motor-jobs-1.png","contentUrl":"https:\/\/news.canadamotorjobs.com\/wp-content\/uploads\/2022\/10\/logo-canada-motor-jobs-1.png","width":800,"height":400,"caption":"Canada Motor Jobs"},"image":{"@id":"https:\/\/news.canadamotorjobs.com\/#\/schema\/logo\/image\/"},"sameAs":["https:\/\/www.facebook.com\/canadamotorjobs\/","https:\/\/x.com\/canadamotorjobs","https:\/\/www.instagram.com\/canadamotorjobs\/","https:\/\/www.linkedin.com\/company\/canadamotorjobs"]},{"@type":"Person","@id":"https:\/\/news.canadamotorjobs.com\/#\/schema\/person\/51793d1f87d44011d7bcc2ed99269a90","name":"Benoit Charette","image":{"@type":"ImageObject","inLanguage":"fr-CA","@id":"https:\/\/news.canadamotorjobs.com\/#\/schema\/person\/image\/","url":"https:\/\/secure.gravatar.com\/avatar\/45f3d2eebcccd909668d7ce7ea7267b6?s=96&d=mm&r=g","contentUrl":"https:\/\/secure.gravatar.com\/avatar\/45f3d2eebcccd909668d7ce7ea7267b6?s=96&d=mm&r=g","caption":"Benoit Charette"},"description":"Benoit Charette \/ Propri\u00e9taire et r\u00e9dacteur en chef Benoit Charette pratique le journalisme automobile depuis bient\u00f4t 30 ans. Il a fait ses classes au c\u00f4t\u00e9 de Daniel H\u00e9raud et au Carnet de route de 1992 \u00e0 2001. Il est fondateur, copropri\u00e9taire et r\u00e9dacteur en chef de L\u2019Annuel de l\u2019automobile, qu\u2019il publie depuis 2001. Il a anim\u00e9 les \u00e9missions RPM et RPM+ sur V et les L\u00e9gendes de la route sur Historia. \u00c0 la radio depuis 1986, il reprend l\u2019antenne cette ann\u00e9e sur les ondes de Cogeco et participe pour la deuxi\u00e8me ann\u00e9e \u00e0 l\u2019\u00e9mission Passion Auto sur RDS en plus de mettre en ligne le site Web officiel de L\u2019Annuel de l\u2019automobile sur annuelauto.ca.","sameAs":["https:\/\/annuelauto.ca\/"],"url":"https:\/\/news.canadamotorjobs.com\/fr\/author\/benoit-charette\/"}]}},"_links":{"self":[{"href":"https:\/\/news.canadamotorjobs.com\/fr\/wp-json\/wp\/v2\/posts\/147461"}],"collection":[{"href":"https:\/\/news.canadamotorjobs.com\/fr\/wp-json\/wp\/v2\/posts"}],"about":[{"href":"https:\/\/news.canadamotorjobs.com\/fr\/wp-json\/wp\/v2\/types\/post"}],"author":[{"embeddable":true,"href":"https:\/\/news.canadamotorjobs.com\/fr\/wp-json\/wp\/v2\/users\/8"}],"replies":[{"embeddable":true,"href":"https:\/\/news.canadamotorjobs.com\/fr\/wp-json\/wp\/v2\/comments?post=147461"}],"version-history":[{"count":2,"href":"https:\/\/news.canadamotorjobs.com\/fr\/wp-json\/wp\/v2\/posts\/147461\/revisions"}],"predecessor-version":[{"id":147465,"href":"https:\/\/news.canadamotorjobs.com\/fr\/wp-json\/wp\/v2\/posts\/147461\/revisions\/147465"}],"wp:featuredmedia":[{"embeddable":true,"href":"https:\/\/news.canadamotorjobs.com\/fr\/wp-json\/wp\/v2\/media\/147463"}],"wp:attachment":[{"href":"https:\/\/news.canadamotorjobs.com\/fr\/wp-json\/wp\/v2\/media?parent=147461"}],"wp:term":[{"taxonomy":"category","embeddable":true,"href":"https:\/\/news.canadamotorjobs.com\/fr\/wp-json\/wp\/v2\/categories?post=147461"},{"taxonomy":"post_tag","embeddable":true,"href":"https:\/\/news.canadamotorjobs.com\/fr\/wp-json\/wp\/v2\/tags?post=147461"}],"curies":[{"name":"wp","href":"https:\/\/api.w.org\/{rel}","templated":true}]}}