{"id":147361,"date":"2023-06-16T07:51:46","date_gmt":"2023-06-16T11:51:46","guid":{"rendered":"https:\/\/news.canadamotorjobs.com\/?p=147361"},"modified":"2023-06-16T08:01:11","modified_gmt":"2023-06-16T12:01:11","slug":"un-modele-acura-zdx-a-limage-du-cadillac-lyriq","status":"publish","type":"post","link":"https:\/\/news.canadamotorjobs.com\/fr\/un-modele-acura-zdx-a-limage-du-cadillac-lyriq\/","title":{"rendered":"Un mod\u00e8le Acura ZDX \u00e0 l\u2019image du Cadillac Lyriq"},"content":{"rendered":"<\/p>\n<p>Acura remet le nom de ZDX sur la route en 2024, mais sous forme de mod\u00e8le enti\u00e8rement \u00e9lectrique. Des mod\u00e8les pratiquement sans camouflage ont \u00e9t\u00e9 aper\u00e7us. La forme controvers\u00e9e \u00e0 la BMW X6 est laiss\u00e9e de c\u00f4t\u00e9 pour une silhouette qui ressemble \u00e0 celle du mod\u00e8le Lyriq chez Cadillac. Honda emprunte d\u2019ailleurs la technologie Ultium et les plateforme GM pour ses mod\u00e8les \u00e9lectriques.<\/p>\n<h3>Une forte ressemblance avec la Lyriq<\/h3>\n<p>\n\u00c0 en juger par les prototypes, le ZDX partagera de nombreux \u00e9l\u00e9ments avec le Cadillac Lyriq. Le design des piliers A, B et C semble commun aux deux v\u00e9hicules, tandis que les piliers D sont uniques. Acura a pr\u00e9figur\u00e9 le design du ZDX en d\u00e9voilant le concept Precision EV lors de la Monterey Car Week 2022. Bien que le design du concept ait \u00e9t\u00e9 consid\u00e9rablement att\u00e9nu\u00e9 pour le mod\u00e8le de s\u00e9rie, des \u00e9l\u00e9ments comme la calandre en forme de nez de requin, le capot sculpt\u00e9 et les piliers D distincts ont \u00e9t\u00e9 conserv\u00e9s.<\/p>\n<h3>Un int\u00e9rieur plus distinct<\/h3>\n<p>\nUn aper\u00e7u de l&#8217;int\u00e9rieur montre ce qui semble \u00eatre un panneau unique int\u00e9grant \u00e0 la fois un combin\u00e9 d&#8217;instruments num\u00e9rique et un \u00e9cran d&#8217;infodivertissement. Le m\u00eame design a \u00e9t\u00e9 utilis\u00e9 dans le concept Precision EV. Acura a confirm\u00e9 que le syst\u00e8me d&#8217;infodivertissement de la ZDX comprendra des applications Google int\u00e9gr\u00e9es. Acura n&#8217;a pas mentionn\u00e9 les caract\u00e9ristiques du groupe motopropulseur. Chez Cadillac, vous avez droit \u00e0 340 chevaux et 325\u00a0lb-pi de couple associ\u00e9 \u00e0 la batterie Ultium \u00e0 12 modules de 100\u00a0kWh qui autorise selon les chiffres de l\u2019EPA une autonomie de 502\u00a0km pour la version \u00e0 deux roues motrices. Des chiffres qui devraient \u00eatre semblables avec Acura.<\/p>\n<h3>Un Honda Prologue aussi d\u00e9riv\u00e9 de GM<\/h3>\n<p>\nLa ZDX sera probablement produite dans l&#8217;usine GM de Spring Hill, dans le Tennessee, o\u00f9 GM fabrique la Lyriq. Le Prologue de Honda, dont le design est plus proche de celui du Chevrolet Blazer EV, devrait entrer en production dans l&#8217;usine de GM \u00e0 Ramos Arizpe, au Mexique, o\u00f9 le Blazer EV et le Chevrolet Equinox EV, plus petit, seront construits. Pour leurs futurs v\u00e9hicules \u00e9lectriques, Honda et Acura s&#8217;appuieront sur des technologies d\u00e9velopp\u00e9es en interne. L&#8217;ann\u00e9e derni\u00e8re, Honda a annonc\u00e9 une strat\u00e9gie de grande envergure qui l&#8217;am\u00e8nera \u00e0 investir plus de 60 milliards de dollars dans la recherche et le d\u00e9veloppement au cours des dix prochaines ann\u00e9es, la majeure partie des fonds \u00e9tant consacr\u00e9e au d\u00e9veloppement de VE et de logiciels. Dans le cadre de cette strat\u00e9gie, Honda lancera 30 v\u00e9hicules \u00e9lectriques dans le monde d&#8217;ici 2030.<\/p>\n<p>\u00a0<\/p>\n<p>Avec des renseignements de Motor Authority<\/p>\n<p>Le texte <a rel=\"nofollow\" href=\"https:\/\/annuelauto.ca\/un-modele-acura-zdx-a-limage-du-cadillac-lyriq\/\">Un mod\u00e8le Acura ZDX \u00e0 l\u2019image du Cadillac Lyriq<\/a> provient de <a rel=\"nofollow\" href=\"https:\/\/annuelauto.ca\">L&#8217;annuel de l&#8217;automobile &#8211; Actualit\u00e9 automobile<\/a><\/p>\n<p><\/p>\n","protected":false},"excerpt":{"rendered":"<p>Acura remet le nom de ZDX sur la route en 2024, mais sous forme de mod\u00e8le enti\u00e8rement \u00e9lectrique. Des mod\u00e8les pratiquement sans camouflage ont \u00e9t\u00e9 aper\u00e7us. La forme controvers\u00e9e \u00e0 la BMW X6 est laiss\u00e9e de c\u00f4t\u00e9 pour une silhouette qui ressemble \u00e0 celle du mod\u00e8le Lyriq chez Cadillac. Honda emprunte d\u2019ailleurs la technologie Ultium [&hellip;]<\/p>\n","protected":false},"author":8,"featured_media":147363,"comment_status":"close","ping_status":"closed","sticky":false,"template":"","format":"standard","meta":{"_monsterinsights_skip_tracking":false,"_monsterinsights_sitenote_active":false,"_monsterinsights_sitenote_note":"","_monsterinsights_sitenote_category":0,"footnotes":""},"categories":[101],"tags":[],"yoast_head":"<!-- This site is optimized with the Yoast SEO plugin v23.2 - https:\/\/yoast.com\/wordpress\/plugins\/seo\/ -->\n<title>Un mod\u00e8le Acura ZDX \u00e0 l\u2019image du Cadillac Lyriq - CanadaMotorJobs.com<\/title>\n<meta name=\"description\" content=\"Un mod\u00e8le Acura ZDX \u00e0 l\u2019image du Cadillac Lyriq - Benoit Charette - Annuel automobile - CanadaMotorJobs.com.\" \/>\n<meta name=\"robots\" content=\"index, follow, max-snippet:-1, max-image-preview:large, max-video-preview:-1\" \/>\n<meta property=\"og:locale\" content=\"fr_CA\" \/>\n<meta property=\"og:type\" content=\"article\" \/>\n<meta property=\"og:title\" content=\"Un mod\u00e8le Acura ZDX \u00e0 l\u2019image du Cadillac Lyriq - CanadaMotorJobs.com\" \/>\n<meta property=\"og:description\" content=\"Un mod\u00e8le Acura ZDX \u00e0 l\u2019image du Cadillac Lyriq - Benoit Charette - Annuel automobile - CanadaMotorJobs.com.\" \/>\n<meta property=\"og:url\" content=\"https:\/\/news.canadamotorjobs.com\/fr\/un-modele-acura-zdx-a-limage-du-cadillac-lyriq\/\" \/>\n<meta property=\"og:site_name\" content=\"CanadaMotorJobs.com\" \/>\n<meta property=\"article:publisher\" content=\"https:\/\/www.facebook.com\/canadamotorjobs\/\" \/>\n<meta property=\"article:published_time\" content=\"2023-06-16T11:51:46+00:00\" \/>\n<meta property=\"article:modified_time\" content=\"2023-06-16T12:01:11+00:00\" \/>\n<meta property=\"og:image\" content=\"https:\/\/news.canadamotorjobs.com\/wp-content\/uploads\/2023\/06\/2024-acura-zdx-spy-shots-photo-credit-baldauf_100888917.jpg\" \/>\n\t<meta property=\"og:image:width\" content=\"1920\" \/>\n\t<meta property=\"og:image:height\" content=\"1080\" \/>\n\t<meta property=\"og:image:type\" content=\"image\/jpeg\" \/>\n<meta name=\"author\" content=\"Benoit Charette\" \/>\n<meta name=\"twitter:card\" content=\"summary_large_image\" \/>\n<meta name=\"twitter:creator\" content=\"@canadamotorjobs\" \/>\n<meta name=\"twitter:site\" content=\"@canadamotorjobs\" \/>\n<meta name=\"twitter:label1\" content=\"\u00c9crit par\" \/>\n\t<meta name=\"twitter:data1\" content=\"Benoit Charette\" \/>\n\t<meta name=\"twitter:label2\" content=\"Estimation du temps de lecture\" \/>\n\t<meta name=\"twitter:data2\" content=\"2 minutes\" \/>\n<!-- \/ Yoast SEO plugin. -->","yoast_head_json":{"title":"Un mod\u00e8le Acura ZDX \u00e0 l\u2019image du Cadillac Lyriq - CanadaMotorJobs.com","description":"Un mod\u00e8le Acura ZDX \u00e0 l\u2019image du Cadillac Lyriq - Benoit Charette - Annuel automobile - CanadaMotorJobs.com.","robots":{"index":"index","follow":"follow","max-snippet":"max-snippet:-1","max-image-preview":"max-image-preview:large","max-video-preview":"max-video-preview:-1"},"og_locale":"fr_CA","og_type":"article","og_title":"Un mod\u00e8le Acura ZDX \u00e0 l\u2019image du Cadillac Lyriq - CanadaMotorJobs.com","og_description":"Un mod\u00e8le Acura ZDX \u00e0 l\u2019image du Cadillac Lyriq - Benoit Charette - Annuel automobile - CanadaMotorJobs.com.","og_url":"https:\/\/news.canadamotorjobs.com\/fr\/un-modele-acura-zdx-a-limage-du-cadillac-lyriq\/","og_site_name":"CanadaMotorJobs.com","article_publisher":"https:\/\/www.facebook.com\/canadamotorjobs\/","article_published_time":"2023-06-16T11:51:46+00:00","article_modified_time":"2023-06-16T12:01:11+00:00","og_image":[{"width":1920,"height":1080,"url":"https:\/\/news.canadamotorjobs.com\/wp-content\/uploads\/2023\/06\/2024-acura-zdx-spy-shots-photo-credit-baldauf_100888917.jpg","type":"image\/jpeg"}],"author":"Benoit Charette","twitter_card":"summary_large_image","twitter_creator":"@canadamotorjobs","twitter_site":"@canadamotorjobs","twitter_misc":{"\u00c9crit par":"Benoit Charette","Estimation du temps de lecture":"2 minutes"},"schema":{"@context":"https:\/\/schema.org","@graph":[{"@type":"Article","@id":"https:\/\/news.canadamotorjobs.com\/fr\/un-modele-acura-zdx-a-limage-du-cadillac-lyriq\/#article","isPartOf":{"@id":"https:\/\/news.canadamotorjobs.com\/fr\/un-modele-acura-zdx-a-limage-du-cadillac-lyriq\/"},"author":{"name":"Benoit Charette","@id":"https:\/\/news.canadamotorjobs.com\/#\/schema\/person\/51793d1f87d44011d7bcc2ed99269a90"},"headline":"Un mod\u00e8le Acura ZDX \u00e0 l\u2019image du Cadillac Lyriq","datePublished":"2023-06-16T11:51:46+00:00","dateModified":"2023-06-16T12:01:11+00:00","mainEntityOfPage":{"@id":"https:\/\/news.canadamotorjobs.com\/fr\/un-modele-acura-zdx-a-limage-du-cadillac-lyriq\/"},"wordCount":494,"publisher":{"@id":"https:\/\/news.canadamotorjobs.com\/#organization"},"image":{"@id":"https:\/\/news.canadamotorjobs.com\/fr\/un-modele-acura-zdx-a-limage-du-cadillac-lyriq\/#primaryimage"},"thumbnailUrl":"https:\/\/news.canadamotorjobs.com\/wp-content\/uploads\/2023\/06\/2024-acura-zdx-spy-shots-photo-credit-baldauf_100888917.jpg","articleSection":["Annuel automobile"],"inLanguage":"fr-CA"},{"@type":"WebPage","@id":"https:\/\/news.canadamotorjobs.com\/fr\/un-modele-acura-zdx-a-limage-du-cadillac-lyriq\/","url":"https:\/\/news.canadamotorjobs.com\/fr\/un-modele-acura-zdx-a-limage-du-cadillac-lyriq\/","name":"Un mod\u00e8le Acura ZDX \u00e0 l\u2019image du Cadillac Lyriq - CanadaMotorJobs.com","isPartOf":{"@id":"https:\/\/news.canadamotorjobs.com\/#website"},"primaryImageOfPage":{"@id":"https:\/\/news.canadamotorjobs.com\/fr\/un-modele-acura-zdx-a-limage-du-cadillac-lyriq\/#primaryimage"},"image":{"@id":"https:\/\/news.canadamotorjobs.com\/fr\/un-modele-acura-zdx-a-limage-du-cadillac-lyriq\/#primaryimage"},"thumbnailUrl":"https:\/\/news.canadamotorjobs.com\/wp-content\/uploads\/2023\/06\/2024-acura-zdx-spy-shots-photo-credit-baldauf_100888917.jpg","datePublished":"2023-06-16T11:51:46+00:00","dateModified":"2023-06-16T12:01:11+00:00","description":"Un mod\u00e8le Acura ZDX \u00e0 l\u2019image du Cadillac Lyriq - Benoit Charette - Annuel automobile - CanadaMotorJobs.com.","breadcrumb":{"@id":"https:\/\/news.canadamotorjobs.com\/fr\/un-modele-acura-zdx-a-limage-du-cadillac-lyriq\/#breadcrumb"},"inLanguage":"fr-CA","potentialAction":[{"@type":"ReadAction","target":["https:\/\/news.canadamotorjobs.com\/fr\/un-modele-acura-zdx-a-limage-du-cadillac-lyriq\/"]}]},{"@type":"ImageObject","inLanguage":"fr-CA","@id":"https:\/\/news.canadamotorjobs.com\/fr\/un-modele-acura-zdx-a-limage-du-cadillac-lyriq\/#primaryimage","url":"https:\/\/news.canadamotorjobs.com\/wp-content\/uploads\/2023\/06\/2024-acura-zdx-spy-shots-photo-credit-baldauf_100888917.jpg","contentUrl":"https:\/\/news.canadamotorjobs.com\/wp-content\/uploads\/2023\/06\/2024-acura-zdx-spy-shots-photo-credit-baldauf_100888917.jpg","width":1920,"height":1080},{"@type":"BreadcrumbList","@id":"https:\/\/news.canadamotorjobs.com\/fr\/un-modele-acura-zdx-a-limage-du-cadillac-lyriq\/#breadcrumb","itemListElement":[{"@type":"ListItem","position":1,"name":"Home","item":"https:\/\/news.canadamotorjobs.com\/fr\/blog\/"},{"@type":"ListItem","position":2,"name":"Un mod\u00e8le Acura ZDX \u00e0 l\u2019image du Cadillac Lyriq"}]},{"@type":"WebSite","@id":"https:\/\/news.canadamotorjobs.com\/#website","url":"https:\/\/news.canadamotorjobs.com\/","name":"CanadaMotorJobs.com","description":"Automotive Jobs","publisher":{"@id":"https:\/\/news.canadamotorjobs.com\/#organization"},"potentialAction":[{"@type":"SearchAction","target":{"@type":"EntryPoint","urlTemplate":"https:\/\/news.canadamotorjobs.com\/?s={search_term_string}"},"query-input":"required name=search_term_string"}],"inLanguage":"fr-CA"},{"@type":"Organization","@id":"https:\/\/news.canadamotorjobs.com\/#organization","name":"Canada Motor Jobs","url":"https:\/\/news.canadamotorjobs.com\/","logo":{"@type":"ImageObject","inLanguage":"fr-CA","@id":"https:\/\/news.canadamotorjobs.com\/#\/schema\/logo\/image\/","url":"https:\/\/news.canadamotorjobs.com\/wp-content\/uploads\/2022\/10\/logo-canada-motor-jobs-1.png","contentUrl":"https:\/\/news.canadamotorjobs.com\/wp-content\/uploads\/2022\/10\/logo-canada-motor-jobs-1.png","width":800,"height":400,"caption":"Canada Motor Jobs"},"image":{"@id":"https:\/\/news.canadamotorjobs.com\/#\/schema\/logo\/image\/"},"sameAs":["https:\/\/www.facebook.com\/canadamotorjobs\/","https:\/\/x.com\/canadamotorjobs","https:\/\/www.instagram.com\/canadamotorjobs\/","https:\/\/www.linkedin.com\/company\/canadamotorjobs"]},{"@type":"Person","@id":"https:\/\/news.canadamotorjobs.com\/#\/schema\/person\/51793d1f87d44011d7bcc2ed99269a90","name":"Benoit Charette","image":{"@type":"ImageObject","inLanguage":"fr-CA","@id":"https:\/\/news.canadamotorjobs.com\/#\/schema\/person\/image\/","url":"https:\/\/secure.gravatar.com\/avatar\/45f3d2eebcccd909668d7ce7ea7267b6?s=96&d=mm&r=g","contentUrl":"https:\/\/secure.gravatar.com\/avatar\/45f3d2eebcccd909668d7ce7ea7267b6?s=96&d=mm&r=g","caption":"Benoit Charette"},"description":"Benoit Charette \/ Propri\u00e9taire et r\u00e9dacteur en chef Benoit Charette pratique le journalisme automobile depuis bient\u00f4t 30 ans. Il a fait ses classes au c\u00f4t\u00e9 de Daniel H\u00e9raud et au Carnet de route de 1992 \u00e0 2001. Il est fondateur, copropri\u00e9taire et r\u00e9dacteur en chef de L\u2019Annuel de l\u2019automobile, qu\u2019il publie depuis 2001. Il a anim\u00e9 les \u00e9missions RPM et RPM+ sur V et les L\u00e9gendes de la route sur Historia. \u00c0 la radio depuis 1986, il reprend l\u2019antenne cette ann\u00e9e sur les ondes de Cogeco et participe pour la deuxi\u00e8me ann\u00e9e \u00e0 l\u2019\u00e9mission Passion Auto sur RDS en plus de mettre en ligne le site Web officiel de L\u2019Annuel de l\u2019automobile sur annuelauto.ca.","sameAs":["https:\/\/annuelauto.ca\/"],"url":"https:\/\/news.canadamotorjobs.com\/fr\/author\/benoit-charette\/"}]}},"_links":{"self":[{"href":"https:\/\/news.canadamotorjobs.com\/fr\/wp-json\/wp\/v2\/posts\/147361"}],"collection":[{"href":"https:\/\/news.canadamotorjobs.com\/fr\/wp-json\/wp\/v2\/posts"}],"about":[{"href":"https:\/\/news.canadamotorjobs.com\/fr\/wp-json\/wp\/v2\/types\/post"}],"author":[{"embeddable":true,"href":"https:\/\/news.canadamotorjobs.com\/fr\/wp-json\/wp\/v2\/users\/8"}],"replies":[{"embeddable":true,"href":"https:\/\/news.canadamotorjobs.com\/fr\/wp-json\/wp\/v2\/comments?post=147361"}],"version-history":[{"count":2,"href":"https:\/\/news.canadamotorjobs.com\/fr\/wp-json\/wp\/v2\/posts\/147361\/revisions"}],"predecessor-version":[{"id":147365,"href":"https:\/\/news.canadamotorjobs.com\/fr\/wp-json\/wp\/v2\/posts\/147361\/revisions\/147365"}],"wp:featuredmedia":[{"embeddable":true,"href":"https:\/\/news.canadamotorjobs.com\/fr\/wp-json\/wp\/v2\/media\/147363"}],"wp:attachment":[{"href":"https:\/\/news.canadamotorjobs.com\/fr\/wp-json\/wp\/v2\/media?parent=147361"}],"wp:term":[{"taxonomy":"category","embeddable":true,"href":"https:\/\/news.canadamotorjobs.com\/fr\/wp-json\/wp\/v2\/categories?post=147361"},{"taxonomy":"post_tag","embeddable":true,"href":"https:\/\/news.canadamotorjobs.com\/fr\/wp-json\/wp\/v2\/tags?post=147361"}],"curies":[{"name":"wp","href":"https:\/\/api.w.org\/{rel}","templated":true}]}}