{"id":147264,"date":"2023-06-14T08:40:35","date_gmt":"2023-06-14T12:40:35","guid":{"rendered":"https:\/\/news.canadamotorjobs.com\/?p=147264"},"modified":"2023-06-14T08:45:47","modified_gmt":"2023-06-14T12:45:47","slug":"au-tour-de-stallantis-de-considerer-joindre-la-norme-de-recharge-de-tesla","status":"publish","type":"post","link":"https:\/\/news.canadamotorjobs.com\/fr\/au-tour-de-stallantis-de-considerer-joindre-la-norme-de-recharge-de-tesla\/","title":{"rendered":"Au tour de Stallantis de consid\u00e9rer joindre la norme de recharge de Tesla"},"content":{"rendered":"<\/p>\n<p>Apr\u00e8s Ford et GM, c\u2019est au tour de Stellantis d\u2019examiner la possibilit\u00e9 de joindre la norme NACS. Stellantis est pr\u00e9sentement \u00e0 \u00e9valuer cette norme et va sans doute r\u00e9alis\u00e9 comme Ford et GM qu\u2019il y a une grande \u00e9conomie en bout de piste d\u2019avoir d\u00e9j\u00e0 un r\u00e9seau \u00e0 haute vitesse d\u2019\u00e9tabli pour ses futurs produits \u00e9lectrique. Des responsables de la marque ont d\u00e9clar\u00e9 \u00e0 l\u2019agence Reuters. &#8220;Notre objectif est d&#8217;offrir au client la meilleure exp\u00e9rience de recharge possible. Notre marque Free2Move Charge offrira des solutions simples et transparentes, que ce soit \u00e0 la maison ou en d\u00e9placement, gr\u00e2ce \u00e0 des partenariats avec des fournisseurs de services de recharge&#8221;, a d\u00e9clar\u00e9 l&#8217;entreprise.<\/p>\n<h3>Une d\u00e9cision qui arrivera sous peu<\/h3>\n<p>\nComme Ford et GM, Stellantis veut offrir aussi rapidement que possible un r\u00e9seau fiable et \u00e9tendu \u00e0 sa client\u00e8le qui aurait acc\u00e8s \u00e0 12\u00a0000 bornes de recharge rapide un peu partout en Am\u00e9rique du Nord. Au-del\u00e0 d\u2019ouvrir son r\u00e9seau aux autres constructeurs, Tesla va aussi de cette mani\u00e8re faire consensus autour de la norme NACS. Le PDG de Tesla, Elon Musk, a d\u00e9clar\u00e9 lors d&#8217;une conf\u00e9rence \u00e0 Austin (Texas) mardi que l&#8217;ouverture de ses r\u00e9seaux de recharge exclusifs &#8220;pourrait en fait constituer un d\u00e9savantage concurrentiel&#8221;, mais que cela &#8220;aiderait le reste de l&#8217;industrie&#8221;.<\/p>\n<p>&#8220;Je pense que c&#8217;est moralement juste, mais il reste \u00e0 voir si c&#8217;est financi\u00e8rement intelligent&#8221;, a-t-il d\u00e9clar\u00e9.<\/p>\n<p>\u00a0<\/p>\n<p>Avec des renseignements d\u2019Automotive News<\/p>\n<p>Le texte <a rel=\"nofollow\" href=\"https:\/\/annuelauto.ca\/au-tour-de-stallantis-de-considerer-joindre-la-norme-de-recharge-de-tesla\/\">Au tour de Stallantis de consid\u00e9rer joindre la norme de recharge de Tesla<\/a> provient de <a rel=\"nofollow\" href=\"https:\/\/annuelauto.ca\">L&#8217;annuel de l&#8217;automobile &#8211; Actualit\u00e9 automobile<\/a><\/p>\n<p><\/p>\n","protected":false},"excerpt":{"rendered":"<p>Apr\u00e8s Ford et GM, c\u2019est au tour de Stellantis d\u2019examiner la possibilit\u00e9 de joindre la norme NACS. Stellantis est pr\u00e9sentement \u00e0 \u00e9valuer cette norme et va sans doute r\u00e9alis\u00e9 comme Ford et GM qu\u2019il y a une grande \u00e9conomie en bout de piste d\u2019avoir d\u00e9j\u00e0 un r\u00e9seau \u00e0 haute vitesse d\u2019\u00e9tabli pour ses futurs produits [&hellip;]<\/p>\n","protected":false},"author":8,"featured_media":147266,"comment_status":"close","ping_status":"closed","sticky":false,"template":"","format":"standard","meta":{"_monsterinsights_skip_tracking":false,"_monsterinsights_sitenote_active":false,"_monsterinsights_sitenote_note":"","_monsterinsights_sitenote_category":0,"footnotes":""},"categories":[101],"tags":[],"yoast_head":"<!-- This site is optimized with the Yoast SEO plugin v23.2 - https:\/\/yoast.com\/wordpress\/plugins\/seo\/ -->\n<title>Au tour de Stallantis de consid\u00e9rer joindre la norme de recharge de Tesla - CanadaMotorJobs.com<\/title>\n<meta name=\"description\" content=\"Au tour de Stallantis de consid\u00e9rer joindre la norme de recharge de Tesla - Benoit Charette - Annuel automobile - CanadaMotorJobs.com.\" \/>\n<meta name=\"robots\" content=\"index, follow, max-snippet:-1, max-image-preview:large, max-video-preview:-1\" \/>\n<meta property=\"og:locale\" content=\"fr_CA\" \/>\n<meta property=\"og:type\" content=\"article\" \/>\n<meta property=\"og:title\" content=\"Au tour de Stallantis de consid\u00e9rer joindre la norme de recharge de Tesla - CanadaMotorJobs.com\" \/>\n<meta property=\"og:description\" content=\"Au tour de Stallantis de consid\u00e9rer joindre la norme de recharge de Tesla - Benoit Charette - Annuel automobile - CanadaMotorJobs.com.\" \/>\n<meta property=\"og:url\" content=\"https:\/\/news.canadamotorjobs.com\/fr\/au-tour-de-stallantis-de-considerer-joindre-la-norme-de-recharge-de-tesla\/\" \/>\n<meta property=\"og:site_name\" content=\"CanadaMotorJobs.com\" \/>\n<meta property=\"article:publisher\" content=\"https:\/\/www.facebook.com\/canadamotorjobs\/\" \/>\n<meta property=\"article:published_time\" content=\"2023-06-14T12:40:35+00:00\" \/>\n<meta property=\"article:modified_time\" content=\"2023-06-14T12:45:47+00:00\" \/>\n<meta property=\"og:image\" content=\"https:\/\/news.canadamotorjobs.com\/wp-content\/uploads\/2023\/06\/Dayen-EV-charging-072722.jpg\" \/>\n\t<meta property=\"og:image:width\" content=\"980\" \/>\n\t<meta property=\"og:image:height\" content=\"653\" \/>\n\t<meta property=\"og:image:type\" content=\"image\/jpeg\" \/>\n<meta name=\"author\" content=\"Benoit Charette\" \/>\n<meta name=\"twitter:card\" content=\"summary_large_image\" \/>\n<meta name=\"twitter:creator\" content=\"@canadamotorjobs\" \/>\n<meta name=\"twitter:site\" content=\"@canadamotorjobs\" \/>\n<meta name=\"twitter:label1\" content=\"\u00c9crit par\" \/>\n\t<meta name=\"twitter:data1\" content=\"Benoit Charette\" \/>\n\t<meta name=\"twitter:label2\" content=\"Estimation du temps de lecture\" \/>\n\t<meta name=\"twitter:data2\" content=\"1 minute\" \/>\n<!-- \/ Yoast SEO plugin. -->","yoast_head_json":{"title":"Au tour de Stallantis de consid\u00e9rer joindre la norme de recharge de Tesla - CanadaMotorJobs.com","description":"Au tour de Stallantis de consid\u00e9rer joindre la norme de recharge de Tesla - Benoit Charette - Annuel automobile - CanadaMotorJobs.com.","robots":{"index":"index","follow":"follow","max-snippet":"max-snippet:-1","max-image-preview":"max-image-preview:large","max-video-preview":"max-video-preview:-1"},"og_locale":"fr_CA","og_type":"article","og_title":"Au tour de Stallantis de consid\u00e9rer joindre la norme de recharge de Tesla - CanadaMotorJobs.com","og_description":"Au tour de Stallantis de consid\u00e9rer joindre la norme de recharge de Tesla - Benoit Charette - Annuel automobile - CanadaMotorJobs.com.","og_url":"https:\/\/news.canadamotorjobs.com\/fr\/au-tour-de-stallantis-de-considerer-joindre-la-norme-de-recharge-de-tesla\/","og_site_name":"CanadaMotorJobs.com","article_publisher":"https:\/\/www.facebook.com\/canadamotorjobs\/","article_published_time":"2023-06-14T12:40:35+00:00","article_modified_time":"2023-06-14T12:45:47+00:00","og_image":[{"width":980,"height":653,"url":"https:\/\/news.canadamotorjobs.com\/wp-content\/uploads\/2023\/06\/Dayen-EV-charging-072722.jpg","type":"image\/jpeg"}],"author":"Benoit Charette","twitter_card":"summary_large_image","twitter_creator":"@canadamotorjobs","twitter_site":"@canadamotorjobs","twitter_misc":{"\u00c9crit par":"Benoit Charette","Estimation du temps de lecture":"1 minute"},"schema":{"@context":"https:\/\/schema.org","@graph":[{"@type":"Article","@id":"https:\/\/news.canadamotorjobs.com\/fr\/au-tour-de-stallantis-de-considerer-joindre-la-norme-de-recharge-de-tesla\/#article","isPartOf":{"@id":"https:\/\/news.canadamotorjobs.com\/fr\/au-tour-de-stallantis-de-considerer-joindre-la-norme-de-recharge-de-tesla\/"},"author":{"name":"Benoit Charette","@id":"https:\/\/news.canadamotorjobs.com\/#\/schema\/person\/51793d1f87d44011d7bcc2ed99269a90"},"headline":"Au tour de Stallantis de consid\u00e9rer joindre la norme de recharge de Tesla","datePublished":"2023-06-14T12:40:35+00:00","dateModified":"2023-06-14T12:45:47+00:00","mainEntityOfPage":{"@id":"https:\/\/news.canadamotorjobs.com\/fr\/au-tour-de-stallantis-de-considerer-joindre-la-norme-de-recharge-de-tesla\/"},"wordCount":300,"publisher":{"@id":"https:\/\/news.canadamotorjobs.com\/#organization"},"image":{"@id":"https:\/\/news.canadamotorjobs.com\/fr\/au-tour-de-stallantis-de-considerer-joindre-la-norme-de-recharge-de-tesla\/#primaryimage"},"thumbnailUrl":"https:\/\/news.canadamotorjobs.com\/wp-content\/uploads\/2023\/06\/Dayen-EV-charging-072722.jpg","articleSection":["Annuel automobile"],"inLanguage":"fr-CA"},{"@type":"WebPage","@id":"https:\/\/news.canadamotorjobs.com\/fr\/au-tour-de-stallantis-de-considerer-joindre-la-norme-de-recharge-de-tesla\/","url":"https:\/\/news.canadamotorjobs.com\/fr\/au-tour-de-stallantis-de-considerer-joindre-la-norme-de-recharge-de-tesla\/","name":"Au tour de Stallantis de consid\u00e9rer joindre la norme de recharge de Tesla - CanadaMotorJobs.com","isPartOf":{"@id":"https:\/\/news.canadamotorjobs.com\/#website"},"primaryImageOfPage":{"@id":"https:\/\/news.canadamotorjobs.com\/fr\/au-tour-de-stallantis-de-considerer-joindre-la-norme-de-recharge-de-tesla\/#primaryimage"},"image":{"@id":"https:\/\/news.canadamotorjobs.com\/fr\/au-tour-de-stallantis-de-considerer-joindre-la-norme-de-recharge-de-tesla\/#primaryimage"},"thumbnailUrl":"https:\/\/news.canadamotorjobs.com\/wp-content\/uploads\/2023\/06\/Dayen-EV-charging-072722.jpg","datePublished":"2023-06-14T12:40:35+00:00","dateModified":"2023-06-14T12:45:47+00:00","description":"Au tour de Stallantis de consid\u00e9rer joindre la norme de recharge de Tesla - Benoit Charette - Annuel automobile - CanadaMotorJobs.com.","breadcrumb":{"@id":"https:\/\/news.canadamotorjobs.com\/fr\/au-tour-de-stallantis-de-considerer-joindre-la-norme-de-recharge-de-tesla\/#breadcrumb"},"inLanguage":"fr-CA","potentialAction":[{"@type":"ReadAction","target":["https:\/\/news.canadamotorjobs.com\/fr\/au-tour-de-stallantis-de-considerer-joindre-la-norme-de-recharge-de-tesla\/"]}]},{"@type":"ImageObject","inLanguage":"fr-CA","@id":"https:\/\/news.canadamotorjobs.com\/fr\/au-tour-de-stallantis-de-considerer-joindre-la-norme-de-recharge-de-tesla\/#primaryimage","url":"https:\/\/news.canadamotorjobs.com\/wp-content\/uploads\/2023\/06\/Dayen-EV-charging-072722.jpg","contentUrl":"https:\/\/news.canadamotorjobs.com\/wp-content\/uploads\/2023\/06\/Dayen-EV-charging-072722.jpg","width":980,"height":653},{"@type":"BreadcrumbList","@id":"https:\/\/news.canadamotorjobs.com\/fr\/au-tour-de-stallantis-de-considerer-joindre-la-norme-de-recharge-de-tesla\/#breadcrumb","itemListElement":[{"@type":"ListItem","position":1,"name":"Home","item":"https:\/\/news.canadamotorjobs.com\/fr\/blog\/"},{"@type":"ListItem","position":2,"name":"Au tour de Stallantis de consid\u00e9rer joindre la norme de recharge de Tesla"}]},{"@type":"WebSite","@id":"https:\/\/news.canadamotorjobs.com\/#website","url":"https:\/\/news.canadamotorjobs.com\/","name":"CanadaMotorJobs.com","description":"Automotive Jobs","publisher":{"@id":"https:\/\/news.canadamotorjobs.com\/#organization"},"potentialAction":[{"@type":"SearchAction","target":{"@type":"EntryPoint","urlTemplate":"https:\/\/news.canadamotorjobs.com\/?s={search_term_string}"},"query-input":"required name=search_term_string"}],"inLanguage":"fr-CA"},{"@type":"Organization","@id":"https:\/\/news.canadamotorjobs.com\/#organization","name":"Canada Motor Jobs","url":"https:\/\/news.canadamotorjobs.com\/","logo":{"@type":"ImageObject","inLanguage":"fr-CA","@id":"https:\/\/news.canadamotorjobs.com\/#\/schema\/logo\/image\/","url":"https:\/\/news.canadamotorjobs.com\/wp-content\/uploads\/2022\/10\/logo-canada-motor-jobs-1.png","contentUrl":"https:\/\/news.canadamotorjobs.com\/wp-content\/uploads\/2022\/10\/logo-canada-motor-jobs-1.png","width":800,"height":400,"caption":"Canada Motor Jobs"},"image":{"@id":"https:\/\/news.canadamotorjobs.com\/#\/schema\/logo\/image\/"},"sameAs":["https:\/\/www.facebook.com\/canadamotorjobs\/","https:\/\/x.com\/canadamotorjobs","https:\/\/www.instagram.com\/canadamotorjobs\/","https:\/\/www.linkedin.com\/company\/canadamotorjobs"]},{"@type":"Person","@id":"https:\/\/news.canadamotorjobs.com\/#\/schema\/person\/51793d1f87d44011d7bcc2ed99269a90","name":"Benoit Charette","image":{"@type":"ImageObject","inLanguage":"fr-CA","@id":"https:\/\/news.canadamotorjobs.com\/#\/schema\/person\/image\/","url":"https:\/\/secure.gravatar.com\/avatar\/45f3d2eebcccd909668d7ce7ea7267b6?s=96&d=mm&r=g","contentUrl":"https:\/\/secure.gravatar.com\/avatar\/45f3d2eebcccd909668d7ce7ea7267b6?s=96&d=mm&r=g","caption":"Benoit Charette"},"description":"Benoit Charette \/ Propri\u00e9taire et r\u00e9dacteur en chef Benoit Charette pratique le journalisme automobile depuis bient\u00f4t 30 ans. Il a fait ses classes au c\u00f4t\u00e9 de Daniel H\u00e9raud et au Carnet de route de 1992 \u00e0 2001. Il est fondateur, copropri\u00e9taire et r\u00e9dacteur en chef de L\u2019Annuel de l\u2019automobile, qu\u2019il publie depuis 2001. Il a anim\u00e9 les \u00e9missions RPM et RPM+ sur V et les L\u00e9gendes de la route sur Historia. \u00c0 la radio depuis 1986, il reprend l\u2019antenne cette ann\u00e9e sur les ondes de Cogeco et participe pour la deuxi\u00e8me ann\u00e9e \u00e0 l\u2019\u00e9mission Passion Auto sur RDS en plus de mettre en ligne le site Web officiel de L\u2019Annuel de l\u2019automobile sur annuelauto.ca.","sameAs":["https:\/\/annuelauto.ca\/"],"url":"https:\/\/news.canadamotorjobs.com\/fr\/author\/benoit-charette\/"}]}},"_links":{"self":[{"href":"https:\/\/news.canadamotorjobs.com\/fr\/wp-json\/wp\/v2\/posts\/147264"}],"collection":[{"href":"https:\/\/news.canadamotorjobs.com\/fr\/wp-json\/wp\/v2\/posts"}],"about":[{"href":"https:\/\/news.canadamotorjobs.com\/fr\/wp-json\/wp\/v2\/types\/post"}],"author":[{"embeddable":true,"href":"https:\/\/news.canadamotorjobs.com\/fr\/wp-json\/wp\/v2\/users\/8"}],"replies":[{"embeddable":true,"href":"https:\/\/news.canadamotorjobs.com\/fr\/wp-json\/wp\/v2\/comments?post=147264"}],"version-history":[{"count":2,"href":"https:\/\/news.canadamotorjobs.com\/fr\/wp-json\/wp\/v2\/posts\/147264\/revisions"}],"predecessor-version":[{"id":147268,"href":"https:\/\/news.canadamotorjobs.com\/fr\/wp-json\/wp\/v2\/posts\/147264\/revisions\/147268"}],"wp:featuredmedia":[{"embeddable":true,"href":"https:\/\/news.canadamotorjobs.com\/fr\/wp-json\/wp\/v2\/media\/147266"}],"wp:attachment":[{"href":"https:\/\/news.canadamotorjobs.com\/fr\/wp-json\/wp\/v2\/media?parent=147264"}],"wp:term":[{"taxonomy":"category","embeddable":true,"href":"https:\/\/news.canadamotorjobs.com\/fr\/wp-json\/wp\/v2\/categories?post=147264"},{"taxonomy":"post_tag","embeddable":true,"href":"https:\/\/news.canadamotorjobs.com\/fr\/wp-json\/wp\/v2\/tags?post=147264"}],"curies":[{"name":"wp","href":"https:\/\/api.w.org\/{rel}","templated":true}]}}