{"id":147210,"date":"2023-06-13T19:50:42","date_gmt":"2023-06-13T23:50:42","guid":{"rendered":"https:\/\/news.canadamotorjobs.com\/?p=147210"},"modified":"2023-06-13T20:00:26","modified_gmt":"2023-06-14T00:00:26","slug":"telo-presente-la-camionnette-electrique-reinventee","status":"publish","type":"post","link":"https:\/\/news.canadamotorjobs.com\/fr\/telo-presente-la-camionnette-electrique-reinventee\/","title":{"rendered":"Telo pr\u00e9sente la camionnette (\u00e9lectrique) r\u00e9invent\u00e9e"},"content":{"rendered":"<\/p>\n<p>Telo r\u00e9invente le concept de la <a href=\"https:\/\/annuelauto.ca\/voici-lebro-la-nouvelle-camionnette-electrique-espagnole\/\" target=\"_blank\" rel=\"noopener noreferrer\">camionnette<\/a>, d\u2019abord en l\u2019\u00e9lectrifiant, mais aussi en la rendant plus pratique et encore moins encombrante qu\u2019une Ford Maverick\u00a0! Cette jeune entreprise californienne a diffus\u00e9 aujourd\u2019hui les premi\u00e8res images de sa cr\u00e9ation, de m\u00eame des caract\u00e9ristiques qui ont tout pour faire saliver les amateurs de nouveaut\u00e9s, d\u2019autant plus qu\u2019elle n\u2019arrivera pas \u00e0 terme avant au moins trois ans.<\/p>\n<p>Mesurant seulement 3\u00a0861\u00a0mm de bout en bout, cette camionnette d&#8217;aventurier urbain a des dimensions d\u2019un v\u00e9hicule sous-compact. Elle n\u2019est pas plus longue qu\u2019une Mini Cooper \u00e0 3 portes\u00a0!<span class=\"Apple-converted-space\">\u00a0<\/span><\/p>\n<p>Cela ne l\u2019emp\u00eache pas d\u2019avoir un habitacle \u00e0 4 portes assez spacieux pour accueillir cinq passagers, affirment ses concepteurs. De plus, sa caisse a une surface utile de 1\u00a0524\u00a0mm (60 pouces). C\u2019est plus qu\u2019avec une <a href=\"https:\/\/annuelauto.ca\/voici-le-ford-maverick-qui-commence-a-25-900\/\" target=\"_blank\" rel=\"noopener noreferrer\">Ford Maverick<\/a>, qui doit se contenter d\u2019une caisse de 1\u00a0382\u00a0mm (54,4\u00a0po).<span class=\"Apple-converted-space\">\u00a0<\/span><\/p>\n<p>De conception traditionnelle, la petite camionnette de Ford a \u00e9galement un moteur thermique log\u00e9 \u00e0 l\u2019avant de sa carrosserie, chose que n\u2019a pas la Telo. L\u2019absence totale de porte-\u00e0-faux avant le d\u00e9montre clairement et lui donne cette longueur minimaliste qui favorisera son utilisation dans les espaces de stationnement r\u00e9duits et les petites rues des villes congestionn\u00e9es.<\/p>\n<h3><b>Rappelez-vous la Midgate de l\u2019Avalanche<\/b><\/h3>\n<p>\nDe plus, les photos fournies par Telo nous permettent de constater que la cloison arri\u00e8re de l\u2019habitacle peut \u00eatre ouverte (comme la Midgate d\u2019une Chevrolet Avalanche) pour accro\u00eetre la surface de chargement en sacrifiant les places arri\u00e8re, une caract\u00e9ristique qui fait d\u00e9faut \u00e0 la Maverick.<\/p>\n<p>Cette conception permettrait de charger dans cette caisse de 60\u00a0x\u00a060\u00a0x\u00a018\u00a0po des feuilles de contreplaqu\u00e9 de 4\u00a0x 8\u00a0pi, de longues \u00e9chelles ou m\u00eame une planche de surf de 9\u00a0pi.<span class=\"Apple-converted-space\">\u00a0<\/span><\/p>\n<p>Pour ajouter \u00e0 son c\u00f4t\u00e9 pratique, on a aussi pr\u00e9vu un couvre-caisse coulissant qu\u2019on imagine semblable \u00e0 celui d\u2019une camionnette <a href=\"https:\/\/annuelauto.ca\/hyundai-santa-cruz-2022\/\" target=\"_blank\" rel=\"noopener noreferrer\">Hyundai Santa\u00a0Cruz<\/a>. On trouve aussi de petits coffrets am\u00e9nag\u00e9s dans les ailes arri\u00e8re, devant la roue.<span class=\"Apple-converted-space\">\u00a0<\/span><\/p>\n<p>La caisse pourra aussi \u00eatre modifi\u00e9e pour recevoir une seconde banquette \u00e0 trois places et une extension pour le toit, qui transformera cette camionnette en utilitaire.<span class=\"Apple-converted-space\">\u00a0<\/span><\/p>\n<h3><b>Puissant et performant<\/b><\/h3>\n<p>\nC\u00f4t\u00e9 technique, les concepteurs attribuent une masse de 2\u00a0000\u00a0kg \u00e0 leur camionnette. Ses deux moteurs qui livreront 380\u00a0kW (500\u00a0ch) aux quatre roues seront aliment\u00e9s par une <a href=\"https:\/\/annuelauto.ca\/toyota-prepare-une-batterie-solide-avec-1-450-km-dautonomie\/\" target=\"_blank\" rel=\"noopener noreferrer\">batterie<\/a> offrant une autonomie de 550\u00a0km. Cette motorisation procurera une vitesse de pointe de 200\u00a0km\/h et une acc\u00e9l\u00e9ration de 0 \u00e0 100\u00a0km\/h en 4\u00a0s environ.<\/p>\n<p>Cette entreprise de San Carlos, Californie, a \u00e9t\u00e9 fond\u00e9 par Jason Marks et Forrest North. Le premier est connu pour le travail accompli dans le d\u00e9veloppement des dispositifs d\u2019aide \u00e0 la conduite modernes, alors que le second a travaill\u00e9 \u00e0 la conception de la batterie de la Tesla Roadster.<span class=\"Apple-converted-space\">\u00a0<\/span><\/p>\n<p>Apr\u00e8s avoir quitt\u00e9 l\u2019entreprise d\u2019Elon Musk, North a cofond\u00e9 Mission Motors en 2007, une entreprise qui devait lancer une motocyclette \u00e9lectrique de haute performance, projet qui n\u2019a jamais abouti. Plus r\u00e9cemment, il a \u00e9t\u00e9 impliqu\u00e9 dans un autre projet visant \u00e0 \u00e9tablir dans les grandes villes un service de trottinettes \u00e9lectriques en partage appel\u00e9 Neptune.<\/p>\n<p>\u00c0 ce duo s\u2019ajoute le Suisse Yves B\u00e9har, le fondateur de Fuseproject. Ce studio de design international, qui a con\u00e7u l\u2019int\u00e9rieur et l\u2019ext\u00e9rieur de la camionnette, a r\u00e9alis\u00e9 auparavant de nombreux projets pour de grands noms, notamment Samsung, L\u2019Or\u00e9al, Puma, SodaStream et Prada.<\/p>\n<h3><b>Un nom emprunt\u00e9 au grec ancien<\/b><\/h3>\n<p>\nQuant au nom Telo, il provient du mot grec ancien <i>telos<\/i> (<i>\u03c4\u03ad\u03bb\u03bf\u03c2<\/i>), qui signifie but, r\u00e9sultat, ach\u00e8vement. Les cofondateurs s\u2019en sont inspir\u00e9s parce qu\u2019il \u00e9voquait une vision d\u2019avenir utile pour le transport durable, nous apprend la porte-parole de Telo, Sydney Mauro.<\/p>\n<p>Naturellement, on est encore loin de voir cette camionnette sillonner nos routes. Il reste beaucoup de travail \u00e0 faire pour l\u2019amener du stade de d\u00e9veloppement \u00e0 la production et la commercialisation.<span class=\"Apple-converted-space\">\u00a0<\/span><\/p>\n<p>D\u2019ici l\u00e0, l\u2019entreprise entend construire les 500\u00a0premiers exemplaires \u00e0 la main au cours des deux prochaines ann\u00e9es pour ensuite laisser \u00e0 un assembleur \u00e9tabli aux \u00c9tats-Unis (aucun nom n\u2019a \u00e9t\u00e9 mentionn\u00e9) le soin d\u2019amorcer la production de masse, \u00e9tape que Telo esp\u00e8re atteindre d&#8217;ici trois\u00a0ans. C\u2019est du moins ce qu\u2019affirme le site <i>FastCompany<\/i>, qui a interrog\u00e9 les cofondateurs et B\u00e9har.<i><span class=\"Apple-converted-space\">\u00a0<\/span><\/i><\/p>\n<p>Entre-temps, les gens qui sont s\u00e9duits par ce concept \u2014 et par le prix annonc\u00e9, soit 49\u00a0999\u00a0$US \u2014peuvent verser d\u00e8s maintenant un d\u00e9p\u00f4t de 152\u00a0$US (oui, c\u2019est vraiment le montant exig\u00e9) pour en r\u00e9server un. <span class=\"Apple-converted-space\">\u00a0<\/span><\/p>\n<p><i>Photos : Telo<\/i><\/p>\n<p>Le texte <a rel=\"nofollow\" href=\"https:\/\/annuelauto.ca\/telo-presente-la-camionnette-electrique-reinventee\/\">Telo pr\u00e9sente la camionnette (\u00e9lectrique) r\u00e9invent\u00e9e<\/a> provient de <a rel=\"nofollow\" href=\"https:\/\/annuelauto.ca\">L&#8217;annuel de l&#8217;automobile &#8211; Actualit\u00e9 automobile<\/a><\/p>\n<p><\/p>\n","protected":false},"excerpt":{"rendered":"<p>Telo r\u00e9invente le concept de la camionnette, d\u2019abord en l\u2019\u00e9lectrifiant, mais aussi en la rendant plus pratique et encore moins encombrante qu\u2019une Ford Maverick\u00a0! Cette jeune entreprise californienne a diffus\u00e9 aujourd\u2019hui les premi\u00e8res images de sa cr\u00e9ation, de m\u00eame des caract\u00e9ristiques qui ont tout pour faire saliver les amateurs de nouveaut\u00e9s, d\u2019autant plus qu\u2019elle n\u2019arrivera [&hellip;]<\/p>\n","protected":false},"author":8,"featured_media":147212,"comment_status":"close","ping_status":"closed","sticky":false,"template":"","format":"standard","meta":{"_monsterinsights_skip_tracking":false,"_monsterinsights_sitenote_active":false,"_monsterinsights_sitenote_note":"","_monsterinsights_sitenote_category":0,"footnotes":""},"categories":[101],"tags":[],"yoast_head":"<!-- This site is optimized with the Yoast SEO plugin v23.2 - https:\/\/yoast.com\/wordpress\/plugins\/seo\/ -->\n<title>Telo pr\u00e9sente la camionnette (\u00e9lectrique) r\u00e9invent\u00e9e - CanadaMotorJobs.com<\/title>\n<meta name=\"description\" content=\"Telo pr\u00e9sente la camionnette (\u00e9lectrique) r\u00e9invent\u00e9e - Benoit Charette - Annuel automobile - CanadaMotorJobs.com.\" \/>\n<meta name=\"robots\" content=\"index, follow, max-snippet:-1, max-image-preview:large, max-video-preview:-1\" \/>\n<meta property=\"og:locale\" content=\"fr_CA\" \/>\n<meta property=\"og:type\" content=\"article\" \/>\n<meta property=\"og:title\" content=\"Telo pr\u00e9sente la camionnette (\u00e9lectrique) r\u00e9invent\u00e9e - CanadaMotorJobs.com\" \/>\n<meta property=\"og:description\" content=\"Telo pr\u00e9sente la camionnette (\u00e9lectrique) r\u00e9invent\u00e9e - Benoit Charette - Annuel automobile - CanadaMotorJobs.com.\" \/>\n<meta property=\"og:url\" content=\"https:\/\/news.canadamotorjobs.com\/fr\/telo-presente-la-camionnette-electrique-reinventee\/\" \/>\n<meta property=\"og:site_name\" content=\"CanadaMotorJobs.com\" \/>\n<meta property=\"article:publisher\" content=\"https:\/\/www.facebook.com\/canadamotorjobs\/\" \/>\n<meta property=\"article:published_time\" content=\"2023-06-13T23:50:42+00:00\" \/>\n<meta property=\"article:modified_time\" content=\"2023-06-14T00:00:26+00:00\" \/>\n<meta property=\"og:image\" content=\"https:\/\/news.canadamotorjobs.com\/wp-content\/uploads\/2023\/06\/Telo-electrique-6.jpg\" \/>\n\t<meta property=\"og:image:width\" content=\"1500\" \/>\n\t<meta property=\"og:image:height\" content=\"1000\" \/>\n\t<meta property=\"og:image:type\" content=\"image\/jpeg\" \/>\n<meta name=\"author\" content=\"Benoit Charette\" \/>\n<meta name=\"twitter:card\" content=\"summary_large_image\" \/>\n<meta name=\"twitter:creator\" content=\"@canadamotorjobs\" \/>\n<meta name=\"twitter:site\" content=\"@canadamotorjobs\" \/>\n<meta name=\"twitter:label1\" content=\"\u00c9crit par\" \/>\n\t<meta name=\"twitter:data1\" content=\"Benoit Charette\" \/>\n\t<meta name=\"twitter:label2\" content=\"Estimation du temps de lecture\" \/>\n\t<meta name=\"twitter:data2\" content=\"4 minutes\" \/>\n<!-- \/ Yoast SEO plugin. -->","yoast_head_json":{"title":"Telo pr\u00e9sente la camionnette (\u00e9lectrique) r\u00e9invent\u00e9e - CanadaMotorJobs.com","description":"Telo pr\u00e9sente la camionnette (\u00e9lectrique) r\u00e9invent\u00e9e - Benoit Charette - Annuel automobile - CanadaMotorJobs.com.","robots":{"index":"index","follow":"follow","max-snippet":"max-snippet:-1","max-image-preview":"max-image-preview:large","max-video-preview":"max-video-preview:-1"},"og_locale":"fr_CA","og_type":"article","og_title":"Telo pr\u00e9sente la camionnette (\u00e9lectrique) r\u00e9invent\u00e9e - CanadaMotorJobs.com","og_description":"Telo pr\u00e9sente la camionnette (\u00e9lectrique) r\u00e9invent\u00e9e - Benoit Charette - Annuel automobile - CanadaMotorJobs.com.","og_url":"https:\/\/news.canadamotorjobs.com\/fr\/telo-presente-la-camionnette-electrique-reinventee\/","og_site_name":"CanadaMotorJobs.com","article_publisher":"https:\/\/www.facebook.com\/canadamotorjobs\/","article_published_time":"2023-06-13T23:50:42+00:00","article_modified_time":"2023-06-14T00:00:26+00:00","og_image":[{"width":1500,"height":1000,"url":"https:\/\/news.canadamotorjobs.com\/wp-content\/uploads\/2023\/06\/Telo-electrique-6.jpg","type":"image\/jpeg"}],"author":"Benoit Charette","twitter_card":"summary_large_image","twitter_creator":"@canadamotorjobs","twitter_site":"@canadamotorjobs","twitter_misc":{"\u00c9crit par":"Benoit Charette","Estimation du temps de lecture":"4 minutes"},"schema":{"@context":"https:\/\/schema.org","@graph":[{"@type":"Article","@id":"https:\/\/news.canadamotorjobs.com\/fr\/telo-presente-la-camionnette-electrique-reinventee\/#article","isPartOf":{"@id":"https:\/\/news.canadamotorjobs.com\/fr\/telo-presente-la-camionnette-electrique-reinventee\/"},"author":{"name":"Benoit Charette","@id":"https:\/\/news.canadamotorjobs.com\/#\/schema\/person\/51793d1f87d44011d7bcc2ed99269a90"},"headline":"Telo pr\u00e9sente la camionnette (\u00e9lectrique) r\u00e9invent\u00e9e","datePublished":"2023-06-13T23:50:42+00:00","dateModified":"2023-06-14T00:00:26+00:00","mainEntityOfPage":{"@id":"https:\/\/news.canadamotorjobs.com\/fr\/telo-presente-la-camionnette-electrique-reinventee\/"},"wordCount":813,"publisher":{"@id":"https:\/\/news.canadamotorjobs.com\/#organization"},"image":{"@id":"https:\/\/news.canadamotorjobs.com\/fr\/telo-presente-la-camionnette-electrique-reinventee\/#primaryimage"},"thumbnailUrl":"https:\/\/news.canadamotorjobs.com\/wp-content\/uploads\/2023\/06\/Telo-electrique-6.jpg","articleSection":["Annuel automobile"],"inLanguage":"fr-CA"},{"@type":"WebPage","@id":"https:\/\/news.canadamotorjobs.com\/fr\/telo-presente-la-camionnette-electrique-reinventee\/","url":"https:\/\/news.canadamotorjobs.com\/fr\/telo-presente-la-camionnette-electrique-reinventee\/","name":"Telo pr\u00e9sente la camionnette (\u00e9lectrique) r\u00e9invent\u00e9e - CanadaMotorJobs.com","isPartOf":{"@id":"https:\/\/news.canadamotorjobs.com\/#website"},"primaryImageOfPage":{"@id":"https:\/\/news.canadamotorjobs.com\/fr\/telo-presente-la-camionnette-electrique-reinventee\/#primaryimage"},"image":{"@id":"https:\/\/news.canadamotorjobs.com\/fr\/telo-presente-la-camionnette-electrique-reinventee\/#primaryimage"},"thumbnailUrl":"https:\/\/news.canadamotorjobs.com\/wp-content\/uploads\/2023\/06\/Telo-electrique-6.jpg","datePublished":"2023-06-13T23:50:42+00:00","dateModified":"2023-06-14T00:00:26+00:00","description":"Telo pr\u00e9sente la camionnette (\u00e9lectrique) r\u00e9invent\u00e9e - Benoit Charette - Annuel automobile - CanadaMotorJobs.com.","breadcrumb":{"@id":"https:\/\/news.canadamotorjobs.com\/fr\/telo-presente-la-camionnette-electrique-reinventee\/#breadcrumb"},"inLanguage":"fr-CA","potentialAction":[{"@type":"ReadAction","target":["https:\/\/news.canadamotorjobs.com\/fr\/telo-presente-la-camionnette-electrique-reinventee\/"]}]},{"@type":"ImageObject","inLanguage":"fr-CA","@id":"https:\/\/news.canadamotorjobs.com\/fr\/telo-presente-la-camionnette-electrique-reinventee\/#primaryimage","url":"https:\/\/news.canadamotorjobs.com\/wp-content\/uploads\/2023\/06\/Telo-electrique-6.jpg","contentUrl":"https:\/\/news.canadamotorjobs.com\/wp-content\/uploads\/2023\/06\/Telo-electrique-6.jpg","width":1500,"height":1000},{"@type":"BreadcrumbList","@id":"https:\/\/news.canadamotorjobs.com\/fr\/telo-presente-la-camionnette-electrique-reinventee\/#breadcrumb","itemListElement":[{"@type":"ListItem","position":1,"name":"Home","item":"https:\/\/news.canadamotorjobs.com\/fr\/blog\/"},{"@type":"ListItem","position":2,"name":"Telo pr\u00e9sente la camionnette (\u00e9lectrique) r\u00e9invent\u00e9e"}]},{"@type":"WebSite","@id":"https:\/\/news.canadamotorjobs.com\/#website","url":"https:\/\/news.canadamotorjobs.com\/","name":"CanadaMotorJobs.com","description":"Automotive Jobs","publisher":{"@id":"https:\/\/news.canadamotorjobs.com\/#organization"},"potentialAction":[{"@type":"SearchAction","target":{"@type":"EntryPoint","urlTemplate":"https:\/\/news.canadamotorjobs.com\/?s={search_term_string}"},"query-input":"required name=search_term_string"}],"inLanguage":"fr-CA"},{"@type":"Organization","@id":"https:\/\/news.canadamotorjobs.com\/#organization","name":"Canada Motor Jobs","url":"https:\/\/news.canadamotorjobs.com\/","logo":{"@type":"ImageObject","inLanguage":"fr-CA","@id":"https:\/\/news.canadamotorjobs.com\/#\/schema\/logo\/image\/","url":"https:\/\/news.canadamotorjobs.com\/wp-content\/uploads\/2022\/10\/logo-canada-motor-jobs-1.png","contentUrl":"https:\/\/news.canadamotorjobs.com\/wp-content\/uploads\/2022\/10\/logo-canada-motor-jobs-1.png","width":800,"height":400,"caption":"Canada Motor Jobs"},"image":{"@id":"https:\/\/news.canadamotorjobs.com\/#\/schema\/logo\/image\/"},"sameAs":["https:\/\/www.facebook.com\/canadamotorjobs\/","https:\/\/x.com\/canadamotorjobs","https:\/\/www.instagram.com\/canadamotorjobs\/","https:\/\/www.linkedin.com\/company\/canadamotorjobs"]},{"@type":"Person","@id":"https:\/\/news.canadamotorjobs.com\/#\/schema\/person\/51793d1f87d44011d7bcc2ed99269a90","name":"Benoit Charette","image":{"@type":"ImageObject","inLanguage":"fr-CA","@id":"https:\/\/news.canadamotorjobs.com\/#\/schema\/person\/image\/","url":"https:\/\/secure.gravatar.com\/avatar\/45f3d2eebcccd909668d7ce7ea7267b6?s=96&d=mm&r=g","contentUrl":"https:\/\/secure.gravatar.com\/avatar\/45f3d2eebcccd909668d7ce7ea7267b6?s=96&d=mm&r=g","caption":"Benoit Charette"},"description":"Benoit Charette \/ Propri\u00e9taire et r\u00e9dacteur en chef Benoit Charette pratique le journalisme automobile depuis bient\u00f4t 30 ans. Il a fait ses classes au c\u00f4t\u00e9 de Daniel H\u00e9raud et au Carnet de route de 1992 \u00e0 2001. Il est fondateur, copropri\u00e9taire et r\u00e9dacteur en chef de L\u2019Annuel de l\u2019automobile, qu\u2019il publie depuis 2001. Il a anim\u00e9 les \u00e9missions RPM et RPM+ sur V et les L\u00e9gendes de la route sur Historia. \u00c0 la radio depuis 1986, il reprend l\u2019antenne cette ann\u00e9e sur les ondes de Cogeco et participe pour la deuxi\u00e8me ann\u00e9e \u00e0 l\u2019\u00e9mission Passion Auto sur RDS en plus de mettre en ligne le site Web officiel de L\u2019Annuel de l\u2019automobile sur annuelauto.ca.","sameAs":["https:\/\/annuelauto.ca\/"],"url":"https:\/\/news.canadamotorjobs.com\/fr\/author\/benoit-charette\/"}]}},"_links":{"self":[{"href":"https:\/\/news.canadamotorjobs.com\/fr\/wp-json\/wp\/v2\/posts\/147210"}],"collection":[{"href":"https:\/\/news.canadamotorjobs.com\/fr\/wp-json\/wp\/v2\/posts"}],"about":[{"href":"https:\/\/news.canadamotorjobs.com\/fr\/wp-json\/wp\/v2\/types\/post"}],"author":[{"embeddable":true,"href":"https:\/\/news.canadamotorjobs.com\/fr\/wp-json\/wp\/v2\/users\/8"}],"replies":[{"embeddable":true,"href":"https:\/\/news.canadamotorjobs.com\/fr\/wp-json\/wp\/v2\/comments?post=147210"}],"version-history":[{"count":2,"href":"https:\/\/news.canadamotorjobs.com\/fr\/wp-json\/wp\/v2\/posts\/147210\/revisions"}],"predecessor-version":[{"id":147214,"href":"https:\/\/news.canadamotorjobs.com\/fr\/wp-json\/wp\/v2\/posts\/147210\/revisions\/147214"}],"wp:featuredmedia":[{"embeddable":true,"href":"https:\/\/news.canadamotorjobs.com\/fr\/wp-json\/wp\/v2\/media\/147212"}],"wp:attachment":[{"href":"https:\/\/news.canadamotorjobs.com\/fr\/wp-json\/wp\/v2\/media?parent=147210"}],"wp:term":[{"taxonomy":"category","embeddable":true,"href":"https:\/\/news.canadamotorjobs.com\/fr\/wp-json\/wp\/v2\/categories?post=147210"},{"taxonomy":"post_tag","embeddable":true,"href":"https:\/\/news.canadamotorjobs.com\/fr\/wp-json\/wp\/v2\/tags?post=147210"}],"curies":[{"name":"wp","href":"https:\/\/api.w.org\/{rel}","templated":true}]}}