{"id":147179,"date":"2023-06-13T11:23:32","date_gmt":"2023-06-13T15:23:32","guid":{"rendered":"https:\/\/news.canadamotorjobs.com\/?p=147179"},"modified":"2023-06-13T11:29:09","modified_gmt":"2023-06-13T15:29:09","slug":"une-action-en-justice-contre-le-ford-explorer-aux-etats-unis","status":"publish","type":"post","link":"https:\/\/news.canadamotorjobs.com\/fr\/une-action-en-justice-contre-le-ford-explorer-aux-etats-unis\/","title":{"rendered":"Une action en justice contre le Ford Explorer aux \u00c9tats-Unis"},"content":{"rendered":"<\/p>\n<p>Le Ford Explorer est dans l&#8217;eau chaude alors qu&#8217;une action en justice est intent\u00e9e. Ford n&#8217;a pas les meilleurs ant\u00e9c\u00e9dents en mati\u00e8re de qualit\u00e9 en ce moment, et les mod\u00e8les 2020 \u00e0 2022 du Ford Explorer n&#8217;arrangent pas sa r\u00e9putation. Une poursuite est intent\u00e9e pour un probl\u00e8me de boulons de l&#8217;essieu arri\u00e8re peuvent se rompre.<\/p>\n<h3>Un rappel qui a mal tourn\u00e9<\/h3>\n<p>\nEn avril 2022, Ford a publi\u00e9 un rappel pour les mod\u00e8les 2020\u00e0 2022 du Ford Explorer apr\u00e8s avoir constat\u00e9 que le boulon de montage de l&#8217;essieu arri\u00e8re pouvait se fracturer lors de l&#8217;acc\u00e9l\u00e9ration. Cela peut provoquer de fortes vibrations, des bruits de grincement et la d\u00e9connexion de l&#8217;arbre de transmission. En cons\u00e9quence, l&#8217;Explorer pourrait se mettre \u00e0 rouler lorsqu&#8217;il est en position de stationnement. Ford a demand\u00e9 aux concessionnaires de remplacer le boulon d\u00e9fectueux, mais les membres de Car Complaints affirment que cette solution n&#8217;est pas suffisante. En outre, le probl\u00e8me pourrait \u00eatre beaucoup plus important que pr\u00e9vu, les boulons d\u00e9fectueux affectant les mod\u00e8les de 2019 et ant\u00e9rieurs.<\/p>\n<h3>Une plainte officielle<\/h3>\n<p>\nLa plainte d\u00e9pos\u00e9e par Capstone Law APC affirme que les mod\u00e8les Ford Explorer concern\u00e9s par ce rappel ont des sous-ch\u00e2ssis arri\u00e8re d\u00e9fectueux qui ne sont reli\u00e9s que par le boulon de montage de l&#8217;essieu arri\u00e8re. Il pourrait \u00eatre incapable de supporter la puissance suppl\u00e9mentaire de l&#8217;Explorer ST.\u00a0 Ainsi, lorsque le boulon se rompt, le diff\u00e9rentiel arri\u00e8re tombe. Il endommage \u00e9galement la suspension, l&#8217;arbre de transmission, l&#8217;\u00e9chappement et d&#8217;autres composants.<\/p>\n<h3>Seulement le boulon couvert pas le rappel<\/h3>\n<p>\nLes concessionnaires ont recommand\u00e9 de faire r\u00e9parer ces pi\u00e8ces dans le cadre de la proc\u00e9dure de rappel, mais seul le boulon \u00e9tait couvert.\u00a0 La poursuite affirme que Ford aurait eu connaissance de ce probl\u00e8me sur le Ford Explorer et n&#8217;aurait pas mis en place de correctifs de s\u00e9curit\u00e9 pour le boulon de fixation arri\u00e8re. En 2020, Ford a mis en place un support de ch\u00e2ssis \u00e0 quatre boulons sur un petit nombre de mod\u00e8les Explorer ST. L&#8217;affaire rapporte que Ford a volontairement remplac\u00e9 le boulon de montage arri\u00e8re unique du sous-ch\u00e2ssis par la configuration \u00e0 quatre boulons afin d&#8217;\u00e9conomiser des fournitures en raison des p\u00e9nuries de la cha\u00eene d&#8217;approvisionnement pendant la pand\u00e9mie de Covid-19.<\/p>\n<h3>Un deuxi\u00e8me correctif peu convaincant<\/h3>\n<p>\nPar ailleurs, avant le rappel d&#8217;avril 2022, Ford a publi\u00e9 en f\u00e9vrier un message de service sp\u00e9cial pour les mod\u00e8les Explorer 2020-2022. Ce message indiquait que certains mod\u00e8les Explorer pouvaient pr\u00e9senter un boulon de fixation de l&#8217;essieu arri\u00e8re cass\u00e9. Pour corriger le probl\u00e8me, le sous-ch\u00e2ssis arri\u00e8re, le couvercle du diff\u00e9rentiel, les boulons de montage et les autres composants endommag\u00e9s devront \u00eatre remplac\u00e9s. Ford a-t-il sciemment dissimul\u00e9 les ruptures des boulons du sous-ch\u00e2ssis arri\u00e8re afin d&#8217;\u00e9viter que les conducteurs ne soient inform\u00e9s de ces d\u00e9faillances pr\u00e9sum\u00e9es\u2009?<\/p>\n<p>Soyez certain que les m\u00eames probl\u00e8mes existent au Canada et soyez vigileants pour les mod\u00e8les 2020 \u00e0 2022.<\/p>\n<p>\u00a0<\/p>\n<p>Avec des renseignements de Motor Biscuit<\/p>\n<p>\u00a0<\/p>\n<p>\u00a0<\/p>\n<p>Le texte <a rel=\"nofollow\" href=\"https:\/\/annuelauto.ca\/une-action-en-justice-contre-le-ford-explorer-aux-etats-unis\/\">Une action en justice contre le Ford Explorer aux \u00c9tats-Unis<\/a> provient de <a rel=\"nofollow\" href=\"https:\/\/annuelauto.ca\">L&#8217;annuel de l&#8217;automobile &#8211; Actualit\u00e9 automobile<\/a><\/p>\n<p><\/p>\n","protected":false},"excerpt":{"rendered":"<p>Le Ford Explorer est dans l&#8217;eau chaude alors qu&#8217;une action en justice est intent\u00e9e. Ford n&#8217;a pas les meilleurs ant\u00e9c\u00e9dents en mati\u00e8re de qualit\u00e9 en ce moment, et les mod\u00e8les 2020 \u00e0 2022 du Ford Explorer n&#8217;arrangent pas sa r\u00e9putation. Une poursuite est intent\u00e9e pour un probl\u00e8me de boulons de l&#8217;essieu arri\u00e8re peuvent se rompre. [&hellip;]<\/p>\n","protected":false},"author":8,"featured_media":147181,"comment_status":"close","ping_status":"closed","sticky":false,"template":"","format":"standard","meta":{"_monsterinsights_skip_tracking":false,"_monsterinsights_sitenote_active":false,"_monsterinsights_sitenote_note":"","_monsterinsights_sitenote_category":0,"footnotes":""},"categories":[101],"tags":[],"yoast_head":"<!-- This site is optimized with the Yoast SEO plugin v23.2 - https:\/\/yoast.com\/wordpress\/plugins\/seo\/ -->\n<title>Une action en justice contre le Ford Explorer aux \u00c9tats-Unis - CanadaMotorJobs.com<\/title>\n<meta name=\"description\" content=\"Une action en justice contre le Ford Explorer aux \u00c9tats-Unis - Benoit Charette - Annuel automobile - CanadaMotorJobs.com.\" \/>\n<meta name=\"robots\" content=\"index, follow, max-snippet:-1, max-image-preview:large, max-video-preview:-1\" \/>\n<meta property=\"og:locale\" content=\"fr_CA\" \/>\n<meta property=\"og:type\" content=\"article\" \/>\n<meta property=\"og:title\" content=\"Une action en justice contre le Ford Explorer aux \u00c9tats-Unis - CanadaMotorJobs.com\" \/>\n<meta property=\"og:description\" content=\"Une action en justice contre le Ford Explorer aux \u00c9tats-Unis - Benoit Charette - Annuel automobile - CanadaMotorJobs.com.\" \/>\n<meta property=\"og:url\" content=\"https:\/\/news.canadamotorjobs.com\/fr\/une-action-en-justice-contre-le-ford-explorer-aux-etats-unis\/\" \/>\n<meta property=\"og:site_name\" content=\"CanadaMotorJobs.com\" \/>\n<meta property=\"article:publisher\" content=\"https:\/\/www.facebook.com\/canadamotorjobs\/\" \/>\n<meta property=\"article:published_time\" content=\"2023-06-13T15:23:32+00:00\" \/>\n<meta property=\"article:modified_time\" content=\"2023-06-13T15:29:09+00:00\" \/>\n<meta property=\"og:image\" content=\"https:\/\/news.canadamotorjobs.com\/wp-content\/uploads\/2023\/06\/2021-ford-explorer-mmp-1-1595540826-scaled-1.jpg\" \/>\n\t<meta property=\"og:image:width\" content=\"2560\" \/>\n\t<meta property=\"og:image:height\" content=\"1707\" \/>\n\t<meta property=\"og:image:type\" content=\"image\/jpeg\" \/>\n<meta name=\"author\" content=\"Benoit Charette\" \/>\n<meta name=\"twitter:card\" content=\"summary_large_image\" \/>\n<meta name=\"twitter:creator\" content=\"@canadamotorjobs\" \/>\n<meta name=\"twitter:site\" content=\"@canadamotorjobs\" \/>\n<meta name=\"twitter:label1\" content=\"\u00c9crit par\" \/>\n\t<meta name=\"twitter:data1\" content=\"Benoit Charette\" \/>\n\t<meta name=\"twitter:label2\" content=\"Estimation du temps de lecture\" \/>\n\t<meta name=\"twitter:data2\" content=\"3 minutes\" \/>\n<!-- \/ Yoast SEO plugin. -->","yoast_head_json":{"title":"Une action en justice contre le Ford Explorer aux \u00c9tats-Unis - CanadaMotorJobs.com","description":"Une action en justice contre le Ford Explorer aux \u00c9tats-Unis - Benoit Charette - Annuel automobile - CanadaMotorJobs.com.","robots":{"index":"index","follow":"follow","max-snippet":"max-snippet:-1","max-image-preview":"max-image-preview:large","max-video-preview":"max-video-preview:-1"},"og_locale":"fr_CA","og_type":"article","og_title":"Une action en justice contre le Ford Explorer aux \u00c9tats-Unis - CanadaMotorJobs.com","og_description":"Une action en justice contre le Ford Explorer aux \u00c9tats-Unis - Benoit Charette - Annuel automobile - CanadaMotorJobs.com.","og_url":"https:\/\/news.canadamotorjobs.com\/fr\/une-action-en-justice-contre-le-ford-explorer-aux-etats-unis\/","og_site_name":"CanadaMotorJobs.com","article_publisher":"https:\/\/www.facebook.com\/canadamotorjobs\/","article_published_time":"2023-06-13T15:23:32+00:00","article_modified_time":"2023-06-13T15:29:09+00:00","og_image":[{"width":2560,"height":1707,"url":"https:\/\/news.canadamotorjobs.com\/wp-content\/uploads\/2023\/06\/2021-ford-explorer-mmp-1-1595540826-scaled-1.jpg","type":"image\/jpeg"}],"author":"Benoit Charette","twitter_card":"summary_large_image","twitter_creator":"@canadamotorjobs","twitter_site":"@canadamotorjobs","twitter_misc":{"\u00c9crit par":"Benoit Charette","Estimation du temps de lecture":"3 minutes"},"schema":{"@context":"https:\/\/schema.org","@graph":[{"@type":"Article","@id":"https:\/\/news.canadamotorjobs.com\/fr\/une-action-en-justice-contre-le-ford-explorer-aux-etats-unis\/#article","isPartOf":{"@id":"https:\/\/news.canadamotorjobs.com\/fr\/une-action-en-justice-contre-le-ford-explorer-aux-etats-unis\/"},"author":{"name":"Benoit Charette","@id":"https:\/\/news.canadamotorjobs.com\/#\/schema\/person\/51793d1f87d44011d7bcc2ed99269a90"},"headline":"Une action en justice contre le Ford Explorer aux \u00c9tats-Unis","datePublished":"2023-06-13T15:23:32+00:00","dateModified":"2023-06-13T15:29:09+00:00","mainEntityOfPage":{"@id":"https:\/\/news.canadamotorjobs.com\/fr\/une-action-en-justice-contre-le-ford-explorer-aux-etats-unis\/"},"wordCount":585,"publisher":{"@id":"https:\/\/news.canadamotorjobs.com\/#organization"},"image":{"@id":"https:\/\/news.canadamotorjobs.com\/fr\/une-action-en-justice-contre-le-ford-explorer-aux-etats-unis\/#primaryimage"},"thumbnailUrl":"https:\/\/news.canadamotorjobs.com\/wp-content\/uploads\/2023\/06\/2021-ford-explorer-mmp-1-1595540826-scaled-1.jpg","articleSection":["Annuel automobile"],"inLanguage":"fr-CA"},{"@type":"WebPage","@id":"https:\/\/news.canadamotorjobs.com\/fr\/une-action-en-justice-contre-le-ford-explorer-aux-etats-unis\/","url":"https:\/\/news.canadamotorjobs.com\/fr\/une-action-en-justice-contre-le-ford-explorer-aux-etats-unis\/","name":"Une action en justice contre le Ford Explorer aux \u00c9tats-Unis - CanadaMotorJobs.com","isPartOf":{"@id":"https:\/\/news.canadamotorjobs.com\/#website"},"primaryImageOfPage":{"@id":"https:\/\/news.canadamotorjobs.com\/fr\/une-action-en-justice-contre-le-ford-explorer-aux-etats-unis\/#primaryimage"},"image":{"@id":"https:\/\/news.canadamotorjobs.com\/fr\/une-action-en-justice-contre-le-ford-explorer-aux-etats-unis\/#primaryimage"},"thumbnailUrl":"https:\/\/news.canadamotorjobs.com\/wp-content\/uploads\/2023\/06\/2021-ford-explorer-mmp-1-1595540826-scaled-1.jpg","datePublished":"2023-06-13T15:23:32+00:00","dateModified":"2023-06-13T15:29:09+00:00","description":"Une action en justice contre le Ford Explorer aux \u00c9tats-Unis - Benoit Charette - Annuel automobile - CanadaMotorJobs.com.","breadcrumb":{"@id":"https:\/\/news.canadamotorjobs.com\/fr\/une-action-en-justice-contre-le-ford-explorer-aux-etats-unis\/#breadcrumb"},"inLanguage":"fr-CA","potentialAction":[{"@type":"ReadAction","target":["https:\/\/news.canadamotorjobs.com\/fr\/une-action-en-justice-contre-le-ford-explorer-aux-etats-unis\/"]}]},{"@type":"ImageObject","inLanguage":"fr-CA","@id":"https:\/\/news.canadamotorjobs.com\/fr\/une-action-en-justice-contre-le-ford-explorer-aux-etats-unis\/#primaryimage","url":"https:\/\/news.canadamotorjobs.com\/wp-content\/uploads\/2023\/06\/2021-ford-explorer-mmp-1-1595540826-scaled-1.jpg","contentUrl":"https:\/\/news.canadamotorjobs.com\/wp-content\/uploads\/2023\/06\/2021-ford-explorer-mmp-1-1595540826-scaled-1.jpg","width":2560,"height":1707},{"@type":"BreadcrumbList","@id":"https:\/\/news.canadamotorjobs.com\/fr\/une-action-en-justice-contre-le-ford-explorer-aux-etats-unis\/#breadcrumb","itemListElement":[{"@type":"ListItem","position":1,"name":"Home","item":"https:\/\/news.canadamotorjobs.com\/fr\/blog\/"},{"@type":"ListItem","position":2,"name":"Une action en justice contre le Ford Explorer aux \u00c9tats-Unis"}]},{"@type":"WebSite","@id":"https:\/\/news.canadamotorjobs.com\/#website","url":"https:\/\/news.canadamotorjobs.com\/","name":"CanadaMotorJobs.com","description":"Automotive Jobs","publisher":{"@id":"https:\/\/news.canadamotorjobs.com\/#organization"},"potentialAction":[{"@type":"SearchAction","target":{"@type":"EntryPoint","urlTemplate":"https:\/\/news.canadamotorjobs.com\/?s={search_term_string}"},"query-input":"required name=search_term_string"}],"inLanguage":"fr-CA"},{"@type":"Organization","@id":"https:\/\/news.canadamotorjobs.com\/#organization","name":"Canada Motor Jobs","url":"https:\/\/news.canadamotorjobs.com\/","logo":{"@type":"ImageObject","inLanguage":"fr-CA","@id":"https:\/\/news.canadamotorjobs.com\/#\/schema\/logo\/image\/","url":"https:\/\/news.canadamotorjobs.com\/wp-content\/uploads\/2022\/10\/logo-canada-motor-jobs-1.png","contentUrl":"https:\/\/news.canadamotorjobs.com\/wp-content\/uploads\/2022\/10\/logo-canada-motor-jobs-1.png","width":800,"height":400,"caption":"Canada Motor Jobs"},"image":{"@id":"https:\/\/news.canadamotorjobs.com\/#\/schema\/logo\/image\/"},"sameAs":["https:\/\/www.facebook.com\/canadamotorjobs\/","https:\/\/x.com\/canadamotorjobs","https:\/\/www.instagram.com\/canadamotorjobs\/","https:\/\/www.linkedin.com\/company\/canadamotorjobs"]},{"@type":"Person","@id":"https:\/\/news.canadamotorjobs.com\/#\/schema\/person\/51793d1f87d44011d7bcc2ed99269a90","name":"Benoit Charette","image":{"@type":"ImageObject","inLanguage":"fr-CA","@id":"https:\/\/news.canadamotorjobs.com\/#\/schema\/person\/image\/","url":"https:\/\/secure.gravatar.com\/avatar\/45f3d2eebcccd909668d7ce7ea7267b6?s=96&d=mm&r=g","contentUrl":"https:\/\/secure.gravatar.com\/avatar\/45f3d2eebcccd909668d7ce7ea7267b6?s=96&d=mm&r=g","caption":"Benoit Charette"},"description":"Benoit Charette \/ Propri\u00e9taire et r\u00e9dacteur en chef Benoit Charette pratique le journalisme automobile depuis bient\u00f4t 30 ans. Il a fait ses classes au c\u00f4t\u00e9 de Daniel H\u00e9raud et au Carnet de route de 1992 \u00e0 2001. Il est fondateur, copropri\u00e9taire et r\u00e9dacteur en chef de L\u2019Annuel de l\u2019automobile, qu\u2019il publie depuis 2001. Il a anim\u00e9 les \u00e9missions RPM et RPM+ sur V et les L\u00e9gendes de la route sur Historia. \u00c0 la radio depuis 1986, il reprend l\u2019antenne cette ann\u00e9e sur les ondes de Cogeco et participe pour la deuxi\u00e8me ann\u00e9e \u00e0 l\u2019\u00e9mission Passion Auto sur RDS en plus de mettre en ligne le site Web officiel de L\u2019Annuel de l\u2019automobile sur annuelauto.ca.","sameAs":["https:\/\/annuelauto.ca\/"],"url":"https:\/\/news.canadamotorjobs.com\/fr\/author\/benoit-charette\/"}]}},"_links":{"self":[{"href":"https:\/\/news.canadamotorjobs.com\/fr\/wp-json\/wp\/v2\/posts\/147179"}],"collection":[{"href":"https:\/\/news.canadamotorjobs.com\/fr\/wp-json\/wp\/v2\/posts"}],"about":[{"href":"https:\/\/news.canadamotorjobs.com\/fr\/wp-json\/wp\/v2\/types\/post"}],"author":[{"embeddable":true,"href":"https:\/\/news.canadamotorjobs.com\/fr\/wp-json\/wp\/v2\/users\/8"}],"replies":[{"embeddable":true,"href":"https:\/\/news.canadamotorjobs.com\/fr\/wp-json\/wp\/v2\/comments?post=147179"}],"version-history":[{"count":2,"href":"https:\/\/news.canadamotorjobs.com\/fr\/wp-json\/wp\/v2\/posts\/147179\/revisions"}],"predecessor-version":[{"id":147183,"href":"https:\/\/news.canadamotorjobs.com\/fr\/wp-json\/wp\/v2\/posts\/147179\/revisions\/147183"}],"wp:featuredmedia":[{"embeddable":true,"href":"https:\/\/news.canadamotorjobs.com\/fr\/wp-json\/wp\/v2\/media\/147181"}],"wp:attachment":[{"href":"https:\/\/news.canadamotorjobs.com\/fr\/wp-json\/wp\/v2\/media?parent=147179"}],"wp:term":[{"taxonomy":"category","embeddable":true,"href":"https:\/\/news.canadamotorjobs.com\/fr\/wp-json\/wp\/v2\/categories?post=147179"},{"taxonomy":"post_tag","embeddable":true,"href":"https:\/\/news.canadamotorjobs.com\/fr\/wp-json\/wp\/v2\/tags?post=147179"}],"curies":[{"name":"wp","href":"https:\/\/api.w.org\/{rel}","templated":true}]}}