{"id":147156,"date":"2023-06-13T10:41:21","date_gmt":"2023-06-13T14:41:21","guid":{"rendered":"https:\/\/news.canadamotorjobs.com\/?p=147156"},"modified":"2023-06-13T10:45:55","modified_gmt":"2023-06-13T14:45:55","slug":"un-changement-de-style-pour-le-buick-envision-2024","status":"publish","type":"post","link":"https:\/\/news.canadamotorjobs.com\/fr\/un-changement-de-style-pour-le-buick-envision-2024\/","title":{"rendered":"Un changement de style pour le Buick Envision 2024"},"content":{"rendered":"<\/p>\n<h3>&#8211; Le mod\u00e8le s&#8217;inspire du concept Wildcat EV.<\/h3>\n<p><\/p>\n<h3>&#8211; Le syst\u00e8me Super Cruise sera propos\u00e9 dans une Buick.<\/h3>\n<p><\/p>\n<h3>&#8211; L&#8217;int\u00e9rieur a \u00e9galement \u00e9t\u00e9 revu.<\/h3>\n<p>\nDevant le peu de succ\u00e8s de son mod\u00e8le jusqu\u2019\u00e0 pr\u00e9sent, Buick d\u00e9cide de prendre le taureau par les cornes pour l&#8217;ann\u00e9e mod\u00e8le 2024. Apr\u00e8s avoir r\u00e9cemment d\u00e9voil\u00e9 les Encore GX et Envista, Buick a r\u00e9v\u00e9l\u00e9 les premiers d\u00e9tails de son Envision.<\/p>\n<h3>Enfin, un style qui nous parle<\/h3>\n<p>\nLe principal changement esth\u00e9tique se trouve \u00e0 l&#8217;avant, o\u00f9 le d\u00e9partement de design a compl\u00e8tement revu le museau du v\u00e9hicule. La nouvelle face avant s&#8217;inspire du concept Wildcat EV, avec sa large calandre au centre, ses feux diurnes \u00e0 DEL aux extr\u00e9mit\u00e9s du capot et ses phares dissimul\u00e9s en dessous. Pour l&#8217;instant, Buick ne dispose que de cette photo de profil du nouveau mod\u00e8le, mais on peut deviner que les changements \u00e0 l&#8217;arri\u00e8re seront plus sobres. Les jantes de cette livr\u00e9e Avenir sont \u00e9galement nouvelles. Quant au nouveau logo \u00e0 trois boucliers, il se trouve en plein centre du capot avant.<\/p>\n<h3>M\u00e9nage \u00e0 l\u2019int\u00e9rieur aussi<\/h3>\n<p>\nBuick a \u00e9galement profit\u00e9 de l&#8217;occasion pour int\u00e9grer son syst\u00e8me de conduite semi-autonome Super Cruise. Ce syst\u00e8me, bas\u00e9 sur le r\u00e9gulateur de vitesse intelligent de la marque, est compatible avec plus de 644 000 km de routes nord-am\u00e9ricaines aux Etats-Unis et au Canada. Il y a fort \u00e0 parier que ce syst\u00e8me d&#8217;aide \u00e0 la conduite sera (probablement) limit\u00e9 \u00e0 cette seule finition Avenir, une strat\u00e9gie employ\u00e9e ailleurs dans l&#8217;empire GM. Pour l&#8217;instant, les mod\u00e8les les plus \u00e9quip\u00e9s sont ceux qui ont droit au Super Cruise.<\/p>\n<h3>Pas d\u2019information pour le moteur<\/h3>\n<p>\nSi le groupe motopropulseur devrait rester inchang\u00e9 en 2024 &#8211; c&#8217;est-\u00e0-dire le m\u00eame 4 cylindres turbo de 2,0 litres &#8211; le tableau de bord est enti\u00e8rement nouveau, m\u00eame si la photo fournie par Buick ne montre qu&#8217;une petite partie du vaste \u00e9cran qui s&#8217;\u00e9tendra jusqu&#8217;au centre. On peut supposer qu&#8217;il s&#8217;inspirera de celui embarqu\u00e9 \u00e0 bord des nouveaux Encore GX et Envista. On remarque \u00e9galement le nouveau volant, plus moderne, et la bande lumineuse verte qui accompagne le syst\u00e8me Super Cruise.<\/p>\n<p>Plus de d\u00e9tails seront fournis plus tard cette ann\u00e9e, lorsque les premiers exemplaires du nouveau mod\u00e8le 2024 seront disponibles.<\/p>\n<p>\u00a0<\/p>\n<p>Avec des renseignements de Motor Illustrated<\/p>\n<p>Le texte <a rel=\"nofollow\" href=\"https:\/\/annuelauto.ca\/un-changement-de-style-pour-le-buick-envision-2024\/\">Un changement de style pour le Buick Envision 2024<\/a> provient de <a rel=\"nofollow\" href=\"https:\/\/annuelauto.ca\">L&#8217;annuel de l&#8217;automobile &#8211; Actualit\u00e9 automobile<\/a><\/p>\n<p><\/p>\n","protected":false},"excerpt":{"rendered":"<p>&#8211; Le mod\u00e8le s&#8217;inspire du concept Wildcat EV. &#8211; Le syst\u00e8me Super Cruise sera propos\u00e9 dans une Buick. &#8211; L&#8217;int\u00e9rieur a \u00e9galement \u00e9t\u00e9 revu. Devant le peu de succ\u00e8s de son mod\u00e8le jusqu\u2019\u00e0 pr\u00e9sent, Buick d\u00e9cide de prendre le taureau par les cornes pour l&#8217;ann\u00e9e mod\u00e8le 2024. Apr\u00e8s avoir r\u00e9cemment d\u00e9voil\u00e9 les Encore GX et [&hellip;]<\/p>\n","protected":false},"author":8,"featured_media":147158,"comment_status":"close","ping_status":"closed","sticky":false,"template":"","format":"standard","meta":{"_monsterinsights_skip_tracking":false,"_monsterinsights_sitenote_active":false,"_monsterinsights_sitenote_note":"","_monsterinsights_sitenote_category":0,"footnotes":""},"categories":[101],"tags":[],"yoast_head":"<!-- This site is optimized with the Yoast SEO plugin v23.2 - https:\/\/yoast.com\/wordpress\/plugins\/seo\/ -->\n<title>Un changement de style pour le Buick Envision 2024 - CanadaMotorJobs.com<\/title>\n<meta name=\"description\" content=\"Un changement de style pour le Buick Envision 2024 - Benoit Charette - Annuel automobile - CanadaMotorJobs.com.\" \/>\n<meta name=\"robots\" content=\"index, follow, max-snippet:-1, max-image-preview:large, max-video-preview:-1\" \/>\n<meta property=\"og:locale\" content=\"fr_CA\" \/>\n<meta property=\"og:type\" content=\"article\" \/>\n<meta property=\"og:title\" content=\"Un changement de style pour le Buick Envision 2024 - CanadaMotorJobs.com\" \/>\n<meta property=\"og:description\" content=\"Un changement de style pour le Buick Envision 2024 - Benoit Charette - Annuel automobile - CanadaMotorJobs.com.\" \/>\n<meta property=\"og:url\" content=\"https:\/\/news.canadamotorjobs.com\/fr\/un-changement-de-style-pour-le-buick-envision-2024\/\" \/>\n<meta property=\"og:site_name\" content=\"CanadaMotorJobs.com\" \/>\n<meta property=\"article:publisher\" content=\"https:\/\/www.facebook.com\/canadamotorjobs\/\" \/>\n<meta property=\"article:published_time\" content=\"2023-06-13T14:41:21+00:00\" \/>\n<meta property=\"article:modified_time\" content=\"2023-06-13T14:45:55+00:00\" \/>\n<meta property=\"og:image\" content=\"https:\/\/news.canadamotorjobs.com\/wp-content\/uploads\/2023\/06\/24MY-Buick-Envision-exterior.jpg\" \/>\n\t<meta property=\"og:image:width\" content=\"1199\" \/>\n\t<meta property=\"og:image:height\" content=\"800\" \/>\n\t<meta property=\"og:image:type\" content=\"image\/jpeg\" \/>\n<meta name=\"author\" content=\"Benoit Charette\" \/>\n<meta name=\"twitter:card\" content=\"summary_large_image\" \/>\n<meta name=\"twitter:creator\" content=\"@canadamotorjobs\" \/>\n<meta name=\"twitter:site\" content=\"@canadamotorjobs\" \/>\n<meta name=\"twitter:label1\" content=\"\u00c9crit par\" \/>\n\t<meta name=\"twitter:data1\" content=\"Benoit Charette\" \/>\n\t<meta name=\"twitter:label2\" content=\"Estimation du temps de lecture\" \/>\n\t<meta name=\"twitter:data2\" content=\"2 minutes\" \/>\n<!-- \/ Yoast SEO plugin. -->","yoast_head_json":{"title":"Un changement de style pour le Buick Envision 2024 - CanadaMotorJobs.com","description":"Un changement de style pour le Buick Envision 2024 - Benoit Charette - Annuel automobile - CanadaMotorJobs.com.","robots":{"index":"index","follow":"follow","max-snippet":"max-snippet:-1","max-image-preview":"max-image-preview:large","max-video-preview":"max-video-preview:-1"},"og_locale":"fr_CA","og_type":"article","og_title":"Un changement de style pour le Buick Envision 2024 - CanadaMotorJobs.com","og_description":"Un changement de style pour le Buick Envision 2024 - Benoit Charette - Annuel automobile - CanadaMotorJobs.com.","og_url":"https:\/\/news.canadamotorjobs.com\/fr\/un-changement-de-style-pour-le-buick-envision-2024\/","og_site_name":"CanadaMotorJobs.com","article_publisher":"https:\/\/www.facebook.com\/canadamotorjobs\/","article_published_time":"2023-06-13T14:41:21+00:00","article_modified_time":"2023-06-13T14:45:55+00:00","og_image":[{"width":1199,"height":800,"url":"https:\/\/news.canadamotorjobs.com\/wp-content\/uploads\/2023\/06\/24MY-Buick-Envision-exterior.jpg","type":"image\/jpeg"}],"author":"Benoit Charette","twitter_card":"summary_large_image","twitter_creator":"@canadamotorjobs","twitter_site":"@canadamotorjobs","twitter_misc":{"\u00c9crit par":"Benoit Charette","Estimation du temps de lecture":"2 minutes"},"schema":{"@context":"https:\/\/schema.org","@graph":[{"@type":"Article","@id":"https:\/\/news.canadamotorjobs.com\/fr\/un-changement-de-style-pour-le-buick-envision-2024\/#article","isPartOf":{"@id":"https:\/\/news.canadamotorjobs.com\/fr\/un-changement-de-style-pour-le-buick-envision-2024\/"},"author":{"name":"Benoit Charette","@id":"https:\/\/news.canadamotorjobs.com\/#\/schema\/person\/51793d1f87d44011d7bcc2ed99269a90"},"headline":"Un changement de style pour le Buick Envision 2024","datePublished":"2023-06-13T14:41:21+00:00","dateModified":"2023-06-13T14:45:55+00:00","mainEntityOfPage":{"@id":"https:\/\/news.canadamotorjobs.com\/fr\/un-changement-de-style-pour-le-buick-envision-2024\/"},"wordCount":448,"publisher":{"@id":"https:\/\/news.canadamotorjobs.com\/#organization"},"image":{"@id":"https:\/\/news.canadamotorjobs.com\/fr\/un-changement-de-style-pour-le-buick-envision-2024\/#primaryimage"},"thumbnailUrl":"https:\/\/news.canadamotorjobs.com\/wp-content\/uploads\/2023\/06\/24MY-Buick-Envision-exterior.jpg","articleSection":["Annuel automobile"],"inLanguage":"fr-CA"},{"@type":"WebPage","@id":"https:\/\/news.canadamotorjobs.com\/fr\/un-changement-de-style-pour-le-buick-envision-2024\/","url":"https:\/\/news.canadamotorjobs.com\/fr\/un-changement-de-style-pour-le-buick-envision-2024\/","name":"Un changement de style pour le Buick Envision 2024 - CanadaMotorJobs.com","isPartOf":{"@id":"https:\/\/news.canadamotorjobs.com\/#website"},"primaryImageOfPage":{"@id":"https:\/\/news.canadamotorjobs.com\/fr\/un-changement-de-style-pour-le-buick-envision-2024\/#primaryimage"},"image":{"@id":"https:\/\/news.canadamotorjobs.com\/fr\/un-changement-de-style-pour-le-buick-envision-2024\/#primaryimage"},"thumbnailUrl":"https:\/\/news.canadamotorjobs.com\/wp-content\/uploads\/2023\/06\/24MY-Buick-Envision-exterior.jpg","datePublished":"2023-06-13T14:41:21+00:00","dateModified":"2023-06-13T14:45:55+00:00","description":"Un changement de style pour le Buick Envision 2024 - Benoit Charette - Annuel automobile - CanadaMotorJobs.com.","breadcrumb":{"@id":"https:\/\/news.canadamotorjobs.com\/fr\/un-changement-de-style-pour-le-buick-envision-2024\/#breadcrumb"},"inLanguage":"fr-CA","potentialAction":[{"@type":"ReadAction","target":["https:\/\/news.canadamotorjobs.com\/fr\/un-changement-de-style-pour-le-buick-envision-2024\/"]}]},{"@type":"ImageObject","inLanguage":"fr-CA","@id":"https:\/\/news.canadamotorjobs.com\/fr\/un-changement-de-style-pour-le-buick-envision-2024\/#primaryimage","url":"https:\/\/news.canadamotorjobs.com\/wp-content\/uploads\/2023\/06\/24MY-Buick-Envision-exterior.jpg","contentUrl":"https:\/\/news.canadamotorjobs.com\/wp-content\/uploads\/2023\/06\/24MY-Buick-Envision-exterior.jpg","width":1199,"height":800},{"@type":"BreadcrumbList","@id":"https:\/\/news.canadamotorjobs.com\/fr\/un-changement-de-style-pour-le-buick-envision-2024\/#breadcrumb","itemListElement":[{"@type":"ListItem","position":1,"name":"Home","item":"https:\/\/news.canadamotorjobs.com\/fr\/blog\/"},{"@type":"ListItem","position":2,"name":"Un changement de style pour le Buick Envision 2024"}]},{"@type":"WebSite","@id":"https:\/\/news.canadamotorjobs.com\/#website","url":"https:\/\/news.canadamotorjobs.com\/","name":"CanadaMotorJobs.com","description":"Automotive Jobs","publisher":{"@id":"https:\/\/news.canadamotorjobs.com\/#organization"},"potentialAction":[{"@type":"SearchAction","target":{"@type":"EntryPoint","urlTemplate":"https:\/\/news.canadamotorjobs.com\/?s={search_term_string}"},"query-input":"required name=search_term_string"}],"inLanguage":"fr-CA"},{"@type":"Organization","@id":"https:\/\/news.canadamotorjobs.com\/#organization","name":"Canada Motor Jobs","url":"https:\/\/news.canadamotorjobs.com\/","logo":{"@type":"ImageObject","inLanguage":"fr-CA","@id":"https:\/\/news.canadamotorjobs.com\/#\/schema\/logo\/image\/","url":"https:\/\/news.canadamotorjobs.com\/wp-content\/uploads\/2022\/10\/logo-canada-motor-jobs-1.png","contentUrl":"https:\/\/news.canadamotorjobs.com\/wp-content\/uploads\/2022\/10\/logo-canada-motor-jobs-1.png","width":800,"height":400,"caption":"Canada Motor Jobs"},"image":{"@id":"https:\/\/news.canadamotorjobs.com\/#\/schema\/logo\/image\/"},"sameAs":["https:\/\/www.facebook.com\/canadamotorjobs\/","https:\/\/x.com\/canadamotorjobs","https:\/\/www.instagram.com\/canadamotorjobs\/","https:\/\/www.linkedin.com\/company\/canadamotorjobs"]},{"@type":"Person","@id":"https:\/\/news.canadamotorjobs.com\/#\/schema\/person\/51793d1f87d44011d7bcc2ed99269a90","name":"Benoit Charette","image":{"@type":"ImageObject","inLanguage":"fr-CA","@id":"https:\/\/news.canadamotorjobs.com\/#\/schema\/person\/image\/","url":"https:\/\/secure.gravatar.com\/avatar\/45f3d2eebcccd909668d7ce7ea7267b6?s=96&d=mm&r=g","contentUrl":"https:\/\/secure.gravatar.com\/avatar\/45f3d2eebcccd909668d7ce7ea7267b6?s=96&d=mm&r=g","caption":"Benoit Charette"},"description":"Benoit Charette \/ Propri\u00e9taire et r\u00e9dacteur en chef Benoit Charette pratique le journalisme automobile depuis bient\u00f4t 30 ans. Il a fait ses classes au c\u00f4t\u00e9 de Daniel H\u00e9raud et au Carnet de route de 1992 \u00e0 2001. Il est fondateur, copropri\u00e9taire et r\u00e9dacteur en chef de L\u2019Annuel de l\u2019automobile, qu\u2019il publie depuis 2001. Il a anim\u00e9 les \u00e9missions RPM et RPM+ sur V et les L\u00e9gendes de la route sur Historia. \u00c0 la radio depuis 1986, il reprend l\u2019antenne cette ann\u00e9e sur les ondes de Cogeco et participe pour la deuxi\u00e8me ann\u00e9e \u00e0 l\u2019\u00e9mission Passion Auto sur RDS en plus de mettre en ligne le site Web officiel de L\u2019Annuel de l\u2019automobile sur annuelauto.ca.","sameAs":["https:\/\/annuelauto.ca\/"],"url":"https:\/\/news.canadamotorjobs.com\/fr\/author\/benoit-charette\/"}]}},"_links":{"self":[{"href":"https:\/\/news.canadamotorjobs.com\/fr\/wp-json\/wp\/v2\/posts\/147156"}],"collection":[{"href":"https:\/\/news.canadamotorjobs.com\/fr\/wp-json\/wp\/v2\/posts"}],"about":[{"href":"https:\/\/news.canadamotorjobs.com\/fr\/wp-json\/wp\/v2\/types\/post"}],"author":[{"embeddable":true,"href":"https:\/\/news.canadamotorjobs.com\/fr\/wp-json\/wp\/v2\/users\/8"}],"replies":[{"embeddable":true,"href":"https:\/\/news.canadamotorjobs.com\/fr\/wp-json\/wp\/v2\/comments?post=147156"}],"version-history":[{"count":2,"href":"https:\/\/news.canadamotorjobs.com\/fr\/wp-json\/wp\/v2\/posts\/147156\/revisions"}],"predecessor-version":[{"id":147160,"href":"https:\/\/news.canadamotorjobs.com\/fr\/wp-json\/wp\/v2\/posts\/147156\/revisions\/147160"}],"wp:featuredmedia":[{"embeddable":true,"href":"https:\/\/news.canadamotorjobs.com\/fr\/wp-json\/wp\/v2\/media\/147158"}],"wp:attachment":[{"href":"https:\/\/news.canadamotorjobs.com\/fr\/wp-json\/wp\/v2\/media?parent=147156"}],"wp:term":[{"taxonomy":"category","embeddable":true,"href":"https:\/\/news.canadamotorjobs.com\/fr\/wp-json\/wp\/v2\/categories?post=147156"},{"taxonomy":"post_tag","embeddable":true,"href":"https:\/\/news.canadamotorjobs.com\/fr\/wp-json\/wp\/v2\/tags?post=147156"}],"curies":[{"name":"wp","href":"https:\/\/api.w.org\/{rel}","templated":true}]}}