{"id":147086,"date":"2023-06-12T08:57:49","date_gmt":"2023-06-12T12:57:49","guid":{"rendered":"https:\/\/news.canadamotorjobs.com\/?p=147086"},"modified":"2023-06-12T09:00:46","modified_gmt":"2023-06-12T13:00:46","slug":"glencore-va-investir-100-millions-de-dollars-dans-des-mines-au-bresil","status":"publish","type":"post","link":"https:\/\/news.canadamotorjobs.com\/fr\/glencore-va-investir-100-millions-de-dollars-dans-des-mines-au-bresil\/","title":{"rendered":"Glencore va investir 100 millions de dollars dans des mines au Br\u00e9sil"},"content":{"rendered":"<\/p>\n<p>Vous avez d\u2019un c\u00f4t\u00e9 la compagnie Glencore qui empoisonne \u00e0 l\u2019arsenic la vie des habitants de la r\u00e9gion de Rouyn-Noranda \u00e0 la fonderie Horne et souligne des exigences environnementales trop s\u00e9v\u00e8res et \u00ab\u00a0sans fondement scientifique\u00a0\u00bb mena\u00e7ant la fermeture de la fonderie refusant de payer les 500 millions n\u00e9cessaire pour rendre l\u2019air plus respirable. Et de l\u2019autre c\u00f4t\u00e9, Glencore vient de s\u2019associer \u00e0 Stellantis et Volkswagen pour soutenir une op\u00e9ration d&#8217;un milliard de dollars en vue d&#8217;acheter deux mines au Br\u00e9sil.<\/p>\n<h3>Glencore va investir 100 millions<\/h3>\n<p>\nCette op\u00e9ration intervient alors que les fusions-acquisitions dans le secteur minier se multiplient, encourag\u00e9es en partie par les investisseurs qui parient sur la hausse de la demande de m\u00e9taux n\u00e9cessaires \u00e0 la transition vers l&#8217;\u00e9nergie verte dans les ann\u00e9es \u00e0 venir. ACG, une soci\u00e9t\u00e9 d&#8217;acquisition \u00e0 but sp\u00e9cial (SPAC) cot\u00e9e \u00e0 Londres, ach\u00e8tera les mines de sulfure de nickel Santa Rita et de cuivre Serrote \u00e0 des fonds d&#8217;investissement priv\u00e9s Glencore investira 100 millions de dollars dans le capital d&#8217;ACG. Stellantis et le fonds d&#8217;investissement minier La Mancha Resource Capital fourniront chacun un investissement en capital du m\u00eame montant, tandis que PowerCo effectuera un pr\u00e9paiement de 100 millions de dollars en nickel.<\/p>\n<h3>Glencore sera propri\u00e9taire \u00e0 51 %<\/h3>\n<p>\nACG deviendra ACG Electric Metals et \u00e9mettra de nouvelles actions, faisant de Glencore, Stellantis et La Mancha les propri\u00e9taires de 51% et laissant 49%. Les deux mines utilisent l&#8217;\u00e9nergie hydraulique pour leur production et envisagent des expansions. Est-ce que Glencore aurait compris maintenant une conscience environnementale. Chose certaine, il ne faut jamais avoir piti\u00e9 de ses multinationales qui bafouent les r\u00e8gles pour assouvir leur propre avidit\u00e9.<\/p>\n<p>Avec des renseignements de Reuters<\/p>\n<p>Le texte <a rel=\"nofollow\" href=\"https:\/\/annuelauto.ca\/glencore-va-investir-100-millions-de-dollars-dans-des-mines-au-bresil\/\">Glencore va investir 100 millions de dollars dans des mines au Br\u00e9sil<\/a> provient de <a rel=\"nofollow\" href=\"https:\/\/annuelauto.ca\">L&#8217;annuel de l&#8217;automobile &#8211; Actualit\u00e9 automobile<\/a><\/p>\n<p><\/p>\n","protected":false},"excerpt":{"rendered":"<p>Vous avez d\u2019un c\u00f4t\u00e9 la compagnie Glencore qui empoisonne \u00e0 l\u2019arsenic la vie des habitants de la r\u00e9gion de Rouyn-Noranda \u00e0 la fonderie Horne et souligne des exigences environnementales trop s\u00e9v\u00e8res et \u00ab\u00a0sans fondement scientifique\u00a0\u00bb mena\u00e7ant la fermeture de la fonderie refusant de payer les 500 millions n\u00e9cessaire pour rendre l\u2019air plus respirable. Et de [&hellip;]<\/p>\n","protected":false},"author":8,"featured_media":147088,"comment_status":"close","ping_status":"closed","sticky":false,"template":"","format":"standard","meta":{"_monsterinsights_skip_tracking":false,"_monsterinsights_sitenote_active":false,"_monsterinsights_sitenote_note":"","_monsterinsights_sitenote_category":0,"footnotes":""},"categories":[101],"tags":[],"yoast_head":"<!-- This site is optimized with the Yoast SEO plugin v23.2 - https:\/\/yoast.com\/wordpress\/plugins\/seo\/ -->\n<title>Glencore va investir 100 millions de dollars dans des mines au Br\u00e9sil - CanadaMotorJobs.com<\/title>\n<meta name=\"description\" content=\"Glencore va investir 100 millions de dollars dans des mines au Br\u00e9sil - Benoit Charette - Annuel automobile - CanadaMotorJobs.com.\" \/>\n<meta name=\"robots\" content=\"index, follow, max-snippet:-1, max-image-preview:large, max-video-preview:-1\" \/>\n<meta property=\"og:locale\" content=\"fr_CA\" \/>\n<meta property=\"og:type\" content=\"article\" \/>\n<meta property=\"og:title\" content=\"Glencore va investir 100 millions de dollars dans des mines au Br\u00e9sil - CanadaMotorJobs.com\" \/>\n<meta property=\"og:description\" content=\"Glencore va investir 100 millions de dollars dans des mines au Br\u00e9sil - Benoit Charette - Annuel automobile - CanadaMotorJobs.com.\" \/>\n<meta property=\"og:url\" content=\"https:\/\/news.canadamotorjobs.com\/fr\/glencore-va-investir-100-millions-de-dollars-dans-des-mines-au-bresil\/\" \/>\n<meta property=\"og:site_name\" content=\"CanadaMotorJobs.com\" \/>\n<meta property=\"article:publisher\" content=\"https:\/\/www.facebook.com\/canadamotorjobs\/\" \/>\n<meta property=\"article:published_time\" content=\"2023-06-12T12:57:49+00:00\" \/>\n<meta property=\"article:modified_time\" content=\"2023-06-12T13:00:46+00:00\" \/>\n<meta property=\"og:image\" content=\"https:\/\/news.canadamotorjobs.com\/wp-content\/uploads\/2023\/06\/Fonderie-Horne-Full-width-video.png\" \/>\n\t<meta property=\"og:image:width\" content=\"1920\" \/>\n\t<meta property=\"og:image:height\" content=\"1080\" \/>\n\t<meta property=\"og:image:type\" content=\"image\/png\" \/>\n<meta name=\"author\" content=\"Benoit Charette\" \/>\n<meta name=\"twitter:card\" content=\"summary_large_image\" \/>\n<meta name=\"twitter:creator\" content=\"@canadamotorjobs\" \/>\n<meta name=\"twitter:site\" content=\"@canadamotorjobs\" \/>\n<meta name=\"twitter:label1\" content=\"\u00c9crit par\" \/>\n\t<meta name=\"twitter:data1\" content=\"Benoit Charette\" \/>\n\t<meta name=\"twitter:label2\" content=\"Estimation du temps de lecture\" \/>\n\t<meta name=\"twitter:data2\" content=\"2 minutes\" \/>\n<!-- \/ Yoast SEO plugin. -->","yoast_head_json":{"title":"Glencore va investir 100 millions de dollars dans des mines au Br\u00e9sil - CanadaMotorJobs.com","description":"Glencore va investir 100 millions de dollars dans des mines au Br\u00e9sil - Benoit Charette - Annuel automobile - CanadaMotorJobs.com.","robots":{"index":"index","follow":"follow","max-snippet":"max-snippet:-1","max-image-preview":"max-image-preview:large","max-video-preview":"max-video-preview:-1"},"og_locale":"fr_CA","og_type":"article","og_title":"Glencore va investir 100 millions de dollars dans des mines au Br\u00e9sil - CanadaMotorJobs.com","og_description":"Glencore va investir 100 millions de dollars dans des mines au Br\u00e9sil - Benoit Charette - Annuel automobile - CanadaMotorJobs.com.","og_url":"https:\/\/news.canadamotorjobs.com\/fr\/glencore-va-investir-100-millions-de-dollars-dans-des-mines-au-bresil\/","og_site_name":"CanadaMotorJobs.com","article_publisher":"https:\/\/www.facebook.com\/canadamotorjobs\/","article_published_time":"2023-06-12T12:57:49+00:00","article_modified_time":"2023-06-12T13:00:46+00:00","og_image":[{"width":1920,"height":1080,"url":"https:\/\/news.canadamotorjobs.com\/wp-content\/uploads\/2023\/06\/Fonderie-Horne-Full-width-video.png","type":"image\/png"}],"author":"Benoit Charette","twitter_card":"summary_large_image","twitter_creator":"@canadamotorjobs","twitter_site":"@canadamotorjobs","twitter_misc":{"\u00c9crit par":"Benoit Charette","Estimation du temps de lecture":"2 minutes"},"schema":{"@context":"https:\/\/schema.org","@graph":[{"@type":"Article","@id":"https:\/\/news.canadamotorjobs.com\/fr\/glencore-va-investir-100-millions-de-dollars-dans-des-mines-au-bresil\/#article","isPartOf":{"@id":"https:\/\/news.canadamotorjobs.com\/fr\/glencore-va-investir-100-millions-de-dollars-dans-des-mines-au-bresil\/"},"author":{"name":"Benoit Charette","@id":"https:\/\/news.canadamotorjobs.com\/#\/schema\/person\/51793d1f87d44011d7bcc2ed99269a90"},"headline":"Glencore va investir 100 millions de dollars dans des mines au Br\u00e9sil","datePublished":"2023-06-12T12:57:49+00:00","dateModified":"2023-06-12T13:00:46+00:00","mainEntityOfPage":{"@id":"https:\/\/news.canadamotorjobs.com\/fr\/glencore-va-investir-100-millions-de-dollars-dans-des-mines-au-bresil\/"},"wordCount":329,"publisher":{"@id":"https:\/\/news.canadamotorjobs.com\/#organization"},"image":{"@id":"https:\/\/news.canadamotorjobs.com\/fr\/glencore-va-investir-100-millions-de-dollars-dans-des-mines-au-bresil\/#primaryimage"},"thumbnailUrl":"https:\/\/news.canadamotorjobs.com\/wp-content\/uploads\/2023\/06\/Fonderie-Horne-Full-width-video.png","articleSection":["Annuel automobile"],"inLanguage":"fr-CA"},{"@type":"WebPage","@id":"https:\/\/news.canadamotorjobs.com\/fr\/glencore-va-investir-100-millions-de-dollars-dans-des-mines-au-bresil\/","url":"https:\/\/news.canadamotorjobs.com\/fr\/glencore-va-investir-100-millions-de-dollars-dans-des-mines-au-bresil\/","name":"Glencore va investir 100 millions de dollars dans des mines au Br\u00e9sil - CanadaMotorJobs.com","isPartOf":{"@id":"https:\/\/news.canadamotorjobs.com\/#website"},"primaryImageOfPage":{"@id":"https:\/\/news.canadamotorjobs.com\/fr\/glencore-va-investir-100-millions-de-dollars-dans-des-mines-au-bresil\/#primaryimage"},"image":{"@id":"https:\/\/news.canadamotorjobs.com\/fr\/glencore-va-investir-100-millions-de-dollars-dans-des-mines-au-bresil\/#primaryimage"},"thumbnailUrl":"https:\/\/news.canadamotorjobs.com\/wp-content\/uploads\/2023\/06\/Fonderie-Horne-Full-width-video.png","datePublished":"2023-06-12T12:57:49+00:00","dateModified":"2023-06-12T13:00:46+00:00","description":"Glencore va investir 100 millions de dollars dans des mines au Br\u00e9sil - Benoit Charette - Annuel automobile - CanadaMotorJobs.com.","breadcrumb":{"@id":"https:\/\/news.canadamotorjobs.com\/fr\/glencore-va-investir-100-millions-de-dollars-dans-des-mines-au-bresil\/#breadcrumb"},"inLanguage":"fr-CA","potentialAction":[{"@type":"ReadAction","target":["https:\/\/news.canadamotorjobs.com\/fr\/glencore-va-investir-100-millions-de-dollars-dans-des-mines-au-bresil\/"]}]},{"@type":"ImageObject","inLanguage":"fr-CA","@id":"https:\/\/news.canadamotorjobs.com\/fr\/glencore-va-investir-100-millions-de-dollars-dans-des-mines-au-bresil\/#primaryimage","url":"https:\/\/news.canadamotorjobs.com\/wp-content\/uploads\/2023\/06\/Fonderie-Horne-Full-width-video.png","contentUrl":"https:\/\/news.canadamotorjobs.com\/wp-content\/uploads\/2023\/06\/Fonderie-Horne-Full-width-video.png","width":1920,"height":1080},{"@type":"BreadcrumbList","@id":"https:\/\/news.canadamotorjobs.com\/fr\/glencore-va-investir-100-millions-de-dollars-dans-des-mines-au-bresil\/#breadcrumb","itemListElement":[{"@type":"ListItem","position":1,"name":"Home","item":"https:\/\/news.canadamotorjobs.com\/fr\/blog\/"},{"@type":"ListItem","position":2,"name":"Glencore va investir 100 millions de dollars dans des mines au Br\u00e9sil"}]},{"@type":"WebSite","@id":"https:\/\/news.canadamotorjobs.com\/#website","url":"https:\/\/news.canadamotorjobs.com\/","name":"CanadaMotorJobs.com","description":"Automotive Jobs","publisher":{"@id":"https:\/\/news.canadamotorjobs.com\/#organization"},"potentialAction":[{"@type":"SearchAction","target":{"@type":"EntryPoint","urlTemplate":"https:\/\/news.canadamotorjobs.com\/?s={search_term_string}"},"query-input":"required name=search_term_string"}],"inLanguage":"fr-CA"},{"@type":"Organization","@id":"https:\/\/news.canadamotorjobs.com\/#organization","name":"Canada Motor Jobs","url":"https:\/\/news.canadamotorjobs.com\/","logo":{"@type":"ImageObject","inLanguage":"fr-CA","@id":"https:\/\/news.canadamotorjobs.com\/#\/schema\/logo\/image\/","url":"https:\/\/news.canadamotorjobs.com\/wp-content\/uploads\/2022\/10\/logo-canada-motor-jobs-1.png","contentUrl":"https:\/\/news.canadamotorjobs.com\/wp-content\/uploads\/2022\/10\/logo-canada-motor-jobs-1.png","width":800,"height":400,"caption":"Canada Motor Jobs"},"image":{"@id":"https:\/\/news.canadamotorjobs.com\/#\/schema\/logo\/image\/"},"sameAs":["https:\/\/www.facebook.com\/canadamotorjobs\/","https:\/\/x.com\/canadamotorjobs","https:\/\/www.instagram.com\/canadamotorjobs\/","https:\/\/www.linkedin.com\/company\/canadamotorjobs"]},{"@type":"Person","@id":"https:\/\/news.canadamotorjobs.com\/#\/schema\/person\/51793d1f87d44011d7bcc2ed99269a90","name":"Benoit Charette","image":{"@type":"ImageObject","inLanguage":"fr-CA","@id":"https:\/\/news.canadamotorjobs.com\/#\/schema\/person\/image\/","url":"https:\/\/secure.gravatar.com\/avatar\/45f3d2eebcccd909668d7ce7ea7267b6?s=96&d=mm&r=g","contentUrl":"https:\/\/secure.gravatar.com\/avatar\/45f3d2eebcccd909668d7ce7ea7267b6?s=96&d=mm&r=g","caption":"Benoit Charette"},"description":"Benoit Charette \/ Propri\u00e9taire et r\u00e9dacteur en chef Benoit Charette pratique le journalisme automobile depuis bient\u00f4t 30 ans. Il a fait ses classes au c\u00f4t\u00e9 de Daniel H\u00e9raud et au Carnet de route de 1992 \u00e0 2001. Il est fondateur, copropri\u00e9taire et r\u00e9dacteur en chef de L\u2019Annuel de l\u2019automobile, qu\u2019il publie depuis 2001. Il a anim\u00e9 les \u00e9missions RPM et RPM+ sur V et les L\u00e9gendes de la route sur Historia. \u00c0 la radio depuis 1986, il reprend l\u2019antenne cette ann\u00e9e sur les ondes de Cogeco et participe pour la deuxi\u00e8me ann\u00e9e \u00e0 l\u2019\u00e9mission Passion Auto sur RDS en plus de mettre en ligne le site Web officiel de L\u2019Annuel de l\u2019automobile sur annuelauto.ca.","sameAs":["https:\/\/annuelauto.ca\/"],"url":"https:\/\/news.canadamotorjobs.com\/fr\/author\/benoit-charette\/"}]}},"_links":{"self":[{"href":"https:\/\/news.canadamotorjobs.com\/fr\/wp-json\/wp\/v2\/posts\/147086"}],"collection":[{"href":"https:\/\/news.canadamotorjobs.com\/fr\/wp-json\/wp\/v2\/posts"}],"about":[{"href":"https:\/\/news.canadamotorjobs.com\/fr\/wp-json\/wp\/v2\/types\/post"}],"author":[{"embeddable":true,"href":"https:\/\/news.canadamotorjobs.com\/fr\/wp-json\/wp\/v2\/users\/8"}],"replies":[{"embeddable":true,"href":"https:\/\/news.canadamotorjobs.com\/fr\/wp-json\/wp\/v2\/comments?post=147086"}],"version-history":[{"count":2,"href":"https:\/\/news.canadamotorjobs.com\/fr\/wp-json\/wp\/v2\/posts\/147086\/revisions"}],"predecessor-version":[{"id":147090,"href":"https:\/\/news.canadamotorjobs.com\/fr\/wp-json\/wp\/v2\/posts\/147086\/revisions\/147090"}],"wp:featuredmedia":[{"embeddable":true,"href":"https:\/\/news.canadamotorjobs.com\/fr\/wp-json\/wp\/v2\/media\/147088"}],"wp:attachment":[{"href":"https:\/\/news.canadamotorjobs.com\/fr\/wp-json\/wp\/v2\/media?parent=147086"}],"wp:term":[{"taxonomy":"category","embeddable":true,"href":"https:\/\/news.canadamotorjobs.com\/fr\/wp-json\/wp\/v2\/categories?post=147086"},{"taxonomy":"post_tag","embeddable":true,"href":"https:\/\/news.canadamotorjobs.com\/fr\/wp-json\/wp\/v2\/tags?post=147086"}],"curies":[{"name":"wp","href":"https:\/\/api.w.org\/{rel}","templated":true}]}}