{"id":147034,"date":"2023-06-09T11:32:56","date_gmt":"2023-06-09T15:32:56","guid":{"rendered":"https:\/\/news.canadamotorjobs.com\/?p=147034"},"modified":"2023-06-09T11:45:19","modified_gmt":"2023-06-09T15:45:19","slug":"gm-envisage-de-continuer-la-bolt-avec-une-pile-ultium","status":"publish","type":"post","link":"https:\/\/news.canadamotorjobs.com\/fr\/gm-envisage-de-continuer-la-bolt-avec-une-pile-ultium\/","title":{"rendered":"GM envisage de continuer la Bolt avec une pile Ultium"},"content":{"rendered":"<\/p>\n<p>Dans une entrevue accord\u00e9e au r\u00e9seau NPR, la PDG de GM Mary Barra a laiss\u00e9 entendre qu\u2019il ne serait pas impossible de continuer la production de la populaire Bolt en changeant la pile actuelle pour une nouvelle pile Ultium. GM aurait toit avantage \u00e0 garder cette populaire voiture sur la route et surtout si on peut la vendre \u00e0 bon prix. Les v\u00e9hicules \u00e9lectriques abordables sont une denr\u00e9e rare.<\/p>\n<h3>Plus d\u2019autonomie et une plus grande vitesse de recharge.<\/h3>\n<p>\nGM pourrait mettre la m\u00eame batterie de base que l\u2019Equinox qui va avoir 50\u00a0kWh et obtenir environ la m\u00eame autonomie que le mod\u00e8le actuel. On pourrait m\u00eame offrir avec les derni\u00e8res technologies une version 4RM avec deux moteurs parfaite pour l\u2019hiver. La vitesse de recharge pourrait aussi passer de 50 \u00e0 100\u00a0kW sans trop de probl\u00e8mes.<\/p>\n<p>Enfin, la Bolt est d\u00e9j\u00e0 l&#8217;un des v\u00e9hicules les plus efficaces sur la route, mais avec une pompe \u00e0 chaleur Ultium ajout\u00e9e, une \u00e9lectronique et des moteurs am\u00e9lior\u00e9s, nous pourrions avoir affaire \u00e0 l&#8217;un des V\u00c9S les plus efficaces jamais fabriqu\u00e9s.<\/p>\n<p>Croisons les doigts et esp\u00e9rons que GM verra clair dans ce dossier<\/p>\n<p>Avec des renseignements d\u2019Electrek<\/p>\n<p>Le texte <a rel=\"nofollow\" href=\"https:\/\/annuelauto.ca\/gm-envisage-de-continuer-la-bolt-avec-une-pile-ultium\/\">GM envisage de continuer la Bolt avec une pile Ultium<\/a> provient de <a rel=\"nofollow\" href=\"https:\/\/annuelauto.ca\">L&#8217;annuel de l&#8217;automobile &#8211; Actualit\u00e9 automobile<\/a><\/p>\n<p><\/p>\n","protected":false},"excerpt":{"rendered":"<p>Dans une entrevue accord\u00e9e au r\u00e9seau NPR, la PDG de GM Mary Barra a laiss\u00e9 entendre qu\u2019il ne serait pas impossible de continuer la production de la populaire Bolt en changeant la pile actuelle pour une nouvelle pile Ultium. GM aurait toit avantage \u00e0 garder cette populaire voiture sur la route et surtout si on [&hellip;]<\/p>\n","protected":false},"author":8,"featured_media":147036,"comment_status":"close","ping_status":"closed","sticky":false,"template":"","format":"standard","meta":{"_monsterinsights_skip_tracking":false,"_monsterinsights_sitenote_active":false,"_monsterinsights_sitenote_note":"","_monsterinsights_sitenote_category":0,"footnotes":""},"categories":[101],"tags":[],"yoast_head":"<!-- This site is optimized with the Yoast SEO plugin v23.2 - https:\/\/yoast.com\/wordpress\/plugins\/seo\/ -->\n<title>GM envisage de continuer la Bolt avec une pile Ultium - CanadaMotorJobs.com<\/title>\n<meta name=\"description\" content=\"GM envisage de continuer la Bolt avec une pile Ultium - Benoit Charette - Annuel automobile - CanadaMotorJobs.com.\" \/>\n<meta name=\"robots\" content=\"index, follow, max-snippet:-1, max-image-preview:large, max-video-preview:-1\" \/>\n<meta property=\"og:locale\" content=\"fr_CA\" \/>\n<meta property=\"og:type\" content=\"article\" \/>\n<meta property=\"og:title\" content=\"GM envisage de continuer la Bolt avec une pile Ultium - CanadaMotorJobs.com\" \/>\n<meta property=\"og:description\" content=\"GM envisage de continuer la Bolt avec une pile Ultium - Benoit Charette - Annuel automobile - CanadaMotorJobs.com.\" \/>\n<meta property=\"og:url\" content=\"https:\/\/news.canadamotorjobs.com\/fr\/gm-envisage-de-continuer-la-bolt-avec-une-pile-ultium\/\" \/>\n<meta property=\"og:site_name\" content=\"CanadaMotorJobs.com\" \/>\n<meta property=\"article:publisher\" content=\"https:\/\/www.facebook.com\/canadamotorjobs\/\" \/>\n<meta property=\"article:published_time\" content=\"2023-06-09T15:32:56+00:00\" \/>\n<meta property=\"article:modified_time\" content=\"2023-06-09T15:45:19+00:00\" \/>\n<meta property=\"og:image\" content=\"https:\/\/news.canadamotorjobs.com\/wp-content\/uploads\/2023\/06\/principale-scaled-1.jpg\" \/>\n\t<meta property=\"og:image:width\" content=\"2560\" \/>\n\t<meta property=\"og:image:height\" content=\"1707\" \/>\n\t<meta property=\"og:image:type\" content=\"image\/jpeg\" \/>\n<meta name=\"author\" content=\"Benoit Charette\" \/>\n<meta name=\"twitter:card\" content=\"summary_large_image\" \/>\n<meta name=\"twitter:creator\" content=\"@canadamotorjobs\" \/>\n<meta name=\"twitter:site\" content=\"@canadamotorjobs\" \/>\n<meta name=\"twitter:label1\" content=\"\u00c9crit par\" \/>\n\t<meta name=\"twitter:data1\" content=\"Benoit Charette\" \/>\n\t<meta name=\"twitter:label2\" content=\"Estimation du temps de lecture\" \/>\n\t<meta name=\"twitter:data2\" content=\"1 minute\" \/>\n<!-- \/ Yoast SEO plugin. -->","yoast_head_json":{"title":"GM envisage de continuer la Bolt avec une pile Ultium - CanadaMotorJobs.com","description":"GM envisage de continuer la Bolt avec une pile Ultium - Benoit Charette - Annuel automobile - CanadaMotorJobs.com.","robots":{"index":"index","follow":"follow","max-snippet":"max-snippet:-1","max-image-preview":"max-image-preview:large","max-video-preview":"max-video-preview:-1"},"og_locale":"fr_CA","og_type":"article","og_title":"GM envisage de continuer la Bolt avec une pile Ultium - CanadaMotorJobs.com","og_description":"GM envisage de continuer la Bolt avec une pile Ultium - Benoit Charette - Annuel automobile - CanadaMotorJobs.com.","og_url":"https:\/\/news.canadamotorjobs.com\/fr\/gm-envisage-de-continuer-la-bolt-avec-une-pile-ultium\/","og_site_name":"CanadaMotorJobs.com","article_publisher":"https:\/\/www.facebook.com\/canadamotorjobs\/","article_published_time":"2023-06-09T15:32:56+00:00","article_modified_time":"2023-06-09T15:45:19+00:00","og_image":[{"width":2560,"height":1707,"url":"https:\/\/news.canadamotorjobs.com\/wp-content\/uploads\/2023\/06\/principale-scaled-1.jpg","type":"image\/jpeg"}],"author":"Benoit Charette","twitter_card":"summary_large_image","twitter_creator":"@canadamotorjobs","twitter_site":"@canadamotorjobs","twitter_misc":{"\u00c9crit par":"Benoit Charette","Estimation du temps de lecture":"1 minute"},"schema":{"@context":"https:\/\/schema.org","@graph":[{"@type":"Article","@id":"https:\/\/news.canadamotorjobs.com\/fr\/gm-envisage-de-continuer-la-bolt-avec-une-pile-ultium\/#article","isPartOf":{"@id":"https:\/\/news.canadamotorjobs.com\/fr\/gm-envisage-de-continuer-la-bolt-avec-une-pile-ultium\/"},"author":{"name":"Benoit Charette","@id":"https:\/\/news.canadamotorjobs.com\/#\/schema\/person\/51793d1f87d44011d7bcc2ed99269a90"},"headline":"GM envisage de continuer la Bolt avec une pile Ultium","datePublished":"2023-06-09T15:32:56+00:00","dateModified":"2023-06-09T15:45:19+00:00","mainEntityOfPage":{"@id":"https:\/\/news.canadamotorjobs.com\/fr\/gm-envisage-de-continuer-la-bolt-avec-une-pile-ultium\/"},"wordCount":241,"publisher":{"@id":"https:\/\/news.canadamotorjobs.com\/#organization"},"image":{"@id":"https:\/\/news.canadamotorjobs.com\/fr\/gm-envisage-de-continuer-la-bolt-avec-une-pile-ultium\/#primaryimage"},"thumbnailUrl":"https:\/\/news.canadamotorjobs.com\/wp-content\/uploads\/2023\/06\/principale-scaled-1.jpg","articleSection":["Annuel automobile"],"inLanguage":"fr-CA"},{"@type":"WebPage","@id":"https:\/\/news.canadamotorjobs.com\/fr\/gm-envisage-de-continuer-la-bolt-avec-une-pile-ultium\/","url":"https:\/\/news.canadamotorjobs.com\/fr\/gm-envisage-de-continuer-la-bolt-avec-une-pile-ultium\/","name":"GM envisage de continuer la Bolt avec une pile Ultium - CanadaMotorJobs.com","isPartOf":{"@id":"https:\/\/news.canadamotorjobs.com\/#website"},"primaryImageOfPage":{"@id":"https:\/\/news.canadamotorjobs.com\/fr\/gm-envisage-de-continuer-la-bolt-avec-une-pile-ultium\/#primaryimage"},"image":{"@id":"https:\/\/news.canadamotorjobs.com\/fr\/gm-envisage-de-continuer-la-bolt-avec-une-pile-ultium\/#primaryimage"},"thumbnailUrl":"https:\/\/news.canadamotorjobs.com\/wp-content\/uploads\/2023\/06\/principale-scaled-1.jpg","datePublished":"2023-06-09T15:32:56+00:00","dateModified":"2023-06-09T15:45:19+00:00","description":"GM envisage de continuer la Bolt avec une pile Ultium - Benoit Charette - Annuel automobile - CanadaMotorJobs.com.","breadcrumb":{"@id":"https:\/\/news.canadamotorjobs.com\/fr\/gm-envisage-de-continuer-la-bolt-avec-une-pile-ultium\/#breadcrumb"},"inLanguage":"fr-CA","potentialAction":[{"@type":"ReadAction","target":["https:\/\/news.canadamotorjobs.com\/fr\/gm-envisage-de-continuer-la-bolt-avec-une-pile-ultium\/"]}]},{"@type":"ImageObject","inLanguage":"fr-CA","@id":"https:\/\/news.canadamotorjobs.com\/fr\/gm-envisage-de-continuer-la-bolt-avec-une-pile-ultium\/#primaryimage","url":"https:\/\/news.canadamotorjobs.com\/wp-content\/uploads\/2023\/06\/principale-scaled-1.jpg","contentUrl":"https:\/\/news.canadamotorjobs.com\/wp-content\/uploads\/2023\/06\/principale-scaled-1.jpg","width":2560,"height":1707},{"@type":"BreadcrumbList","@id":"https:\/\/news.canadamotorjobs.com\/fr\/gm-envisage-de-continuer-la-bolt-avec-une-pile-ultium\/#breadcrumb","itemListElement":[{"@type":"ListItem","position":1,"name":"Home","item":"https:\/\/news.canadamotorjobs.com\/fr\/blog\/"},{"@type":"ListItem","position":2,"name":"GM envisage de continuer la Bolt avec une pile Ultium"}]},{"@type":"WebSite","@id":"https:\/\/news.canadamotorjobs.com\/#website","url":"https:\/\/news.canadamotorjobs.com\/","name":"CanadaMotorJobs.com","description":"Automotive Jobs","publisher":{"@id":"https:\/\/news.canadamotorjobs.com\/#organization"},"potentialAction":[{"@type":"SearchAction","target":{"@type":"EntryPoint","urlTemplate":"https:\/\/news.canadamotorjobs.com\/?s={search_term_string}"},"query-input":"required name=search_term_string"}],"inLanguage":"fr-CA"},{"@type":"Organization","@id":"https:\/\/news.canadamotorjobs.com\/#organization","name":"Canada Motor Jobs","url":"https:\/\/news.canadamotorjobs.com\/","logo":{"@type":"ImageObject","inLanguage":"fr-CA","@id":"https:\/\/news.canadamotorjobs.com\/#\/schema\/logo\/image\/","url":"https:\/\/news.canadamotorjobs.com\/wp-content\/uploads\/2022\/10\/logo-canada-motor-jobs-1.png","contentUrl":"https:\/\/news.canadamotorjobs.com\/wp-content\/uploads\/2022\/10\/logo-canada-motor-jobs-1.png","width":800,"height":400,"caption":"Canada Motor Jobs"},"image":{"@id":"https:\/\/news.canadamotorjobs.com\/#\/schema\/logo\/image\/"},"sameAs":["https:\/\/www.facebook.com\/canadamotorjobs\/","https:\/\/x.com\/canadamotorjobs","https:\/\/www.instagram.com\/canadamotorjobs\/","https:\/\/www.linkedin.com\/company\/canadamotorjobs"]},{"@type":"Person","@id":"https:\/\/news.canadamotorjobs.com\/#\/schema\/person\/51793d1f87d44011d7bcc2ed99269a90","name":"Benoit Charette","image":{"@type":"ImageObject","inLanguage":"fr-CA","@id":"https:\/\/news.canadamotorjobs.com\/#\/schema\/person\/image\/","url":"https:\/\/secure.gravatar.com\/avatar\/45f3d2eebcccd909668d7ce7ea7267b6?s=96&d=mm&r=g","contentUrl":"https:\/\/secure.gravatar.com\/avatar\/45f3d2eebcccd909668d7ce7ea7267b6?s=96&d=mm&r=g","caption":"Benoit Charette"},"description":"Benoit Charette \/ Propri\u00e9taire et r\u00e9dacteur en chef Benoit Charette pratique le journalisme automobile depuis bient\u00f4t 30 ans. Il a fait ses classes au c\u00f4t\u00e9 de Daniel H\u00e9raud et au Carnet de route de 1992 \u00e0 2001. Il est fondateur, copropri\u00e9taire et r\u00e9dacteur en chef de L\u2019Annuel de l\u2019automobile, qu\u2019il publie depuis 2001. Il a anim\u00e9 les \u00e9missions RPM et RPM+ sur V et les L\u00e9gendes de la route sur Historia. \u00c0 la radio depuis 1986, il reprend l\u2019antenne cette ann\u00e9e sur les ondes de Cogeco et participe pour la deuxi\u00e8me ann\u00e9e \u00e0 l\u2019\u00e9mission Passion Auto sur RDS en plus de mettre en ligne le site Web officiel de L\u2019Annuel de l\u2019automobile sur annuelauto.ca.","sameAs":["https:\/\/annuelauto.ca\/"],"url":"https:\/\/news.canadamotorjobs.com\/fr\/author\/benoit-charette\/"}]}},"_links":{"self":[{"href":"https:\/\/news.canadamotorjobs.com\/fr\/wp-json\/wp\/v2\/posts\/147034"}],"collection":[{"href":"https:\/\/news.canadamotorjobs.com\/fr\/wp-json\/wp\/v2\/posts"}],"about":[{"href":"https:\/\/news.canadamotorjobs.com\/fr\/wp-json\/wp\/v2\/types\/post"}],"author":[{"embeddable":true,"href":"https:\/\/news.canadamotorjobs.com\/fr\/wp-json\/wp\/v2\/users\/8"}],"replies":[{"embeddable":true,"href":"https:\/\/news.canadamotorjobs.com\/fr\/wp-json\/wp\/v2\/comments?post=147034"}],"version-history":[{"count":2,"href":"https:\/\/news.canadamotorjobs.com\/fr\/wp-json\/wp\/v2\/posts\/147034\/revisions"}],"predecessor-version":[{"id":147038,"href":"https:\/\/news.canadamotorjobs.com\/fr\/wp-json\/wp\/v2\/posts\/147034\/revisions\/147038"}],"wp:featuredmedia":[{"embeddable":true,"href":"https:\/\/news.canadamotorjobs.com\/fr\/wp-json\/wp\/v2\/media\/147036"}],"wp:attachment":[{"href":"https:\/\/news.canadamotorjobs.com\/fr\/wp-json\/wp\/v2\/media?parent=147034"}],"wp:term":[{"taxonomy":"category","embeddable":true,"href":"https:\/\/news.canadamotorjobs.com\/fr\/wp-json\/wp\/v2\/categories?post=147034"},{"taxonomy":"post_tag","embeddable":true,"href":"https:\/\/news.canadamotorjobs.com\/fr\/wp-json\/wp\/v2\/tags?post=147034"}],"curies":[{"name":"wp","href":"https:\/\/api.w.org\/{rel}","templated":true}]}}