{"id":146988,"date":"2023-06-09T10:37:25","date_gmt":"2023-06-09T14:37:25","guid":{"rendered":"https:\/\/news.canadamotorjobs.com\/?p=146988"},"modified":"2023-06-09T10:44:37","modified_gmt":"2023-06-09T14:44:37","slug":"un-petit-pick-up-ram-pourrait-venir-chez-nous","status":"publish","type":"post","link":"https:\/\/news.canadamotorjobs.com\/fr\/un-petit-pick-up-ram-pourrait-venir-chez-nous\/","title":{"rendered":"Un petit pick-up Ram pourrait venir chez nous"},"content":{"rendered":"<\/p>\n<h3>&#8211; Il se nomme Rampage et pourrait \u00eatre ajout\u00e9 \u00e0 la gamme nord-am\u00e9ricaine.<\/h3>\n<p><\/p>\n<h3>&#8211; La production se fait actuellement au Br\u00e9sil.<\/h3>\n<p><\/p>\n<h3>&#8211; Ram n&#8217;a pas propos\u00e9 de petit pick-up depuis l&#8217;annulation du Ram Dakota en 2011.<\/h3>\n<p>\nDevant la popularit\u00e9 du Ford Maverick et du Hyundai Santa Cruz on se demande quel constructeur viendra faire la lutte \u00e0 ces deux mod\u00e8les. La r\u00e9ponse va peut-\u00eatre venir de Ram. Ram vient de pr\u00e9senter au Br\u00e9sil, le mod\u00e8le Rampage, une nouvelle version du Ram 1000 vendu en Am\u00e9rique latine depuis quelques ann\u00e9es. Selon le site TheDrive.com, ce mod\u00e8le pourrait bient\u00f4t se retrouver chez nous.<\/p>\n<h3>\u00c0 l\u2019image du Ram 1500<\/h3>\n<p>\nLe style ressemble beaucoup au Ram 1500, ce qui est une excellente nouvelle pour les strat\u00e8ges nord-am\u00e9ricains de la marque, ne serait-ce que pour plaire aux amateurs de la marque. Le v\u00e9hicule pr\u00e9sent\u00e9 dispose \u00e9galement d&#8217;une cabine double, une configuration qu&#8217;il partage avec les deux autres pick-up compacts du moment. A noter \u00e9galement le petit d\u00e9tail observ\u00e9 sur le feu de position arri\u00e8re, o\u00f9 un drapeau am\u00e9ricain est dessin\u00e9 \u00e0 l&#8217;aide d&#8217;une technologie d&#8217;\u00e9clairage \u00e0 DEL.<\/p>\n<h3>On pourrait le fabriquer au Mexique<\/h3>\n<p>\nLe site br\u00e9silien pour la production de ce camion est probl\u00e9matique en raison de la taxe de 25\u00a0% impos\u00e9e sur les camions l\u00e9gers import\u00e9s aux \u00c9tats-Unis. Le constructeur pourrait donc se tourner vers son usine mexicaine de Toluca, o\u00f9 sera fabriqu\u00e9 le Jeep Compass. Le futur Rampage et Compass partagent la m\u00eame architecture monocoque, ce qui pourrait faciliter le transfert d&#8217;une partie de la production vers l&#8217;usine mexicaine.<\/p>\n<h3>Peu d\u2019information<\/h3>\n<p>\nIl est trop t\u00f4t pour dire ce qui pourrait animer le camion compact, mais le moteur 4 cylindres turbo de 2,0 litres semble \u00eatre un bon candidat, alors que m\u00eame une option turbodiesel pourrait traverser la fronti\u00e8re jusqu&#8217;\u00e0 ce que les renforts \u00e9lectrifi\u00e9s arrivent. Ram pourrait en effet ajouter une motorisation hybride ou m\u00eame purement \u00e9lectrique dans les prochaines ann\u00e9es. Le Ram Rampage devrait \u00eatre d\u00e9voil\u00e9 prochainement, et nous ne serions pas surpris de voir le constructeur reconfirmer l&#8217;arriv\u00e9e de ce petit camion sur le sol nord-am\u00e9ricain.<\/p>\n<p>\u00a0<\/p>\n<p>Avec des renseignements de Motor Illustrated<\/p>\n<p>\u00a0<\/p>\n<p>Le texte <a rel=\"nofollow\" href=\"https:\/\/annuelauto.ca\/un-petit-pick-up-ram-pourrait-venir-chez-nous\/\">Un petit pick-up Ram pourrait venir chez nous<\/a> provient de <a rel=\"nofollow\" href=\"https:\/\/annuelauto.ca\">L&#8217;annuel de l&#8217;automobile &#8211; Actualit\u00e9 automobile<\/a><\/p>\n<p><\/p>\n","protected":false},"excerpt":{"rendered":"<p>&#8211; Il se nomme Rampage et pourrait \u00eatre ajout\u00e9 \u00e0 la gamme nord-am\u00e9ricaine. &#8211; La production se fait actuellement au Br\u00e9sil. &#8211; Ram n&#8217;a pas propos\u00e9 de petit pick-up depuis l&#8217;annulation du Ram Dakota en 2011. Devant la popularit\u00e9 du Ford Maverick et du Hyundai Santa Cruz on se demande quel constructeur viendra faire la [&hellip;]<\/p>\n","protected":false},"author":8,"featured_media":146990,"comment_status":"close","ping_status":"closed","sticky":false,"template":"","format":"standard","meta":{"_monsterinsights_skip_tracking":false,"_monsterinsights_sitenote_active":false,"_monsterinsights_sitenote_note":"","_monsterinsights_sitenote_category":0,"footnotes":""},"categories":[101],"tags":[],"yoast_head":"<!-- This site is optimized with the Yoast SEO plugin v23.2 - https:\/\/yoast.com\/wordpress\/plugins\/seo\/ -->\n<title>Un petit pick-up Ram pourrait venir chez nous - CanadaMotorJobs.com<\/title>\n<meta name=\"description\" content=\"Un petit pick-up Ram pourrait venir chez nous - Benoit Charette - Annuel automobile - CanadaMotorJobs.com.\" \/>\n<meta name=\"robots\" content=\"index, follow, max-snippet:-1, max-image-preview:large, max-video-preview:-1\" \/>\n<meta property=\"og:locale\" content=\"fr_CA\" \/>\n<meta property=\"og:type\" content=\"article\" \/>\n<meta property=\"og:title\" content=\"Un petit pick-up Ram pourrait venir chez nous - CanadaMotorJobs.com\" \/>\n<meta property=\"og:description\" content=\"Un petit pick-up Ram pourrait venir chez nous - Benoit Charette - Annuel automobile - CanadaMotorJobs.com.\" \/>\n<meta property=\"og:url\" content=\"https:\/\/news.canadamotorjobs.com\/fr\/un-petit-pick-up-ram-pourrait-venir-chez-nous\/\" \/>\n<meta property=\"og:site_name\" content=\"CanadaMotorJobs.com\" \/>\n<meta property=\"article:publisher\" content=\"https:\/\/www.facebook.com\/canadamotorjobs\/\" \/>\n<meta property=\"article:published_time\" content=\"2023-06-09T14:37:25+00:00\" \/>\n<meta property=\"article:modified_time\" content=\"2023-06-09T14:44:37+00:00\" \/>\n<meta property=\"og:image\" content=\"https:\/\/news.canadamotorjobs.com\/wp-content\/uploads\/2023\/06\/ram-rampage-2024-teasers.jpg\" \/>\n\t<meta property=\"og:image:width\" content=\"1280\" \/>\n\t<meta property=\"og:image:height\" content=\"720\" \/>\n\t<meta property=\"og:image:type\" content=\"image\/jpeg\" \/>\n<meta name=\"author\" content=\"Benoit Charette\" \/>\n<meta name=\"twitter:card\" content=\"summary_large_image\" \/>\n<meta name=\"twitter:creator\" content=\"@canadamotorjobs\" \/>\n<meta name=\"twitter:site\" content=\"@canadamotorjobs\" \/>\n<meta name=\"twitter:label1\" content=\"\u00c9crit par\" \/>\n\t<meta name=\"twitter:data1\" content=\"Benoit Charette\" \/>\n\t<meta name=\"twitter:label2\" content=\"Estimation du temps de lecture\" \/>\n\t<meta name=\"twitter:data2\" content=\"2 minutes\" \/>\n<!-- \/ Yoast SEO plugin. -->","yoast_head_json":{"title":"Un petit pick-up Ram pourrait venir chez nous - CanadaMotorJobs.com","description":"Un petit pick-up Ram pourrait venir chez nous - Benoit Charette - Annuel automobile - CanadaMotorJobs.com.","robots":{"index":"index","follow":"follow","max-snippet":"max-snippet:-1","max-image-preview":"max-image-preview:large","max-video-preview":"max-video-preview:-1"},"og_locale":"fr_CA","og_type":"article","og_title":"Un petit pick-up Ram pourrait venir chez nous - CanadaMotorJobs.com","og_description":"Un petit pick-up Ram pourrait venir chez nous - Benoit Charette - Annuel automobile - CanadaMotorJobs.com.","og_url":"https:\/\/news.canadamotorjobs.com\/fr\/un-petit-pick-up-ram-pourrait-venir-chez-nous\/","og_site_name":"CanadaMotorJobs.com","article_publisher":"https:\/\/www.facebook.com\/canadamotorjobs\/","article_published_time":"2023-06-09T14:37:25+00:00","article_modified_time":"2023-06-09T14:44:37+00:00","og_image":[{"width":1280,"height":720,"url":"https:\/\/news.canadamotorjobs.com\/wp-content\/uploads\/2023\/06\/ram-rampage-2024-teasers.jpg","type":"image\/jpeg"}],"author":"Benoit Charette","twitter_card":"summary_large_image","twitter_creator":"@canadamotorjobs","twitter_site":"@canadamotorjobs","twitter_misc":{"\u00c9crit par":"Benoit Charette","Estimation du temps de lecture":"2 minutes"},"schema":{"@context":"https:\/\/schema.org","@graph":[{"@type":"Article","@id":"https:\/\/news.canadamotorjobs.com\/fr\/un-petit-pick-up-ram-pourrait-venir-chez-nous\/#article","isPartOf":{"@id":"https:\/\/news.canadamotorjobs.com\/fr\/un-petit-pick-up-ram-pourrait-venir-chez-nous\/"},"author":{"name":"Benoit Charette","@id":"https:\/\/news.canadamotorjobs.com\/#\/schema\/person\/51793d1f87d44011d7bcc2ed99269a90"},"headline":"Un petit pick-up Ram pourrait venir chez nous","datePublished":"2023-06-09T14:37:25+00:00","dateModified":"2023-06-09T14:44:37+00:00","mainEntityOfPage":{"@id":"https:\/\/news.canadamotorjobs.com\/fr\/un-petit-pick-up-ram-pourrait-venir-chez-nous\/"},"wordCount":414,"publisher":{"@id":"https:\/\/news.canadamotorjobs.com\/#organization"},"image":{"@id":"https:\/\/news.canadamotorjobs.com\/fr\/un-petit-pick-up-ram-pourrait-venir-chez-nous\/#primaryimage"},"thumbnailUrl":"https:\/\/news.canadamotorjobs.com\/wp-content\/uploads\/2023\/06\/ram-rampage-2024-teasers.jpg","articleSection":["Annuel automobile"],"inLanguage":"fr-CA"},{"@type":"WebPage","@id":"https:\/\/news.canadamotorjobs.com\/fr\/un-petit-pick-up-ram-pourrait-venir-chez-nous\/","url":"https:\/\/news.canadamotorjobs.com\/fr\/un-petit-pick-up-ram-pourrait-venir-chez-nous\/","name":"Un petit pick-up Ram pourrait venir chez nous - CanadaMotorJobs.com","isPartOf":{"@id":"https:\/\/news.canadamotorjobs.com\/#website"},"primaryImageOfPage":{"@id":"https:\/\/news.canadamotorjobs.com\/fr\/un-petit-pick-up-ram-pourrait-venir-chez-nous\/#primaryimage"},"image":{"@id":"https:\/\/news.canadamotorjobs.com\/fr\/un-petit-pick-up-ram-pourrait-venir-chez-nous\/#primaryimage"},"thumbnailUrl":"https:\/\/news.canadamotorjobs.com\/wp-content\/uploads\/2023\/06\/ram-rampage-2024-teasers.jpg","datePublished":"2023-06-09T14:37:25+00:00","dateModified":"2023-06-09T14:44:37+00:00","description":"Un petit pick-up Ram pourrait venir chez nous - Benoit Charette - Annuel automobile - CanadaMotorJobs.com.","breadcrumb":{"@id":"https:\/\/news.canadamotorjobs.com\/fr\/un-petit-pick-up-ram-pourrait-venir-chez-nous\/#breadcrumb"},"inLanguage":"fr-CA","potentialAction":[{"@type":"ReadAction","target":["https:\/\/news.canadamotorjobs.com\/fr\/un-petit-pick-up-ram-pourrait-venir-chez-nous\/"]}]},{"@type":"ImageObject","inLanguage":"fr-CA","@id":"https:\/\/news.canadamotorjobs.com\/fr\/un-petit-pick-up-ram-pourrait-venir-chez-nous\/#primaryimage","url":"https:\/\/news.canadamotorjobs.com\/wp-content\/uploads\/2023\/06\/ram-rampage-2024-teasers.jpg","contentUrl":"https:\/\/news.canadamotorjobs.com\/wp-content\/uploads\/2023\/06\/ram-rampage-2024-teasers.jpg","width":1280,"height":720},{"@type":"BreadcrumbList","@id":"https:\/\/news.canadamotorjobs.com\/fr\/un-petit-pick-up-ram-pourrait-venir-chez-nous\/#breadcrumb","itemListElement":[{"@type":"ListItem","position":1,"name":"Home","item":"https:\/\/news.canadamotorjobs.com\/fr\/blog\/"},{"@type":"ListItem","position":2,"name":"Un petit pick-up Ram pourrait venir chez nous"}]},{"@type":"WebSite","@id":"https:\/\/news.canadamotorjobs.com\/#website","url":"https:\/\/news.canadamotorjobs.com\/","name":"CanadaMotorJobs.com","description":"Automotive Jobs","publisher":{"@id":"https:\/\/news.canadamotorjobs.com\/#organization"},"potentialAction":[{"@type":"SearchAction","target":{"@type":"EntryPoint","urlTemplate":"https:\/\/news.canadamotorjobs.com\/?s={search_term_string}"},"query-input":"required name=search_term_string"}],"inLanguage":"fr-CA"},{"@type":"Organization","@id":"https:\/\/news.canadamotorjobs.com\/#organization","name":"Canada Motor Jobs","url":"https:\/\/news.canadamotorjobs.com\/","logo":{"@type":"ImageObject","inLanguage":"fr-CA","@id":"https:\/\/news.canadamotorjobs.com\/#\/schema\/logo\/image\/","url":"https:\/\/news.canadamotorjobs.com\/wp-content\/uploads\/2022\/10\/logo-canada-motor-jobs-1.png","contentUrl":"https:\/\/news.canadamotorjobs.com\/wp-content\/uploads\/2022\/10\/logo-canada-motor-jobs-1.png","width":800,"height":400,"caption":"Canada Motor Jobs"},"image":{"@id":"https:\/\/news.canadamotorjobs.com\/#\/schema\/logo\/image\/"},"sameAs":["https:\/\/www.facebook.com\/canadamotorjobs\/","https:\/\/x.com\/canadamotorjobs","https:\/\/www.instagram.com\/canadamotorjobs\/","https:\/\/www.linkedin.com\/company\/canadamotorjobs"]},{"@type":"Person","@id":"https:\/\/news.canadamotorjobs.com\/#\/schema\/person\/51793d1f87d44011d7bcc2ed99269a90","name":"Benoit Charette","image":{"@type":"ImageObject","inLanguage":"fr-CA","@id":"https:\/\/news.canadamotorjobs.com\/#\/schema\/person\/image\/","url":"https:\/\/secure.gravatar.com\/avatar\/45f3d2eebcccd909668d7ce7ea7267b6?s=96&d=mm&r=g","contentUrl":"https:\/\/secure.gravatar.com\/avatar\/45f3d2eebcccd909668d7ce7ea7267b6?s=96&d=mm&r=g","caption":"Benoit Charette"},"description":"Benoit Charette \/ Propri\u00e9taire et r\u00e9dacteur en chef Benoit Charette pratique le journalisme automobile depuis bient\u00f4t 30 ans. Il a fait ses classes au c\u00f4t\u00e9 de Daniel H\u00e9raud et au Carnet de route de 1992 \u00e0 2001. Il est fondateur, copropri\u00e9taire et r\u00e9dacteur en chef de L\u2019Annuel de l\u2019automobile, qu\u2019il publie depuis 2001. Il a anim\u00e9 les \u00e9missions RPM et RPM+ sur V et les L\u00e9gendes de la route sur Historia. \u00c0 la radio depuis 1986, il reprend l\u2019antenne cette ann\u00e9e sur les ondes de Cogeco et participe pour la deuxi\u00e8me ann\u00e9e \u00e0 l\u2019\u00e9mission Passion Auto sur RDS en plus de mettre en ligne le site Web officiel de L\u2019Annuel de l\u2019automobile sur annuelauto.ca.","sameAs":["https:\/\/annuelauto.ca\/"],"url":"https:\/\/news.canadamotorjobs.com\/fr\/author\/benoit-charette\/"}]}},"_links":{"self":[{"href":"https:\/\/news.canadamotorjobs.com\/fr\/wp-json\/wp\/v2\/posts\/146988"}],"collection":[{"href":"https:\/\/news.canadamotorjobs.com\/fr\/wp-json\/wp\/v2\/posts"}],"about":[{"href":"https:\/\/news.canadamotorjobs.com\/fr\/wp-json\/wp\/v2\/types\/post"}],"author":[{"embeddable":true,"href":"https:\/\/news.canadamotorjobs.com\/fr\/wp-json\/wp\/v2\/users\/8"}],"replies":[{"embeddable":true,"href":"https:\/\/news.canadamotorjobs.com\/fr\/wp-json\/wp\/v2\/comments?post=146988"}],"version-history":[{"count":2,"href":"https:\/\/news.canadamotorjobs.com\/fr\/wp-json\/wp\/v2\/posts\/146988\/revisions"}],"predecessor-version":[{"id":146992,"href":"https:\/\/news.canadamotorjobs.com\/fr\/wp-json\/wp\/v2\/posts\/146988\/revisions\/146992"}],"wp:featuredmedia":[{"embeddable":true,"href":"https:\/\/news.canadamotorjobs.com\/fr\/wp-json\/wp\/v2\/media\/146990"}],"wp:attachment":[{"href":"https:\/\/news.canadamotorjobs.com\/fr\/wp-json\/wp\/v2\/media?parent=146988"}],"wp:term":[{"taxonomy":"category","embeddable":true,"href":"https:\/\/news.canadamotorjobs.com\/fr\/wp-json\/wp\/v2\/categories?post=146988"},{"taxonomy":"post_tag","embeddable":true,"href":"https:\/\/news.canadamotorjobs.com\/fr\/wp-json\/wp\/v2\/tags?post=146988"}],"curies":[{"name":"wp","href":"https:\/\/api.w.org\/{rel}","templated":true}]}}