{"id":146939,"date":"2023-06-09T00:35:08","date_gmt":"2023-06-09T04:35:08","guid":{"rendered":"https:\/\/news.canadamotorjobs.com\/?p=146939"},"modified":"2023-06-09T00:52:28","modified_gmt":"2023-06-09T04:52:28","slug":"apres-ford-au-tour-de-gm-de-sentendre-avec-tesla","status":"publish","type":"post","link":"https:\/\/news.canadamotorjobs.com\/fr\/apres-ford-au-tour-de-gm-de-sentendre-avec-tesla\/","title":{"rendered":"\u00a0Apr\u00e8s Ford au tour de GM de s\u2019entendre avec Tesla"},"content":{"rendered":"<\/p>\n<p>Voil\u00e0 une nouvelle importante dans le monde automobile. General Motors a annonc\u00e9 jeudi avoir conclu un accord avec Tesla pour permettre aux v\u00e9hicules \u00e9lectriques GM de se recharger dans 12\u00a0000 Superchargers Tesla \u00e0 partir du printemps prochain.<\/p>\n<h3>GM va aussi adopter les chargeurs NACS<\/h3>\n<p>\nGM int\u00e9grera \u00e9galement les connecteurs North American Charging Standard pr\u00e9f\u00e9r\u00e9s de Tesla dans ses V\u00c9S \u00e0 partir de 2025, a d\u00e9clar\u00e9 le constructeur automobile. GM int\u00e9grera le r\u00e9seau de superchargeurs de Tesla dans ses propres v\u00e9hicules et applications mobiles. Mme Barra a d\u00e9clar\u00e9 jeudi lors d&#8217;une interview sur CNBC que le constructeur automobile s&#8217;attendait \u00e0 \u00e9conomiser jusqu&#8217;\u00e0 400 millions de dollars en travaillant avec le r\u00e9seau Supercharger de Tesla. GM a d\u00e9clar\u00e9 qu&#8217;il investirait 750 millions de dollars dans l&#8217;infrastructure de recharge aux \u00c9tats-Unis et au Canada.<\/p>\n<h3>Deux partenaires de poids<\/h3>\n<p>\nGM suit Ford Motor Co, qui a d\u00e9clar\u00e9 le mois dernier qu&#8217;il donnerait aux propri\u00e9taires de ses V\u00c9S l&#8217;acc\u00e8s \u00e0 environ 12\u00a0000 Superchargeurs Tesla \u00e0 partir du printemps prochain gr\u00e2ce \u00e0 des adaptateurs. Ford cessera \u00e9galement de construire des v\u00e9hicules \u00e9lectriques dot\u00e9s de ports de recharge CCS \u00e0 partir de 2025, et utilisera \u00e0 la place le port NACS utilis\u00e9 par Tesla.<\/p>\n<h3>Elon Musk est sur le point de gagner son pari<\/h3>\n<p>\nTesla exploite environ 17\u00a0000 chargeurs rapides et son r\u00e9seau est consid\u00e9r\u00e9 comme le plus grand et le plus fiable. Avec Ford et GM qui se joignent \u00e0 la norme Tesla, il y a de fortes chances que le reste de l\u2019industrie va suivre. M. Musk, qui s&#8217;est plaint de ne pas \u00eatre suffisamment reconnu par l&#8217;administration Biden pour avoir fait progresser l&#8217;adoption des v\u00e9hicules \u00e9lectriques, a d\u00e9clar\u00e9 que son entreprise soutiendrait pleinement les v\u00e9hicules GM dans les superchargeurs Tesla et ne donnerait pas la pr\u00e9f\u00e9rence aux propri\u00e9taires de Tesla. M. Musk a d\u00e9clar\u00e9 par le pass\u00e9 qu&#8217;il \u00e9tait pr\u00eat \u00e0 aider les marques concurrentes \u00e0 acc\u00e9l\u00e9rer l&#8217;adoption des v\u00e9hicules \u00e9lectriques afin d&#8217;am\u00e9liorer la qualit\u00e9 de vie de ses clients.<\/p>\n<p>\u00a0<\/p>\n<p>Avec des renseignements d\u2019Automotive News<\/p>\n<p>Le texte <a rel=\"nofollow\" href=\"https:\/\/annuelauto.ca\/apres-ford-au-tour-de-gm-de-sentendre-avec-tesla\/\">\u00a0Apr\u00e8s Ford au tour de GM de s\u2019entendre avec Tesla<\/a> provient de <a rel=\"nofollow\" href=\"https:\/\/annuelauto.ca\">L&#8217;annuel de l&#8217;automobile &#8211; Actualit\u00e9 automobile<\/a><\/p>\n<p><\/p>\n","protected":false},"excerpt":{"rendered":"<p>Voil\u00e0 une nouvelle importante dans le monde automobile. General Motors a annonc\u00e9 jeudi avoir conclu un accord avec Tesla pour permettre aux v\u00e9hicules \u00e9lectriques GM de se recharger dans 12\u00a0000 Superchargers Tesla \u00e0 partir du printemps prochain. GM va aussi adopter les chargeurs NACS GM int\u00e9grera \u00e9galement les connecteurs North American Charging Standard pr\u00e9f\u00e9r\u00e9s de [&hellip;]<\/p>\n","protected":false},"author":8,"featured_media":146941,"comment_status":"close","ping_status":"closed","sticky":false,"template":"","format":"standard","meta":{"_monsterinsights_skip_tracking":false,"_monsterinsights_sitenote_active":false,"_monsterinsights_sitenote_note":"","_monsterinsights_sitenote_category":0,"footnotes":""},"categories":[101],"tags":[],"yoast_head":"<!-- This site is optimized with the Yoast SEO plugin v23.2 - https:\/\/yoast.com\/wordpress\/plugins\/seo\/ -->\n<title>\u00a0Apr\u00e8s Ford au tour de GM de s\u2019entendre avec Tesla - CanadaMotorJobs.com<\/title>\n<meta name=\"description\" content=\"\u00a0Apr\u00e8s Ford au tour de GM de s\u2019entendre avec Tesla - Benoit Charette - Annuel automobile - CanadaMotorJobs.com.\" \/>\n<meta name=\"robots\" content=\"index, follow, max-snippet:-1, max-image-preview:large, max-video-preview:-1\" \/>\n<meta property=\"og:locale\" content=\"fr_CA\" \/>\n<meta property=\"og:type\" content=\"article\" \/>\n<meta property=\"og:title\" content=\"\u00a0Apr\u00e8s Ford au tour de GM de s\u2019entendre avec Tesla - CanadaMotorJobs.com\" \/>\n<meta property=\"og:description\" content=\"\u00a0Apr\u00e8s Ford au tour de GM de s\u2019entendre avec Tesla - Benoit Charette - Annuel automobile - CanadaMotorJobs.com.\" \/>\n<meta property=\"og:url\" content=\"https:\/\/news.canadamotorjobs.com\/fr\/apres-ford-au-tour-de-gm-de-sentendre-avec-tesla\/\" \/>\n<meta property=\"og:site_name\" content=\"CanadaMotorJobs.com\" \/>\n<meta property=\"article:publisher\" content=\"https:\/\/www.facebook.com\/canadamotorjobs\/\" \/>\n<meta property=\"article:published_time\" content=\"2023-06-09T04:35:08+00:00\" \/>\n<meta property=\"article:modified_time\" content=\"2023-06-09T04:52:28+00:00\" \/>\n<meta property=\"og:image\" content=\"https:\/\/news.canadamotorjobs.com\/wp-content\/uploads\/2023\/06\/tesla_ford_gm.jpg\" \/>\n\t<meta property=\"og:image:width\" content=\"700\" \/>\n\t<meta property=\"og:image:height\" content=\"400\" \/>\n\t<meta property=\"og:image:type\" content=\"image\/jpeg\" \/>\n<meta name=\"author\" content=\"Benoit Charette\" \/>\n<meta name=\"twitter:card\" content=\"summary_large_image\" \/>\n<meta name=\"twitter:creator\" content=\"@canadamotorjobs\" \/>\n<meta name=\"twitter:site\" content=\"@canadamotorjobs\" \/>\n<meta name=\"twitter:label1\" content=\"\u00c9crit par\" \/>\n\t<meta name=\"twitter:data1\" content=\"Benoit Charette\" \/>\n\t<meta name=\"twitter:label2\" content=\"Estimation du temps de lecture\" \/>\n\t<meta name=\"twitter:data2\" content=\"2 minutes\" \/>\n<!-- \/ Yoast SEO plugin. -->","yoast_head_json":{"title":"\u00a0Apr\u00e8s Ford au tour de GM de s\u2019entendre avec Tesla - CanadaMotorJobs.com","description":"\u00a0Apr\u00e8s Ford au tour de GM de s\u2019entendre avec Tesla - Benoit Charette - Annuel automobile - CanadaMotorJobs.com.","robots":{"index":"index","follow":"follow","max-snippet":"max-snippet:-1","max-image-preview":"max-image-preview:large","max-video-preview":"max-video-preview:-1"},"og_locale":"fr_CA","og_type":"article","og_title":"\u00a0Apr\u00e8s Ford au tour de GM de s\u2019entendre avec Tesla - CanadaMotorJobs.com","og_description":"\u00a0Apr\u00e8s Ford au tour de GM de s\u2019entendre avec Tesla - Benoit Charette - Annuel automobile - CanadaMotorJobs.com.","og_url":"https:\/\/news.canadamotorjobs.com\/fr\/apres-ford-au-tour-de-gm-de-sentendre-avec-tesla\/","og_site_name":"CanadaMotorJobs.com","article_publisher":"https:\/\/www.facebook.com\/canadamotorjobs\/","article_published_time":"2023-06-09T04:35:08+00:00","article_modified_time":"2023-06-09T04:52:28+00:00","og_image":[{"width":700,"height":400,"url":"https:\/\/news.canadamotorjobs.com\/wp-content\/uploads\/2023\/06\/tesla_ford_gm.jpg","type":"image\/jpeg"}],"author":"Benoit Charette","twitter_card":"summary_large_image","twitter_creator":"@canadamotorjobs","twitter_site":"@canadamotorjobs","twitter_misc":{"\u00c9crit par":"Benoit Charette","Estimation du temps de lecture":"2 minutes"},"schema":{"@context":"https:\/\/schema.org","@graph":[{"@type":"Article","@id":"https:\/\/news.canadamotorjobs.com\/fr\/apres-ford-au-tour-de-gm-de-sentendre-avec-tesla\/#article","isPartOf":{"@id":"https:\/\/news.canadamotorjobs.com\/fr\/apres-ford-au-tour-de-gm-de-sentendre-avec-tesla\/"},"author":{"name":"Benoit Charette","@id":"https:\/\/news.canadamotorjobs.com\/#\/schema\/person\/51793d1f87d44011d7bcc2ed99269a90"},"headline":"\u00a0Apr\u00e8s Ford au tour de GM de s\u2019entendre avec Tesla","datePublished":"2023-06-09T04:35:08+00:00","dateModified":"2023-06-09T04:52:28+00:00","mainEntityOfPage":{"@id":"https:\/\/news.canadamotorjobs.com\/fr\/apres-ford-au-tour-de-gm-de-sentendre-avec-tesla\/"},"wordCount":396,"publisher":{"@id":"https:\/\/news.canadamotorjobs.com\/#organization"},"image":{"@id":"https:\/\/news.canadamotorjobs.com\/fr\/apres-ford-au-tour-de-gm-de-sentendre-avec-tesla\/#primaryimage"},"thumbnailUrl":"https:\/\/news.canadamotorjobs.com\/wp-content\/uploads\/2023\/06\/tesla_ford_gm.jpg","articleSection":["Annuel automobile"],"inLanguage":"fr-CA"},{"@type":"WebPage","@id":"https:\/\/news.canadamotorjobs.com\/fr\/apres-ford-au-tour-de-gm-de-sentendre-avec-tesla\/","url":"https:\/\/news.canadamotorjobs.com\/fr\/apres-ford-au-tour-de-gm-de-sentendre-avec-tesla\/","name":"\u00a0Apr\u00e8s Ford au tour de GM de s\u2019entendre avec Tesla - CanadaMotorJobs.com","isPartOf":{"@id":"https:\/\/news.canadamotorjobs.com\/#website"},"primaryImageOfPage":{"@id":"https:\/\/news.canadamotorjobs.com\/fr\/apres-ford-au-tour-de-gm-de-sentendre-avec-tesla\/#primaryimage"},"image":{"@id":"https:\/\/news.canadamotorjobs.com\/fr\/apres-ford-au-tour-de-gm-de-sentendre-avec-tesla\/#primaryimage"},"thumbnailUrl":"https:\/\/news.canadamotorjobs.com\/wp-content\/uploads\/2023\/06\/tesla_ford_gm.jpg","datePublished":"2023-06-09T04:35:08+00:00","dateModified":"2023-06-09T04:52:28+00:00","description":"\u00a0Apr\u00e8s Ford au tour de GM de s\u2019entendre avec Tesla - Benoit Charette - Annuel automobile - CanadaMotorJobs.com.","breadcrumb":{"@id":"https:\/\/news.canadamotorjobs.com\/fr\/apres-ford-au-tour-de-gm-de-sentendre-avec-tesla\/#breadcrumb"},"inLanguage":"fr-CA","potentialAction":[{"@type":"ReadAction","target":["https:\/\/news.canadamotorjobs.com\/fr\/apres-ford-au-tour-de-gm-de-sentendre-avec-tesla\/"]}]},{"@type":"ImageObject","inLanguage":"fr-CA","@id":"https:\/\/news.canadamotorjobs.com\/fr\/apres-ford-au-tour-de-gm-de-sentendre-avec-tesla\/#primaryimage","url":"https:\/\/news.canadamotorjobs.com\/wp-content\/uploads\/2023\/06\/tesla_ford_gm.jpg","contentUrl":"https:\/\/news.canadamotorjobs.com\/wp-content\/uploads\/2023\/06\/tesla_ford_gm.jpg","width":700,"height":400},{"@type":"BreadcrumbList","@id":"https:\/\/news.canadamotorjobs.com\/fr\/apres-ford-au-tour-de-gm-de-sentendre-avec-tesla\/#breadcrumb","itemListElement":[{"@type":"ListItem","position":1,"name":"Home","item":"https:\/\/news.canadamotorjobs.com\/fr\/blog\/"},{"@type":"ListItem","position":2,"name":"\u00a0Apr\u00e8s Ford au tour de GM de s\u2019entendre avec Tesla"}]},{"@type":"WebSite","@id":"https:\/\/news.canadamotorjobs.com\/#website","url":"https:\/\/news.canadamotorjobs.com\/","name":"CanadaMotorJobs.com","description":"Automotive Jobs","publisher":{"@id":"https:\/\/news.canadamotorjobs.com\/#organization"},"potentialAction":[{"@type":"SearchAction","target":{"@type":"EntryPoint","urlTemplate":"https:\/\/news.canadamotorjobs.com\/?s={search_term_string}"},"query-input":"required name=search_term_string"}],"inLanguage":"fr-CA"},{"@type":"Organization","@id":"https:\/\/news.canadamotorjobs.com\/#organization","name":"Canada Motor Jobs","url":"https:\/\/news.canadamotorjobs.com\/","logo":{"@type":"ImageObject","inLanguage":"fr-CA","@id":"https:\/\/news.canadamotorjobs.com\/#\/schema\/logo\/image\/","url":"https:\/\/news.canadamotorjobs.com\/wp-content\/uploads\/2022\/10\/logo-canada-motor-jobs-1.png","contentUrl":"https:\/\/news.canadamotorjobs.com\/wp-content\/uploads\/2022\/10\/logo-canada-motor-jobs-1.png","width":800,"height":400,"caption":"Canada Motor Jobs"},"image":{"@id":"https:\/\/news.canadamotorjobs.com\/#\/schema\/logo\/image\/"},"sameAs":["https:\/\/www.facebook.com\/canadamotorjobs\/","https:\/\/x.com\/canadamotorjobs","https:\/\/www.instagram.com\/canadamotorjobs\/","https:\/\/www.linkedin.com\/company\/canadamotorjobs"]},{"@type":"Person","@id":"https:\/\/news.canadamotorjobs.com\/#\/schema\/person\/51793d1f87d44011d7bcc2ed99269a90","name":"Benoit Charette","image":{"@type":"ImageObject","inLanguage":"fr-CA","@id":"https:\/\/news.canadamotorjobs.com\/#\/schema\/person\/image\/","url":"https:\/\/secure.gravatar.com\/avatar\/45f3d2eebcccd909668d7ce7ea7267b6?s=96&d=mm&r=g","contentUrl":"https:\/\/secure.gravatar.com\/avatar\/45f3d2eebcccd909668d7ce7ea7267b6?s=96&d=mm&r=g","caption":"Benoit Charette"},"description":"Benoit Charette \/ Propri\u00e9taire et r\u00e9dacteur en chef Benoit Charette pratique le journalisme automobile depuis bient\u00f4t 30 ans. Il a fait ses classes au c\u00f4t\u00e9 de Daniel H\u00e9raud et au Carnet de route de 1992 \u00e0 2001. Il est fondateur, copropri\u00e9taire et r\u00e9dacteur en chef de L\u2019Annuel de l\u2019automobile, qu\u2019il publie depuis 2001. Il a anim\u00e9 les \u00e9missions RPM et RPM+ sur V et les L\u00e9gendes de la route sur Historia. \u00c0 la radio depuis 1986, il reprend l\u2019antenne cette ann\u00e9e sur les ondes de Cogeco et participe pour la deuxi\u00e8me ann\u00e9e \u00e0 l\u2019\u00e9mission Passion Auto sur RDS en plus de mettre en ligne le site Web officiel de L\u2019Annuel de l\u2019automobile sur annuelauto.ca.","sameAs":["https:\/\/annuelauto.ca\/"],"url":"https:\/\/news.canadamotorjobs.com\/fr\/author\/benoit-charette\/"}]}},"_links":{"self":[{"href":"https:\/\/news.canadamotorjobs.com\/fr\/wp-json\/wp\/v2\/posts\/146939"}],"collection":[{"href":"https:\/\/news.canadamotorjobs.com\/fr\/wp-json\/wp\/v2\/posts"}],"about":[{"href":"https:\/\/news.canadamotorjobs.com\/fr\/wp-json\/wp\/v2\/types\/post"}],"author":[{"embeddable":true,"href":"https:\/\/news.canadamotorjobs.com\/fr\/wp-json\/wp\/v2\/users\/8"}],"replies":[{"embeddable":true,"href":"https:\/\/news.canadamotorjobs.com\/fr\/wp-json\/wp\/v2\/comments?post=146939"}],"version-history":[{"count":2,"href":"https:\/\/news.canadamotorjobs.com\/fr\/wp-json\/wp\/v2\/posts\/146939\/revisions"}],"predecessor-version":[{"id":146943,"href":"https:\/\/news.canadamotorjobs.com\/fr\/wp-json\/wp\/v2\/posts\/146939\/revisions\/146943"}],"wp:featuredmedia":[{"embeddable":true,"href":"https:\/\/news.canadamotorjobs.com\/fr\/wp-json\/wp\/v2\/media\/146941"}],"wp:attachment":[{"href":"https:\/\/news.canadamotorjobs.com\/fr\/wp-json\/wp\/v2\/media?parent=146939"}],"wp:term":[{"taxonomy":"category","embeddable":true,"href":"https:\/\/news.canadamotorjobs.com\/fr\/wp-json\/wp\/v2\/categories?post=146939"},{"taxonomy":"post_tag","embeddable":true,"href":"https:\/\/news.canadamotorjobs.com\/fr\/wp-json\/wp\/v2\/tags?post=146939"}],"curies":[{"name":"wp","href":"https:\/\/api.w.org\/{rel}","templated":true}]}}