{"id":146901,"date":"2023-06-08T10:00:46","date_gmt":"2023-06-08T14:00:46","guid":{"rendered":"https:\/\/news.canadamotorjobs.com\/?p=146901"},"modified":"2023-06-08T10:15:05","modified_gmt":"2023-06-08T14:15:05","slug":"vinfast-devoile-le-vf-3-son-mini-jeep-electrique","status":"publish","type":"post","link":"https:\/\/news.canadamotorjobs.com\/fr\/vinfast-devoile-le-vf-3-son-mini-jeep-electrique\/","title":{"rendered":"VinFast d\u00e9voile le VF\u00a03, son mini Jeep \u00e9lectrique"},"content":{"rendered":"<\/p>\n<p><a href=\"https:\/\/vinfastauto.ca\/fr\" target=\"_blank\" rel=\"noopener noreferrer\">VinFast<\/a> offrira bient\u00f4t un mini Jeep \u00e9lectrique. Baptis\u00e9 VF\u00a03, le constructeur en a diffus\u00e9 les premi\u00e8res photos aujourd\u2019hui. Dans un communiqu\u00e9, il affirme d\u2019ailleurs vouloir en faire le nouveau v\u00e9hicule \u00e9lectrique du peuple vietnamien.<\/p>\n<p>Le VF 3 deviendra le septi\u00e8me mod\u00e8le \u00e9lectrique de la gamme de ce nouveau constructeur d\u2019Asie du Sud-Est, avec ses VF 5 Plus, VF e34, <a href=\"https:\/\/annuelauto.ca\/vinfast-livre-les-details-sur-les-modeles-vf6-et-vf7\/\" target=\"_blank\" rel=\"noopener noreferrer\">VF 6, VF 7<\/a>, <a href=\"https:\/\/annuelauto.ca\/vinfast-vf8-2\/\" target=\"_blank\" rel=\"noopener noreferrer\">VF 8<\/a> et VF 9. De plus, \u00e0 l\u2019instar de la petite berline \u00e0 hayon <a href=\"https:\/\/annuelauto.ca\/vinfast-le-dragon-du-viet-nam\/\" target=\"_blank\" rel=\"noopener noreferrer\">VF e34<\/a> (un mod\u00e8le con\u00e7u sur la base de la <a href=\"https:\/\/annuelauto.ca\/la-chevrolet-bolt-est-officiellement-morte\/\" target=\"_blank\" rel=\"noopener noreferrer\">Chevrolet Bolt EV<\/a>), le VF 3 sera r\u00e9serv\u00e9 au march\u00e9 vietnamien et vise une client\u00e8le friande de petites voitures.<\/p>\n<h3><strong>Un mini Jeep \u00e0&#8230; 5 places<\/strong><\/h3>\n<p>\nLe VF\u00a03 aura 2\u00a0portes et un hayon donnant acc\u00e8s au coffre arri\u00e8re. De conception dite minimaliste, son habitacle offrira assez d\u2019espace pour accueillir jusqu&#8217;\u00e0 cinq personnes, affirme le constructeur. Pourtant, avec une carrosserie culminant \u00e0 3,11\u00a0m, il sera plus court qu\u2019un <a href=\"https:\/\/annuelauto.ca\/suzuki-lance-son-premier-jimny-a-5-portes\/\" target=\"_blank\" rel=\"noopener noreferrer\">Suzuki Jimny<\/a> (3,48\u00a0m).<\/p>\n<p>Il aura une garde au sol g\u00e9n\u00e9reuse et des roues de 16\u00a0po. Toutefois, VinFast n\u2019a d\u00e9voil\u00e9 aucun d\u00e9tail sur sa motorisation. Le constructeur se limite \u00e0 affirmer que le VF\u00a03 sera \u00ab\u00a0\u00e9quip\u00e9 d&#8217;un moteur \u00e9lectrique et d&#8217;une batterie offrant une distance de d\u00e9placement impressionnante, r\u00e9pondant aux besoins et aux habitudes d&#8217;utilisation quotidienne de la plupart des automobilistes vietnamiens.\u00a0\u00bb<\/p>\n<h3><strong>Le futur v\u00e9hicule national vietnamien<\/strong><\/h3>\n<p>\nVinFast mise sur un nuancier riche en couleurs et des possibilit\u00e9s de personnalisation pour ce v\u00e9hicule qui sera propos\u00e9 avec deux niveaux de dotation\u00a0: Eco et Plus. Deux variantes qui auront des prix destin\u00e9s \u00e0 faire du VF\u00a03 le prochain v\u00e9hicule national du peuple vietnamien, affirme VinFast.<\/p>\n<p>Dans son communiqu\u00e9, VinFast pr\u00e9tend m\u00eame que le VF\u00a03 devrait aider \u00ab\u00a0des millions de familles \u00e0 r\u00e9aliser leurs r\u00eaves de poss\u00e9der un v\u00e9hicule, tout en am\u00e9liorant le niveau de vie et en servant de catalyseur pour une adoption g\u00e9n\u00e9ralis\u00e9e des voitures \u00e9lectriques au Vietnam.\u00a0\u00bb<\/p>\n<p>Le carnet de commandes pour le VinFast VF\u00a03 sera ouvert en septembre\u00a02023 et les premi\u00e8res livraisons sont promises pour le troisi\u00e8me trimestre de 2024.<\/p>\n<p><em>Photos : VinFast<\/em><\/p>\n<p>Le texte <a rel=\"nofollow\" href=\"https:\/\/annuelauto.ca\/vinfast-devoile-le-vf-3-son-mini-jeep-electrique\/\">VinFast d\u00e9voile le VF\u00a03, son mini Jeep \u00e9lectrique<\/a> provient de <a rel=\"nofollow\" href=\"https:\/\/annuelauto.ca\">L&#8217;annuel de l&#8217;automobile &#8211; Actualit\u00e9 automobile<\/a><\/p>\n<p><\/p>\n","protected":false},"excerpt":{"rendered":"<p>VinFast offrira bient\u00f4t un mini Jeep \u00e9lectrique. Baptis\u00e9 VF\u00a03, le constructeur en a diffus\u00e9 les premi\u00e8res photos aujourd\u2019hui. Dans un communiqu\u00e9, il affirme d\u2019ailleurs vouloir en faire le nouveau v\u00e9hicule \u00e9lectrique du peuple vietnamien. Le VF 3 deviendra le septi\u00e8me mod\u00e8le \u00e9lectrique de la gamme de ce nouveau constructeur d\u2019Asie du Sud-Est, avec ses VF [&hellip;]<\/p>\n","protected":false},"author":8,"featured_media":146903,"comment_status":"close","ping_status":"closed","sticky":false,"template":"","format":"standard","meta":{"_monsterinsights_skip_tracking":false,"_monsterinsights_sitenote_active":false,"_monsterinsights_sitenote_note":"","_monsterinsights_sitenote_category":0,"footnotes":""},"categories":[101],"tags":[],"yoast_head":"<!-- This site is optimized with the Yoast SEO plugin v23.2 - https:\/\/yoast.com\/wordpress\/plugins\/seo\/ -->\n<title>VinFast d\u00e9voile le VF\u00a03, son mini Jeep \u00e9lectrique - CanadaMotorJobs.com<\/title>\n<meta name=\"description\" content=\"VinFast d\u00e9voile le VF\u00a03, son mini Jeep \u00e9lectrique - Benoit Charette - Annuel automobile - CanadaMotorJobs.com.\" \/>\n<meta name=\"robots\" content=\"index, follow, max-snippet:-1, max-image-preview:large, max-video-preview:-1\" \/>\n<meta property=\"og:locale\" content=\"fr_CA\" \/>\n<meta property=\"og:type\" content=\"article\" \/>\n<meta property=\"og:title\" content=\"VinFast d\u00e9voile le VF\u00a03, son mini Jeep \u00e9lectrique - CanadaMotorJobs.com\" \/>\n<meta property=\"og:description\" content=\"VinFast d\u00e9voile le VF\u00a03, son mini Jeep \u00e9lectrique - Benoit Charette - Annuel automobile - CanadaMotorJobs.com.\" \/>\n<meta property=\"og:url\" content=\"https:\/\/news.canadamotorjobs.com\/fr\/vinfast-devoile-le-vf-3-son-mini-jeep-electrique\/\" \/>\n<meta property=\"og:site_name\" content=\"CanadaMotorJobs.com\" \/>\n<meta property=\"article:publisher\" content=\"https:\/\/www.facebook.com\/canadamotorjobs\/\" \/>\n<meta property=\"article:published_time\" content=\"2023-06-08T14:00:46+00:00\" \/>\n<meta property=\"article:modified_time\" content=\"2023-06-08T14:15:05+00:00\" \/>\n<meta property=\"og:image\" content=\"https:\/\/news.canadamotorjobs.com\/wp-content\/uploads\/2023\/06\/VinFast-VF-3-2024-1.jpg\" \/>\n\t<meta property=\"og:image:width\" content=\"1500\" \/>\n\t<meta property=\"og:image:height\" content=\"1000\" \/>\n\t<meta property=\"og:image:type\" content=\"image\/jpeg\" \/>\n<meta name=\"author\" content=\"Benoit Charette\" \/>\n<meta name=\"twitter:card\" content=\"summary_large_image\" \/>\n<meta name=\"twitter:creator\" content=\"@canadamotorjobs\" \/>\n<meta name=\"twitter:site\" content=\"@canadamotorjobs\" \/>\n<meta name=\"twitter:label1\" content=\"\u00c9crit par\" \/>\n\t<meta name=\"twitter:data1\" content=\"Benoit Charette\" \/>\n\t<meta name=\"twitter:label2\" content=\"Estimation du temps de lecture\" \/>\n\t<meta name=\"twitter:data2\" content=\"2 minutes\" \/>\n<!-- \/ Yoast SEO plugin. -->","yoast_head_json":{"title":"VinFast d\u00e9voile le VF\u00a03, son mini Jeep \u00e9lectrique - CanadaMotorJobs.com","description":"VinFast d\u00e9voile le VF\u00a03, son mini Jeep \u00e9lectrique - Benoit Charette - Annuel automobile - CanadaMotorJobs.com.","robots":{"index":"index","follow":"follow","max-snippet":"max-snippet:-1","max-image-preview":"max-image-preview:large","max-video-preview":"max-video-preview:-1"},"og_locale":"fr_CA","og_type":"article","og_title":"VinFast d\u00e9voile le VF\u00a03, son mini Jeep \u00e9lectrique - CanadaMotorJobs.com","og_description":"VinFast d\u00e9voile le VF\u00a03, son mini Jeep \u00e9lectrique - Benoit Charette - Annuel automobile - CanadaMotorJobs.com.","og_url":"https:\/\/news.canadamotorjobs.com\/fr\/vinfast-devoile-le-vf-3-son-mini-jeep-electrique\/","og_site_name":"CanadaMotorJobs.com","article_publisher":"https:\/\/www.facebook.com\/canadamotorjobs\/","article_published_time":"2023-06-08T14:00:46+00:00","article_modified_time":"2023-06-08T14:15:05+00:00","og_image":[{"width":1500,"height":1000,"url":"https:\/\/news.canadamotorjobs.com\/wp-content\/uploads\/2023\/06\/VinFast-VF-3-2024-1.jpg","type":"image\/jpeg"}],"author":"Benoit Charette","twitter_card":"summary_large_image","twitter_creator":"@canadamotorjobs","twitter_site":"@canadamotorjobs","twitter_misc":{"\u00c9crit par":"Benoit Charette","Estimation du temps de lecture":"2 minutes"},"schema":{"@context":"https:\/\/schema.org","@graph":[{"@type":"Article","@id":"https:\/\/news.canadamotorjobs.com\/fr\/vinfast-devoile-le-vf-3-son-mini-jeep-electrique\/#article","isPartOf":{"@id":"https:\/\/news.canadamotorjobs.com\/fr\/vinfast-devoile-le-vf-3-son-mini-jeep-electrique\/"},"author":{"name":"Benoit Charette","@id":"https:\/\/news.canadamotorjobs.com\/#\/schema\/person\/51793d1f87d44011d7bcc2ed99269a90"},"headline":"VinFast d\u00e9voile le VF\u00a03, son mini Jeep \u00e9lectrique","datePublished":"2023-06-08T14:00:46+00:00","dateModified":"2023-06-08T14:15:05+00:00","mainEntityOfPage":{"@id":"https:\/\/news.canadamotorjobs.com\/fr\/vinfast-devoile-le-vf-3-son-mini-jeep-electrique\/"},"wordCount":395,"publisher":{"@id":"https:\/\/news.canadamotorjobs.com\/#organization"},"image":{"@id":"https:\/\/news.canadamotorjobs.com\/fr\/vinfast-devoile-le-vf-3-son-mini-jeep-electrique\/#primaryimage"},"thumbnailUrl":"https:\/\/news.canadamotorjobs.com\/wp-content\/uploads\/2023\/06\/VinFast-VF-3-2024-1.jpg","articleSection":["Annuel automobile"],"inLanguage":"fr-CA"},{"@type":"WebPage","@id":"https:\/\/news.canadamotorjobs.com\/fr\/vinfast-devoile-le-vf-3-son-mini-jeep-electrique\/","url":"https:\/\/news.canadamotorjobs.com\/fr\/vinfast-devoile-le-vf-3-son-mini-jeep-electrique\/","name":"VinFast d\u00e9voile le VF\u00a03, son mini Jeep \u00e9lectrique - CanadaMotorJobs.com","isPartOf":{"@id":"https:\/\/news.canadamotorjobs.com\/#website"},"primaryImageOfPage":{"@id":"https:\/\/news.canadamotorjobs.com\/fr\/vinfast-devoile-le-vf-3-son-mini-jeep-electrique\/#primaryimage"},"image":{"@id":"https:\/\/news.canadamotorjobs.com\/fr\/vinfast-devoile-le-vf-3-son-mini-jeep-electrique\/#primaryimage"},"thumbnailUrl":"https:\/\/news.canadamotorjobs.com\/wp-content\/uploads\/2023\/06\/VinFast-VF-3-2024-1.jpg","datePublished":"2023-06-08T14:00:46+00:00","dateModified":"2023-06-08T14:15:05+00:00","description":"VinFast d\u00e9voile le VF\u00a03, son mini Jeep \u00e9lectrique - Benoit Charette - Annuel automobile - CanadaMotorJobs.com.","breadcrumb":{"@id":"https:\/\/news.canadamotorjobs.com\/fr\/vinfast-devoile-le-vf-3-son-mini-jeep-electrique\/#breadcrumb"},"inLanguage":"fr-CA","potentialAction":[{"@type":"ReadAction","target":["https:\/\/news.canadamotorjobs.com\/fr\/vinfast-devoile-le-vf-3-son-mini-jeep-electrique\/"]}]},{"@type":"ImageObject","inLanguage":"fr-CA","@id":"https:\/\/news.canadamotorjobs.com\/fr\/vinfast-devoile-le-vf-3-son-mini-jeep-electrique\/#primaryimage","url":"https:\/\/news.canadamotorjobs.com\/wp-content\/uploads\/2023\/06\/VinFast-VF-3-2024-1.jpg","contentUrl":"https:\/\/news.canadamotorjobs.com\/wp-content\/uploads\/2023\/06\/VinFast-VF-3-2024-1.jpg","width":1500,"height":1000},{"@type":"BreadcrumbList","@id":"https:\/\/news.canadamotorjobs.com\/fr\/vinfast-devoile-le-vf-3-son-mini-jeep-electrique\/#breadcrumb","itemListElement":[{"@type":"ListItem","position":1,"name":"Home","item":"https:\/\/news.canadamotorjobs.com\/fr\/blog\/"},{"@type":"ListItem","position":2,"name":"VinFast d\u00e9voile le VF\u00a03, son mini Jeep \u00e9lectrique"}]},{"@type":"WebSite","@id":"https:\/\/news.canadamotorjobs.com\/#website","url":"https:\/\/news.canadamotorjobs.com\/","name":"CanadaMotorJobs.com","description":"Automotive Jobs","publisher":{"@id":"https:\/\/news.canadamotorjobs.com\/#organization"},"potentialAction":[{"@type":"SearchAction","target":{"@type":"EntryPoint","urlTemplate":"https:\/\/news.canadamotorjobs.com\/?s={search_term_string}"},"query-input":"required name=search_term_string"}],"inLanguage":"fr-CA"},{"@type":"Organization","@id":"https:\/\/news.canadamotorjobs.com\/#organization","name":"Canada Motor Jobs","url":"https:\/\/news.canadamotorjobs.com\/","logo":{"@type":"ImageObject","inLanguage":"fr-CA","@id":"https:\/\/news.canadamotorjobs.com\/#\/schema\/logo\/image\/","url":"https:\/\/news.canadamotorjobs.com\/wp-content\/uploads\/2022\/10\/logo-canada-motor-jobs-1.png","contentUrl":"https:\/\/news.canadamotorjobs.com\/wp-content\/uploads\/2022\/10\/logo-canada-motor-jobs-1.png","width":800,"height":400,"caption":"Canada Motor Jobs"},"image":{"@id":"https:\/\/news.canadamotorjobs.com\/#\/schema\/logo\/image\/"},"sameAs":["https:\/\/www.facebook.com\/canadamotorjobs\/","https:\/\/x.com\/canadamotorjobs","https:\/\/www.instagram.com\/canadamotorjobs\/","https:\/\/www.linkedin.com\/company\/canadamotorjobs"]},{"@type":"Person","@id":"https:\/\/news.canadamotorjobs.com\/#\/schema\/person\/51793d1f87d44011d7bcc2ed99269a90","name":"Benoit Charette","image":{"@type":"ImageObject","inLanguage":"fr-CA","@id":"https:\/\/news.canadamotorjobs.com\/#\/schema\/person\/image\/","url":"https:\/\/secure.gravatar.com\/avatar\/45f3d2eebcccd909668d7ce7ea7267b6?s=96&d=mm&r=g","contentUrl":"https:\/\/secure.gravatar.com\/avatar\/45f3d2eebcccd909668d7ce7ea7267b6?s=96&d=mm&r=g","caption":"Benoit Charette"},"description":"Benoit Charette \/ Propri\u00e9taire et r\u00e9dacteur en chef Benoit Charette pratique le journalisme automobile depuis bient\u00f4t 30 ans. Il a fait ses classes au c\u00f4t\u00e9 de Daniel H\u00e9raud et au Carnet de route de 1992 \u00e0 2001. Il est fondateur, copropri\u00e9taire et r\u00e9dacteur en chef de L\u2019Annuel de l\u2019automobile, qu\u2019il publie depuis 2001. Il a anim\u00e9 les \u00e9missions RPM et RPM+ sur V et les L\u00e9gendes de la route sur Historia. \u00c0 la radio depuis 1986, il reprend l\u2019antenne cette ann\u00e9e sur les ondes de Cogeco et participe pour la deuxi\u00e8me ann\u00e9e \u00e0 l\u2019\u00e9mission Passion Auto sur RDS en plus de mettre en ligne le site Web officiel de L\u2019Annuel de l\u2019automobile sur annuelauto.ca.","sameAs":["https:\/\/annuelauto.ca\/"],"url":"https:\/\/news.canadamotorjobs.com\/fr\/author\/benoit-charette\/"}]}},"_links":{"self":[{"href":"https:\/\/news.canadamotorjobs.com\/fr\/wp-json\/wp\/v2\/posts\/146901"}],"collection":[{"href":"https:\/\/news.canadamotorjobs.com\/fr\/wp-json\/wp\/v2\/posts"}],"about":[{"href":"https:\/\/news.canadamotorjobs.com\/fr\/wp-json\/wp\/v2\/types\/post"}],"author":[{"embeddable":true,"href":"https:\/\/news.canadamotorjobs.com\/fr\/wp-json\/wp\/v2\/users\/8"}],"replies":[{"embeddable":true,"href":"https:\/\/news.canadamotorjobs.com\/fr\/wp-json\/wp\/v2\/comments?post=146901"}],"version-history":[{"count":2,"href":"https:\/\/news.canadamotorjobs.com\/fr\/wp-json\/wp\/v2\/posts\/146901\/revisions"}],"predecessor-version":[{"id":146905,"href":"https:\/\/news.canadamotorjobs.com\/fr\/wp-json\/wp\/v2\/posts\/146901\/revisions\/146905"}],"wp:featuredmedia":[{"embeddable":true,"href":"https:\/\/news.canadamotorjobs.com\/fr\/wp-json\/wp\/v2\/media\/146903"}],"wp:attachment":[{"href":"https:\/\/news.canadamotorjobs.com\/fr\/wp-json\/wp\/v2\/media?parent=146901"}],"wp:term":[{"taxonomy":"category","embeddable":true,"href":"https:\/\/news.canadamotorjobs.com\/fr\/wp-json\/wp\/v2\/categories?post=146901"},{"taxonomy":"post_tag","embeddable":true,"href":"https:\/\/news.canadamotorjobs.com\/fr\/wp-json\/wp\/v2\/tags?post=146901"}],"curies":[{"name":"wp","href":"https:\/\/api.w.org\/{rel}","templated":true}]}}