{"id":146830,"date":"2023-06-07T10:37:35","date_gmt":"2023-06-07T14:37:35","guid":{"rendered":"https:\/\/news.canadamotorjobs.com\/?p=146830"},"modified":"2023-06-07T10:44:50","modified_gmt":"2023-06-07T14:44:50","slug":"flo-et-nissan-font-equipe","status":"publish","type":"post","link":"https:\/\/news.canadamotorjobs.com\/fr\/flo-et-nissan-font-equipe\/","title":{"rendered":"Flo et Nissan font \u00e9quipe"},"content":{"rendered":"<\/p>\n<p>La Qu\u00e9b\u00e9coise FLO et Nissan Canada font \u00e9quipe pour deux initiatives. On va d\u2019une part offrir des cr\u00e9dits de recharge gratuits FLO et un acc\u00e8s accru aux bornes de recharge r\u00e9sidentielles FLO partout au Canada pour les acheteurs de nouvelles voitures.<\/p>\n<h3>Cr\u00e9dits de recharge \u00e0 l\u2019achat d\u2019un mod\u00e8le Nissan<\/h3>\n<p>\nLes programmes donneront 150\u00a0$ de cr\u00e9dits de recharge aux clients de Nissan Canada qui ach\u00e8tent ou louent un nouveau v\u00e9hicule \u00e9lectrique Nissan avec l&#8217;ensemble de protection Nissan EV Care. De plus, les conducteurs canadiens peuvent maintenant acheter des bornes de recharge FLO maison chez les concessionnaires Nissan \u00e0 l&#8217;\u00e9chelle nationale.<\/p>\n<p>Con\u00e7u pour r\u00e9sister aux conditions m\u00e9t\u00e9orologiques extr\u00eames, le bo\u00eetier fait enti\u00e8rement en aluminium, \u00e9tanche, r\u00e9sistant aux chocs et \u00e0 la corrosion est con\u00e7u pour durer. La borne de recharge \u00e0 domicile certifi\u00e9e <a href=\"https:\/\/www.energystar.gov\/productfinder\/product\/certified-evse\/details\/2356003\">ENERGY STAR<\/a> correspond \u00e0 la plupart des taux d&#8217;acceptation de puissance maximale des v\u00e9hicules \u00e9lectriques pour recharger la plupart des v\u00e9hicules en 6 \u00e0 8\u00a0heures, ce qui permet aux conducteurs de recharger leur v\u00e9hicule pendant la nuit.<\/p>\n<p>Source: Nissan<\/p>\n<p>\u00a0<\/p>\n<p>Le texte <a rel=\"nofollow\" href=\"https:\/\/annuelauto.ca\/flo-et-nissan-font-equipe\/\">Flo et Nissan font \u00e9quipe<\/a> provient de <a rel=\"nofollow\" href=\"https:\/\/annuelauto.ca\">L&#8217;annuel de l&#8217;automobile &#8211; Actualit\u00e9 automobile<\/a><\/p>\n<p><\/p>\n","protected":false},"excerpt":{"rendered":"<p>La Qu\u00e9b\u00e9coise FLO et Nissan Canada font \u00e9quipe pour deux initiatives. On va d\u2019une part offrir des cr\u00e9dits de recharge gratuits FLO et un acc\u00e8s accru aux bornes de recharge r\u00e9sidentielles FLO partout au Canada pour les acheteurs de nouvelles voitures. Cr\u00e9dits de recharge \u00e0 l\u2019achat d\u2019un mod\u00e8le Nissan Les programmes donneront 150\u00a0$ de cr\u00e9dits [&hellip;]<\/p>\n","protected":false},"author":8,"featured_media":146832,"comment_status":"close","ping_status":"closed","sticky":false,"template":"","format":"standard","meta":{"_monsterinsights_skip_tracking":false,"_monsterinsights_sitenote_active":false,"_monsterinsights_sitenote_note":"","_monsterinsights_sitenote_category":0,"footnotes":""},"categories":[101],"tags":[],"yoast_head":"<!-- This site is optimized with the Yoast SEO plugin v23.2 - https:\/\/yoast.com\/wordpress\/plugins\/seo\/ -->\n<title>Flo et Nissan font \u00e9quipe - CanadaMotorJobs.com<\/title>\n<meta name=\"description\" content=\"Flo et Nissan font \u00e9quipe - Benoit Charette - Annuel automobile - CanadaMotorJobs.com.\" \/>\n<meta name=\"robots\" content=\"index, follow, max-snippet:-1, max-image-preview:large, max-video-preview:-1\" \/>\n<meta property=\"og:locale\" content=\"fr_CA\" \/>\n<meta property=\"og:type\" content=\"article\" \/>\n<meta property=\"og:title\" content=\"Flo et Nissan font \u00e9quipe - CanadaMotorJobs.com\" \/>\n<meta property=\"og:description\" content=\"Flo et Nissan font \u00e9quipe - Benoit Charette - Annuel automobile - CanadaMotorJobs.com.\" \/>\n<meta property=\"og:url\" content=\"https:\/\/news.canadamotorjobs.com\/fr\/flo-et-nissan-font-equipe\/\" \/>\n<meta property=\"og:site_name\" content=\"CanadaMotorJobs.com\" \/>\n<meta property=\"article:publisher\" content=\"https:\/\/www.facebook.com\/canadamotorjobs\/\" \/>\n<meta property=\"article:published_time\" content=\"2023-06-07T14:37:35+00:00\" \/>\n<meta property=\"article:modified_time\" content=\"2023-06-07T14:44:50+00:00\" \/>\n<meta property=\"og:image\" content=\"https:\/\/news.canadamotorjobs.com\/wp-content\/uploads\/2023\/06\/nissan-ariya-front-quarter_1-source.jpg\" \/>\n\t<meta property=\"og:image:width\" content=\"1920\" \/>\n\t<meta property=\"og:image:height\" content=\"1079\" \/>\n\t<meta property=\"og:image:type\" content=\"image\/jpeg\" \/>\n<meta name=\"author\" content=\"Benoit Charette\" \/>\n<meta name=\"twitter:card\" content=\"summary_large_image\" \/>\n<meta name=\"twitter:creator\" content=\"@canadamotorjobs\" \/>\n<meta name=\"twitter:site\" content=\"@canadamotorjobs\" \/>\n<meta name=\"twitter:label1\" content=\"\u00c9crit par\" \/>\n\t<meta name=\"twitter:data1\" content=\"Benoit Charette\" \/>\n\t<meta name=\"twitter:label2\" content=\"Estimation du temps de lecture\" \/>\n\t<meta name=\"twitter:data2\" content=\"1 minute\" \/>\n<!-- \/ Yoast SEO plugin. -->","yoast_head_json":{"title":"Flo et Nissan font \u00e9quipe - CanadaMotorJobs.com","description":"Flo et Nissan font \u00e9quipe - Benoit Charette - Annuel automobile - CanadaMotorJobs.com.","robots":{"index":"index","follow":"follow","max-snippet":"max-snippet:-1","max-image-preview":"max-image-preview:large","max-video-preview":"max-video-preview:-1"},"og_locale":"fr_CA","og_type":"article","og_title":"Flo et Nissan font \u00e9quipe - CanadaMotorJobs.com","og_description":"Flo et Nissan font \u00e9quipe - Benoit Charette - Annuel automobile - CanadaMotorJobs.com.","og_url":"https:\/\/news.canadamotorjobs.com\/fr\/flo-et-nissan-font-equipe\/","og_site_name":"CanadaMotorJobs.com","article_publisher":"https:\/\/www.facebook.com\/canadamotorjobs\/","article_published_time":"2023-06-07T14:37:35+00:00","article_modified_time":"2023-06-07T14:44:50+00:00","og_image":[{"width":1920,"height":1079,"url":"https:\/\/news.canadamotorjobs.com\/wp-content\/uploads\/2023\/06\/nissan-ariya-front-quarter_1-source.jpg","type":"image\/jpeg"}],"author":"Benoit Charette","twitter_card":"summary_large_image","twitter_creator":"@canadamotorjobs","twitter_site":"@canadamotorjobs","twitter_misc":{"\u00c9crit par":"Benoit Charette","Estimation du temps de lecture":"1 minute"},"schema":{"@context":"https:\/\/schema.org","@graph":[{"@type":"Article","@id":"https:\/\/news.canadamotorjobs.com\/fr\/flo-et-nissan-font-equipe\/#article","isPartOf":{"@id":"https:\/\/news.canadamotorjobs.com\/fr\/flo-et-nissan-font-equipe\/"},"author":{"name":"Benoit Charette","@id":"https:\/\/news.canadamotorjobs.com\/#\/schema\/person\/51793d1f87d44011d7bcc2ed99269a90"},"headline":"Flo et Nissan font \u00e9quipe","datePublished":"2023-06-07T14:37:35+00:00","dateModified":"2023-06-07T14:44:50+00:00","mainEntityOfPage":{"@id":"https:\/\/news.canadamotorjobs.com\/fr\/flo-et-nissan-font-equipe\/"},"wordCount":213,"publisher":{"@id":"https:\/\/news.canadamotorjobs.com\/#organization"},"image":{"@id":"https:\/\/news.canadamotorjobs.com\/fr\/flo-et-nissan-font-equipe\/#primaryimage"},"thumbnailUrl":"https:\/\/news.canadamotorjobs.com\/wp-content\/uploads\/2023\/06\/nissan-ariya-front-quarter_1-source.jpg","articleSection":["Annuel automobile"],"inLanguage":"fr-CA"},{"@type":"WebPage","@id":"https:\/\/news.canadamotorjobs.com\/fr\/flo-et-nissan-font-equipe\/","url":"https:\/\/news.canadamotorjobs.com\/fr\/flo-et-nissan-font-equipe\/","name":"Flo et Nissan font \u00e9quipe - CanadaMotorJobs.com","isPartOf":{"@id":"https:\/\/news.canadamotorjobs.com\/#website"},"primaryImageOfPage":{"@id":"https:\/\/news.canadamotorjobs.com\/fr\/flo-et-nissan-font-equipe\/#primaryimage"},"image":{"@id":"https:\/\/news.canadamotorjobs.com\/fr\/flo-et-nissan-font-equipe\/#primaryimage"},"thumbnailUrl":"https:\/\/news.canadamotorjobs.com\/wp-content\/uploads\/2023\/06\/nissan-ariya-front-quarter_1-source.jpg","datePublished":"2023-06-07T14:37:35+00:00","dateModified":"2023-06-07T14:44:50+00:00","description":"Flo et Nissan font \u00e9quipe - Benoit Charette - Annuel automobile - CanadaMotorJobs.com.","breadcrumb":{"@id":"https:\/\/news.canadamotorjobs.com\/fr\/flo-et-nissan-font-equipe\/#breadcrumb"},"inLanguage":"fr-CA","potentialAction":[{"@type":"ReadAction","target":["https:\/\/news.canadamotorjobs.com\/fr\/flo-et-nissan-font-equipe\/"]}]},{"@type":"ImageObject","inLanguage":"fr-CA","@id":"https:\/\/news.canadamotorjobs.com\/fr\/flo-et-nissan-font-equipe\/#primaryimage","url":"https:\/\/news.canadamotorjobs.com\/wp-content\/uploads\/2023\/06\/nissan-ariya-front-quarter_1-source.jpg","contentUrl":"https:\/\/news.canadamotorjobs.com\/wp-content\/uploads\/2023\/06\/nissan-ariya-front-quarter_1-source.jpg","width":1920,"height":1079},{"@type":"BreadcrumbList","@id":"https:\/\/news.canadamotorjobs.com\/fr\/flo-et-nissan-font-equipe\/#breadcrumb","itemListElement":[{"@type":"ListItem","position":1,"name":"Home","item":"https:\/\/news.canadamotorjobs.com\/fr\/blog\/"},{"@type":"ListItem","position":2,"name":"Flo et Nissan font \u00e9quipe"}]},{"@type":"WebSite","@id":"https:\/\/news.canadamotorjobs.com\/#website","url":"https:\/\/news.canadamotorjobs.com\/","name":"CanadaMotorJobs.com","description":"Automotive Jobs","publisher":{"@id":"https:\/\/news.canadamotorjobs.com\/#organization"},"potentialAction":[{"@type":"SearchAction","target":{"@type":"EntryPoint","urlTemplate":"https:\/\/news.canadamotorjobs.com\/?s={search_term_string}"},"query-input":"required name=search_term_string"}],"inLanguage":"fr-CA"},{"@type":"Organization","@id":"https:\/\/news.canadamotorjobs.com\/#organization","name":"Canada Motor Jobs","url":"https:\/\/news.canadamotorjobs.com\/","logo":{"@type":"ImageObject","inLanguage":"fr-CA","@id":"https:\/\/news.canadamotorjobs.com\/#\/schema\/logo\/image\/","url":"https:\/\/news.canadamotorjobs.com\/wp-content\/uploads\/2022\/10\/logo-canada-motor-jobs-1.png","contentUrl":"https:\/\/news.canadamotorjobs.com\/wp-content\/uploads\/2022\/10\/logo-canada-motor-jobs-1.png","width":800,"height":400,"caption":"Canada Motor Jobs"},"image":{"@id":"https:\/\/news.canadamotorjobs.com\/#\/schema\/logo\/image\/"},"sameAs":["https:\/\/www.facebook.com\/canadamotorjobs\/","https:\/\/x.com\/canadamotorjobs","https:\/\/www.instagram.com\/canadamotorjobs\/","https:\/\/www.linkedin.com\/company\/canadamotorjobs"]},{"@type":"Person","@id":"https:\/\/news.canadamotorjobs.com\/#\/schema\/person\/51793d1f87d44011d7bcc2ed99269a90","name":"Benoit Charette","image":{"@type":"ImageObject","inLanguage":"fr-CA","@id":"https:\/\/news.canadamotorjobs.com\/#\/schema\/person\/image\/","url":"https:\/\/secure.gravatar.com\/avatar\/45f3d2eebcccd909668d7ce7ea7267b6?s=96&d=mm&r=g","contentUrl":"https:\/\/secure.gravatar.com\/avatar\/45f3d2eebcccd909668d7ce7ea7267b6?s=96&d=mm&r=g","caption":"Benoit Charette"},"description":"Benoit Charette \/ Propri\u00e9taire et r\u00e9dacteur en chef Benoit Charette pratique le journalisme automobile depuis bient\u00f4t 30 ans. Il a fait ses classes au c\u00f4t\u00e9 de Daniel H\u00e9raud et au Carnet de route de 1992 \u00e0 2001. Il est fondateur, copropri\u00e9taire et r\u00e9dacteur en chef de L\u2019Annuel de l\u2019automobile, qu\u2019il publie depuis 2001. Il a anim\u00e9 les \u00e9missions RPM et RPM+ sur V et les L\u00e9gendes de la route sur Historia. \u00c0 la radio depuis 1986, il reprend l\u2019antenne cette ann\u00e9e sur les ondes de Cogeco et participe pour la deuxi\u00e8me ann\u00e9e \u00e0 l\u2019\u00e9mission Passion Auto sur RDS en plus de mettre en ligne le site Web officiel de L\u2019Annuel de l\u2019automobile sur annuelauto.ca.","sameAs":["https:\/\/annuelauto.ca\/"],"url":"https:\/\/news.canadamotorjobs.com\/fr\/author\/benoit-charette\/"}]}},"_links":{"self":[{"href":"https:\/\/news.canadamotorjobs.com\/fr\/wp-json\/wp\/v2\/posts\/146830"}],"collection":[{"href":"https:\/\/news.canadamotorjobs.com\/fr\/wp-json\/wp\/v2\/posts"}],"about":[{"href":"https:\/\/news.canadamotorjobs.com\/fr\/wp-json\/wp\/v2\/types\/post"}],"author":[{"embeddable":true,"href":"https:\/\/news.canadamotorjobs.com\/fr\/wp-json\/wp\/v2\/users\/8"}],"replies":[{"embeddable":true,"href":"https:\/\/news.canadamotorjobs.com\/fr\/wp-json\/wp\/v2\/comments?post=146830"}],"version-history":[{"count":2,"href":"https:\/\/news.canadamotorjobs.com\/fr\/wp-json\/wp\/v2\/posts\/146830\/revisions"}],"predecessor-version":[{"id":146834,"href":"https:\/\/news.canadamotorjobs.com\/fr\/wp-json\/wp\/v2\/posts\/146830\/revisions\/146834"}],"wp:featuredmedia":[{"embeddable":true,"href":"https:\/\/news.canadamotorjobs.com\/fr\/wp-json\/wp\/v2\/media\/146832"}],"wp:attachment":[{"href":"https:\/\/news.canadamotorjobs.com\/fr\/wp-json\/wp\/v2\/media?parent=146830"}],"wp:term":[{"taxonomy":"category","embeddable":true,"href":"https:\/\/news.canadamotorjobs.com\/fr\/wp-json\/wp\/v2\/categories?post=146830"},{"taxonomy":"post_tag","embeddable":true,"href":"https:\/\/news.canadamotorjobs.com\/fr\/wp-json\/wp\/v2\/tags?post=146830"}],"curies":[{"name":"wp","href":"https:\/\/api.w.org\/{rel}","templated":true}]}}