{"id":146807,"date":"2023-06-07T10:24:34","date_gmt":"2023-06-07T14:24:34","guid":{"rendered":"https:\/\/news.canadamotorjobs.com\/?p=146807"},"modified":"2023-06-07T10:31:54","modified_gmt":"2023-06-07T14:31:54","slug":"le-volvo-ex30-sera-le-plus-petit-le-plus-puissant-et-le-plus-abordable-ve-de-la-marque","status":"publish","type":"post","link":"https:\/\/news.canadamotorjobs.com\/fr\/le-volvo-ex30-sera-le-plus-petit-le-plus-puissant-et-le-plus-abordable-ve-de-la-marque\/","title":{"rendered":"Le Volvo EX30 sera le plus petit, le plus puissant et le plus abordable V\u00c9 de la marque"},"content":{"rendered":"<\/p>\n<h3>&#8211; La Volvo EX30 2025 est le prochain v\u00e9hicule \u00e9lectrique d&#8217;entr\u00e9e de gamme de la marque.<\/h3>\n<p><\/p>\n<h3>&#8211; Deux variantes sont pr\u00e9vues : un moteur \u00e0 propulsion et deux moteurs \u00e0 traction int\u00e9grale.<\/h3>\n<p><\/p>\n<h3>&#8211; L&#8217;autonomie est annonc\u00e9e \u00e0 440\u00a0km.<\/h3>\n<p>\nC\u2019est \u00e0 Milan hier que Volvo a pr\u00e9sent\u00e9 son prochain mod\u00e8le \u00e9lectrique, l\u2019EX30 2025. Plus petit que le mod\u00e8le XC40, l\u2019EX30 fait 4,4 m\u00e8tres de long, 1,8 m\u00e8tre de large et 1,55 m\u00e8tre de haut. Le motif d&#8217;\u00e9clairage avant en forme de marteau de Thor est conserv\u00e9, mais pr\u00e9sent\u00e9 sous la forme d&#8217;un ensemble de petits \u00e9l\u00e9ments carr\u00e9s et une ligne plus ramass\u00e9e. Le toit en verre est enti\u00e8rement noir, suivant ainsi la tendance croissante des teintes ext\u00e9rieures bicolores. L&#8217;EX30 propose une palette de cinq teintes, dont le bleu nuage et le jaune mousse.<\/p>\n<h3>Une version Cross Country<\/h3>\n<p>\nEn outre, l&#8217;EX30 sera \u00e9ventuellement disponible en version Cross Country, avec une hauteur de caisse sur\u00e9lev\u00e9e, un habillage de bas de caisse, des boucliers avant et arri\u00e8re noircis, ainsi que des jantes de 18 ou 19 pouces. Sur les images fournies par Volvo, l&#8217;EX30 ordinaire roule sur des jantes et des pneus de 20 pouces.<\/p>\n<h3>Habitacle d\u00e9pouill\u00e9<\/h3>\n<p>\n\u00c0 l&#8217;int\u00e9rieur, le Volvo EX30 2025 poursuit l&#8217;approche minimaliste avec l&#8217;absence d&#8217;un combin\u00e9 d&#8217;instruments pour le conducteur, toutes les informations relatives aux d\u00e9placements \u00e9tant rel\u00e9gu\u00e9es \u00e0 l&#8217;\u00e9cran d&#8217;infodivertissement de la console centrale, dont l&#8217;interface fonctionne avec la technologie logicielle int\u00e9gr\u00e9e de Google. Il est possible de choisir parmi quatre designs int\u00e9rieurs diff\u00e9rents, en plus de l&#8217;\u00e9clairage et des sons d&#8217;ambiance configurables. Les \u00e9quipements disponibles comprennent la nouvelle g\u00e9n\u00e9ration de Park Pilot Assist, une cl\u00e9 num\u00e9rique, une application t\u00e9l\u00e9phonique d\u00e9di\u00e9e, un syst\u00e8me audio Harman\/Kardon ainsi que des mises \u00e0 jour automatiques. Sans oublier la pl\u00e9thore habituelle d&#8217;aides \u00e0 la s\u00e9curit\u00e9 active, car il s&#8217;agit bien d&#8217;une Volvo apr\u00e8s tout.<\/p>\n<h3>D\u00e9tails m\u00e9caniques<\/h3>\n<p>\nLe Volvo EX30 2025 est disponible avec une transmission \u00e0 roues arri\u00e8re et un moteur unique qui d\u00e9veloppe 268 chevaux et 253 livres-pieds de couple, ce qui permet des sprints de 0 \u00e0 100\u00a0km\/h en 5,3 secondes. L&#8217;autonomie est estim\u00e9e 442,5\u00a0km. La variante EX30 Twin Motor Performance est \u00e9quip\u00e9e d&#8217;un moteur \u00e9lectrique \u00e0 chaque extr\u00e9mit\u00e9 pour une transmission int\u00e9grale et une puissance combin\u00e9e de 422 chevaux et 400 livres-pieds de couple. Le 0-100\u00a0km\/h s&#8217;effectue en 3,6 secondes et le 0-60\u00a0mph en 3,4 secondes, pr\u00e9cise la marque, qui affirme qu&#8217;il s&#8217;agit de la voiture la plus rapide qu&#8217;elle ait construite jusqu&#8217;\u00e0 pr\u00e9sent. L&#8217;autonomie de la configuration \u00e0 deux moteurs est estim\u00e9e \u00e0 426,5\u00a0km.<\/p>\n<h3>Combien \u00e7a co\u00fbte<\/h3>\n<p>\nLa capacit\u00e9 de la batterie est \u00e9valu\u00e9e \u00e0 69\u00a0kWh, ou 64\u00a0kWh utilisables, tandis que la vitesse de charge maximale atteint 153\u00a0kW. Volvo affirme que la charge de 10\u00a0% \u00e0 80\u00a0% prend moins de 27 minutes. Le prix pour le march\u00e9 canadien n&#8217;est pas encore disponible, mais la soci\u00e9t\u00e9 promet que le prix du Volvo EX30 2025 sera similaire \u00e0 celui d&#8217;un v\u00e9hicule \u00e9quivalent propuls\u00e9 par un moteur \u00e0 combustion interne.\u00a0 Aux \u00c9tats-Unis le prix de base est annonc\u00e9 \u00e0 36 145\u00a0$<\/p>\n<p>\u00a0<\/p>\n<p>Avec des reenseignements de Motor Illustrated<\/p>\n<p>\u00a0<\/p>\n<p>Le texte <a rel=\"nofollow\" href=\"https:\/\/annuelauto.ca\/le-volvo-ex30-sera-le-plus-petit-le-plus-puissant-et-le-plus-abordable-ve-de-la-marque\/\">Le Volvo EX30 sera le plus petit, le plus puissant et le plus abordable V\u00c9 de la marque<\/a> provient de <a rel=\"nofollow\" href=\"https:\/\/annuelauto.ca\">L&#8217;annuel de l&#8217;automobile &#8211; Actualit\u00e9 automobile<\/a><\/p>\n<p><\/p>\n","protected":false},"excerpt":{"rendered":"<p>&#8211; La Volvo EX30 2025 est le prochain v\u00e9hicule \u00e9lectrique d&#8217;entr\u00e9e de gamme de la marque. &#8211; Deux variantes sont pr\u00e9vues : un moteur \u00e0 propulsion et deux moteurs \u00e0 traction int\u00e9grale. &#8211; L&#8217;autonomie est annonc\u00e9e \u00e0 440\u00a0km. C\u2019est \u00e0 Milan hier que Volvo a pr\u00e9sent\u00e9 son prochain mod\u00e8le \u00e9lectrique, l\u2019EX30 2025. Plus petit que [&hellip;]<\/p>\n","protected":false},"author":8,"featured_media":146809,"comment_status":"close","ping_status":"closed","sticky":false,"template":"","format":"standard","meta":{"_monsterinsights_skip_tracking":false,"_monsterinsights_sitenote_active":false,"_monsterinsights_sitenote_note":"","_monsterinsights_sitenote_category":0,"footnotes":""},"categories":[101],"tags":[],"yoast_head":"<!-- This site is optimized with the Yoast SEO plugin v23.2 - https:\/\/yoast.com\/wordpress\/plugins\/seo\/ -->\n<title>Le Volvo EX30 sera le plus petit, le plus puissant et le plus abordable V\u00c9 de la marque - CanadaMotorJobs.com<\/title>\n<meta name=\"description\" content=\"Le Volvo EX30 sera le plus petit, le plus puissant et le plus abordable V\u00c9 de la marque - Benoit Charette - Annuel automobile - CanadaMotorJobs.com.\" \/>\n<meta name=\"robots\" content=\"index, follow, max-snippet:-1, max-image-preview:large, max-video-preview:-1\" \/>\n<meta property=\"og:locale\" content=\"fr_CA\" \/>\n<meta property=\"og:type\" content=\"article\" \/>\n<meta property=\"og:title\" content=\"Le Volvo EX30 sera le plus petit, le plus puissant et le plus abordable V\u00c9 de la marque - CanadaMotorJobs.com\" \/>\n<meta property=\"og:description\" content=\"Le Volvo EX30 sera le plus petit, le plus puissant et le plus abordable V\u00c9 de la marque - Benoit Charette - Annuel automobile - CanadaMotorJobs.com.\" \/>\n<meta property=\"og:url\" content=\"https:\/\/news.canadamotorjobs.com\/fr\/le-volvo-ex30-sera-le-plus-petit-le-plus-puissant-et-le-plus-abordable-ve-de-la-marque\/\" \/>\n<meta property=\"og:site_name\" content=\"CanadaMotorJobs.com\" \/>\n<meta property=\"article:publisher\" content=\"https:\/\/www.facebook.com\/canadamotorjobs\/\" \/>\n<meta property=\"article:published_time\" content=\"2023-06-07T14:24:34+00:00\" \/>\n<meta property=\"article:modified_time\" content=\"2023-06-07T14:31:54+00:00\" \/>\n<meta property=\"og:image\" content=\"https:\/\/news.canadamotorjobs.com\/wp-content\/uploads\/2023\/06\/313307_Volvo_EX30_exterior.jpg\" \/>\n\t<meta property=\"og:image:width\" content=\"1067\" \/>\n\t<meta property=\"og:image:height\" content=\"800\" \/>\n\t<meta property=\"og:image:type\" content=\"image\/jpeg\" \/>\n<meta name=\"author\" content=\"Benoit Charette\" \/>\n<meta name=\"twitter:card\" content=\"summary_large_image\" \/>\n<meta name=\"twitter:creator\" content=\"@canadamotorjobs\" \/>\n<meta name=\"twitter:site\" content=\"@canadamotorjobs\" \/>\n<meta name=\"twitter:label1\" content=\"\u00c9crit par\" \/>\n\t<meta name=\"twitter:data1\" content=\"Benoit Charette\" \/>\n\t<meta name=\"twitter:label2\" content=\"Estimation du temps de lecture\" \/>\n\t<meta name=\"twitter:data2\" content=\"3 minutes\" \/>\n<!-- \/ Yoast SEO plugin. -->","yoast_head_json":{"title":"Le Volvo EX30 sera le plus petit, le plus puissant et le plus abordable V\u00c9 de la marque - CanadaMotorJobs.com","description":"Le Volvo EX30 sera le plus petit, le plus puissant et le plus abordable V\u00c9 de la marque - Benoit Charette - Annuel automobile - CanadaMotorJobs.com.","robots":{"index":"index","follow":"follow","max-snippet":"max-snippet:-1","max-image-preview":"max-image-preview:large","max-video-preview":"max-video-preview:-1"},"og_locale":"fr_CA","og_type":"article","og_title":"Le Volvo EX30 sera le plus petit, le plus puissant et le plus abordable V\u00c9 de la marque - CanadaMotorJobs.com","og_description":"Le Volvo EX30 sera le plus petit, le plus puissant et le plus abordable V\u00c9 de la marque - Benoit Charette - Annuel automobile - CanadaMotorJobs.com.","og_url":"https:\/\/news.canadamotorjobs.com\/fr\/le-volvo-ex30-sera-le-plus-petit-le-plus-puissant-et-le-plus-abordable-ve-de-la-marque\/","og_site_name":"CanadaMotorJobs.com","article_publisher":"https:\/\/www.facebook.com\/canadamotorjobs\/","article_published_time":"2023-06-07T14:24:34+00:00","article_modified_time":"2023-06-07T14:31:54+00:00","og_image":[{"width":1067,"height":800,"url":"https:\/\/news.canadamotorjobs.com\/wp-content\/uploads\/2023\/06\/313307_Volvo_EX30_exterior.jpg","type":"image\/jpeg"}],"author":"Benoit Charette","twitter_card":"summary_large_image","twitter_creator":"@canadamotorjobs","twitter_site":"@canadamotorjobs","twitter_misc":{"\u00c9crit par":"Benoit Charette","Estimation du temps de lecture":"3 minutes"},"schema":{"@context":"https:\/\/schema.org","@graph":[{"@type":"Article","@id":"https:\/\/news.canadamotorjobs.com\/fr\/le-volvo-ex30-sera-le-plus-petit-le-plus-puissant-et-le-plus-abordable-ve-de-la-marque\/#article","isPartOf":{"@id":"https:\/\/news.canadamotorjobs.com\/fr\/le-volvo-ex30-sera-le-plus-petit-le-plus-puissant-et-le-plus-abordable-ve-de-la-marque\/"},"author":{"name":"Benoit Charette","@id":"https:\/\/news.canadamotorjobs.com\/#\/schema\/person\/51793d1f87d44011d7bcc2ed99269a90"},"headline":"Le Volvo EX30 sera le plus petit, le plus puissant et le plus abordable V\u00c9 de la marque","datePublished":"2023-06-07T14:24:34+00:00","dateModified":"2023-06-07T14:31:54+00:00","mainEntityOfPage":{"@id":"https:\/\/news.canadamotorjobs.com\/fr\/le-volvo-ex30-sera-le-plus-petit-le-plus-puissant-et-le-plus-abordable-ve-de-la-marque\/"},"wordCount":603,"publisher":{"@id":"https:\/\/news.canadamotorjobs.com\/#organization"},"image":{"@id":"https:\/\/news.canadamotorjobs.com\/fr\/le-volvo-ex30-sera-le-plus-petit-le-plus-puissant-et-le-plus-abordable-ve-de-la-marque\/#primaryimage"},"thumbnailUrl":"https:\/\/news.canadamotorjobs.com\/wp-content\/uploads\/2023\/06\/313307_Volvo_EX30_exterior.jpg","articleSection":["Annuel automobile"],"inLanguage":"fr-CA"},{"@type":"WebPage","@id":"https:\/\/news.canadamotorjobs.com\/fr\/le-volvo-ex30-sera-le-plus-petit-le-plus-puissant-et-le-plus-abordable-ve-de-la-marque\/","url":"https:\/\/news.canadamotorjobs.com\/fr\/le-volvo-ex30-sera-le-plus-petit-le-plus-puissant-et-le-plus-abordable-ve-de-la-marque\/","name":"Le Volvo EX30 sera le plus petit, le plus puissant et le plus abordable V\u00c9 de la marque - CanadaMotorJobs.com","isPartOf":{"@id":"https:\/\/news.canadamotorjobs.com\/#website"},"primaryImageOfPage":{"@id":"https:\/\/news.canadamotorjobs.com\/fr\/le-volvo-ex30-sera-le-plus-petit-le-plus-puissant-et-le-plus-abordable-ve-de-la-marque\/#primaryimage"},"image":{"@id":"https:\/\/news.canadamotorjobs.com\/fr\/le-volvo-ex30-sera-le-plus-petit-le-plus-puissant-et-le-plus-abordable-ve-de-la-marque\/#primaryimage"},"thumbnailUrl":"https:\/\/news.canadamotorjobs.com\/wp-content\/uploads\/2023\/06\/313307_Volvo_EX30_exterior.jpg","datePublished":"2023-06-07T14:24:34+00:00","dateModified":"2023-06-07T14:31:54+00:00","description":"Le Volvo EX30 sera le plus petit, le plus puissant et le plus abordable V\u00c9 de la marque - Benoit Charette - Annuel automobile - CanadaMotorJobs.com.","breadcrumb":{"@id":"https:\/\/news.canadamotorjobs.com\/fr\/le-volvo-ex30-sera-le-plus-petit-le-plus-puissant-et-le-plus-abordable-ve-de-la-marque\/#breadcrumb"},"inLanguage":"fr-CA","potentialAction":[{"@type":"ReadAction","target":["https:\/\/news.canadamotorjobs.com\/fr\/le-volvo-ex30-sera-le-plus-petit-le-plus-puissant-et-le-plus-abordable-ve-de-la-marque\/"]}]},{"@type":"ImageObject","inLanguage":"fr-CA","@id":"https:\/\/news.canadamotorjobs.com\/fr\/le-volvo-ex30-sera-le-plus-petit-le-plus-puissant-et-le-plus-abordable-ve-de-la-marque\/#primaryimage","url":"https:\/\/news.canadamotorjobs.com\/wp-content\/uploads\/2023\/06\/313307_Volvo_EX30_exterior.jpg","contentUrl":"https:\/\/news.canadamotorjobs.com\/wp-content\/uploads\/2023\/06\/313307_Volvo_EX30_exterior.jpg","width":1067,"height":800},{"@type":"BreadcrumbList","@id":"https:\/\/news.canadamotorjobs.com\/fr\/le-volvo-ex30-sera-le-plus-petit-le-plus-puissant-et-le-plus-abordable-ve-de-la-marque\/#breadcrumb","itemListElement":[{"@type":"ListItem","position":1,"name":"Home","item":"https:\/\/news.canadamotorjobs.com\/fr\/blog\/"},{"@type":"ListItem","position":2,"name":"Le Volvo EX30 sera le plus petit, le plus puissant et le plus abordable V\u00c9 de la marque"}]},{"@type":"WebSite","@id":"https:\/\/news.canadamotorjobs.com\/#website","url":"https:\/\/news.canadamotorjobs.com\/","name":"CanadaMotorJobs.com","description":"Automotive Jobs","publisher":{"@id":"https:\/\/news.canadamotorjobs.com\/#organization"},"potentialAction":[{"@type":"SearchAction","target":{"@type":"EntryPoint","urlTemplate":"https:\/\/news.canadamotorjobs.com\/?s={search_term_string}"},"query-input":"required name=search_term_string"}],"inLanguage":"fr-CA"},{"@type":"Organization","@id":"https:\/\/news.canadamotorjobs.com\/#organization","name":"Canada Motor Jobs","url":"https:\/\/news.canadamotorjobs.com\/","logo":{"@type":"ImageObject","inLanguage":"fr-CA","@id":"https:\/\/news.canadamotorjobs.com\/#\/schema\/logo\/image\/","url":"https:\/\/news.canadamotorjobs.com\/wp-content\/uploads\/2022\/10\/logo-canada-motor-jobs-1.png","contentUrl":"https:\/\/news.canadamotorjobs.com\/wp-content\/uploads\/2022\/10\/logo-canada-motor-jobs-1.png","width":800,"height":400,"caption":"Canada Motor Jobs"},"image":{"@id":"https:\/\/news.canadamotorjobs.com\/#\/schema\/logo\/image\/"},"sameAs":["https:\/\/www.facebook.com\/canadamotorjobs\/","https:\/\/x.com\/canadamotorjobs","https:\/\/www.instagram.com\/canadamotorjobs\/","https:\/\/www.linkedin.com\/company\/canadamotorjobs"]},{"@type":"Person","@id":"https:\/\/news.canadamotorjobs.com\/#\/schema\/person\/51793d1f87d44011d7bcc2ed99269a90","name":"Benoit Charette","image":{"@type":"ImageObject","inLanguage":"fr-CA","@id":"https:\/\/news.canadamotorjobs.com\/#\/schema\/person\/image\/","url":"https:\/\/secure.gravatar.com\/avatar\/45f3d2eebcccd909668d7ce7ea7267b6?s=96&d=mm&r=g","contentUrl":"https:\/\/secure.gravatar.com\/avatar\/45f3d2eebcccd909668d7ce7ea7267b6?s=96&d=mm&r=g","caption":"Benoit Charette"},"description":"Benoit Charette \/ Propri\u00e9taire et r\u00e9dacteur en chef Benoit Charette pratique le journalisme automobile depuis bient\u00f4t 30 ans. Il a fait ses classes au c\u00f4t\u00e9 de Daniel H\u00e9raud et au Carnet de route de 1992 \u00e0 2001. Il est fondateur, copropri\u00e9taire et r\u00e9dacteur en chef de L\u2019Annuel de l\u2019automobile, qu\u2019il publie depuis 2001. Il a anim\u00e9 les \u00e9missions RPM et RPM+ sur V et les L\u00e9gendes de la route sur Historia. \u00c0 la radio depuis 1986, il reprend l\u2019antenne cette ann\u00e9e sur les ondes de Cogeco et participe pour la deuxi\u00e8me ann\u00e9e \u00e0 l\u2019\u00e9mission Passion Auto sur RDS en plus de mettre en ligne le site Web officiel de L\u2019Annuel de l\u2019automobile sur annuelauto.ca.","sameAs":["https:\/\/annuelauto.ca\/"],"url":"https:\/\/news.canadamotorjobs.com\/fr\/author\/benoit-charette\/"}]}},"_links":{"self":[{"href":"https:\/\/news.canadamotorjobs.com\/fr\/wp-json\/wp\/v2\/posts\/146807"}],"collection":[{"href":"https:\/\/news.canadamotorjobs.com\/fr\/wp-json\/wp\/v2\/posts"}],"about":[{"href":"https:\/\/news.canadamotorjobs.com\/fr\/wp-json\/wp\/v2\/types\/post"}],"author":[{"embeddable":true,"href":"https:\/\/news.canadamotorjobs.com\/fr\/wp-json\/wp\/v2\/users\/8"}],"replies":[{"embeddable":true,"href":"https:\/\/news.canadamotorjobs.com\/fr\/wp-json\/wp\/v2\/comments?post=146807"}],"version-history":[{"count":2,"href":"https:\/\/news.canadamotorjobs.com\/fr\/wp-json\/wp\/v2\/posts\/146807\/revisions"}],"predecessor-version":[{"id":146811,"href":"https:\/\/news.canadamotorjobs.com\/fr\/wp-json\/wp\/v2\/posts\/146807\/revisions\/146811"}],"wp:featuredmedia":[{"embeddable":true,"href":"https:\/\/news.canadamotorjobs.com\/fr\/wp-json\/wp\/v2\/media\/146809"}],"wp:attachment":[{"href":"https:\/\/news.canadamotorjobs.com\/fr\/wp-json\/wp\/v2\/media?parent=146807"}],"wp:term":[{"taxonomy":"category","embeddable":true,"href":"https:\/\/news.canadamotorjobs.com\/fr\/wp-json\/wp\/v2\/categories?post=146807"},{"taxonomy":"post_tag","embeddable":true,"href":"https:\/\/news.canadamotorjobs.com\/fr\/wp-json\/wp\/v2\/tags?post=146807"}],"curies":[{"name":"wp","href":"https:\/\/api.w.org\/{rel}","templated":true}]}}