{"id":146745,"date":"2023-06-06T08:35:59","date_gmt":"2023-06-06T12:35:59","guid":{"rendered":"https:\/\/news.canadamotorjobs.com\/?p=146745"},"modified":"2023-06-06T08:44:31","modified_gmt":"2023-06-06T12:44:31","slug":"un-second-rappel-de-125-000-vehicules-pour-risque-dincendie-chez-ford","status":"publish","type":"post","link":"https:\/\/news.canadamotorjobs.com\/fr\/un-second-rappel-de-125-000-vehicules-pour-risque-dincendie-chez-ford\/","title":{"rendered":"Un second rappel de 125\u00a0000 v\u00e9hicules pour risque d\u2019incendie chez Ford"},"content":{"rendered":"<\/p>\n<p>Ford lance un nouveau rappel pour 125.000 v\u00e9hicules utilitaires sport et camions en raison de d\u00e9faillances du moteur qui peuvent provoquer un incendie.<\/p>\n<h3>Ford et Lincoln<\/h3>\n<p>\nLe rappel couvre divers VUS Escape et Lincoln Corsair et des camionnettes Maverick des ann\u00e9es mod\u00e8les 2020-2023 avec des moteurs hybrides ou hybrides rechargeables de 2,5 litres,<\/p>\n<h3>D\u00e9faillance m\u00e9canique<\/h3>\n<p>\nFord a d\u00e9clar\u00e9 que des probl\u00e8mes isol\u00e9s de fabrication du moteur peuvent entra\u00eener une d\u00e9faillance pr\u00e9matur\u00e9e du moteur et que, dans ce cas, de l&#8217;huile moteur ou des vapeurs de carburant peuvent \u00eatre lib\u00e9r\u00e9es, augmentant ainsi le risque d&#8217;incendie et de blessure.<br \/>\nFord a initialement rappel\u00e9 100 000 Escape, Corsair et Maverick aux \u00c9tats-Unis en juillet 2022 apr\u00e8s avoir identifi\u00e9 23 rapports globaux faisant \u00e9tat d&#8217;un incendie ou de fum\u00e9e apr\u00e8s une rupture pr\u00e9sum\u00e9e du bloc moteur ou du carter d&#8217;huile.<\/p>\n<h3>Un deuxi\u00e8me rappel<\/h3>\n<p>\nMardi, Ford a d\u00e9clar\u00e9 avoir re\u00e7u des rapports concernant au moins trois v\u00e9hicules ayant subi des incendies apr\u00e8s avoir re\u00e7u la correction du rappel de 2022. Ford et la NHTSA ont conseill\u00e9 aux propri\u00e9taires de garer leur v\u00e9hicule et de couper le moteur s&#8217;ils entendent des bruits inattendus, s&#8217;ils remarquent une r\u00e9duction de la puissance du v\u00e9hicule ou s&#8217;ils voient de la fum\u00e9e. Ford a d\u00e9clar\u00e9 qu\u2019une nouvelle solution de rappel \u00e9tait en cours de d\u00e9veloppement. La semaine derni\u00e8re, le deuxi\u00e8me constructeur automobile am\u00e9ricain a indiqu\u00e9 qu&#8217;il rappelait 142 000 VUS Lincoln MKC aux \u00c9tats-Unis en raison de risques d&#8217;incendie et a conseill\u00e9 aux propri\u00e9taires de se garer \u00e0 l&#8217;ext\u00e9rieur et \u00e0 l&#8217;\u00e9cart des structures jusqu&#8217;\u00e0 ce que la r\u00e9paration du rappel soit termin\u00e9e. Ford a indiqu\u00e9 la semaine derni\u00e8re que les concessionnaires ajouteraient un fusible en ligne au circuit d&#8217;alimentation du capteur de contr\u00f4le de la batterie.<\/p>\n<p>Avec des renseignements d&#8217;Automotive News<\/p>\n<p>Le texte <a rel=\"nofollow\" href=\"https:\/\/annuelauto.ca\/un-second-rappel-de-125-000-vehicules-pour-risque-dincendie-chez-ford\/\">Un second rappel de 125\u00a0000 v\u00e9hicules pour risque d\u2019incendie chez Ford<\/a> provient de <a rel=\"nofollow\" href=\"https:\/\/annuelauto.ca\">L&#8217;annuel de l&#8217;automobile &#8211; Actualit\u00e9 automobile<\/a><\/p>\n<p><\/p>\n","protected":false},"excerpt":{"rendered":"<p>Ford lance un nouveau rappel pour 125.000 v\u00e9hicules utilitaires sport et camions en raison de d\u00e9faillances du moteur qui peuvent provoquer un incendie. Ford et Lincoln Le rappel couvre divers VUS Escape et Lincoln Corsair et des camionnettes Maverick des ann\u00e9es mod\u00e8les 2020-2023 avec des moteurs hybrides ou hybrides rechargeables de 2,5 litres, D\u00e9faillance m\u00e9canique [&hellip;]<\/p>\n","protected":false},"author":8,"featured_media":146747,"comment_status":"close","ping_status":"closed","sticky":false,"template":"","format":"standard","meta":{"_monsterinsights_skip_tracking":false,"_monsterinsights_sitenote_active":false,"_monsterinsights_sitenote_note":"","_monsterinsights_sitenote_category":0,"footnotes":""},"categories":[101],"tags":[],"yoast_head":"<!-- This site is optimized with the Yoast SEO plugin v23.2 - https:\/\/yoast.com\/wordpress\/plugins\/seo\/ -->\n<title>Un second rappel de 125\u00a0000 v\u00e9hicules pour risque d\u2019incendie chez Ford - CanadaMotorJobs.com<\/title>\n<meta name=\"description\" content=\"Un second rappel de 125\u00a0000 v\u00e9hicules pour risque d\u2019incendie chez Ford - Benoit Charette - Annuel automobile - CanadaMotorJobs.com.\" \/>\n<meta name=\"robots\" content=\"index, follow, max-snippet:-1, max-image-preview:large, max-video-preview:-1\" \/>\n<meta property=\"og:locale\" content=\"fr_CA\" \/>\n<meta property=\"og:type\" content=\"article\" \/>\n<meta property=\"og:title\" content=\"Un second rappel de 125\u00a0000 v\u00e9hicules pour risque d\u2019incendie chez Ford - CanadaMotorJobs.com\" \/>\n<meta property=\"og:description\" content=\"Un second rappel de 125\u00a0000 v\u00e9hicules pour risque d\u2019incendie chez Ford - Benoit Charette - Annuel automobile - CanadaMotorJobs.com.\" \/>\n<meta property=\"og:url\" content=\"https:\/\/news.canadamotorjobs.com\/fr\/un-second-rappel-de-125-000-vehicules-pour-risque-dincendie-chez-ford\/\" \/>\n<meta property=\"og:site_name\" content=\"CanadaMotorJobs.com\" \/>\n<meta property=\"article:publisher\" content=\"https:\/\/www.facebook.com\/canadamotorjobs\/\" \/>\n<meta property=\"article:published_time\" content=\"2023-06-06T12:35:59+00:00\" \/>\n<meta property=\"article:modified_time\" content=\"2023-06-06T12:44:31+00:00\" \/>\n<meta property=\"og:image\" content=\"https:\/\/news.canadamotorjobs.com\/wp-content\/uploads\/2023\/06\/Ford_logo.svg_.png\" \/>\n\t<meta property=\"og:image:width\" content=\"2560\" \/>\n\t<meta property=\"og:image:height\" content=\"981\" \/>\n\t<meta property=\"og:image:type\" content=\"image\/png\" \/>\n<meta name=\"author\" content=\"Benoit Charette\" \/>\n<meta name=\"twitter:card\" content=\"summary_large_image\" \/>\n<meta name=\"twitter:creator\" content=\"@canadamotorjobs\" \/>\n<meta name=\"twitter:site\" content=\"@canadamotorjobs\" \/>\n<meta name=\"twitter:label1\" content=\"\u00c9crit par\" \/>\n\t<meta name=\"twitter:data1\" content=\"Benoit Charette\" \/>\n\t<meta name=\"twitter:label2\" content=\"Estimation du temps de lecture\" \/>\n\t<meta name=\"twitter:data2\" content=\"2 minutes\" \/>\n<!-- \/ Yoast SEO plugin. -->","yoast_head_json":{"title":"Un second rappel de 125\u00a0000 v\u00e9hicules pour risque d\u2019incendie chez Ford - CanadaMotorJobs.com","description":"Un second rappel de 125\u00a0000 v\u00e9hicules pour risque d\u2019incendie chez Ford - Benoit Charette - Annuel automobile - CanadaMotorJobs.com.","robots":{"index":"index","follow":"follow","max-snippet":"max-snippet:-1","max-image-preview":"max-image-preview:large","max-video-preview":"max-video-preview:-1"},"og_locale":"fr_CA","og_type":"article","og_title":"Un second rappel de 125\u00a0000 v\u00e9hicules pour risque d\u2019incendie chez Ford - CanadaMotorJobs.com","og_description":"Un second rappel de 125\u00a0000 v\u00e9hicules pour risque d\u2019incendie chez Ford - Benoit Charette - Annuel automobile - CanadaMotorJobs.com.","og_url":"https:\/\/news.canadamotorjobs.com\/fr\/un-second-rappel-de-125-000-vehicules-pour-risque-dincendie-chez-ford\/","og_site_name":"CanadaMotorJobs.com","article_publisher":"https:\/\/www.facebook.com\/canadamotorjobs\/","article_published_time":"2023-06-06T12:35:59+00:00","article_modified_time":"2023-06-06T12:44:31+00:00","og_image":[{"width":2560,"height":981,"url":"https:\/\/news.canadamotorjobs.com\/wp-content\/uploads\/2023\/06\/Ford_logo.svg_.png","type":"image\/png"}],"author":"Benoit Charette","twitter_card":"summary_large_image","twitter_creator":"@canadamotorjobs","twitter_site":"@canadamotorjobs","twitter_misc":{"\u00c9crit par":"Benoit Charette","Estimation du temps de lecture":"2 minutes"},"schema":{"@context":"https:\/\/schema.org","@graph":[{"@type":"Article","@id":"https:\/\/news.canadamotorjobs.com\/fr\/un-second-rappel-de-125-000-vehicules-pour-risque-dincendie-chez-ford\/#article","isPartOf":{"@id":"https:\/\/news.canadamotorjobs.com\/fr\/un-second-rappel-de-125-000-vehicules-pour-risque-dincendie-chez-ford\/"},"author":{"name":"Benoit Charette","@id":"https:\/\/news.canadamotorjobs.com\/#\/schema\/person\/51793d1f87d44011d7bcc2ed99269a90"},"headline":"Un second rappel de 125\u00a0000 v\u00e9hicules pour risque d\u2019incendie chez Ford","datePublished":"2023-06-06T12:35:59+00:00","dateModified":"2023-06-06T12:44:31+00:00","mainEntityOfPage":{"@id":"https:\/\/news.canadamotorjobs.com\/fr\/un-second-rappel-de-125-000-vehicules-pour-risque-dincendie-chez-ford\/"},"wordCount":372,"publisher":{"@id":"https:\/\/news.canadamotorjobs.com\/#organization"},"image":{"@id":"https:\/\/news.canadamotorjobs.com\/fr\/un-second-rappel-de-125-000-vehicules-pour-risque-dincendie-chez-ford\/#primaryimage"},"thumbnailUrl":"https:\/\/news.canadamotorjobs.com\/wp-content\/uploads\/2023\/06\/Ford_logo.svg_.png","articleSection":["Annuel automobile"],"inLanguage":"fr-CA"},{"@type":"WebPage","@id":"https:\/\/news.canadamotorjobs.com\/fr\/un-second-rappel-de-125-000-vehicules-pour-risque-dincendie-chez-ford\/","url":"https:\/\/news.canadamotorjobs.com\/fr\/un-second-rappel-de-125-000-vehicules-pour-risque-dincendie-chez-ford\/","name":"Un second rappel de 125\u00a0000 v\u00e9hicules pour risque d\u2019incendie chez Ford - CanadaMotorJobs.com","isPartOf":{"@id":"https:\/\/news.canadamotorjobs.com\/#website"},"primaryImageOfPage":{"@id":"https:\/\/news.canadamotorjobs.com\/fr\/un-second-rappel-de-125-000-vehicules-pour-risque-dincendie-chez-ford\/#primaryimage"},"image":{"@id":"https:\/\/news.canadamotorjobs.com\/fr\/un-second-rappel-de-125-000-vehicules-pour-risque-dincendie-chez-ford\/#primaryimage"},"thumbnailUrl":"https:\/\/news.canadamotorjobs.com\/wp-content\/uploads\/2023\/06\/Ford_logo.svg_.png","datePublished":"2023-06-06T12:35:59+00:00","dateModified":"2023-06-06T12:44:31+00:00","description":"Un second rappel de 125\u00a0000 v\u00e9hicules pour risque d\u2019incendie chez Ford - Benoit Charette - Annuel automobile - CanadaMotorJobs.com.","breadcrumb":{"@id":"https:\/\/news.canadamotorjobs.com\/fr\/un-second-rappel-de-125-000-vehicules-pour-risque-dincendie-chez-ford\/#breadcrumb"},"inLanguage":"fr-CA","potentialAction":[{"@type":"ReadAction","target":["https:\/\/news.canadamotorjobs.com\/fr\/un-second-rappel-de-125-000-vehicules-pour-risque-dincendie-chez-ford\/"]}]},{"@type":"ImageObject","inLanguage":"fr-CA","@id":"https:\/\/news.canadamotorjobs.com\/fr\/un-second-rappel-de-125-000-vehicules-pour-risque-dincendie-chez-ford\/#primaryimage","url":"https:\/\/news.canadamotorjobs.com\/wp-content\/uploads\/2023\/06\/Ford_logo.svg_.png","contentUrl":"https:\/\/news.canadamotorjobs.com\/wp-content\/uploads\/2023\/06\/Ford_logo.svg_.png","width":2560,"height":981},{"@type":"BreadcrumbList","@id":"https:\/\/news.canadamotorjobs.com\/fr\/un-second-rappel-de-125-000-vehicules-pour-risque-dincendie-chez-ford\/#breadcrumb","itemListElement":[{"@type":"ListItem","position":1,"name":"Home","item":"https:\/\/news.canadamotorjobs.com\/fr\/blog\/"},{"@type":"ListItem","position":2,"name":"Un second rappel de 125\u00a0000 v\u00e9hicules pour risque d\u2019incendie chez Ford"}]},{"@type":"WebSite","@id":"https:\/\/news.canadamotorjobs.com\/#website","url":"https:\/\/news.canadamotorjobs.com\/","name":"CanadaMotorJobs.com","description":"Automotive Jobs","publisher":{"@id":"https:\/\/news.canadamotorjobs.com\/#organization"},"potentialAction":[{"@type":"SearchAction","target":{"@type":"EntryPoint","urlTemplate":"https:\/\/news.canadamotorjobs.com\/?s={search_term_string}"},"query-input":"required name=search_term_string"}],"inLanguage":"fr-CA"},{"@type":"Organization","@id":"https:\/\/news.canadamotorjobs.com\/#organization","name":"Canada Motor Jobs","url":"https:\/\/news.canadamotorjobs.com\/","logo":{"@type":"ImageObject","inLanguage":"fr-CA","@id":"https:\/\/news.canadamotorjobs.com\/#\/schema\/logo\/image\/","url":"https:\/\/news.canadamotorjobs.com\/wp-content\/uploads\/2022\/10\/logo-canada-motor-jobs-1.png","contentUrl":"https:\/\/news.canadamotorjobs.com\/wp-content\/uploads\/2022\/10\/logo-canada-motor-jobs-1.png","width":800,"height":400,"caption":"Canada Motor Jobs"},"image":{"@id":"https:\/\/news.canadamotorjobs.com\/#\/schema\/logo\/image\/"},"sameAs":["https:\/\/www.facebook.com\/canadamotorjobs\/","https:\/\/x.com\/canadamotorjobs","https:\/\/www.instagram.com\/canadamotorjobs\/","https:\/\/www.linkedin.com\/company\/canadamotorjobs"]},{"@type":"Person","@id":"https:\/\/news.canadamotorjobs.com\/#\/schema\/person\/51793d1f87d44011d7bcc2ed99269a90","name":"Benoit Charette","image":{"@type":"ImageObject","inLanguage":"fr-CA","@id":"https:\/\/news.canadamotorjobs.com\/#\/schema\/person\/image\/","url":"https:\/\/secure.gravatar.com\/avatar\/45f3d2eebcccd909668d7ce7ea7267b6?s=96&d=mm&r=g","contentUrl":"https:\/\/secure.gravatar.com\/avatar\/45f3d2eebcccd909668d7ce7ea7267b6?s=96&d=mm&r=g","caption":"Benoit Charette"},"description":"Benoit Charette \/ Propri\u00e9taire et r\u00e9dacteur en chef Benoit Charette pratique le journalisme automobile depuis bient\u00f4t 30 ans. Il a fait ses classes au c\u00f4t\u00e9 de Daniel H\u00e9raud et au Carnet de route de 1992 \u00e0 2001. Il est fondateur, copropri\u00e9taire et r\u00e9dacteur en chef de L\u2019Annuel de l\u2019automobile, qu\u2019il publie depuis 2001. Il a anim\u00e9 les \u00e9missions RPM et RPM+ sur V et les L\u00e9gendes de la route sur Historia. \u00c0 la radio depuis 1986, il reprend l\u2019antenne cette ann\u00e9e sur les ondes de Cogeco et participe pour la deuxi\u00e8me ann\u00e9e \u00e0 l\u2019\u00e9mission Passion Auto sur RDS en plus de mettre en ligne le site Web officiel de L\u2019Annuel de l\u2019automobile sur annuelauto.ca.","sameAs":["https:\/\/annuelauto.ca\/"],"url":"https:\/\/news.canadamotorjobs.com\/fr\/author\/benoit-charette\/"}]}},"_links":{"self":[{"href":"https:\/\/news.canadamotorjobs.com\/fr\/wp-json\/wp\/v2\/posts\/146745"}],"collection":[{"href":"https:\/\/news.canadamotorjobs.com\/fr\/wp-json\/wp\/v2\/posts"}],"about":[{"href":"https:\/\/news.canadamotorjobs.com\/fr\/wp-json\/wp\/v2\/types\/post"}],"author":[{"embeddable":true,"href":"https:\/\/news.canadamotorjobs.com\/fr\/wp-json\/wp\/v2\/users\/8"}],"replies":[{"embeddable":true,"href":"https:\/\/news.canadamotorjobs.com\/fr\/wp-json\/wp\/v2\/comments?post=146745"}],"version-history":[{"count":2,"href":"https:\/\/news.canadamotorjobs.com\/fr\/wp-json\/wp\/v2\/posts\/146745\/revisions"}],"predecessor-version":[{"id":146749,"href":"https:\/\/news.canadamotorjobs.com\/fr\/wp-json\/wp\/v2\/posts\/146745\/revisions\/146749"}],"wp:featuredmedia":[{"embeddable":true,"href":"https:\/\/news.canadamotorjobs.com\/fr\/wp-json\/wp\/v2\/media\/146747"}],"wp:attachment":[{"href":"https:\/\/news.canadamotorjobs.com\/fr\/wp-json\/wp\/v2\/media?parent=146745"}],"wp:term":[{"taxonomy":"category","embeddable":true,"href":"https:\/\/news.canadamotorjobs.com\/fr\/wp-json\/wp\/v2\/categories?post=146745"},{"taxonomy":"post_tag","embeddable":true,"href":"https:\/\/news.canadamotorjobs.com\/fr\/wp-json\/wp\/v2\/tags?post=146745"}],"curies":[{"name":"wp","href":"https:\/\/api.w.org\/{rel}","templated":true}]}}