{"id":146718,"date":"2023-06-05T15:50:12","date_gmt":"2023-06-05T19:50:12","guid":{"rendered":"https:\/\/news.canadamotorjobs.com\/?p=146718"},"modified":"2023-06-05T16:01:26","modified_gmt":"2023-06-05T20:01:26","slug":"le-gouvernement-americain-vole-au-secours-de-la-radio-am","status":"publish","type":"post","link":"https:\/\/news.canadamotorjobs.com\/fr\/le-gouvernement-americain-vole-au-secours-de-la-radio-am\/","title":{"rendered":"Le gouvernement am\u00e9ricain vole au secours de la radio AM"},"content":{"rendered":"<\/p>\n<h3><strong>&#8211; La radio AM \u00e9tait au c\u0153ur de notre quotidien. <\/strong><\/h3>\n<p><\/p>\n<h3><strong>&#8211; Elle se retrouve aujourd\u2019hui compl\u00e8tement d\u00e9laiss\u00e9e. <\/strong><\/h3>\n<p>\nBMW, Mazda, Polestar, Rivian, Tesla, Volkswagen et Volvo ne proposent pas la radio AM dans leurs v\u00e9hicules \u00e9lectriques, invoquant les interf\u00e9rences \u00e9lectromagn\u00e9tiques du moteur du v\u00e9hicule \u00e9lectrique avec le syst\u00e8me AM et le tic-tac qui en r\u00e9sulte. Environ un tiers de tous les nouveaux mod\u00e8les V\u00c9S en 2023 ne sont pas \u00e9quip\u00e9s d\u2019une radio AM, selon SBD Automotive, une soci\u00e9t\u00e9 mondiale de recherche en technologie automobile. Les constructeurs automobiles abandonnent la radio, car ils sont soumis \u00e0 une pression \u00e9norme pour r\u00e9duire les co\u00fbts, diminuer la complexit\u00e9 et augmenter l&#8217;efficacit\u00e9 des V\u00c9S, m\u00eame de fa\u00e7on marginale. Selon SBD Automotive, un syntoniseur AM ajoute entre 20 et 30 dollars \u00e0 la facture d&#8217;un v\u00e9hicule. Ce n\u2019est pourtant pas grand-chose.<\/p>\n<h3>Le gouvernement am\u00e9ricain veut conserver la radio AM<\/h3>\n<p>\nDes l\u00e9gislateurs ont pr\u00e9sent\u00e9 un projet de loi qui exigerait que les radios AM restent dans les v\u00e9hicules afin que les conducteurs aient acc\u00e8s \u00e0 des syst\u00e8mes d&#8217;alerte d&#8217;urgence renforc\u00e9s. La radio AM touche environ 45 millions d&#8217;auditeurs chaque mois aux \u00c9tats-Unis, contre 231 millions pour la bande FM, selon les statistiques de Nielsen. En divisant ces chiffres par dix, vous avez sensiblement les m\u00eames proportions au Canada. C\u00e9dant \u00e0 la pression du gouvernement, Ford Motor Co. a accept\u00e9 le mois dernier de conserver la radio AM dans les mod\u00e8les Ford et Lincoln \u00e9lectriques de 2024 et de la restaurer par logiciel dans les v\u00e9hicules de 2023, qui contiennent encore la radio AM. Le gouvernement am\u00e9ricain est convaincu que la radio AM demeure le m\u00e9canisme de communication le plus fiable, le plus \u00e9conomique et le plus accessible pour permettre aux fonctionnaires de communiquer avec le public en cas d&#8217;urgence&#8221;,<\/p>\n<p>Il faudra voir si les constructeurs vont maintenant trouver un moyen de conserver la radio AM sans provoquer d\u2019interf\u00e9rences avec les v\u00e9hicules \u00e9lectriques.<\/p>\n<p>\u00a0<\/p>\n<p>Avec des renseignements d\u2019Automotive News<\/p>\n<p>\u00a0<\/p>\n<p>Le texte <a rel=\"nofollow\" href=\"https:\/\/annuelauto.ca\/le-gouvernement-americain-vole-au-secours-de-la-radio-am\/\">Le gouvernement am\u00e9ricain vole au secours de la radio AM<\/a> provient de <a rel=\"nofollow\" href=\"https:\/\/annuelauto.ca\">L&#8217;annuel de l&#8217;automobile &#8211; Actualit\u00e9 automobile<\/a><\/p>\n<p><\/p>\n","protected":false},"excerpt":{"rendered":"<p>&#8211; La radio AM \u00e9tait au c\u0153ur de notre quotidien. &#8211; Elle se retrouve aujourd\u2019hui compl\u00e8tement d\u00e9laiss\u00e9e. BMW, Mazda, Polestar, Rivian, Tesla, Volkswagen et Volvo ne proposent pas la radio AM dans leurs v\u00e9hicules \u00e9lectriques, invoquant les interf\u00e9rences \u00e9lectromagn\u00e9tiques du moteur du v\u00e9hicule \u00e9lectrique avec le syst\u00e8me AM et le tic-tac qui en r\u00e9sulte. Environ [&hellip;]<\/p>\n","protected":false},"author":8,"featured_media":146720,"comment_status":"close","ping_status":"closed","sticky":false,"template":"","format":"standard","meta":{"_monsterinsights_skip_tracking":false,"_monsterinsights_sitenote_active":false,"_monsterinsights_sitenote_note":"","_monsterinsights_sitenote_category":0,"footnotes":""},"categories":[101],"tags":[],"yoast_head":"<!-- This site is optimized with the Yoast SEO plugin v23.2 - https:\/\/yoast.com\/wordpress\/plugins\/seo\/ -->\n<title>Le gouvernement am\u00e9ricain vole au secours de la radio AM - CanadaMotorJobs.com<\/title>\n<meta name=\"description\" content=\"Le gouvernement am\u00e9ricain vole au secours de la radio AM - Benoit Charette - Annuel automobile - CanadaMotorJobs.com.\" \/>\n<meta name=\"robots\" content=\"index, follow, max-snippet:-1, max-image-preview:large, max-video-preview:-1\" \/>\n<meta property=\"og:locale\" content=\"fr_CA\" \/>\n<meta property=\"og:type\" content=\"article\" \/>\n<meta property=\"og:title\" content=\"Le gouvernement am\u00e9ricain vole au secours de la radio AM - CanadaMotorJobs.com\" \/>\n<meta property=\"og:description\" content=\"Le gouvernement am\u00e9ricain vole au secours de la radio AM - Benoit Charette - Annuel automobile - CanadaMotorJobs.com.\" \/>\n<meta property=\"og:url\" content=\"https:\/\/news.canadamotorjobs.com\/fr\/le-gouvernement-americain-vole-au-secours-de-la-radio-am\/\" \/>\n<meta property=\"og:site_name\" content=\"CanadaMotorJobs.com\" \/>\n<meta property=\"article:publisher\" content=\"https:\/\/www.facebook.com\/canadamotorjobs\/\" \/>\n<meta property=\"article:published_time\" content=\"2023-06-05T19:50:12+00:00\" \/>\n<meta property=\"article:modified_time\" content=\"2023-06-05T20:01:26+00:00\" \/>\n<meta property=\"og:image\" content=\"https:\/\/news.canadamotorjobs.com\/wp-content\/uploads\/2023\/06\/29152089531_517cbfd141_k.jpg\" \/>\n\t<meta property=\"og:image:width\" content=\"2048\" \/>\n\t<meta property=\"og:image:height\" content=\"1152\" \/>\n\t<meta property=\"og:image:type\" content=\"image\/jpeg\" \/>\n<meta name=\"author\" content=\"Benoit Charette\" \/>\n<meta name=\"twitter:card\" content=\"summary_large_image\" \/>\n<meta name=\"twitter:creator\" content=\"@canadamotorjobs\" \/>\n<meta name=\"twitter:site\" content=\"@canadamotorjobs\" \/>\n<meta name=\"twitter:label1\" content=\"\u00c9crit par\" \/>\n\t<meta name=\"twitter:data1\" content=\"Benoit Charette\" \/>\n\t<meta name=\"twitter:label2\" content=\"Estimation du temps de lecture\" \/>\n\t<meta name=\"twitter:data2\" content=\"2 minutes\" \/>\n<!-- \/ Yoast SEO plugin. -->","yoast_head_json":{"title":"Le gouvernement am\u00e9ricain vole au secours de la radio AM - CanadaMotorJobs.com","description":"Le gouvernement am\u00e9ricain vole au secours de la radio AM - Benoit Charette - Annuel automobile - CanadaMotorJobs.com.","robots":{"index":"index","follow":"follow","max-snippet":"max-snippet:-1","max-image-preview":"max-image-preview:large","max-video-preview":"max-video-preview:-1"},"og_locale":"fr_CA","og_type":"article","og_title":"Le gouvernement am\u00e9ricain vole au secours de la radio AM - CanadaMotorJobs.com","og_description":"Le gouvernement am\u00e9ricain vole au secours de la radio AM - Benoit Charette - Annuel automobile - CanadaMotorJobs.com.","og_url":"https:\/\/news.canadamotorjobs.com\/fr\/le-gouvernement-americain-vole-au-secours-de-la-radio-am\/","og_site_name":"CanadaMotorJobs.com","article_publisher":"https:\/\/www.facebook.com\/canadamotorjobs\/","article_published_time":"2023-06-05T19:50:12+00:00","article_modified_time":"2023-06-05T20:01:26+00:00","og_image":[{"width":2048,"height":1152,"url":"https:\/\/news.canadamotorjobs.com\/wp-content\/uploads\/2023\/06\/29152089531_517cbfd141_k.jpg","type":"image\/jpeg"}],"author":"Benoit Charette","twitter_card":"summary_large_image","twitter_creator":"@canadamotorjobs","twitter_site":"@canadamotorjobs","twitter_misc":{"\u00c9crit par":"Benoit Charette","Estimation du temps de lecture":"2 minutes"},"schema":{"@context":"https:\/\/schema.org","@graph":[{"@type":"Article","@id":"https:\/\/news.canadamotorjobs.com\/fr\/le-gouvernement-americain-vole-au-secours-de-la-radio-am\/#article","isPartOf":{"@id":"https:\/\/news.canadamotorjobs.com\/fr\/le-gouvernement-americain-vole-au-secours-de-la-radio-am\/"},"author":{"name":"Benoit Charette","@id":"https:\/\/news.canadamotorjobs.com\/#\/schema\/person\/51793d1f87d44011d7bcc2ed99269a90"},"headline":"Le gouvernement am\u00e9ricain vole au secours de la radio AM","datePublished":"2023-06-05T19:50:12+00:00","dateModified":"2023-06-05T20:01:26+00:00","mainEntityOfPage":{"@id":"https:\/\/news.canadamotorjobs.com\/fr\/le-gouvernement-americain-vole-au-secours-de-la-radio-am\/"},"wordCount":389,"publisher":{"@id":"https:\/\/news.canadamotorjobs.com\/#organization"},"image":{"@id":"https:\/\/news.canadamotorjobs.com\/fr\/le-gouvernement-americain-vole-au-secours-de-la-radio-am\/#primaryimage"},"thumbnailUrl":"https:\/\/news.canadamotorjobs.com\/wp-content\/uploads\/2023\/06\/29152089531_517cbfd141_k.jpg","articleSection":["Annuel automobile"],"inLanguage":"fr-CA"},{"@type":"WebPage","@id":"https:\/\/news.canadamotorjobs.com\/fr\/le-gouvernement-americain-vole-au-secours-de-la-radio-am\/","url":"https:\/\/news.canadamotorjobs.com\/fr\/le-gouvernement-americain-vole-au-secours-de-la-radio-am\/","name":"Le gouvernement am\u00e9ricain vole au secours de la radio AM - CanadaMotorJobs.com","isPartOf":{"@id":"https:\/\/news.canadamotorjobs.com\/#website"},"primaryImageOfPage":{"@id":"https:\/\/news.canadamotorjobs.com\/fr\/le-gouvernement-americain-vole-au-secours-de-la-radio-am\/#primaryimage"},"image":{"@id":"https:\/\/news.canadamotorjobs.com\/fr\/le-gouvernement-americain-vole-au-secours-de-la-radio-am\/#primaryimage"},"thumbnailUrl":"https:\/\/news.canadamotorjobs.com\/wp-content\/uploads\/2023\/06\/29152089531_517cbfd141_k.jpg","datePublished":"2023-06-05T19:50:12+00:00","dateModified":"2023-06-05T20:01:26+00:00","description":"Le gouvernement am\u00e9ricain vole au secours de la radio AM - Benoit Charette - Annuel automobile - CanadaMotorJobs.com.","breadcrumb":{"@id":"https:\/\/news.canadamotorjobs.com\/fr\/le-gouvernement-americain-vole-au-secours-de-la-radio-am\/#breadcrumb"},"inLanguage":"fr-CA","potentialAction":[{"@type":"ReadAction","target":["https:\/\/news.canadamotorjobs.com\/fr\/le-gouvernement-americain-vole-au-secours-de-la-radio-am\/"]}]},{"@type":"ImageObject","inLanguage":"fr-CA","@id":"https:\/\/news.canadamotorjobs.com\/fr\/le-gouvernement-americain-vole-au-secours-de-la-radio-am\/#primaryimage","url":"https:\/\/news.canadamotorjobs.com\/wp-content\/uploads\/2023\/06\/29152089531_517cbfd141_k.jpg","contentUrl":"https:\/\/news.canadamotorjobs.com\/wp-content\/uploads\/2023\/06\/29152089531_517cbfd141_k.jpg","width":2048,"height":1152},{"@type":"BreadcrumbList","@id":"https:\/\/news.canadamotorjobs.com\/fr\/le-gouvernement-americain-vole-au-secours-de-la-radio-am\/#breadcrumb","itemListElement":[{"@type":"ListItem","position":1,"name":"Home","item":"https:\/\/news.canadamotorjobs.com\/fr\/blog\/"},{"@type":"ListItem","position":2,"name":"Le gouvernement am\u00e9ricain vole au secours de la radio AM"}]},{"@type":"WebSite","@id":"https:\/\/news.canadamotorjobs.com\/#website","url":"https:\/\/news.canadamotorjobs.com\/","name":"CanadaMotorJobs.com","description":"Automotive Jobs","publisher":{"@id":"https:\/\/news.canadamotorjobs.com\/#organization"},"potentialAction":[{"@type":"SearchAction","target":{"@type":"EntryPoint","urlTemplate":"https:\/\/news.canadamotorjobs.com\/?s={search_term_string}"},"query-input":"required name=search_term_string"}],"inLanguage":"fr-CA"},{"@type":"Organization","@id":"https:\/\/news.canadamotorjobs.com\/#organization","name":"Canada Motor Jobs","url":"https:\/\/news.canadamotorjobs.com\/","logo":{"@type":"ImageObject","inLanguage":"fr-CA","@id":"https:\/\/news.canadamotorjobs.com\/#\/schema\/logo\/image\/","url":"https:\/\/news.canadamotorjobs.com\/wp-content\/uploads\/2022\/10\/logo-canada-motor-jobs-1.png","contentUrl":"https:\/\/news.canadamotorjobs.com\/wp-content\/uploads\/2022\/10\/logo-canada-motor-jobs-1.png","width":800,"height":400,"caption":"Canada Motor Jobs"},"image":{"@id":"https:\/\/news.canadamotorjobs.com\/#\/schema\/logo\/image\/"},"sameAs":["https:\/\/www.facebook.com\/canadamotorjobs\/","https:\/\/x.com\/canadamotorjobs","https:\/\/www.instagram.com\/canadamotorjobs\/","https:\/\/www.linkedin.com\/company\/canadamotorjobs"]},{"@type":"Person","@id":"https:\/\/news.canadamotorjobs.com\/#\/schema\/person\/51793d1f87d44011d7bcc2ed99269a90","name":"Benoit Charette","image":{"@type":"ImageObject","inLanguage":"fr-CA","@id":"https:\/\/news.canadamotorjobs.com\/#\/schema\/person\/image\/","url":"https:\/\/secure.gravatar.com\/avatar\/45f3d2eebcccd909668d7ce7ea7267b6?s=96&d=mm&r=g","contentUrl":"https:\/\/secure.gravatar.com\/avatar\/45f3d2eebcccd909668d7ce7ea7267b6?s=96&d=mm&r=g","caption":"Benoit Charette"},"description":"Benoit Charette \/ Propri\u00e9taire et r\u00e9dacteur en chef Benoit Charette pratique le journalisme automobile depuis bient\u00f4t 30 ans. Il a fait ses classes au c\u00f4t\u00e9 de Daniel H\u00e9raud et au Carnet de route de 1992 \u00e0 2001. Il est fondateur, copropri\u00e9taire et r\u00e9dacteur en chef de L\u2019Annuel de l\u2019automobile, qu\u2019il publie depuis 2001. Il a anim\u00e9 les \u00e9missions RPM et RPM+ sur V et les L\u00e9gendes de la route sur Historia. \u00c0 la radio depuis 1986, il reprend l\u2019antenne cette ann\u00e9e sur les ondes de Cogeco et participe pour la deuxi\u00e8me ann\u00e9e \u00e0 l\u2019\u00e9mission Passion Auto sur RDS en plus de mettre en ligne le site Web officiel de L\u2019Annuel de l\u2019automobile sur annuelauto.ca.","sameAs":["https:\/\/annuelauto.ca\/"],"url":"https:\/\/news.canadamotorjobs.com\/fr\/author\/benoit-charette\/"}]}},"_links":{"self":[{"href":"https:\/\/news.canadamotorjobs.com\/fr\/wp-json\/wp\/v2\/posts\/146718"}],"collection":[{"href":"https:\/\/news.canadamotorjobs.com\/fr\/wp-json\/wp\/v2\/posts"}],"about":[{"href":"https:\/\/news.canadamotorjobs.com\/fr\/wp-json\/wp\/v2\/types\/post"}],"author":[{"embeddable":true,"href":"https:\/\/news.canadamotorjobs.com\/fr\/wp-json\/wp\/v2\/users\/8"}],"replies":[{"embeddable":true,"href":"https:\/\/news.canadamotorjobs.com\/fr\/wp-json\/wp\/v2\/comments?post=146718"}],"version-history":[{"count":2,"href":"https:\/\/news.canadamotorjobs.com\/fr\/wp-json\/wp\/v2\/posts\/146718\/revisions"}],"predecessor-version":[{"id":146722,"href":"https:\/\/news.canadamotorjobs.com\/fr\/wp-json\/wp\/v2\/posts\/146718\/revisions\/146722"}],"wp:featuredmedia":[{"embeddable":true,"href":"https:\/\/news.canadamotorjobs.com\/fr\/wp-json\/wp\/v2\/media\/146720"}],"wp:attachment":[{"href":"https:\/\/news.canadamotorjobs.com\/fr\/wp-json\/wp\/v2\/media?parent=146718"}],"wp:term":[{"taxonomy":"category","embeddable":true,"href":"https:\/\/news.canadamotorjobs.com\/fr\/wp-json\/wp\/v2\/categories?post=146718"},{"taxonomy":"post_tag","embeddable":true,"href":"https:\/\/news.canadamotorjobs.com\/fr\/wp-json\/wp\/v2\/tags?post=146718"}],"curies":[{"name":"wp","href":"https:\/\/api.w.org\/{rel}","templated":true}]}}