{"id":146695,"date":"2023-06-05T15:16:03","date_gmt":"2023-06-05T19:16:03","guid":{"rendered":"https:\/\/news.canadamotorjobs.com\/?p=146695"},"modified":"2023-06-05T15:30:33","modified_gmt":"2023-06-05T19:30:33","slug":"bmw-xm-2023","status":"publish","type":"post","link":"https:\/\/news.canadamotorjobs.com\/fr\/bmw-xm-2023\/","title":{"rendered":"BMW XM 2023"},"content":{"rendered":"<\/p>\n<p>Il n\u2019y a eu dans l\u2019histoire de BMW qu\u2019une seule voiture \u00e0 arborer le seul \u00e9cusson M et c\u2019\u00e9tait la M1.\u00a0 Produite \u00e0 455 exemplaires entre 1978 et 1981, cette voiture repr\u00e9sentait le summum de la conduite. Un peu plus de 40 ans plus tard, BMW revient avec un deuxi\u00e8me mod\u00e8le en unique version M, le XM. Pourquoi diable avoir install\u00e9 tout ce que BMW fait de mieux dans un camion\u2009? C\u2019est comme si la marque avait d\u00e9cid\u00e9 de transformer un hippopotame en champion olympique de 100 m\u00e8tres.<\/p>\n<h3>Une approche difficile \u00e0 comprendre<\/h3>\n<p>\nAu chapitre du format, le XM est un plus grand que le X5 et un peu plus petit que le X7. Il peut accueillir cinq personnes et se vend pr\u00e8s de 250 000\u00a0$ ce qui constitue le 2<sup>e<\/sup> non-sens de ce mod\u00e8le. C\u2019est 100 000\u00a0$ de plus qu\u2019un X7 qui est d\u00e9j\u00e0 tout un VUS. Bien s\u00fbr, il s\u2019agit d\u2019un PHEV qui vous donne au passage environ 50\u00a0km d\u2019autonomie. Mais, il est difficile de faire passer le concept \u00e9cologique avec un V8 4,4 litres biturbo sous le capot. Le moteur \u00e9lectrique est surtout l\u00e0 pour augmenter la puissance sans trop prendre de carburant fossile au passage, une tactique aussi revendiqu\u00e9e par Porsche et Mercedes.<\/p>\n<h3>Une puissance ph\u00e9nom\u00e9nale<\/h3>\n<p>\n\u00c0 lui seul, le V8 d\u00e9veloppe une puissance de 483 chevaux et un couple de 479\u00a0lb-pi. Mais lorsqu&#8217;il est associ\u00e9 au moteur \u00e9lectrique du XM, ils produisent ensemble 644 chevaux et 590\u00a0lb-pi. Le moteur \u00e9lectrique est aliment\u00e9 par une batterie de 25,7\u00a0kWh mont\u00e9e dans le soubassement. Ce monstre de plus de 2\u00a0700 kilos est capable d\u2019acc\u00e9l\u00e9rer \u00e0 100\u00a0km\/h en 4,3 secondes avec le contr\u00f4le de lancement. La vitesse est limit\u00e9e \u00e0 250\u00a0km\/h et vous pouvez rouler 140\u00a0km\/h en mode \u00e9lectrique seulement. Vous avez une abondance de modes de conduites. Le mode par d\u00e9faut est appel\u00e9 4WD. Le mode Sport envoie plus de puissance \u00e0 l&#8217;arri\u00e8re et d\u00e9sactive le syst\u00e8me de contr\u00f4le de la stabilit\u00e9. Il existe \u00e9galement un mode 4WD Sand qui bloque le diff\u00e9rentiel arri\u00e8re et peut \u00eatre utilis\u00e9 dans les environnements o\u00f9 la traction est limit\u00e9e et plus d\u2019un mode \u00e9lectrique et les deux tirettes rouges au volant pour les modes M1 et M2 qui poussent la puissance au maximum.<\/p>\n<h3>Comme conduire un tank<\/h3>\n<p>\nPour tenir un v\u00e9hicule aussi lourd sur la route, BMW a dot\u00e9 le XM d&#8217;une suspension adaptative qui associe des amortisseurs \u00e0 commande \u00e9lectronique \u00e0 un syst\u00e8me d&#8217;assistance \u00e0 la conduite. Un syst\u00e8me antiroulis de 48 volts (aliment\u00e9 par des supercondensateurs qui permettent au syst\u00e8me de r\u00e9agir plus rapidement que s&#8217;il \u00e9tait aliment\u00e9 par une batterie) contribue \u00e0 r\u00e9duire au minimum les mouvements de la carrosserie. Combin\u00e9 \u00e0 un syst\u00e8me de roues arri\u00e8re directrices, ce syst\u00e8me permet de supporter la conduite \u00e0 haut r\u00e9gime et de donner un sentiment de l\u00e9g\u00e8ret\u00e9 \u00e0 ce mastodonte. Mais pour quoi diable avoir donn\u00e9 des caract\u00e9ristiques de voiture sport \u00e0 un camion de 2,7 tonnes ?<\/p>\n<h3>Un confort \u00e0 deux volets<\/h3>\n<p>\nLe confort est la raison d&#8217;\u00eatre du XM. Les si\u00e8ges enveloppants et programmables en multiples positions enveloppent votre corps. Toutefois, le confort su si\u00e8ge est perturb\u00e9 par les pneus de 23 pouces qui ressemblent plus \u00e0 une bande roulement et la suspension doit \u00eatre rigide pour rendre un hippopotame agile sur la route. BMW n\u2019a pas l\u00e9sin\u00e9 sur les mat\u00e9riaux et le cuir Merino qui habille les si\u00e8ges. C\u2019est beau, mais pas spectaculaire. Le X7 \u00e0 100 000 $ de moins est aussi beau \u00e0 l\u2019int\u00e9rieur. Il existe une multitude d&#8217;options int\u00e9rieures pour aider les clients \u00e0 concevoir un espace qui leur est propre. Le syst\u00e8me i-Drive 8 est compl\u00e9t\u00e9 par un afficheur t\u00eate-haute. Rien \u00e0 redire sur l\u2019ensemble sauf de mentionner que ce syst\u00e8me se retrouve aussi dans plusieurs autres mod\u00e8les BMW. On retrouve de s\u00e9rie ou en options toutes les aides \u00e0 la conduite imaginables.<\/p>\n<h3>Conclusion<\/h3>\n<p>\nLa XM est une d\u00e9claration de luxe qui laisse vraiment perplexe. Il n\u2019y a aucune justification qui permet de demander 250\u00a0000$ pour ce v\u00e9hicule qui n\u2019offre rien de plus qu\u2019un X7 \u00e0 100\u00a0000 de moins. C\u2019est de la performance mal plac\u00e9e dans un v\u00e9hicule qui est incapable de lui rendre vraiment justice. Finalement, le luxe n\u2019a rien d\u2019exclusif et au prix demand\u00e9 il devrait l\u2019\u00eatre.<\/p>\n<p>\u00a0<\/p>\n<h3>Forces<\/h3>\n<p>\nOrgie de puissance<\/p>\n<p>Si\u00e8ges confortables<\/p>\n<p>\u00c0 la fine pointe de la technologie<\/p>\n<h3>Faiblesses<\/h3>\n<p>\nUn prix aussi effrayant que sa puissance<\/p>\n<p>On ne peut mettre les attributs d\u2019une voiture exotique dans un camion<\/p>\n<p>Un dr\u00f4le de design<\/p>\n<p>\u00a0<\/p>\n<p>\u00a0<\/p>\n<p>\u00a0<\/p>\n<p>Le texte <a rel=\"nofollow\" href=\"https:\/\/annuelauto.ca\/bmw-xm-2023\/\">BMW XM 2023<\/a> provient de <a rel=\"nofollow\" href=\"https:\/\/annuelauto.ca\">L&#8217;annuel de l&#8217;automobile &#8211; Actualit\u00e9 automobile<\/a><\/p>\n<p><\/p>\n","protected":false},"excerpt":{"rendered":"<p>Il n\u2019y a eu dans l\u2019histoire de BMW qu\u2019une seule voiture \u00e0 arborer le seul \u00e9cusson M et c\u2019\u00e9tait la M1.\u00a0 Produite \u00e0 455 exemplaires entre 1978 et 1981, cette voiture repr\u00e9sentait le summum de la conduite. Un peu plus de 40 ans plus tard, BMW revient avec un deuxi\u00e8me mod\u00e8le en unique version M, [&hellip;]<\/p>\n","protected":false},"author":8,"featured_media":146697,"comment_status":"close","ping_status":"closed","sticky":false,"template":"","format":"standard","meta":{"_monsterinsights_skip_tracking":false,"_monsterinsights_sitenote_active":false,"_monsterinsights_sitenote_note":"","_monsterinsights_sitenote_category":0,"footnotes":""},"categories":[101],"tags":[],"yoast_head":"<!-- This site is optimized with the Yoast SEO plugin v23.2 - https:\/\/yoast.com\/wordpress\/plugins\/seo\/ -->\n<title>BMW XM 2023 - CanadaMotorJobs.com<\/title>\n<meta name=\"description\" content=\"BMW XM 2023 - Benoit Charette - Annuel automobile - CanadaMotorJobs.com.\" \/>\n<meta name=\"robots\" content=\"index, follow, max-snippet:-1, max-image-preview:large, max-video-preview:-1\" \/>\n<meta property=\"og:locale\" content=\"fr_CA\" \/>\n<meta property=\"og:type\" content=\"article\" \/>\n<meta property=\"og:title\" content=\"BMW XM 2023 - CanadaMotorJobs.com\" \/>\n<meta property=\"og:description\" content=\"BMW XM 2023 - Benoit Charette - Annuel automobile - CanadaMotorJobs.com.\" \/>\n<meta property=\"og:url\" content=\"https:\/\/news.canadamotorjobs.com\/fr\/bmw-xm-2023\/\" \/>\n<meta property=\"og:site_name\" content=\"CanadaMotorJobs.com\" \/>\n<meta property=\"article:publisher\" content=\"https:\/\/www.facebook.com\/canadamotorjobs\/\" \/>\n<meta property=\"article:published_time\" content=\"2023-06-05T19:16:03+00:00\" \/>\n<meta property=\"article:modified_time\" content=\"2023-06-05T19:30:33+00:00\" \/>\n<meta property=\"og:image\" content=\"https:\/\/news.canadamotorjobs.com\/wp-content\/uploads\/2023\/06\/P90499567_highRes_bmw-xm-on-location-f.jpg\" \/>\n\t<meta property=\"og:image:width\" content=\"1200\" \/>\n\t<meta property=\"og:image:height\" content=\"800\" \/>\n\t<meta property=\"og:image:type\" content=\"image\/jpeg\" \/>\n<meta name=\"author\" content=\"Benoit Charette\" \/>\n<meta name=\"twitter:card\" content=\"summary_large_image\" \/>\n<meta name=\"twitter:creator\" content=\"@canadamotorjobs\" \/>\n<meta name=\"twitter:site\" content=\"@canadamotorjobs\" \/>\n<meta name=\"twitter:label1\" content=\"\u00c9crit par\" \/>\n\t<meta name=\"twitter:data1\" content=\"Benoit Charette\" \/>\n\t<meta name=\"twitter:label2\" content=\"Estimation du temps de lecture\" \/>\n\t<meta name=\"twitter:data2\" content=\"4 minutes\" \/>\n<!-- \/ Yoast SEO plugin. -->","yoast_head_json":{"title":"BMW XM 2023 - CanadaMotorJobs.com","description":"BMW XM 2023 - Benoit Charette - Annuel automobile - CanadaMotorJobs.com.","robots":{"index":"index","follow":"follow","max-snippet":"max-snippet:-1","max-image-preview":"max-image-preview:large","max-video-preview":"max-video-preview:-1"},"og_locale":"fr_CA","og_type":"article","og_title":"BMW XM 2023 - CanadaMotorJobs.com","og_description":"BMW XM 2023 - Benoit Charette - Annuel automobile - CanadaMotorJobs.com.","og_url":"https:\/\/news.canadamotorjobs.com\/fr\/bmw-xm-2023\/","og_site_name":"CanadaMotorJobs.com","article_publisher":"https:\/\/www.facebook.com\/canadamotorjobs\/","article_published_time":"2023-06-05T19:16:03+00:00","article_modified_time":"2023-06-05T19:30:33+00:00","og_image":[{"width":1200,"height":800,"url":"https:\/\/news.canadamotorjobs.com\/wp-content\/uploads\/2023\/06\/P90499567_highRes_bmw-xm-on-location-f.jpg","type":"image\/jpeg"}],"author":"Benoit Charette","twitter_card":"summary_large_image","twitter_creator":"@canadamotorjobs","twitter_site":"@canadamotorjobs","twitter_misc":{"\u00c9crit par":"Benoit Charette","Estimation du temps de lecture":"4 minutes"},"schema":{"@context":"https:\/\/schema.org","@graph":[{"@type":"Article","@id":"https:\/\/news.canadamotorjobs.com\/fr\/bmw-xm-2023\/#article","isPartOf":{"@id":"https:\/\/news.canadamotorjobs.com\/fr\/bmw-xm-2023\/"},"author":{"name":"Benoit Charette","@id":"https:\/\/news.canadamotorjobs.com\/#\/schema\/person\/51793d1f87d44011d7bcc2ed99269a90"},"headline":"BMW XM 2023","datePublished":"2023-06-05T19:16:03+00:00","dateModified":"2023-06-05T19:30:33+00:00","mainEntityOfPage":{"@id":"https:\/\/news.canadamotorjobs.com\/fr\/bmw-xm-2023\/"},"wordCount":803,"publisher":{"@id":"https:\/\/news.canadamotorjobs.com\/#organization"},"image":{"@id":"https:\/\/news.canadamotorjobs.com\/fr\/bmw-xm-2023\/#primaryimage"},"thumbnailUrl":"https:\/\/news.canadamotorjobs.com\/wp-content\/uploads\/2023\/06\/P90499567_highRes_bmw-xm-on-location-f.jpg","articleSection":["Annuel automobile"],"inLanguage":"fr-CA"},{"@type":"WebPage","@id":"https:\/\/news.canadamotorjobs.com\/fr\/bmw-xm-2023\/","url":"https:\/\/news.canadamotorjobs.com\/fr\/bmw-xm-2023\/","name":"BMW XM 2023 - CanadaMotorJobs.com","isPartOf":{"@id":"https:\/\/news.canadamotorjobs.com\/#website"},"primaryImageOfPage":{"@id":"https:\/\/news.canadamotorjobs.com\/fr\/bmw-xm-2023\/#primaryimage"},"image":{"@id":"https:\/\/news.canadamotorjobs.com\/fr\/bmw-xm-2023\/#primaryimage"},"thumbnailUrl":"https:\/\/news.canadamotorjobs.com\/wp-content\/uploads\/2023\/06\/P90499567_highRes_bmw-xm-on-location-f.jpg","datePublished":"2023-06-05T19:16:03+00:00","dateModified":"2023-06-05T19:30:33+00:00","description":"BMW XM 2023 - Benoit Charette - Annuel automobile - CanadaMotorJobs.com.","breadcrumb":{"@id":"https:\/\/news.canadamotorjobs.com\/fr\/bmw-xm-2023\/#breadcrumb"},"inLanguage":"fr-CA","potentialAction":[{"@type":"ReadAction","target":["https:\/\/news.canadamotorjobs.com\/fr\/bmw-xm-2023\/"]}]},{"@type":"ImageObject","inLanguage":"fr-CA","@id":"https:\/\/news.canadamotorjobs.com\/fr\/bmw-xm-2023\/#primaryimage","url":"https:\/\/news.canadamotorjobs.com\/wp-content\/uploads\/2023\/06\/P90499567_highRes_bmw-xm-on-location-f.jpg","contentUrl":"https:\/\/news.canadamotorjobs.com\/wp-content\/uploads\/2023\/06\/P90499567_highRes_bmw-xm-on-location-f.jpg","width":1200,"height":800},{"@type":"BreadcrumbList","@id":"https:\/\/news.canadamotorjobs.com\/fr\/bmw-xm-2023\/#breadcrumb","itemListElement":[{"@type":"ListItem","position":1,"name":"Home","item":"https:\/\/news.canadamotorjobs.com\/fr\/blog\/"},{"@type":"ListItem","position":2,"name":"BMW XM 2023"}]},{"@type":"WebSite","@id":"https:\/\/news.canadamotorjobs.com\/#website","url":"https:\/\/news.canadamotorjobs.com\/","name":"CanadaMotorJobs.com","description":"Automotive Jobs","publisher":{"@id":"https:\/\/news.canadamotorjobs.com\/#organization"},"potentialAction":[{"@type":"SearchAction","target":{"@type":"EntryPoint","urlTemplate":"https:\/\/news.canadamotorjobs.com\/?s={search_term_string}"},"query-input":"required name=search_term_string"}],"inLanguage":"fr-CA"},{"@type":"Organization","@id":"https:\/\/news.canadamotorjobs.com\/#organization","name":"Canada Motor Jobs","url":"https:\/\/news.canadamotorjobs.com\/","logo":{"@type":"ImageObject","inLanguage":"fr-CA","@id":"https:\/\/news.canadamotorjobs.com\/#\/schema\/logo\/image\/","url":"https:\/\/news.canadamotorjobs.com\/wp-content\/uploads\/2022\/10\/logo-canada-motor-jobs-1.png","contentUrl":"https:\/\/news.canadamotorjobs.com\/wp-content\/uploads\/2022\/10\/logo-canada-motor-jobs-1.png","width":800,"height":400,"caption":"Canada Motor Jobs"},"image":{"@id":"https:\/\/news.canadamotorjobs.com\/#\/schema\/logo\/image\/"},"sameAs":["https:\/\/www.facebook.com\/canadamotorjobs\/","https:\/\/x.com\/canadamotorjobs","https:\/\/www.instagram.com\/canadamotorjobs\/","https:\/\/www.linkedin.com\/company\/canadamotorjobs"]},{"@type":"Person","@id":"https:\/\/news.canadamotorjobs.com\/#\/schema\/person\/51793d1f87d44011d7bcc2ed99269a90","name":"Benoit Charette","image":{"@type":"ImageObject","inLanguage":"fr-CA","@id":"https:\/\/news.canadamotorjobs.com\/#\/schema\/person\/image\/","url":"https:\/\/secure.gravatar.com\/avatar\/45f3d2eebcccd909668d7ce7ea7267b6?s=96&d=mm&r=g","contentUrl":"https:\/\/secure.gravatar.com\/avatar\/45f3d2eebcccd909668d7ce7ea7267b6?s=96&d=mm&r=g","caption":"Benoit Charette"},"description":"Benoit Charette \/ Propri\u00e9taire et r\u00e9dacteur en chef Benoit Charette pratique le journalisme automobile depuis bient\u00f4t 30 ans. Il a fait ses classes au c\u00f4t\u00e9 de Daniel H\u00e9raud et au Carnet de route de 1992 \u00e0 2001. Il est fondateur, copropri\u00e9taire et r\u00e9dacteur en chef de L\u2019Annuel de l\u2019automobile, qu\u2019il publie depuis 2001. Il a anim\u00e9 les \u00e9missions RPM et RPM+ sur V et les L\u00e9gendes de la route sur Historia. \u00c0 la radio depuis 1986, il reprend l\u2019antenne cette ann\u00e9e sur les ondes de Cogeco et participe pour la deuxi\u00e8me ann\u00e9e \u00e0 l\u2019\u00e9mission Passion Auto sur RDS en plus de mettre en ligne le site Web officiel de L\u2019Annuel de l\u2019automobile sur annuelauto.ca.","sameAs":["https:\/\/annuelauto.ca\/"],"url":"https:\/\/news.canadamotorjobs.com\/fr\/author\/benoit-charette\/"}]}},"_links":{"self":[{"href":"https:\/\/news.canadamotorjobs.com\/fr\/wp-json\/wp\/v2\/posts\/146695"}],"collection":[{"href":"https:\/\/news.canadamotorjobs.com\/fr\/wp-json\/wp\/v2\/posts"}],"about":[{"href":"https:\/\/news.canadamotorjobs.com\/fr\/wp-json\/wp\/v2\/types\/post"}],"author":[{"embeddable":true,"href":"https:\/\/news.canadamotorjobs.com\/fr\/wp-json\/wp\/v2\/users\/8"}],"replies":[{"embeddable":true,"href":"https:\/\/news.canadamotorjobs.com\/fr\/wp-json\/wp\/v2\/comments?post=146695"}],"version-history":[{"count":2,"href":"https:\/\/news.canadamotorjobs.com\/fr\/wp-json\/wp\/v2\/posts\/146695\/revisions"}],"predecessor-version":[{"id":146699,"href":"https:\/\/news.canadamotorjobs.com\/fr\/wp-json\/wp\/v2\/posts\/146695\/revisions\/146699"}],"wp:featuredmedia":[{"embeddable":true,"href":"https:\/\/news.canadamotorjobs.com\/fr\/wp-json\/wp\/v2\/media\/146697"}],"wp:attachment":[{"href":"https:\/\/news.canadamotorjobs.com\/fr\/wp-json\/wp\/v2\/media?parent=146695"}],"wp:term":[{"taxonomy":"category","embeddable":true,"href":"https:\/\/news.canadamotorjobs.com\/fr\/wp-json\/wp\/v2\/categories?post=146695"},{"taxonomy":"post_tag","embeddable":true,"href":"https:\/\/news.canadamotorjobs.com\/fr\/wp-json\/wp\/v2\/tags?post=146695"}],"curies":[{"name":"wp","href":"https:\/\/api.w.org\/{rel}","templated":true}]}}