{"id":146599,"date":"2023-06-02T08:06:43","date_gmt":"2023-06-02T12:06:43","guid":{"rendered":"https:\/\/news.canadamotorjobs.com\/?p=146599"},"modified":"2023-06-02T08:14:29","modified_gmt":"2023-06-02T12:14:29","slug":"chevrolet-blazer-rs-2023","status":"publish","type":"post","link":"https:\/\/news.canadamotorjobs.com\/fr\/chevrolet-blazer-rs-2023\/","title":{"rendered":"Chevrolet Blazer RS 2023"},"content":{"rendered":"<\/p>\n<p>Il y a eu beaucoup de nouveau pour le Blazer de Chevrolet cette ann\u00e9e. Et c\u2019est un peu normal si vous ne voyez pas tout \u00e0 fait l\u00e0 o\u00f9 ce VUS se situe dans la gamme Chevrolet. Parce que le Blazer a d\u00e9j\u00e0 \u00e9t\u00e9 le seul repr\u00e9sentant des VUS avec le Suburban \u00e0 une \u00e9poque o\u00f9 les VUS ne repr\u00e9sentaient pas trois ventes de v\u00e9hicules neufs sur quatre\u2026 et qu\u2019entre temps, le mod\u00e8le a disparu, est r\u00e9apparu, puis a \u00e9t\u00e9 second\u00e9 par le TrailBlazer\u2026 On peut rapidement perdre le fil.<\/p>\n<p>Ce qu\u2019il faut savoir, donc, est que le Blazer est un VUS interm\u00e9diaire qui est un peu plus gros que l\u2019Equinox, et un peu moins grand que le Traverse. Je dirais que c\u2019est aussi un VUS qui a plus l\u2019air d\u2019un petit camion que d\u2019une fourgonnette d\u00e9guis\u00e9e en camion, chose qu\u2019on peut probablement dire \u00e0 propos du Traverse, justement.<\/p>\n<p>L\u2019\u00e9dition 2023 du Blazer a droit \u00e0 quelques nouveaut\u00e9s assez apparentes. \u00c7a comprend une nouvelle apparence ext\u00e9rieure et int\u00e9rieure. Une nouvelle calandre, avec une grille plus affirm\u00e9e avec des phares \u00e0 DEL, et \u00e0 l\u2019arri\u00e8re, on a aussi revu la forme des feux.<\/p>\n<p>\u00c0 bord, c\u2019est un peu plus chic, c\u00f4t\u00e9 finition, et Chevrolet ajoute un syst\u00e8me multim\u00e9dia incarn\u00e9 par un \u00e9cran tactile de 10 pouces de diagonale sur lequel s\u2019affichent le cas \u00e9ch\u00e9ant Apple CarPlay ou Android Auto, les deux sans-fils.<\/p>\n<p>Dans l\u2019ensemble, \u00e7a donne un v\u00e9hicule d\u2019allure assez moderne. Je ne sais pas \u00e0 quel point le design chez Chevrolet est un facteur d\u2019attraction pour les acheteurs, mais le Blazer a quand m\u00eame assez fi\u00e8re allure. Il se distingue sur la route. \u00c0 l\u2019int\u00e9rieur, la premi\u00e8re r\u00e9action est \u00e9tonnamment positive\u00a0: les si\u00e8ges sont confortables et il y a juste assez de place pour quatre grandes personnes, peut-\u00eatre cinq si vous n\u2019avez pas peur d\u2019\u00eatre un peu serr\u00e9s sur la banquette.<\/p>\n<p>Sous le capot se trouve un 4 cylindres turbo de 2 litres qui produit une puissance de 228 chevaux et un couple de 258 livres-pied. C\u2019est une cylindr\u00e9e assez modeste, mais quand m\u00eame assez puissante pour se d\u00e9placer en toute s\u00e9curit\u00e9. Le moteur est jumel\u00e9 \u00e0 une bo\u00eete \u00e0 neuf rapports qui est tr\u00e8s douce. Le r\u00e9sultat est une m\u00e9canique super silencieuse\u2026 la plupart du temps.<\/p>\n<p>Quand vous acc\u00e9l\u00e9rez rapidement et subitement, la combination m\u00e9canique perd un peu de son \u00e9l\u00e9gance. Le bruit de la cylindr\u00e9e \u00e0 plus haut r\u00e9gime n\u2019est pas tr\u00e8s s\u00e9duisant, et avec neuf rapports entre les mains, m\u00eame en pleine acc\u00e9l\u00e9ration, la bo\u00eete perd beaucoup d\u2019\u00e9nergie \u00e0 essayer de trouver le rapport qui fera le plus votre affaire.<\/p>\n<p>Notez pour ceux que \u00e7a agace trop qu\u2019un V6 plus classique de 3,6 litres et de 308 chevaux est offert en option sur les Blazer plus \u00e9quip\u00e9s. Le gros avantage du V6 est qu\u2019on peut remorquer jusqu\u2019\u00e0 4500 livres avec.<\/p>\n<p>Sinon, tout le reste est \u00e0 peu pr\u00e8s pareil. Le rouage int\u00e9gral est de mise sur toutes les versions du VUS. L\u2019aide \u00e0 la conduite est assez g\u00e9n\u00e9reuse, et un peu intrusive. Le freinage automatique d\u2019urgence pourrait vous surprendre en appliquant les freins tr\u00e8s fermement alors que vous aviez la situation sous contr\u00f4le, dans un contexte de circulation dense.<\/p>\n<p>\u00c7a vous \u00e9vitera de percuter le v\u00e9hicule devant vous, mais rien ne dit que celui derri\u00e8re vous ne vous rentrera pas dedans\u2026<\/p>\n<p>Et tout \u00e7a pour la modique somme de 44\u00a0000 $. \u00c7a peut grimper jusqu\u2019\u00e0 53\u00a0000 $ et plus, si vous voulez plus d\u2019\u00e9quipement. \u00c7a peut sembler un peu \u00e9lev\u00e9 comme prix, pour un VUS interm\u00e9diaire qui tend plus vers le compact et qui n\u2019a pas vraiment d\u2019avantage marqu\u00e9 sur la concurrence. Surtout qu\u2019avec une consommation de 14 l\/100 km, il ne bat pas des records \u00e0 la pompe non plus.<\/p>\n<p>Disons qu\u2019on a plus h\u00e2te de voir le Blazer EV que Chevrolet va mettre en march\u00e9 le printemps prochain.<\/p>\n<p>\u00a0<\/p>\n<p>\u00a0<\/p>\n<p>\u00a0<\/p>\n<p>Le texte <a rel=\"nofollow\" href=\"https:\/\/annuelauto.ca\/chevrolet-blazer-rs-2023\/\">Chevrolet Blazer RS 2023<\/a> provient de <a rel=\"nofollow\" href=\"https:\/\/annuelauto.ca\">L&#8217;annuel de l&#8217;automobile &#8211; Actualit\u00e9 automobile<\/a><\/p>\n<p><\/p>\n","protected":false},"excerpt":{"rendered":"<p>Il y a eu beaucoup de nouveau pour le Blazer de Chevrolet cette ann\u00e9e. Et c\u2019est un peu normal si vous ne voyez pas tout \u00e0 fait l\u00e0 o\u00f9 ce VUS se situe dans la gamme Chevrolet. Parce que le Blazer a d\u00e9j\u00e0 \u00e9t\u00e9 le seul repr\u00e9sentant des VUS avec le Suburban \u00e0 une \u00e9poque [&hellip;]<\/p>\n","protected":false},"author":8,"featured_media":146601,"comment_status":"close","ping_status":"closed","sticky":false,"template":"","format":"standard","meta":{"_monsterinsights_skip_tracking":false,"_monsterinsights_sitenote_active":false,"_monsterinsights_sitenote_note":"","_monsterinsights_sitenote_category":0,"footnotes":""},"categories":[101],"tags":[],"yoast_head":"<!-- This site is optimized with the Yoast SEO plugin v23.2 - https:\/\/yoast.com\/wordpress\/plugins\/seo\/ -->\n<title>Chevrolet Blazer RS 2023 - CanadaMotorJobs.com<\/title>\n<meta name=\"description\" content=\"Chevrolet Blazer RS 2023 - Benoit Charette - Annuel automobile - CanadaMotorJobs.com.\" \/>\n<meta name=\"robots\" content=\"index, follow, max-snippet:-1, max-image-preview:large, max-video-preview:-1\" \/>\n<meta property=\"og:locale\" content=\"fr_CA\" \/>\n<meta property=\"og:type\" content=\"article\" \/>\n<meta property=\"og:title\" content=\"Chevrolet Blazer RS 2023 - CanadaMotorJobs.com\" \/>\n<meta property=\"og:description\" content=\"Chevrolet Blazer RS 2023 - Benoit Charette - Annuel automobile - CanadaMotorJobs.com.\" \/>\n<meta property=\"og:url\" content=\"https:\/\/news.canadamotorjobs.com\/fr\/chevrolet-blazer-rs-2023\/\" \/>\n<meta property=\"og:site_name\" content=\"CanadaMotorJobs.com\" \/>\n<meta property=\"article:publisher\" content=\"https:\/\/www.facebook.com\/canadamotorjobs\/\" \/>\n<meta property=\"article:published_time\" content=\"2023-06-02T12:06:43+00:00\" \/>\n<meta property=\"article:modified_time\" content=\"2023-06-02T12:14:29+00:00\" \/>\n<meta property=\"og:image\" content=\"https:\/\/news.canadamotorjobs.com\/wp-content\/uploads\/2023\/06\/2023-Chevrolet-BlazerRS-001.jpg\" \/>\n\t<meta property=\"og:image:width\" content=\"1200\" \/>\n\t<meta property=\"og:image:height\" content=\"800\" \/>\n\t<meta property=\"og:image:type\" content=\"image\/jpeg\" \/>\n<meta name=\"author\" content=\"Benoit Charette\" \/>\n<meta name=\"twitter:card\" content=\"summary_large_image\" \/>\n<meta name=\"twitter:creator\" content=\"@canadamotorjobs\" \/>\n<meta name=\"twitter:site\" content=\"@canadamotorjobs\" \/>\n<meta name=\"twitter:label1\" content=\"\u00c9crit par\" \/>\n\t<meta name=\"twitter:data1\" content=\"Benoit Charette\" \/>\n\t<meta name=\"twitter:label2\" content=\"Estimation du temps de lecture\" \/>\n\t<meta name=\"twitter:data2\" content=\"4 minutes\" \/>\n<!-- \/ Yoast SEO plugin. -->","yoast_head_json":{"title":"Chevrolet Blazer RS 2023 - CanadaMotorJobs.com","description":"Chevrolet Blazer RS 2023 - Benoit Charette - Annuel automobile - CanadaMotorJobs.com.","robots":{"index":"index","follow":"follow","max-snippet":"max-snippet:-1","max-image-preview":"max-image-preview:large","max-video-preview":"max-video-preview:-1"},"og_locale":"fr_CA","og_type":"article","og_title":"Chevrolet Blazer RS 2023 - CanadaMotorJobs.com","og_description":"Chevrolet Blazer RS 2023 - Benoit Charette - Annuel automobile - CanadaMotorJobs.com.","og_url":"https:\/\/news.canadamotorjobs.com\/fr\/chevrolet-blazer-rs-2023\/","og_site_name":"CanadaMotorJobs.com","article_publisher":"https:\/\/www.facebook.com\/canadamotorjobs\/","article_published_time":"2023-06-02T12:06:43+00:00","article_modified_time":"2023-06-02T12:14:29+00:00","og_image":[{"width":1200,"height":800,"url":"https:\/\/news.canadamotorjobs.com\/wp-content\/uploads\/2023\/06\/2023-Chevrolet-BlazerRS-001.jpg","type":"image\/jpeg"}],"author":"Benoit Charette","twitter_card":"summary_large_image","twitter_creator":"@canadamotorjobs","twitter_site":"@canadamotorjobs","twitter_misc":{"\u00c9crit par":"Benoit Charette","Estimation du temps de lecture":"4 minutes"},"schema":{"@context":"https:\/\/schema.org","@graph":[{"@type":"Article","@id":"https:\/\/news.canadamotorjobs.com\/fr\/chevrolet-blazer-rs-2023\/#article","isPartOf":{"@id":"https:\/\/news.canadamotorjobs.com\/fr\/chevrolet-blazer-rs-2023\/"},"author":{"name":"Benoit Charette","@id":"https:\/\/news.canadamotorjobs.com\/#\/schema\/person\/51793d1f87d44011d7bcc2ed99269a90"},"headline":"Chevrolet Blazer RS 2023","datePublished":"2023-06-02T12:06:43+00:00","dateModified":"2023-06-02T12:14:29+00:00","mainEntityOfPage":{"@id":"https:\/\/news.canadamotorjobs.com\/fr\/chevrolet-blazer-rs-2023\/"},"wordCount":721,"publisher":{"@id":"https:\/\/news.canadamotorjobs.com\/#organization"},"image":{"@id":"https:\/\/news.canadamotorjobs.com\/fr\/chevrolet-blazer-rs-2023\/#primaryimage"},"thumbnailUrl":"https:\/\/news.canadamotorjobs.com\/wp-content\/uploads\/2023\/06\/2023-Chevrolet-BlazerRS-001.jpg","articleSection":["Annuel automobile"],"inLanguage":"fr-CA"},{"@type":"WebPage","@id":"https:\/\/news.canadamotorjobs.com\/fr\/chevrolet-blazer-rs-2023\/","url":"https:\/\/news.canadamotorjobs.com\/fr\/chevrolet-blazer-rs-2023\/","name":"Chevrolet Blazer RS 2023 - CanadaMotorJobs.com","isPartOf":{"@id":"https:\/\/news.canadamotorjobs.com\/#website"},"primaryImageOfPage":{"@id":"https:\/\/news.canadamotorjobs.com\/fr\/chevrolet-blazer-rs-2023\/#primaryimage"},"image":{"@id":"https:\/\/news.canadamotorjobs.com\/fr\/chevrolet-blazer-rs-2023\/#primaryimage"},"thumbnailUrl":"https:\/\/news.canadamotorjobs.com\/wp-content\/uploads\/2023\/06\/2023-Chevrolet-BlazerRS-001.jpg","datePublished":"2023-06-02T12:06:43+00:00","dateModified":"2023-06-02T12:14:29+00:00","description":"Chevrolet Blazer RS 2023 - Benoit Charette - Annuel automobile - CanadaMotorJobs.com.","breadcrumb":{"@id":"https:\/\/news.canadamotorjobs.com\/fr\/chevrolet-blazer-rs-2023\/#breadcrumb"},"inLanguage":"fr-CA","potentialAction":[{"@type":"ReadAction","target":["https:\/\/news.canadamotorjobs.com\/fr\/chevrolet-blazer-rs-2023\/"]}]},{"@type":"ImageObject","inLanguage":"fr-CA","@id":"https:\/\/news.canadamotorjobs.com\/fr\/chevrolet-blazer-rs-2023\/#primaryimage","url":"https:\/\/news.canadamotorjobs.com\/wp-content\/uploads\/2023\/06\/2023-Chevrolet-BlazerRS-001.jpg","contentUrl":"https:\/\/news.canadamotorjobs.com\/wp-content\/uploads\/2023\/06\/2023-Chevrolet-BlazerRS-001.jpg","width":1200,"height":800},{"@type":"BreadcrumbList","@id":"https:\/\/news.canadamotorjobs.com\/fr\/chevrolet-blazer-rs-2023\/#breadcrumb","itemListElement":[{"@type":"ListItem","position":1,"name":"Home","item":"https:\/\/news.canadamotorjobs.com\/fr\/blog\/"},{"@type":"ListItem","position":2,"name":"Chevrolet Blazer RS 2023"}]},{"@type":"WebSite","@id":"https:\/\/news.canadamotorjobs.com\/#website","url":"https:\/\/news.canadamotorjobs.com\/","name":"CanadaMotorJobs.com","description":"Automotive Jobs","publisher":{"@id":"https:\/\/news.canadamotorjobs.com\/#organization"},"potentialAction":[{"@type":"SearchAction","target":{"@type":"EntryPoint","urlTemplate":"https:\/\/news.canadamotorjobs.com\/?s={search_term_string}"},"query-input":"required name=search_term_string"}],"inLanguage":"fr-CA"},{"@type":"Organization","@id":"https:\/\/news.canadamotorjobs.com\/#organization","name":"Canada Motor Jobs","url":"https:\/\/news.canadamotorjobs.com\/","logo":{"@type":"ImageObject","inLanguage":"fr-CA","@id":"https:\/\/news.canadamotorjobs.com\/#\/schema\/logo\/image\/","url":"https:\/\/news.canadamotorjobs.com\/wp-content\/uploads\/2022\/10\/logo-canada-motor-jobs-1.png","contentUrl":"https:\/\/news.canadamotorjobs.com\/wp-content\/uploads\/2022\/10\/logo-canada-motor-jobs-1.png","width":800,"height":400,"caption":"Canada Motor Jobs"},"image":{"@id":"https:\/\/news.canadamotorjobs.com\/#\/schema\/logo\/image\/"},"sameAs":["https:\/\/www.facebook.com\/canadamotorjobs\/","https:\/\/x.com\/canadamotorjobs","https:\/\/www.instagram.com\/canadamotorjobs\/","https:\/\/www.linkedin.com\/company\/canadamotorjobs"]},{"@type":"Person","@id":"https:\/\/news.canadamotorjobs.com\/#\/schema\/person\/51793d1f87d44011d7bcc2ed99269a90","name":"Benoit Charette","image":{"@type":"ImageObject","inLanguage":"fr-CA","@id":"https:\/\/news.canadamotorjobs.com\/#\/schema\/person\/image\/","url":"https:\/\/secure.gravatar.com\/avatar\/45f3d2eebcccd909668d7ce7ea7267b6?s=96&d=mm&r=g","contentUrl":"https:\/\/secure.gravatar.com\/avatar\/45f3d2eebcccd909668d7ce7ea7267b6?s=96&d=mm&r=g","caption":"Benoit Charette"},"description":"Benoit Charette \/ Propri\u00e9taire et r\u00e9dacteur en chef Benoit Charette pratique le journalisme automobile depuis bient\u00f4t 30 ans. Il a fait ses classes au c\u00f4t\u00e9 de Daniel H\u00e9raud et au Carnet de route de 1992 \u00e0 2001. Il est fondateur, copropri\u00e9taire et r\u00e9dacteur en chef de L\u2019Annuel de l\u2019automobile, qu\u2019il publie depuis 2001. Il a anim\u00e9 les \u00e9missions RPM et RPM+ sur V et les L\u00e9gendes de la route sur Historia. \u00c0 la radio depuis 1986, il reprend l\u2019antenne cette ann\u00e9e sur les ondes de Cogeco et participe pour la deuxi\u00e8me ann\u00e9e \u00e0 l\u2019\u00e9mission Passion Auto sur RDS en plus de mettre en ligne le site Web officiel de L\u2019Annuel de l\u2019automobile sur annuelauto.ca.","sameAs":["https:\/\/annuelauto.ca\/"],"url":"https:\/\/news.canadamotorjobs.com\/fr\/author\/benoit-charette\/"}]}},"_links":{"self":[{"href":"https:\/\/news.canadamotorjobs.com\/fr\/wp-json\/wp\/v2\/posts\/146599"}],"collection":[{"href":"https:\/\/news.canadamotorjobs.com\/fr\/wp-json\/wp\/v2\/posts"}],"about":[{"href":"https:\/\/news.canadamotorjobs.com\/fr\/wp-json\/wp\/v2\/types\/post"}],"author":[{"embeddable":true,"href":"https:\/\/news.canadamotorjobs.com\/fr\/wp-json\/wp\/v2\/users\/8"}],"replies":[{"embeddable":true,"href":"https:\/\/news.canadamotorjobs.com\/fr\/wp-json\/wp\/v2\/comments?post=146599"}],"version-history":[{"count":2,"href":"https:\/\/news.canadamotorjobs.com\/fr\/wp-json\/wp\/v2\/posts\/146599\/revisions"}],"predecessor-version":[{"id":146603,"href":"https:\/\/news.canadamotorjobs.com\/fr\/wp-json\/wp\/v2\/posts\/146599\/revisions\/146603"}],"wp:featuredmedia":[{"embeddable":true,"href":"https:\/\/news.canadamotorjobs.com\/fr\/wp-json\/wp\/v2\/media\/146601"}],"wp:attachment":[{"href":"https:\/\/news.canadamotorjobs.com\/fr\/wp-json\/wp\/v2\/media?parent=146599"}],"wp:term":[{"taxonomy":"category","embeddable":true,"href":"https:\/\/news.canadamotorjobs.com\/fr\/wp-json\/wp\/v2\/categories?post=146599"},{"taxonomy":"post_tag","embeddable":true,"href":"https:\/\/news.canadamotorjobs.com\/fr\/wp-json\/wp\/v2\/tags?post=146599"}],"curies":[{"name":"wp","href":"https:\/\/api.w.org\/{rel}","templated":true}]}}