{"id":146576,"date":"2023-06-02T07:54:12","date_gmt":"2023-06-02T11:54:12","guid":{"rendered":"https:\/\/news.canadamotorjobs.com\/?p=146576"},"modified":"2023-06-02T08:00:39","modified_gmt":"2023-06-02T12:00:39","slug":"des-details-de-production-sur-le-volkswagen-i-d-buzz","status":"publish","type":"post","link":"https:\/\/news.canadamotorjobs.com\/fr\/des-details-de-production-sur-le-volkswagen-i-d-buzz\/","title":{"rendered":"Des d\u00e9tails de production sur le Volkswagen I.D.Buzz"},"content":{"rendered":"<\/p>\n<p>Le ID.Buzz devrait arriver en 2024 et Volkswagen a donn\u00e9 plus d\u2019informations.<\/p>\n<h3>&#8211; 282 chevaux pour la version RWD ; 330 chevaux pour la version AWD en option<\/h3>\n<p><\/p>\n<h3>&#8211; Trois rang\u00e9es (sept si\u00e8ges de s\u00e9rie) ; six si\u00e8ges avec fauteuils capitaines en option<\/h3>\n<p><\/p>\n<h3>&#8211; Batterie de 91 kilowattheures chez nous (contre 82 kWh en Europe)<\/h3>\n<p>\nVolkswagen a d\u00e9voil\u00e9 la version nord-am\u00e9ricaine de l&#8217;ID. Buzz, plus longue, plus spacieuse et mieux \u00e9quip\u00e9e que la version europ\u00e9enne d\u00e9voil\u00e9e il y a un peu plus d&#8217;un an,<\/p>\n<h3>Plus de puissance, plus de vitesse, plus de batterie<\/h3>\n<p>\nDe s\u00e9rie, l&#8217;ID. Buzz reprend l&#8217;esprit de son pr\u00e9d\u00e9cesseur avec un moteur mont\u00e9 \u00e0 l&#8217;arri\u00e8re. Alors que le mod\u00e8le Euro-spec \u00e9tait limit\u00e9 \u00e0 201 ch, l&#8217;ID.Buzz nord-am\u00e9ricain utilise un seul moteur arri\u00e8re g\u00e9n\u00e9rant 282 ch et jusqu&#8217;\u00e0 406 lb-pi de couple. Il s&#8217;agit du m\u00eame nouveau moteur synchrone \u00e0 aimant permanent APP550 qui sera utilis\u00e9 sur l&#8217;ID.7. Si les acheteurs en veulent plus, une variante AWD \u00e0 double moteur est disponible en option avec &#8220;environ 330 ch. Le nouveau moteur \u00e9lectrique permet d&#8217;atteindre une vitesse de pointe limit\u00e9e \u00e9lectroniquement \u00e0 155 km\/h.<\/p>\n<h3>Plus grand que l\u2019Atlas<\/h3>\n<p>\nD&#8217;une longueur de 4,9 m\u00e8tres, ID. Buzz est 25 cm plus long que la version europ\u00e9enne, gr\u00e2ce \u00e0 un empattement de 3,2 m\u00e8tres. La largeur est de 2 m\u00e8tres tandis que la hauteur est de 1,9 m\u00e8tre, ce qui rend le Buzz plus grand de 12,7 cm qu&#8217;un VUS Atlas avec une largeur similaire. Le Buzz offre un coefficient de tra\u00een\u00e9e de 0,29, mais les estimations d&#8217;autonomie n&#8217;ont pas encore \u00e9t\u00e9 r\u00e9v\u00e9l\u00e9es. Nous pensons que la certification EPA aura lieu au cours du prochain trimestre, mais pour r\u00e9f\u00e9rence, la version europ\u00e9enne revendique jusqu&#8217;\u00e0 415 km sur une seule charge en formule WLTP.<\/p>\n<h3>Un style r\u00e9tro pour une technologie moderne<\/h3>\n<p>\nEn ce qui concerne le style, les \u00e9l\u00e9ments r\u00e9tro abondent. \u00c0 l&#8217;instar du mod\u00e8le \u00e0 deux rang\u00e9es de si\u00e8ges, l&#8217;avant est orn\u00e9 d&#8217;un badge VW surdimensionn\u00e9. Celui-ci est \u00e9clair\u00e9 et reli\u00e9 \u00e0 une barre lumineuse qui s&#8217;\u00e9tend vers l&#8217;ext\u00e9rieur jusqu&#8217;\u00e0 chaque phare \u00e0 DEL. Sur le montant arri\u00e8re, de fausses bouches d&#8217;a\u00e9ration font r\u00e9f\u00e9rence \u00e0 l&#8217;original refroidi par air, tandis qu&#8217;une peinture bicolore optionnelle s&#8217;inscrit dans la tradition. En ce qui concerne les couleurs, vous avez toujours le choix entre l&#8217;orange \u00e9nergique, le jaune pomelo et le vert mahi, mais le bleu cabane (en photo), l&#8217;argent m\u00e9tro et le gris indium font leur apparition. Les jantes de 20 pouces sont moins r\u00e9tro et 20 % plus grandes que les jantes d&#8217;origine.<\/p>\n<p>A l&#8217;int\u00e9rieur, les si\u00e8ges en similicuir marron fonc\u00e9 sont orn\u00e9s de passepoils blancs, tandis que les insertions de porte bleus et le tableau de bord aspect bois fonc\u00e9 sont contrast\u00e9s par une garniture de pavillon noire et d&#8217;autres accents. Vous pouvez \u00e9galement opter pour le gris clair avec des passepoils et des inserts en terre cuite et un tableau de bord en bois clair. Enfin, la derni\u00e8re combinaison comprend des si\u00e8ges en similicuir marron avec des bandes jaunes, des inserts de porte gris clair et un tableau de bord aspect bois lav\u00e9. Parmi les autres points forts, citons les diagrammes Play et Pause sur les p\u00e9dales et une console centrale amovible avec un espace de rangement flexible sur le dessus. Dans cette section, vous trouverez des s\u00e9parateurs qui, une fois de plus, respectent la tradition en faisant office de grattoirs \u00e0 glace et de d\u00e9capsuleurs.<\/p>\n<h3>Des caract\u00e9ristiques haut de gamme<\/h3>\n<p>\nLe hayon automatique, l&#8217;acc\u00e8s sans cl\u00e9, les poign\u00e9es de porte avant \u00e9clair\u00e9es et l&#8217;\u00e9clairage d&#8217;ambiance \u00e0 30 couleurs avec cinq modes pr\u00e9r\u00e9gl\u00e9s font partie des caract\u00e9ristiques de la voiture. Le conducteur peut \u00e9galement choisir d&#8217;\u00e9clairer diff\u00e9rentes zones individuellement. Vous disposez \u00e9galement de si\u00e8ges avant \u00e0 12 r\u00e9glages \u00e9lectriques avec deux accoudoirs, ventilation, massage et m\u00e9moire. Les deux premi\u00e8res rang\u00e9es et le volant sont \u00e9galement chauffants, et les vitres des deuxi\u00e8me et troisi\u00e8me rang\u00e9es sont teint\u00e9es. Une autre option consiste \u00e0 sp\u00e9cifier un toit ouvrant panoramique \u00e0 teinte \u00e9lectrochrome. Les si\u00e8ges de la deuxi\u00e8me rang\u00e9e peuvent \u00eatre rabattus dans un rapport 60:40, et leurs dossiers peuvent se plier \u00e0 16 degr\u00e9s. L&#8217;ensemble de la banquette peut \u00e9galement se d\u00e9placer sur 7,9 pouces, avec un mouvement de quatre pouces vers l&#8217;avant pour l&#8217;acc\u00e8s \u00e0 la troisi\u00e8me rang\u00e9e.<\/p>\n<h3>Un infodivertissement \u00e0 retravailler<\/h3>\n<p>\nSi vous souhaitez plus de luxe, la configuration \u00e0 sept places peut \u00eatre transform\u00e9e en une configuration \u00e0 six personnes avec des fauteuils capitaine \u00e0 la deuxi\u00e8me rang\u00e9e. Les deux rang\u00e9es arri\u00e8re se rabattent \u00e0 plat et la troisi\u00e8me peut \u00eatre enti\u00e8rement retir\u00e9e. \u00c0 l&#8217;avant, le conducteur dispose d&#8217;un \u00e9cran ID. Cockpit, tandis que l&#8217;infodivertissement est g\u00e9r\u00e9 par un \u00e9cran central de 12,9 pouces avec App-Connect sans fil, charge sans fil, huit ports USB-C et des prises de charge de 100 volts et 12 volts. Une installation audio Harman Kardon \u00e0 14 haut-parleurs est \u00e9galement disponible. Il convient \u00e9galement de mentionner le syst\u00e8me ID. Light qui comprend une bande lumineuse sous le pare-brise qui change de couleur et de mouvement lumineux pour transmettre des informations importantes sur la conduite. Suite \u00e0 des plaintes de clients, l&#8217;infodivertissement a \u00e9t\u00e9 revu avec des curseurs tactiles \u00e9clair\u00e9s pour le volume et la climatisation, et l&#8217;\u00e9cran d&#8217; infodivertissement affiche maintenant les fonctions de climatisation en bas de l&#8217;\u00e9cran pour un acc\u00e8s facile. C&#8217;est une am\u00e9lioration, mais nous voulons toujours des boutons.<\/p>\n<p>\u00a0<\/p>\n<p>Les prix n&#8217;ont pas encore \u00e9t\u00e9 communiqu\u00e9s<\/p>\n<p>Le texte <a rel=\"nofollow\" href=\"https:\/\/annuelauto.ca\/des-details-de-production-sur-le-volkswagen-i-d-buzz\/\">Des d\u00e9tails de production sur le Volkswagen I.D.Buzz<\/a> provient de <a rel=\"nofollow\" href=\"https:\/\/annuelauto.ca\">L&#8217;annuel de l&#8217;automobile &#8211; Actualit\u00e9 automobile<\/a><\/p>\n<p><\/p>\n","protected":false},"excerpt":{"rendered":"<p>Le ID.Buzz devrait arriver en 2024 et Volkswagen a donn\u00e9 plus d\u2019informations. &#8211; 282 chevaux pour la version RWD ; 330 chevaux pour la version AWD en option &#8211; Trois rang\u00e9es (sept si\u00e8ges de s\u00e9rie) ; six si\u00e8ges avec fauteuils capitaines en option &#8211; Batterie de 91 kilowattheures chez nous (contre 82 kWh en Europe) [&hellip;]<\/p>\n","protected":false},"author":8,"featured_media":146578,"comment_status":"close","ping_status":"closed","sticky":false,"template":"","format":"standard","meta":{"_monsterinsights_skip_tracking":false,"_monsterinsights_sitenote_active":false,"_monsterinsights_sitenote_note":"","_monsterinsights_sitenote_category":0,"footnotes":""},"categories":[101],"tags":[],"yoast_head":"<!-- This site is optimized with the Yoast SEO plugin v23.2 - https:\/\/yoast.com\/wordpress\/plugins\/seo\/ -->\n<title>Des d\u00e9tails de production sur le Volkswagen I.D.Buzz - CanadaMotorJobs.com<\/title>\n<meta name=\"description\" content=\"Des d\u00e9tails de production sur le Volkswagen I.D.Buzz - Benoit Charette - Annuel automobile - CanadaMotorJobs.com.\" \/>\n<meta name=\"robots\" content=\"index, follow, max-snippet:-1, max-image-preview:large, max-video-preview:-1\" \/>\n<meta property=\"og:locale\" content=\"fr_CA\" \/>\n<meta property=\"og:type\" content=\"article\" \/>\n<meta property=\"og:title\" content=\"Des d\u00e9tails de production sur le Volkswagen I.D.Buzz - CanadaMotorJobs.com\" \/>\n<meta property=\"og:description\" content=\"Des d\u00e9tails de production sur le Volkswagen I.D.Buzz - Benoit Charette - Annuel automobile - CanadaMotorJobs.com.\" \/>\n<meta property=\"og:url\" content=\"https:\/\/news.canadamotorjobs.com\/fr\/des-details-de-production-sur-le-volkswagen-i-d-buzz\/\" \/>\n<meta property=\"og:site_name\" content=\"CanadaMotorJobs.com\" \/>\n<meta property=\"article:publisher\" content=\"https:\/\/www.facebook.com\/canadamotorjobs\/\" \/>\n<meta property=\"article:published_time\" content=\"2023-06-02T11:54:12+00:00\" \/>\n<meta property=\"article:modified_time\" content=\"2023-06-02T12:00:39+00:00\" \/>\n<meta property=\"og:image\" content=\"https:\/\/news.canadamotorjobs.com\/wp-content\/uploads\/2023\/06\/Large-16561-Three-rowID.Buzz_.jpg\" \/>\n\t<meta property=\"og:image:width\" content=\"1200\" \/>\n\t<meta property=\"og:image:height\" content=\"800\" \/>\n\t<meta property=\"og:image:type\" content=\"image\/jpeg\" \/>\n<meta name=\"author\" content=\"Benoit Charette\" \/>\n<meta name=\"twitter:card\" content=\"summary_large_image\" \/>\n<meta name=\"twitter:creator\" content=\"@canadamotorjobs\" \/>\n<meta name=\"twitter:site\" content=\"@canadamotorjobs\" \/>\n<meta name=\"twitter:label1\" content=\"\u00c9crit par\" \/>\n\t<meta name=\"twitter:data1\" content=\"Benoit Charette\" \/>\n\t<meta name=\"twitter:label2\" content=\"Estimation du temps de lecture\" \/>\n\t<meta name=\"twitter:data2\" content=\"5 minutes\" \/>\n<!-- \/ Yoast SEO plugin. -->","yoast_head_json":{"title":"Des d\u00e9tails de production sur le Volkswagen I.D.Buzz - CanadaMotorJobs.com","description":"Des d\u00e9tails de production sur le Volkswagen I.D.Buzz - Benoit Charette - Annuel automobile - CanadaMotorJobs.com.","robots":{"index":"index","follow":"follow","max-snippet":"max-snippet:-1","max-image-preview":"max-image-preview:large","max-video-preview":"max-video-preview:-1"},"og_locale":"fr_CA","og_type":"article","og_title":"Des d\u00e9tails de production sur le Volkswagen I.D.Buzz - CanadaMotorJobs.com","og_description":"Des d\u00e9tails de production sur le Volkswagen I.D.Buzz - Benoit Charette - Annuel automobile - CanadaMotorJobs.com.","og_url":"https:\/\/news.canadamotorjobs.com\/fr\/des-details-de-production-sur-le-volkswagen-i-d-buzz\/","og_site_name":"CanadaMotorJobs.com","article_publisher":"https:\/\/www.facebook.com\/canadamotorjobs\/","article_published_time":"2023-06-02T11:54:12+00:00","article_modified_time":"2023-06-02T12:00:39+00:00","og_image":[{"width":1200,"height":800,"url":"https:\/\/news.canadamotorjobs.com\/wp-content\/uploads\/2023\/06\/Large-16561-Three-rowID.Buzz_.jpg","type":"image\/jpeg"}],"author":"Benoit Charette","twitter_card":"summary_large_image","twitter_creator":"@canadamotorjobs","twitter_site":"@canadamotorjobs","twitter_misc":{"\u00c9crit par":"Benoit Charette","Estimation du temps de lecture":"5 minutes"},"schema":{"@context":"https:\/\/schema.org","@graph":[{"@type":"Article","@id":"https:\/\/news.canadamotorjobs.com\/fr\/des-details-de-production-sur-le-volkswagen-i-d-buzz\/#article","isPartOf":{"@id":"https:\/\/news.canadamotorjobs.com\/fr\/des-details-de-production-sur-le-volkswagen-i-d-buzz\/"},"author":{"name":"Benoit Charette","@id":"https:\/\/news.canadamotorjobs.com\/#\/schema\/person\/51793d1f87d44011d7bcc2ed99269a90"},"headline":"Des d\u00e9tails de production sur le Volkswagen I.D.Buzz","datePublished":"2023-06-02T11:54:12+00:00","dateModified":"2023-06-02T12:00:39+00:00","mainEntityOfPage":{"@id":"https:\/\/news.canadamotorjobs.com\/fr\/des-details-de-production-sur-le-volkswagen-i-d-buzz\/"},"wordCount":1012,"publisher":{"@id":"https:\/\/news.canadamotorjobs.com\/#organization"},"image":{"@id":"https:\/\/news.canadamotorjobs.com\/fr\/des-details-de-production-sur-le-volkswagen-i-d-buzz\/#primaryimage"},"thumbnailUrl":"https:\/\/news.canadamotorjobs.com\/wp-content\/uploads\/2023\/06\/Large-16561-Three-rowID.Buzz_.jpg","articleSection":["Annuel automobile"],"inLanguage":"fr-CA"},{"@type":"WebPage","@id":"https:\/\/news.canadamotorjobs.com\/fr\/des-details-de-production-sur-le-volkswagen-i-d-buzz\/","url":"https:\/\/news.canadamotorjobs.com\/fr\/des-details-de-production-sur-le-volkswagen-i-d-buzz\/","name":"Des d\u00e9tails de production sur le Volkswagen I.D.Buzz - CanadaMotorJobs.com","isPartOf":{"@id":"https:\/\/news.canadamotorjobs.com\/#website"},"primaryImageOfPage":{"@id":"https:\/\/news.canadamotorjobs.com\/fr\/des-details-de-production-sur-le-volkswagen-i-d-buzz\/#primaryimage"},"image":{"@id":"https:\/\/news.canadamotorjobs.com\/fr\/des-details-de-production-sur-le-volkswagen-i-d-buzz\/#primaryimage"},"thumbnailUrl":"https:\/\/news.canadamotorjobs.com\/wp-content\/uploads\/2023\/06\/Large-16561-Three-rowID.Buzz_.jpg","datePublished":"2023-06-02T11:54:12+00:00","dateModified":"2023-06-02T12:00:39+00:00","description":"Des d\u00e9tails de production sur le Volkswagen I.D.Buzz - Benoit Charette - Annuel automobile - CanadaMotorJobs.com.","breadcrumb":{"@id":"https:\/\/news.canadamotorjobs.com\/fr\/des-details-de-production-sur-le-volkswagen-i-d-buzz\/#breadcrumb"},"inLanguage":"fr-CA","potentialAction":[{"@type":"ReadAction","target":["https:\/\/news.canadamotorjobs.com\/fr\/des-details-de-production-sur-le-volkswagen-i-d-buzz\/"]}]},{"@type":"ImageObject","inLanguage":"fr-CA","@id":"https:\/\/news.canadamotorjobs.com\/fr\/des-details-de-production-sur-le-volkswagen-i-d-buzz\/#primaryimage","url":"https:\/\/news.canadamotorjobs.com\/wp-content\/uploads\/2023\/06\/Large-16561-Three-rowID.Buzz_.jpg","contentUrl":"https:\/\/news.canadamotorjobs.com\/wp-content\/uploads\/2023\/06\/Large-16561-Three-rowID.Buzz_.jpg","width":1200,"height":800},{"@type":"BreadcrumbList","@id":"https:\/\/news.canadamotorjobs.com\/fr\/des-details-de-production-sur-le-volkswagen-i-d-buzz\/#breadcrumb","itemListElement":[{"@type":"ListItem","position":1,"name":"Home","item":"https:\/\/news.canadamotorjobs.com\/fr\/blog\/"},{"@type":"ListItem","position":2,"name":"Des d\u00e9tails de production sur le Volkswagen I.D.Buzz"}]},{"@type":"WebSite","@id":"https:\/\/news.canadamotorjobs.com\/#website","url":"https:\/\/news.canadamotorjobs.com\/","name":"CanadaMotorJobs.com","description":"Automotive Jobs","publisher":{"@id":"https:\/\/news.canadamotorjobs.com\/#organization"},"potentialAction":[{"@type":"SearchAction","target":{"@type":"EntryPoint","urlTemplate":"https:\/\/news.canadamotorjobs.com\/?s={search_term_string}"},"query-input":"required name=search_term_string"}],"inLanguage":"fr-CA"},{"@type":"Organization","@id":"https:\/\/news.canadamotorjobs.com\/#organization","name":"Canada Motor Jobs","url":"https:\/\/news.canadamotorjobs.com\/","logo":{"@type":"ImageObject","inLanguage":"fr-CA","@id":"https:\/\/news.canadamotorjobs.com\/#\/schema\/logo\/image\/","url":"https:\/\/news.canadamotorjobs.com\/wp-content\/uploads\/2022\/10\/logo-canada-motor-jobs-1.png","contentUrl":"https:\/\/news.canadamotorjobs.com\/wp-content\/uploads\/2022\/10\/logo-canada-motor-jobs-1.png","width":800,"height":400,"caption":"Canada Motor Jobs"},"image":{"@id":"https:\/\/news.canadamotorjobs.com\/#\/schema\/logo\/image\/"},"sameAs":["https:\/\/www.facebook.com\/canadamotorjobs\/","https:\/\/x.com\/canadamotorjobs","https:\/\/www.instagram.com\/canadamotorjobs\/","https:\/\/www.linkedin.com\/company\/canadamotorjobs"]},{"@type":"Person","@id":"https:\/\/news.canadamotorjobs.com\/#\/schema\/person\/51793d1f87d44011d7bcc2ed99269a90","name":"Benoit Charette","image":{"@type":"ImageObject","inLanguage":"fr-CA","@id":"https:\/\/news.canadamotorjobs.com\/#\/schema\/person\/image\/","url":"https:\/\/secure.gravatar.com\/avatar\/45f3d2eebcccd909668d7ce7ea7267b6?s=96&d=mm&r=g","contentUrl":"https:\/\/secure.gravatar.com\/avatar\/45f3d2eebcccd909668d7ce7ea7267b6?s=96&d=mm&r=g","caption":"Benoit Charette"},"description":"Benoit Charette \/ Propri\u00e9taire et r\u00e9dacteur en chef Benoit Charette pratique le journalisme automobile depuis bient\u00f4t 30 ans. Il a fait ses classes au c\u00f4t\u00e9 de Daniel H\u00e9raud et au Carnet de route de 1992 \u00e0 2001. Il est fondateur, copropri\u00e9taire et r\u00e9dacteur en chef de L\u2019Annuel de l\u2019automobile, qu\u2019il publie depuis 2001. Il a anim\u00e9 les \u00e9missions RPM et RPM+ sur V et les L\u00e9gendes de la route sur Historia. \u00c0 la radio depuis 1986, il reprend l\u2019antenne cette ann\u00e9e sur les ondes de Cogeco et participe pour la deuxi\u00e8me ann\u00e9e \u00e0 l\u2019\u00e9mission Passion Auto sur RDS en plus de mettre en ligne le site Web officiel de L\u2019Annuel de l\u2019automobile sur annuelauto.ca.","sameAs":["https:\/\/annuelauto.ca\/"],"url":"https:\/\/news.canadamotorjobs.com\/fr\/author\/benoit-charette\/"}]}},"_links":{"self":[{"href":"https:\/\/news.canadamotorjobs.com\/fr\/wp-json\/wp\/v2\/posts\/146576"}],"collection":[{"href":"https:\/\/news.canadamotorjobs.com\/fr\/wp-json\/wp\/v2\/posts"}],"about":[{"href":"https:\/\/news.canadamotorjobs.com\/fr\/wp-json\/wp\/v2\/types\/post"}],"author":[{"embeddable":true,"href":"https:\/\/news.canadamotorjobs.com\/fr\/wp-json\/wp\/v2\/users\/8"}],"replies":[{"embeddable":true,"href":"https:\/\/news.canadamotorjobs.com\/fr\/wp-json\/wp\/v2\/comments?post=146576"}],"version-history":[{"count":2,"href":"https:\/\/news.canadamotorjobs.com\/fr\/wp-json\/wp\/v2\/posts\/146576\/revisions"}],"predecessor-version":[{"id":146580,"href":"https:\/\/news.canadamotorjobs.com\/fr\/wp-json\/wp\/v2\/posts\/146576\/revisions\/146580"}],"wp:featuredmedia":[{"embeddable":true,"href":"https:\/\/news.canadamotorjobs.com\/fr\/wp-json\/wp\/v2\/media\/146578"}],"wp:attachment":[{"href":"https:\/\/news.canadamotorjobs.com\/fr\/wp-json\/wp\/v2\/media?parent=146576"}],"wp:term":[{"taxonomy":"category","embeddable":true,"href":"https:\/\/news.canadamotorjobs.com\/fr\/wp-json\/wp\/v2\/categories?post=146576"},{"taxonomy":"post_tag","embeddable":true,"href":"https:\/\/news.canadamotorjobs.com\/fr\/wp-json\/wp\/v2\/tags?post=146576"}],"curies":[{"name":"wp","href":"https:\/\/api.w.org\/{rel}","templated":true}]}}