{"id":145875,"date":"2023-06-01T06:51:02","date_gmt":"2023-06-01T10:51:02","guid":{"rendered":"https:\/\/news.canadamotorjobs.com\/?p=145875"},"modified":"2023-06-01T06:59:58","modified_gmt":"2023-06-01T10:59:58","slug":"le-canada-a-besoin-de-plus-dautobus-scolaires-electriques","status":"publish","type":"post","link":"https:\/\/news.canadamotorjobs.com\/fr\/le-canada-a-besoin-de-plus-dautobus-scolaires-electriques\/","title":{"rendered":"Le Canada a besoin de plus d\u2019autobus scolaires \u00e9lectriques!"},"content":{"rendered":"<\/p>\n<p>C\u2019est le message que l\u2019organisme environnemental Equiterre envoie cette semaine au gouvernement f\u00e9d\u00e9ral. Le Canada, on le sait, a fix\u00e9 des seuils de ventes de v\u00e9hicules z\u00e9ro \u00e9mission en 2035 et en 2040 pour les v\u00e9hicules moyens et les v\u00e9hicules lourds. L\u2019objectif est que tous les v\u00e9hicules vendus en 2040 soient des v\u00e9hicules \u00e0 z\u00e9ro \u00e9mission. Les autobus, y compris les autobus scolaires, tombent dans cette cat\u00e9gorie de v\u00e9hicules.<\/p>\n<p>Mais ce n\u2019est pas assez, dit-on du c\u00f4t\u00e9 d\u2019Equiterre. L\u2019organisme s\u2019inqui\u00e8te entre autres du fait qu\u2019aux \u00c9tats-Unis, on a adopt\u00e9 une politique qui cible sp\u00e9cifiquement les autobus jaunes, ce qui fait que les rares autobus \u00e9lectriques produits sur le continent s\u2019en vont d\u2019abord chez nos voisins du sud, ce qui les rend plus difficiles \u00e0 acheter chez nous.<\/p>\n<p>Il faut aussi ajouter qu\u2019une strat\u00e9gie f\u00e9d\u00e9rale sp\u00e9cifique pour les autobus scolaires rendrait l\u2019aide \u00e0 l\u2019achat plus claire pour les transporteurs scolaires. Au Canada, les gestionnaires d\u2019autobus scolaires sont pour la plupart aussi les responsables des commissions scolaires. Ce ne sont pas des experts en transport ou en financement public. Pour eux, il n\u2019est pas \u00e9vident de d\u00e9couvrir que cinq ou six programmes s\u00e9par\u00e9s sont offerts par les provinces et par Ottawa pour les aider.<\/p>\n<p>R\u00e9sultat\u00a0: s\u2019ils ach\u00e8tent un autobus sans aide financi\u00e8re, \u00e7a prend jusqu\u2019\u00e0 19 ans pour amortir le co\u00fbt pay\u00e9 en plus pour un autobus \u00e9lectrique, plut\u00f4t qu\u2019au diesel. \u00c7a refroidit les ardeurs, \u00e7a. Et m\u00eame avec l\u2019aide f\u00e9d\u00e9rale, on r\u00e9duit cette p\u00e9riode \u00e0 un peu moins de 4 ans. C\u2019est mieux, surtout que la vie utile d\u2019un autobus scolaire est d\u2019environ 12 ans, au Canada.<\/p>\n<p>Mais en faisant le m\u00e9nage dans tout \u00e7a, Ottawa pourrait acc\u00e9l\u00e9rer la transition \u00e9lectrique des autobus jaunes, surtout qu\u2019on en compte 50\u00a0000 seulement au pays.<\/p>\n<p>Notons qu\u2019au Qu\u00e9bec, o\u00f9 la cible provinciale est que deux autobus scolaires sur trois sur la route en 2030 soient \u00e0 z\u00e9ro \u00e9mission, on tarde aussi \u00e0 voir le virage s\u2019amorcer. Les transporteurs ont pass\u00e9 900 commandes l\u2019an dernier, mais les v\u00e9hicules tardent \u00e0 \u00eatre livr\u00e9s.<\/p>\n<p>Tout le monde souhaite faire la transition vers des moyens de transport plus propres, mais clairement, ce n\u2019est pas si simple. Si Ottawa veut atteindre ses cibles, il va falloir faire un petit effort de plus pour aider les transporteurs scolaires\u2026<\/p>\n<p>\u00a0<\/p>\n<p>Le texte <a rel=\"nofollow\" href=\"https:\/\/annuelauto.ca\/le-canada-a-besoin-de-plus-dautobus-scolaires-electriques\/\">Le Canada a besoin de plus d\u2019autobus scolaires \u00e9lectriques!<\/a> provient de <a rel=\"nofollow\" href=\"https:\/\/annuelauto.ca\">L&#8217;annuel de l&#8217;automobile &#8211; Actualit\u00e9 automobile<\/a><\/p>\n<p><\/p>\n","protected":false},"excerpt":{"rendered":"<p>C\u2019est le message que l\u2019organisme environnemental Equiterre envoie cette semaine au gouvernement f\u00e9d\u00e9ral. Le Canada, on le sait, a fix\u00e9 des seuils de ventes de v\u00e9hicules z\u00e9ro \u00e9mission en 2035 et en 2040 pour les v\u00e9hicules moyens et les v\u00e9hicules lourds. L\u2019objectif est que tous les v\u00e9hicules vendus en 2040 soient des v\u00e9hicules \u00e0 z\u00e9ro [&hellip;]<\/p>\n","protected":false},"author":8,"featured_media":145877,"comment_status":"close","ping_status":"closed","sticky":false,"template":"","format":"standard","meta":{"_monsterinsights_skip_tracking":false,"_monsterinsights_sitenote_active":false,"_monsterinsights_sitenote_note":"","_monsterinsights_sitenote_category":0,"footnotes":""},"categories":[101],"tags":[],"yoast_head":"<!-- This site is optimized with the Yoast SEO plugin v23.2 - https:\/\/yoast.com\/wordpress\/plugins\/seo\/ -->\n<title>Le Canada a besoin de plus d\u2019autobus scolaires \u00e9lectriques! - CanadaMotorJobs.com<\/title>\n<meta name=\"description\" content=\"Le Canada a besoin de plus d\u2019autobus scolaires \u00e9lectriques! - Benoit Charette - Annuel automobile - CanadaMotorJobs.com.\" \/>\n<meta name=\"robots\" content=\"index, follow, max-snippet:-1, max-image-preview:large, max-video-preview:-1\" \/>\n<meta property=\"og:locale\" content=\"fr_CA\" \/>\n<meta property=\"og:type\" content=\"article\" \/>\n<meta property=\"og:title\" content=\"Le Canada a besoin de plus d\u2019autobus scolaires \u00e9lectriques! - CanadaMotorJobs.com\" \/>\n<meta property=\"og:description\" content=\"Le Canada a besoin de plus d\u2019autobus scolaires \u00e9lectriques! - Benoit Charette - Annuel automobile - CanadaMotorJobs.com.\" \/>\n<meta property=\"og:url\" content=\"https:\/\/news.canadamotorjobs.com\/fr\/le-canada-a-besoin-de-plus-dautobus-scolaires-electriques\/\" \/>\n<meta property=\"og:site_name\" content=\"CanadaMotorJobs.com\" \/>\n<meta property=\"article:publisher\" content=\"https:\/\/www.facebook.com\/canadamotorjobs\/\" \/>\n<meta property=\"article:published_time\" content=\"2023-06-01T10:51:02+00:00\" \/>\n<meta property=\"article:modified_time\" content=\"2023-06-01T10:59:58+00:00\" \/>\n<meta property=\"og:image\" content=\"https:\/\/news.canadamotorjobs.com\/wp-content\/uploads\/2023\/06\/LIONC-Brand-scaled-1.jpg\" \/>\n\t<meta property=\"og:image:width\" content=\"2560\" \/>\n\t<meta property=\"og:image:height\" content=\"1872\" \/>\n\t<meta property=\"og:image:type\" content=\"image\/jpeg\" \/>\n<meta name=\"author\" content=\"Benoit Charette\" \/>\n<meta name=\"twitter:card\" content=\"summary_large_image\" \/>\n<meta name=\"twitter:creator\" content=\"@canadamotorjobs\" \/>\n<meta name=\"twitter:site\" content=\"@canadamotorjobs\" \/>\n<meta name=\"twitter:label1\" content=\"\u00c9crit par\" \/>\n\t<meta name=\"twitter:data1\" content=\"Benoit Charette\" \/>\n\t<meta name=\"twitter:label2\" content=\"Estimation du temps de lecture\" \/>\n\t<meta name=\"twitter:data2\" content=\"2 minutes\" \/>\n<!-- \/ Yoast SEO plugin. -->","yoast_head_json":{"title":"Le Canada a besoin de plus d\u2019autobus scolaires \u00e9lectriques! - CanadaMotorJobs.com","description":"Le Canada a besoin de plus d\u2019autobus scolaires \u00e9lectriques! - Benoit Charette - Annuel automobile - CanadaMotorJobs.com.","robots":{"index":"index","follow":"follow","max-snippet":"max-snippet:-1","max-image-preview":"max-image-preview:large","max-video-preview":"max-video-preview:-1"},"og_locale":"fr_CA","og_type":"article","og_title":"Le Canada a besoin de plus d\u2019autobus scolaires \u00e9lectriques! - CanadaMotorJobs.com","og_description":"Le Canada a besoin de plus d\u2019autobus scolaires \u00e9lectriques! - Benoit Charette - Annuel automobile - CanadaMotorJobs.com.","og_url":"https:\/\/news.canadamotorjobs.com\/fr\/le-canada-a-besoin-de-plus-dautobus-scolaires-electriques\/","og_site_name":"CanadaMotorJobs.com","article_publisher":"https:\/\/www.facebook.com\/canadamotorjobs\/","article_published_time":"2023-06-01T10:51:02+00:00","article_modified_time":"2023-06-01T10:59:58+00:00","og_image":[{"width":2560,"height":1872,"url":"https:\/\/news.canadamotorjobs.com\/wp-content\/uploads\/2023\/06\/LIONC-Brand-scaled-1.jpg","type":"image\/jpeg"}],"author":"Benoit Charette","twitter_card":"summary_large_image","twitter_creator":"@canadamotorjobs","twitter_site":"@canadamotorjobs","twitter_misc":{"\u00c9crit par":"Benoit Charette","Estimation du temps de lecture":"2 minutes"},"schema":{"@context":"https:\/\/schema.org","@graph":[{"@type":"Article","@id":"https:\/\/news.canadamotorjobs.com\/fr\/le-canada-a-besoin-de-plus-dautobus-scolaires-electriques\/#article","isPartOf":{"@id":"https:\/\/news.canadamotorjobs.com\/fr\/le-canada-a-besoin-de-plus-dautobus-scolaires-electriques\/"},"author":{"name":"Benoit Charette","@id":"https:\/\/news.canadamotorjobs.com\/#\/schema\/person\/51793d1f87d44011d7bcc2ed99269a90"},"headline":"Le Canada a besoin de plus d\u2019autobus scolaires \u00e9lectriques!","datePublished":"2023-06-01T10:51:02+00:00","dateModified":"2023-06-01T10:59:58+00:00","mainEntityOfPage":{"@id":"https:\/\/news.canadamotorjobs.com\/fr\/le-canada-a-besoin-de-plus-dautobus-scolaires-electriques\/"},"wordCount":458,"publisher":{"@id":"https:\/\/news.canadamotorjobs.com\/#organization"},"image":{"@id":"https:\/\/news.canadamotorjobs.com\/fr\/le-canada-a-besoin-de-plus-dautobus-scolaires-electriques\/#primaryimage"},"thumbnailUrl":"https:\/\/news.canadamotorjobs.com\/wp-content\/uploads\/2023\/06\/LIONC-Brand-scaled-1.jpg","articleSection":["Annuel automobile"],"inLanguage":"fr-CA"},{"@type":"WebPage","@id":"https:\/\/news.canadamotorjobs.com\/fr\/le-canada-a-besoin-de-plus-dautobus-scolaires-electriques\/","url":"https:\/\/news.canadamotorjobs.com\/fr\/le-canada-a-besoin-de-plus-dautobus-scolaires-electriques\/","name":"Le Canada a besoin de plus d\u2019autobus scolaires \u00e9lectriques! - CanadaMotorJobs.com","isPartOf":{"@id":"https:\/\/news.canadamotorjobs.com\/#website"},"primaryImageOfPage":{"@id":"https:\/\/news.canadamotorjobs.com\/fr\/le-canada-a-besoin-de-plus-dautobus-scolaires-electriques\/#primaryimage"},"image":{"@id":"https:\/\/news.canadamotorjobs.com\/fr\/le-canada-a-besoin-de-plus-dautobus-scolaires-electriques\/#primaryimage"},"thumbnailUrl":"https:\/\/news.canadamotorjobs.com\/wp-content\/uploads\/2023\/06\/LIONC-Brand-scaled-1.jpg","datePublished":"2023-06-01T10:51:02+00:00","dateModified":"2023-06-01T10:59:58+00:00","description":"Le Canada a besoin de plus d\u2019autobus scolaires \u00e9lectriques! - Benoit Charette - Annuel automobile - CanadaMotorJobs.com.","breadcrumb":{"@id":"https:\/\/news.canadamotorjobs.com\/fr\/le-canada-a-besoin-de-plus-dautobus-scolaires-electriques\/#breadcrumb"},"inLanguage":"fr-CA","potentialAction":[{"@type":"ReadAction","target":["https:\/\/news.canadamotorjobs.com\/fr\/le-canada-a-besoin-de-plus-dautobus-scolaires-electriques\/"]}]},{"@type":"ImageObject","inLanguage":"fr-CA","@id":"https:\/\/news.canadamotorjobs.com\/fr\/le-canada-a-besoin-de-plus-dautobus-scolaires-electriques\/#primaryimage","url":"https:\/\/news.canadamotorjobs.com\/wp-content\/uploads\/2023\/06\/LIONC-Brand-scaled-1.jpg","contentUrl":"https:\/\/news.canadamotorjobs.com\/wp-content\/uploads\/2023\/06\/LIONC-Brand-scaled-1.jpg","width":2560,"height":1872},{"@type":"BreadcrumbList","@id":"https:\/\/news.canadamotorjobs.com\/fr\/le-canada-a-besoin-de-plus-dautobus-scolaires-electriques\/#breadcrumb","itemListElement":[{"@type":"ListItem","position":1,"name":"Home","item":"https:\/\/news.canadamotorjobs.com\/fr\/blog\/"},{"@type":"ListItem","position":2,"name":"Le Canada a besoin de plus d\u2019autobus scolaires \u00e9lectriques!"}]},{"@type":"WebSite","@id":"https:\/\/news.canadamotorjobs.com\/#website","url":"https:\/\/news.canadamotorjobs.com\/","name":"CanadaMotorJobs.com","description":"Automotive Jobs","publisher":{"@id":"https:\/\/news.canadamotorjobs.com\/#organization"},"potentialAction":[{"@type":"SearchAction","target":{"@type":"EntryPoint","urlTemplate":"https:\/\/news.canadamotorjobs.com\/?s={search_term_string}"},"query-input":"required name=search_term_string"}],"inLanguage":"fr-CA"},{"@type":"Organization","@id":"https:\/\/news.canadamotorjobs.com\/#organization","name":"Canada Motor Jobs","url":"https:\/\/news.canadamotorjobs.com\/","logo":{"@type":"ImageObject","inLanguage":"fr-CA","@id":"https:\/\/news.canadamotorjobs.com\/#\/schema\/logo\/image\/","url":"https:\/\/news.canadamotorjobs.com\/wp-content\/uploads\/2022\/10\/logo-canada-motor-jobs-1.png","contentUrl":"https:\/\/news.canadamotorjobs.com\/wp-content\/uploads\/2022\/10\/logo-canada-motor-jobs-1.png","width":800,"height":400,"caption":"Canada Motor Jobs"},"image":{"@id":"https:\/\/news.canadamotorjobs.com\/#\/schema\/logo\/image\/"},"sameAs":["https:\/\/www.facebook.com\/canadamotorjobs\/","https:\/\/x.com\/canadamotorjobs","https:\/\/www.instagram.com\/canadamotorjobs\/","https:\/\/www.linkedin.com\/company\/canadamotorjobs"]},{"@type":"Person","@id":"https:\/\/news.canadamotorjobs.com\/#\/schema\/person\/51793d1f87d44011d7bcc2ed99269a90","name":"Benoit Charette","image":{"@type":"ImageObject","inLanguage":"fr-CA","@id":"https:\/\/news.canadamotorjobs.com\/#\/schema\/person\/image\/","url":"https:\/\/secure.gravatar.com\/avatar\/45f3d2eebcccd909668d7ce7ea7267b6?s=96&d=mm&r=g","contentUrl":"https:\/\/secure.gravatar.com\/avatar\/45f3d2eebcccd909668d7ce7ea7267b6?s=96&d=mm&r=g","caption":"Benoit Charette"},"description":"Benoit Charette \/ Propri\u00e9taire et r\u00e9dacteur en chef Benoit Charette pratique le journalisme automobile depuis bient\u00f4t 30 ans. Il a fait ses classes au c\u00f4t\u00e9 de Daniel H\u00e9raud et au Carnet de route de 1992 \u00e0 2001. Il est fondateur, copropri\u00e9taire et r\u00e9dacteur en chef de L\u2019Annuel de l\u2019automobile, qu\u2019il publie depuis 2001. Il a anim\u00e9 les \u00e9missions RPM et RPM+ sur V et les L\u00e9gendes de la route sur Historia. \u00c0 la radio depuis 1986, il reprend l\u2019antenne cette ann\u00e9e sur les ondes de Cogeco et participe pour la deuxi\u00e8me ann\u00e9e \u00e0 l\u2019\u00e9mission Passion Auto sur RDS en plus de mettre en ligne le site Web officiel de L\u2019Annuel de l\u2019automobile sur annuelauto.ca.","sameAs":["https:\/\/annuelauto.ca\/"],"url":"https:\/\/news.canadamotorjobs.com\/fr\/author\/benoit-charette\/"}]}},"_links":{"self":[{"href":"https:\/\/news.canadamotorjobs.com\/fr\/wp-json\/wp\/v2\/posts\/145875"}],"collection":[{"href":"https:\/\/news.canadamotorjobs.com\/fr\/wp-json\/wp\/v2\/posts"}],"about":[{"href":"https:\/\/news.canadamotorjobs.com\/fr\/wp-json\/wp\/v2\/types\/post"}],"author":[{"embeddable":true,"href":"https:\/\/news.canadamotorjobs.com\/fr\/wp-json\/wp\/v2\/users\/8"}],"replies":[{"embeddable":true,"href":"https:\/\/news.canadamotorjobs.com\/fr\/wp-json\/wp\/v2\/comments?post=145875"}],"version-history":[{"count":2,"href":"https:\/\/news.canadamotorjobs.com\/fr\/wp-json\/wp\/v2\/posts\/145875\/revisions"}],"predecessor-version":[{"id":145879,"href":"https:\/\/news.canadamotorjobs.com\/fr\/wp-json\/wp\/v2\/posts\/145875\/revisions\/145879"}],"wp:featuredmedia":[{"embeddable":true,"href":"https:\/\/news.canadamotorjobs.com\/fr\/wp-json\/wp\/v2\/media\/145877"}],"wp:attachment":[{"href":"https:\/\/news.canadamotorjobs.com\/fr\/wp-json\/wp\/v2\/media?parent=145875"}],"wp:term":[{"taxonomy":"category","embeddable":true,"href":"https:\/\/news.canadamotorjobs.com\/fr\/wp-json\/wp\/v2\/categories?post=145875"},{"taxonomy":"post_tag","embeddable":true,"href":"https:\/\/news.canadamotorjobs.com\/fr\/wp-json\/wp\/v2\/tags?post=145875"}],"curies":[{"name":"wp","href":"https:\/\/api.w.org\/{rel}","templated":true}]}}