{"id":145829,"date":"2023-05-31T20:23:01","date_gmt":"2023-06-01T00:23:01","guid":{"rendered":"https:\/\/news.canadamotorjobs.com\/?p=145829"},"modified":"2023-05-31T20:50:18","modified_gmt":"2023-06-01T00:50:18","slug":"caterham-presentera-lev-seven-electrique-a-goodwood-en-premiere-mondiale","status":"publish","type":"post","link":"https:\/\/news.canadamotorjobs.com\/fr\/caterham-presentera-lev-seven-electrique-a-goodwood-en-premiere-mondiale\/","title":{"rendered":"Caterham pr\u00e9sentera l\u2019EV\u00a0Seven \u00e9lectrique \u00e0 Goodwood en premi\u00e8re mondiale"},"content":{"rendered":"<\/p>\n<p>Depuis maintenant un demi-si\u00e8cle, le constructeur d\u2019autos sport Caterham Cars fabrique la Seven, un roadster \u00e9troitement li\u00e9 \u00e0 la <a href=\"https:\/\/annuelauto.ca\/1er-janvier-1952-fondation-de-la-compagnie-lotus\/\" target=\"_blank\" rel=\"noopener noreferrer\">Lotus<\/a> du m\u00eame nom con\u00e7ue par Colin Chapman. Toutes ces ann\u00e9es durant, cette ic\u00f4ne britannique a conserv\u00e9 l\u2019essence du concept original, mais elle pourrait bient\u00f4t aborder l\u2019\u00e8re de l\u2019\u00e9lectrification. En effet, il y a quelques jours, Caterham a diffus\u00e9 les premi\u00e8res photos d\u2019un prototype \u00e9lectrique qui pr\u00e9figure vraisemblablement un mod\u00e8le de s\u00e9rie.<span class=\"Apple-converted-space\">\u00a0<\/span><\/p>\n<p>Appel\u00e9 EV\u00a0Seven, ce prototype a \u00e9t\u00e9 mis au point en partenariat avec la soci\u00e9t\u00e9 Swindon Powertrain. D\u00e8s sa fondation en 1971, ce motoriste s\u2019est sp\u00e9cialis\u00e9 dans l\u2019entretien et l\u2019am\u00e9lioration des moteurs <a href=\"https:\/\/annuelauto.ca\/16-avril-1942-naissance-de-frank-williams\/\" target=\"_blank\" rel=\"noopener noreferrer\">Cosworth<\/a>\u00a0DFV de Formule\u00a01, mais plus r\u00e9cemment il s\u2019est consacr\u00e9 au d\u00e9veloppement d\u2019une gamme de moteurs, de composantes et d\u2019accessoires servant \u00e0 l\u2019\u00e9lectrification de v\u00e9hicules anciens et modernes.<\/p>\n<h3><b>Deux prototypes EV\u00a0Seven<\/b><\/h3>\n<p>\nLe projet de Caterham a donn\u00e9 naissance \u00e0 deux prototypes qui seront montr\u00e9s en premi\u00e8re mondiale lors du <a href=\"https:\/\/annuelauto.ca\/le-joyeux-geant-vert-de-bruce-mclaren-reapparait-apres-57-ans-dabsence\/\" target=\"_blank\" rel=\"noopener noreferrer\">Festival de la vitesse \u00e0 Goodwood<\/a> en Angleterre, en juillet. Un de ces prototypes participera, entre autres, \u00e0 la course de c\u00f4te. On les verra aussi aux essais sur piste qui auront lieu \u00e0 Goodwood et, par la suite, dans divers \u00e9v\u00e9nements, notamment les c\u00e9l\u00e9brations du 50e\u00a0anniversaire de Caterham \u00e0 Donington Park, les 2 et 3 septembre prochains.<\/p>\n<p>Car il faut se rappeler que l\u2019histoire de Caterham, en tant que constructeur, remonte aux d\u00e9buts des ann\u00e9es\u00a070. Dans les ann\u00e9es\u00a060, la Caterham Car Sales &amp; Coachworks de Graham Nearn vendait d\u00e9j\u00e0 les produits Lotus et rapidement elle a d\u00e9velopp\u00e9 une sp\u00e9cialit\u00e9 autour de la Seven.<span class=\"Apple-converted-space\">\u00a0<\/span><\/p>\n<p>Une rencontre avec Colin Chapman, le fondateur de Lotus, \u00e0 Londres en 1973 a permis \u00e0 Nearn de mettre la main sur les droits de fabrication de la Lotus\u00a0Seven. Puis, en mai, cette ann\u00e9e-l\u00e0, son l\u2019entreprise a re\u00e7u l\u2019outillage et les plans n\u00e9cessaires \u00e0 sa fabrication. Un mois plus tard, les premi\u00e8res Caterham \u00e9taient produites dans une petite usine de Town\u00a0End. <span class=\"Apple-converted-space\">\u00a0<\/span><\/p>\n<h3><b>22\u00a0000 Caterham produites en 50\u00a0ans<\/b><\/h3>\n<p>\nCaterham a vendu plus de 22\u00a0000 voitures sous forme de kit \u00e0 assembler ou enti\u00e8rement assembl\u00e9es et plus de 35\u00a0types de moteurs diff\u00e9rents ont servi jusqu\u2019ici. De plus, en\u00a02021, le petit constructeur a livr\u00e9 un nombre record de voitures, soit\u00a0670.<\/p>\n<p>Comme les mod\u00e8les de s\u00e9rie produits durant ces 50 ann\u00e9es, l&#8217;EV\u00a0Seven est de type poids plume puisqu\u2019elle a une masse inf\u00e9rieure \u00e0 700\u00a0kg. Elle sera anim\u00e9e par un moteur \u00e9lectrique Swindon HPDE E\u00a0Axle modifi\u00e9. Il sera aliment\u00e9 par une batterie au lithium de 52\u00a0kWh. Caterham n&#8217;a jusqu\u2019ici fourni aucune information sur l\u2019autonomie ou le temps de recharge.<span class=\"Apple-converted-space\">\u00a0<\/span><\/p>\n<p>En revanche, on sait que l\u2019EV\u00a0Seven disposera de 240 ch et 184\u00a0lb-pi de couple. De plus, sa vitesse de pointe sera 209\u00a0km\/h et elle pourra acc\u00e9l\u00e9rer de 0 \u00e0 96\u00a0km\/h en 4\u00a0secondes.<span class=\"Apple-converted-space\">\u00a0<\/span><\/p>\n<p>Le constructeur affirme que l\u2019EV\u00a0Seven servira essentiellement de banc d&#8217;essai pour \u00e9valuer ses performances en regard des attentes de la client\u00e8le. Cela ne l\u2019a pas emp\u00each\u00e9 d\u2019ajouter <a href=\"https:\/\/caterhamcars.com\/us\/models\/evseven\" target=\"_blank\" rel=\"noopener noreferrer\">une page \u00e0 son site internet<\/a> o\u00f9 d\u2019\u00e9ventuels acheteurs peuvent s\u2019enregistrer&#8230; au cas o\u00f9\u00a0!<\/p>\n<p><i>Photos : Caterham<\/i><\/p>\n<p>Le texte <a rel=\"nofollow\" href=\"https:\/\/annuelauto.ca\/caterham-presentera-lev-seven-electrique-a-goodwood-en-premiere-mondiale\/\">Caterham pr\u00e9sentera l\u2019EV\u00a0Seven \u00e9lectrique \u00e0 Goodwood en premi\u00e8re mondiale<\/a> provient de <a rel=\"nofollow\" href=\"https:\/\/annuelauto.ca\">L&#8217;annuel de l&#8217;automobile &#8211; Actualit\u00e9 automobile<\/a><\/p>\n<p><\/p>\n","protected":false},"excerpt":{"rendered":"<p>Depuis maintenant un demi-si\u00e8cle, le constructeur d\u2019autos sport Caterham Cars fabrique la Seven, un roadster \u00e9troitement li\u00e9 \u00e0 la Lotus du m\u00eame nom con\u00e7ue par Colin Chapman. Toutes ces ann\u00e9es durant, cette ic\u00f4ne britannique a conserv\u00e9 l\u2019essence du concept original, mais elle pourrait bient\u00f4t aborder l\u2019\u00e8re de l\u2019\u00e9lectrification. En effet, il y a quelques jours, [&hellip;]<\/p>\n","protected":false},"author":8,"featured_media":145831,"comment_status":"close","ping_status":"closed","sticky":false,"template":"","format":"standard","meta":{"_monsterinsights_skip_tracking":false,"_monsterinsights_sitenote_active":false,"_monsterinsights_sitenote_note":"","_monsterinsights_sitenote_category":0,"footnotes":""},"categories":[101],"tags":[],"yoast_head":"<!-- This site is optimized with the Yoast SEO plugin v23.2 - https:\/\/yoast.com\/wordpress\/plugins\/seo\/ -->\n<title>Caterham pr\u00e9sentera l\u2019EV\u00a0Seven \u00e9lectrique \u00e0 Goodwood en premi\u00e8re mondiale - CanadaMotorJobs.com<\/title>\n<meta name=\"description\" content=\"Caterham pr\u00e9sentera l\u2019EV\u00a0Seven \u00e9lectrique \u00e0 Goodwood en premi\u00e8re mondiale - Benoit Charette - Annuel automobile - CanadaMotorJobs.com.\" \/>\n<meta name=\"robots\" content=\"index, follow, max-snippet:-1, max-image-preview:large, max-video-preview:-1\" \/>\n<meta property=\"og:locale\" content=\"fr_CA\" \/>\n<meta property=\"og:type\" content=\"article\" \/>\n<meta property=\"og:title\" content=\"Caterham pr\u00e9sentera l\u2019EV\u00a0Seven \u00e9lectrique \u00e0 Goodwood en premi\u00e8re mondiale - CanadaMotorJobs.com\" \/>\n<meta property=\"og:description\" content=\"Caterham pr\u00e9sentera l\u2019EV\u00a0Seven \u00e9lectrique \u00e0 Goodwood en premi\u00e8re mondiale - Benoit Charette - Annuel automobile - CanadaMotorJobs.com.\" \/>\n<meta property=\"og:url\" content=\"https:\/\/news.canadamotorjobs.com\/fr\/caterham-presentera-lev-seven-electrique-a-goodwood-en-premiere-mondiale\/\" \/>\n<meta property=\"og:site_name\" content=\"CanadaMotorJobs.com\" \/>\n<meta property=\"article:publisher\" content=\"https:\/\/www.facebook.com\/canadamotorjobs\/\" \/>\n<meta property=\"article:published_time\" content=\"2023-06-01T00:23:01+00:00\" \/>\n<meta property=\"article:modified_time\" content=\"2023-06-01T00:50:18+00:00\" \/>\n<meta property=\"og:image\" content=\"https:\/\/news.canadamotorjobs.com\/wp-content\/uploads\/2023\/05\/Caterham-EV-Seven-2023-3.jpg\" \/>\n\t<meta property=\"og:image:width\" content=\"1500\" \/>\n\t<meta property=\"og:image:height\" content=\"1000\" \/>\n\t<meta property=\"og:image:type\" content=\"image\/jpeg\" \/>\n<meta name=\"author\" content=\"Benoit Charette\" \/>\n<meta name=\"twitter:card\" content=\"summary_large_image\" \/>\n<meta name=\"twitter:creator\" content=\"@canadamotorjobs\" \/>\n<meta name=\"twitter:site\" content=\"@canadamotorjobs\" \/>\n<meta name=\"twitter:label1\" content=\"\u00c9crit par\" \/>\n\t<meta name=\"twitter:data1\" content=\"Benoit Charette\" \/>\n\t<meta name=\"twitter:label2\" content=\"Estimation du temps de lecture\" \/>\n\t<meta name=\"twitter:data2\" content=\"3 minutes\" \/>\n<!-- \/ Yoast SEO plugin. -->","yoast_head_json":{"title":"Caterham pr\u00e9sentera l\u2019EV\u00a0Seven \u00e9lectrique \u00e0 Goodwood en premi\u00e8re mondiale - CanadaMotorJobs.com","description":"Caterham pr\u00e9sentera l\u2019EV\u00a0Seven \u00e9lectrique \u00e0 Goodwood en premi\u00e8re mondiale - Benoit Charette - Annuel automobile - CanadaMotorJobs.com.","robots":{"index":"index","follow":"follow","max-snippet":"max-snippet:-1","max-image-preview":"max-image-preview:large","max-video-preview":"max-video-preview:-1"},"og_locale":"fr_CA","og_type":"article","og_title":"Caterham pr\u00e9sentera l\u2019EV\u00a0Seven \u00e9lectrique \u00e0 Goodwood en premi\u00e8re mondiale - CanadaMotorJobs.com","og_description":"Caterham pr\u00e9sentera l\u2019EV\u00a0Seven \u00e9lectrique \u00e0 Goodwood en premi\u00e8re mondiale - Benoit Charette - Annuel automobile - CanadaMotorJobs.com.","og_url":"https:\/\/news.canadamotorjobs.com\/fr\/caterham-presentera-lev-seven-electrique-a-goodwood-en-premiere-mondiale\/","og_site_name":"CanadaMotorJobs.com","article_publisher":"https:\/\/www.facebook.com\/canadamotorjobs\/","article_published_time":"2023-06-01T00:23:01+00:00","article_modified_time":"2023-06-01T00:50:18+00:00","og_image":[{"width":1500,"height":1000,"url":"https:\/\/news.canadamotorjobs.com\/wp-content\/uploads\/2023\/05\/Caterham-EV-Seven-2023-3.jpg","type":"image\/jpeg"}],"author":"Benoit Charette","twitter_card":"summary_large_image","twitter_creator":"@canadamotorjobs","twitter_site":"@canadamotorjobs","twitter_misc":{"\u00c9crit par":"Benoit Charette","Estimation du temps de lecture":"3 minutes"},"schema":{"@context":"https:\/\/schema.org","@graph":[{"@type":"Article","@id":"https:\/\/news.canadamotorjobs.com\/fr\/caterham-presentera-lev-seven-electrique-a-goodwood-en-premiere-mondiale\/#article","isPartOf":{"@id":"https:\/\/news.canadamotorjobs.com\/fr\/caterham-presentera-lev-seven-electrique-a-goodwood-en-premiere-mondiale\/"},"author":{"name":"Benoit Charette","@id":"https:\/\/news.canadamotorjobs.com\/#\/schema\/person\/51793d1f87d44011d7bcc2ed99269a90"},"headline":"Caterham pr\u00e9sentera l\u2019EV\u00a0Seven \u00e9lectrique \u00e0 Goodwood en premi\u00e8re mondiale","datePublished":"2023-06-01T00:23:01+00:00","dateModified":"2023-06-01T00:50:18+00:00","mainEntityOfPage":{"@id":"https:\/\/news.canadamotorjobs.com\/fr\/caterham-presentera-lev-seven-electrique-a-goodwood-en-premiere-mondiale\/"},"wordCount":590,"publisher":{"@id":"https:\/\/news.canadamotorjobs.com\/#organization"},"image":{"@id":"https:\/\/news.canadamotorjobs.com\/fr\/caterham-presentera-lev-seven-electrique-a-goodwood-en-premiere-mondiale\/#primaryimage"},"thumbnailUrl":"https:\/\/news.canadamotorjobs.com\/wp-content\/uploads\/2023\/05\/Caterham-EV-Seven-2023-3.jpg","articleSection":["Annuel automobile"],"inLanguage":"fr-CA"},{"@type":"WebPage","@id":"https:\/\/news.canadamotorjobs.com\/fr\/caterham-presentera-lev-seven-electrique-a-goodwood-en-premiere-mondiale\/","url":"https:\/\/news.canadamotorjobs.com\/fr\/caterham-presentera-lev-seven-electrique-a-goodwood-en-premiere-mondiale\/","name":"Caterham pr\u00e9sentera l\u2019EV\u00a0Seven \u00e9lectrique \u00e0 Goodwood en premi\u00e8re mondiale - CanadaMotorJobs.com","isPartOf":{"@id":"https:\/\/news.canadamotorjobs.com\/#website"},"primaryImageOfPage":{"@id":"https:\/\/news.canadamotorjobs.com\/fr\/caterham-presentera-lev-seven-electrique-a-goodwood-en-premiere-mondiale\/#primaryimage"},"image":{"@id":"https:\/\/news.canadamotorjobs.com\/fr\/caterham-presentera-lev-seven-electrique-a-goodwood-en-premiere-mondiale\/#primaryimage"},"thumbnailUrl":"https:\/\/news.canadamotorjobs.com\/wp-content\/uploads\/2023\/05\/Caterham-EV-Seven-2023-3.jpg","datePublished":"2023-06-01T00:23:01+00:00","dateModified":"2023-06-01T00:50:18+00:00","description":"Caterham pr\u00e9sentera l\u2019EV\u00a0Seven \u00e9lectrique \u00e0 Goodwood en premi\u00e8re mondiale - Benoit Charette - Annuel automobile - CanadaMotorJobs.com.","breadcrumb":{"@id":"https:\/\/news.canadamotorjobs.com\/fr\/caterham-presentera-lev-seven-electrique-a-goodwood-en-premiere-mondiale\/#breadcrumb"},"inLanguage":"fr-CA","potentialAction":[{"@type":"ReadAction","target":["https:\/\/news.canadamotorjobs.com\/fr\/caterham-presentera-lev-seven-electrique-a-goodwood-en-premiere-mondiale\/"]}]},{"@type":"ImageObject","inLanguage":"fr-CA","@id":"https:\/\/news.canadamotorjobs.com\/fr\/caterham-presentera-lev-seven-electrique-a-goodwood-en-premiere-mondiale\/#primaryimage","url":"https:\/\/news.canadamotorjobs.com\/wp-content\/uploads\/2023\/05\/Caterham-EV-Seven-2023-3.jpg","contentUrl":"https:\/\/news.canadamotorjobs.com\/wp-content\/uploads\/2023\/05\/Caterham-EV-Seven-2023-3.jpg","width":1500,"height":1000},{"@type":"BreadcrumbList","@id":"https:\/\/news.canadamotorjobs.com\/fr\/caterham-presentera-lev-seven-electrique-a-goodwood-en-premiere-mondiale\/#breadcrumb","itemListElement":[{"@type":"ListItem","position":1,"name":"Home","item":"https:\/\/news.canadamotorjobs.com\/fr\/blog\/"},{"@type":"ListItem","position":2,"name":"Caterham pr\u00e9sentera l\u2019EV\u00a0Seven \u00e9lectrique \u00e0 Goodwood en premi\u00e8re mondiale"}]},{"@type":"WebSite","@id":"https:\/\/news.canadamotorjobs.com\/#website","url":"https:\/\/news.canadamotorjobs.com\/","name":"CanadaMotorJobs.com","description":"Automotive Jobs","publisher":{"@id":"https:\/\/news.canadamotorjobs.com\/#organization"},"potentialAction":[{"@type":"SearchAction","target":{"@type":"EntryPoint","urlTemplate":"https:\/\/news.canadamotorjobs.com\/?s={search_term_string}"},"query-input":"required name=search_term_string"}],"inLanguage":"fr-CA"},{"@type":"Organization","@id":"https:\/\/news.canadamotorjobs.com\/#organization","name":"Canada Motor Jobs","url":"https:\/\/news.canadamotorjobs.com\/","logo":{"@type":"ImageObject","inLanguage":"fr-CA","@id":"https:\/\/news.canadamotorjobs.com\/#\/schema\/logo\/image\/","url":"https:\/\/news.canadamotorjobs.com\/wp-content\/uploads\/2022\/10\/logo-canada-motor-jobs-1.png","contentUrl":"https:\/\/news.canadamotorjobs.com\/wp-content\/uploads\/2022\/10\/logo-canada-motor-jobs-1.png","width":800,"height":400,"caption":"Canada Motor Jobs"},"image":{"@id":"https:\/\/news.canadamotorjobs.com\/#\/schema\/logo\/image\/"},"sameAs":["https:\/\/www.facebook.com\/canadamotorjobs\/","https:\/\/x.com\/canadamotorjobs","https:\/\/www.instagram.com\/canadamotorjobs\/","https:\/\/www.linkedin.com\/company\/canadamotorjobs"]},{"@type":"Person","@id":"https:\/\/news.canadamotorjobs.com\/#\/schema\/person\/51793d1f87d44011d7bcc2ed99269a90","name":"Benoit Charette","image":{"@type":"ImageObject","inLanguage":"fr-CA","@id":"https:\/\/news.canadamotorjobs.com\/#\/schema\/person\/image\/","url":"https:\/\/secure.gravatar.com\/avatar\/45f3d2eebcccd909668d7ce7ea7267b6?s=96&d=mm&r=g","contentUrl":"https:\/\/secure.gravatar.com\/avatar\/45f3d2eebcccd909668d7ce7ea7267b6?s=96&d=mm&r=g","caption":"Benoit Charette"},"description":"Benoit Charette \/ Propri\u00e9taire et r\u00e9dacteur en chef Benoit Charette pratique le journalisme automobile depuis bient\u00f4t 30 ans. Il a fait ses classes au c\u00f4t\u00e9 de Daniel H\u00e9raud et au Carnet de route de 1992 \u00e0 2001. Il est fondateur, copropri\u00e9taire et r\u00e9dacteur en chef de L\u2019Annuel de l\u2019automobile, qu\u2019il publie depuis 2001. Il a anim\u00e9 les \u00e9missions RPM et RPM+ sur V et les L\u00e9gendes de la route sur Historia. \u00c0 la radio depuis 1986, il reprend l\u2019antenne cette ann\u00e9e sur les ondes de Cogeco et participe pour la deuxi\u00e8me ann\u00e9e \u00e0 l\u2019\u00e9mission Passion Auto sur RDS en plus de mettre en ligne le site Web officiel de L\u2019Annuel de l\u2019automobile sur annuelauto.ca.","sameAs":["https:\/\/annuelauto.ca\/"],"url":"https:\/\/news.canadamotorjobs.com\/fr\/author\/benoit-charette\/"}]}},"_links":{"self":[{"href":"https:\/\/news.canadamotorjobs.com\/fr\/wp-json\/wp\/v2\/posts\/145829"}],"collection":[{"href":"https:\/\/news.canadamotorjobs.com\/fr\/wp-json\/wp\/v2\/posts"}],"about":[{"href":"https:\/\/news.canadamotorjobs.com\/fr\/wp-json\/wp\/v2\/types\/post"}],"author":[{"embeddable":true,"href":"https:\/\/news.canadamotorjobs.com\/fr\/wp-json\/wp\/v2\/users\/8"}],"replies":[{"embeddable":true,"href":"https:\/\/news.canadamotorjobs.com\/fr\/wp-json\/wp\/v2\/comments?post=145829"}],"version-history":[{"count":2,"href":"https:\/\/news.canadamotorjobs.com\/fr\/wp-json\/wp\/v2\/posts\/145829\/revisions"}],"predecessor-version":[{"id":145833,"href":"https:\/\/news.canadamotorjobs.com\/fr\/wp-json\/wp\/v2\/posts\/145829\/revisions\/145833"}],"wp:featuredmedia":[{"embeddable":true,"href":"https:\/\/news.canadamotorjobs.com\/fr\/wp-json\/wp\/v2\/media\/145831"}],"wp:attachment":[{"href":"https:\/\/news.canadamotorjobs.com\/fr\/wp-json\/wp\/v2\/media?parent=145829"}],"wp:term":[{"taxonomy":"category","embeddable":true,"href":"https:\/\/news.canadamotorjobs.com\/fr\/wp-json\/wp\/v2\/categories?post=145829"},{"taxonomy":"post_tag","embeddable":true,"href":"https:\/\/news.canadamotorjobs.com\/fr\/wp-json\/wp\/v2\/tags?post=145829"}],"curies":[{"name":"wp","href":"https:\/\/api.w.org\/{rel}","templated":true}]}}