{"id":145771,"date":"2023-05-31T17:28:29","date_gmt":"2023-05-31T21:28:29","guid":{"rendered":"https:\/\/news.canadamotorjobs.com\/?p=145771"},"modified":"2023-05-31T17:31:16","modified_gmt":"2023-05-31T21:31:16","slug":"uber-evalue-a-16-milliard-son-impact-economique-au-quebec-en-2022","status":"publish","type":"post","link":"https:\/\/news.canadamotorjobs.com\/fr\/uber-evalue-a-16-milliard-son-impact-economique-au-quebec-en-2022\/","title":{"rendered":"Uber \u00e9value \u00e0 1,6 milliard $ son impact \u00e9conomique au Qu\u00e9bec en 2022"},"content":{"rendered":"<\/p>\n<p>Uber calcule \u00e0 1,6 milliard $ les revenus de ses chauffeurs et de ses livreurs, ainsi que les revenus additionnels g\u00e9n\u00e9r\u00e9s gr\u00e2ce \u00e0 son application par les commer\u00e7ants et les restaurateurs partout au Qu\u00e9bec en 2022. Elle conclut donc que sa pr\u00e9sence au Qu\u00e9bec est positive, ce qui est quand m\u00eame un peu d\u00e9battable.<\/p>\n<p>Car pour plusieurs, Uber a encore beaucoup \u00e0 se faire pardonner. Le service de taxi par application mobile incarne un mod\u00e8le \u00e9conomique qu\u2019on a appel\u00e9 \u00abl\u2019\u00e9conomie des petites jobines\u00bb ces 10 derni\u00e8res ann\u00e9es, o\u00f9 les gens doivent accumuler des petits boulots tr\u00e8s pr\u00e9caires et pas tr\u00e8s payants pour subvenir \u00e0 leurs besoins. Puis, durant la pand\u00e9mie, le service de livraison de repas Uber Eats a \u00e9t\u00e9 point\u00e9 du doigt pour ses frais \u00e9lev\u00e9s impos\u00e9s aux restaurateurs, qui refilaient la facture aux clients, qui finissaient par trouver tout \u00e7a trop cher.<\/p>\n<p>Alors, pour redorer un peu son blason, Uber a publi\u00e9 plus t\u00f4t cette semaine un rapport d\u00e9taillant ce que le service californien estime \u00eatre son impact \u00e9conomique au Qu\u00e9bec. L\u2019entreprise dit avoir observ\u00e9 un regain de popularit\u00e9 en 2022, notamment du c\u00f4t\u00e9 du nombre de chauffeurs et de livreurs qui utilisaient sa plateforme, notamment en raison de la hausse du co\u00fbt de la vie provoqu\u00e9e par l\u2019inflation \u00e9lev\u00e9e qu\u2019on conna\u00eet depuis environ un an.<\/p>\n<p>D\u2019ailleurs, Uber est dans la grande majorit\u00e9 des cas un deuxi\u00e8me emploi. 66\u00a0% des chauffeurs disent utiliser Uber pour faire des revenus suppl\u00e9mentaires, la plupart ayant d\u00e9j\u00e0 un v\u00e9ritable boulot plus payant que ce qu\u2019ils tirent en offrant leurs services sur Uber.<\/p>\n<p>Cela dit, Uber estime que les restaurateurs ont empoch\u00e9 201 millions $ en revenus de plus que ce qu\u2019ils auraient empoch\u00e9 sans utiliser Uber Eats. Des \u00e9piciers aussi en profitent, puisque la moiti\u00e9 des utilisateurs d\u2019Uber Eats se sont aussi fait livrer des articles d\u2019\u00e9picerie \u00e0 au moins une reprise en 2022.<\/p>\n<p>Enfin, du c\u00f4t\u00e9 du transport de personnes, Uber continue son virage \u00e9lectrique. Le service promet que tous ses chauffeurs auront des v\u00e9hicules \u00e9lectriques au plus tard en 2030. On dit que les Qu\u00e9b\u00e9cois sont avec les gens de Colombie-Britannique les Canadiens plus susceptibles de payer un peu plus pour se d\u00e9placer \u00e0 bord d\u2019un taxi \u00e9lectrique, ce qui est une bonne nouvelle pour Uber.<\/p>\n<p>Le texte <a rel=\"nofollow\" href=\"https:\/\/annuelauto.ca\/uber-evalue-a-16-milliard-son-impact-economique-au-quebec-en-2022\/\">Uber \u00e9value \u00e0 1,6 milliard $ son impact \u00e9conomique au Qu\u00e9bec en 2022<\/a> provient de <a rel=\"nofollow\" href=\"https:\/\/annuelauto.ca\">L&#8217;annuel de l&#8217;automobile &#8211; Actualit\u00e9 automobile<\/a><\/p>\n<p><\/p>\n","protected":false},"excerpt":{"rendered":"<p>Uber calcule \u00e0 1,6 milliard $ les revenus de ses chauffeurs et de ses livreurs, ainsi que les revenus additionnels g\u00e9n\u00e9r\u00e9s gr\u00e2ce \u00e0 son application par les commer\u00e7ants et les restaurateurs partout au Qu\u00e9bec en 2022. Elle conclut donc que sa pr\u00e9sence au Qu\u00e9bec est positive, ce qui est quand m\u00eame un peu d\u00e9battable. Car [&hellip;]<\/p>\n","protected":false},"author":8,"featured_media":145773,"comment_status":"close","ping_status":"closed","sticky":false,"template":"","format":"standard","meta":{"_monsterinsights_skip_tracking":false,"_monsterinsights_sitenote_active":false,"_monsterinsights_sitenote_note":"","_monsterinsights_sitenote_category":0,"footnotes":""},"categories":[101],"tags":[],"yoast_head":"<!-- This site is optimized with the Yoast SEO plugin v23.2 - https:\/\/yoast.com\/wordpress\/plugins\/seo\/ -->\n<title>Uber \u00e9value \u00e0 1,6 milliard $ son impact \u00e9conomique au Qu\u00e9bec en 2022 - CanadaMotorJobs.com<\/title>\n<meta name=\"description\" content=\"Uber \u00e9value \u00e0 1,6 milliard $ son impact \u00e9conomique au Qu\u00e9bec en 2022 - Benoit Charette - Annuel automobile - CanadaMotorJobs.com.\" \/>\n<meta name=\"robots\" content=\"index, follow, max-snippet:-1, max-image-preview:large, max-video-preview:-1\" \/>\n<meta property=\"og:locale\" content=\"fr_CA\" \/>\n<meta property=\"og:type\" content=\"article\" \/>\n<meta property=\"og:title\" content=\"Uber \u00e9value \u00e0 1,6 milliard $ son impact \u00e9conomique au Qu\u00e9bec en 2022 - CanadaMotorJobs.com\" \/>\n<meta property=\"og:description\" content=\"Uber \u00e9value \u00e0 1,6 milliard $ son impact \u00e9conomique au Qu\u00e9bec en 2022 - Benoit Charette - Annuel automobile - CanadaMotorJobs.com.\" \/>\n<meta property=\"og:url\" content=\"https:\/\/news.canadamotorjobs.com\/fr\/uber-evalue-a-16-milliard-son-impact-economique-au-quebec-en-2022\/\" \/>\n<meta property=\"og:site_name\" content=\"CanadaMotorJobs.com\" \/>\n<meta property=\"article:publisher\" content=\"https:\/\/www.facebook.com\/canadamotorjobs\/\" \/>\n<meta property=\"article:published_time\" content=\"2023-05-31T21:28:29+00:00\" \/>\n<meta property=\"article:modified_time\" content=\"2023-05-31T21:31:16+00:00\" \/>\n<meta property=\"og:image\" content=\"https:\/\/news.canadamotorjobs.com\/wp-content\/uploads\/2023\/05\/CP16614219-scaled-e1621544372178.jpg\" \/>\n\t<meta property=\"og:image:width\" content=\"2560\" \/>\n\t<meta property=\"og:image:height\" content=\"1440\" \/>\n\t<meta property=\"og:image:type\" content=\"image\/jpeg\" \/>\n<meta name=\"author\" content=\"Benoit Charette\" \/>\n<meta name=\"twitter:card\" content=\"summary_large_image\" \/>\n<meta name=\"twitter:creator\" content=\"@canadamotorjobs\" \/>\n<meta name=\"twitter:site\" content=\"@canadamotorjobs\" \/>\n<meta name=\"twitter:label1\" content=\"\u00c9crit par\" \/>\n\t<meta name=\"twitter:data1\" content=\"Benoit Charette\" \/>\n\t<meta name=\"twitter:label2\" content=\"Estimation du temps de lecture\" \/>\n\t<meta name=\"twitter:data2\" content=\"2 minutes\" \/>\n<!-- \/ Yoast SEO plugin. -->","yoast_head_json":{"title":"Uber \u00e9value \u00e0 1,6 milliard $ son impact \u00e9conomique au Qu\u00e9bec en 2022 - CanadaMotorJobs.com","description":"Uber \u00e9value \u00e0 1,6 milliard $ son impact \u00e9conomique au Qu\u00e9bec en 2022 - Benoit Charette - Annuel automobile - CanadaMotorJobs.com.","robots":{"index":"index","follow":"follow","max-snippet":"max-snippet:-1","max-image-preview":"max-image-preview:large","max-video-preview":"max-video-preview:-1"},"og_locale":"fr_CA","og_type":"article","og_title":"Uber \u00e9value \u00e0 1,6 milliard $ son impact \u00e9conomique au Qu\u00e9bec en 2022 - CanadaMotorJobs.com","og_description":"Uber \u00e9value \u00e0 1,6 milliard $ son impact \u00e9conomique au Qu\u00e9bec en 2022 - Benoit Charette - Annuel automobile - CanadaMotorJobs.com.","og_url":"https:\/\/news.canadamotorjobs.com\/fr\/uber-evalue-a-16-milliard-son-impact-economique-au-quebec-en-2022\/","og_site_name":"CanadaMotorJobs.com","article_publisher":"https:\/\/www.facebook.com\/canadamotorjobs\/","article_published_time":"2023-05-31T21:28:29+00:00","article_modified_time":"2023-05-31T21:31:16+00:00","og_image":[{"width":2560,"height":1440,"url":"https:\/\/news.canadamotorjobs.com\/wp-content\/uploads\/2023\/05\/CP16614219-scaled-e1621544372178.jpg","type":"image\/jpeg"}],"author":"Benoit Charette","twitter_card":"summary_large_image","twitter_creator":"@canadamotorjobs","twitter_site":"@canadamotorjobs","twitter_misc":{"\u00c9crit par":"Benoit Charette","Estimation du temps de lecture":"2 minutes"},"schema":{"@context":"https:\/\/schema.org","@graph":[{"@type":"Article","@id":"https:\/\/news.canadamotorjobs.com\/fr\/uber-evalue-a-16-milliard-son-impact-economique-au-quebec-en-2022\/#article","isPartOf":{"@id":"https:\/\/news.canadamotorjobs.com\/fr\/uber-evalue-a-16-milliard-son-impact-economique-au-quebec-en-2022\/"},"author":{"name":"Benoit Charette","@id":"https:\/\/news.canadamotorjobs.com\/#\/schema\/person\/51793d1f87d44011d7bcc2ed99269a90"},"headline":"Uber \u00e9value \u00e0 1,6 milliard $ son impact \u00e9conomique au Qu\u00e9bec en 2022","datePublished":"2023-05-31T21:28:29+00:00","dateModified":"2023-05-31T21:31:16+00:00","mainEntityOfPage":{"@id":"https:\/\/news.canadamotorjobs.com\/fr\/uber-evalue-a-16-milliard-son-impact-economique-au-quebec-en-2022\/"},"wordCount":439,"publisher":{"@id":"https:\/\/news.canadamotorjobs.com\/#organization"},"image":{"@id":"https:\/\/news.canadamotorjobs.com\/fr\/uber-evalue-a-16-milliard-son-impact-economique-au-quebec-en-2022\/#primaryimage"},"thumbnailUrl":"https:\/\/news.canadamotorjobs.com\/wp-content\/uploads\/2023\/05\/CP16614219-scaled-e1621544372178.jpg","articleSection":["Annuel automobile"],"inLanguage":"fr-CA"},{"@type":"WebPage","@id":"https:\/\/news.canadamotorjobs.com\/fr\/uber-evalue-a-16-milliard-son-impact-economique-au-quebec-en-2022\/","url":"https:\/\/news.canadamotorjobs.com\/fr\/uber-evalue-a-16-milliard-son-impact-economique-au-quebec-en-2022\/","name":"Uber \u00e9value \u00e0 1,6 milliard $ son impact \u00e9conomique au Qu\u00e9bec en 2022 - CanadaMotorJobs.com","isPartOf":{"@id":"https:\/\/news.canadamotorjobs.com\/#website"},"primaryImageOfPage":{"@id":"https:\/\/news.canadamotorjobs.com\/fr\/uber-evalue-a-16-milliard-son-impact-economique-au-quebec-en-2022\/#primaryimage"},"image":{"@id":"https:\/\/news.canadamotorjobs.com\/fr\/uber-evalue-a-16-milliard-son-impact-economique-au-quebec-en-2022\/#primaryimage"},"thumbnailUrl":"https:\/\/news.canadamotorjobs.com\/wp-content\/uploads\/2023\/05\/CP16614219-scaled-e1621544372178.jpg","datePublished":"2023-05-31T21:28:29+00:00","dateModified":"2023-05-31T21:31:16+00:00","description":"Uber \u00e9value \u00e0 1,6 milliard $ son impact \u00e9conomique au Qu\u00e9bec en 2022 - Benoit Charette - Annuel automobile - CanadaMotorJobs.com.","breadcrumb":{"@id":"https:\/\/news.canadamotorjobs.com\/fr\/uber-evalue-a-16-milliard-son-impact-economique-au-quebec-en-2022\/#breadcrumb"},"inLanguage":"fr-CA","potentialAction":[{"@type":"ReadAction","target":["https:\/\/news.canadamotorjobs.com\/fr\/uber-evalue-a-16-milliard-son-impact-economique-au-quebec-en-2022\/"]}]},{"@type":"ImageObject","inLanguage":"fr-CA","@id":"https:\/\/news.canadamotorjobs.com\/fr\/uber-evalue-a-16-milliard-son-impact-economique-au-quebec-en-2022\/#primaryimage","url":"https:\/\/news.canadamotorjobs.com\/wp-content\/uploads\/2023\/05\/CP16614219-scaled-e1621544372178.jpg","contentUrl":"https:\/\/news.canadamotorjobs.com\/wp-content\/uploads\/2023\/05\/CP16614219-scaled-e1621544372178.jpg","width":2560,"height":1440},{"@type":"BreadcrumbList","@id":"https:\/\/news.canadamotorjobs.com\/fr\/uber-evalue-a-16-milliard-son-impact-economique-au-quebec-en-2022\/#breadcrumb","itemListElement":[{"@type":"ListItem","position":1,"name":"Home","item":"https:\/\/news.canadamotorjobs.com\/fr\/blog\/"},{"@type":"ListItem","position":2,"name":"Uber \u00e9value \u00e0 1,6 milliard $ son impact \u00e9conomique au Qu\u00e9bec en 2022"}]},{"@type":"WebSite","@id":"https:\/\/news.canadamotorjobs.com\/#website","url":"https:\/\/news.canadamotorjobs.com\/","name":"CanadaMotorJobs.com","description":"Automotive Jobs","publisher":{"@id":"https:\/\/news.canadamotorjobs.com\/#organization"},"potentialAction":[{"@type":"SearchAction","target":{"@type":"EntryPoint","urlTemplate":"https:\/\/news.canadamotorjobs.com\/?s={search_term_string}"},"query-input":"required name=search_term_string"}],"inLanguage":"fr-CA"},{"@type":"Organization","@id":"https:\/\/news.canadamotorjobs.com\/#organization","name":"Canada Motor Jobs","url":"https:\/\/news.canadamotorjobs.com\/","logo":{"@type":"ImageObject","inLanguage":"fr-CA","@id":"https:\/\/news.canadamotorjobs.com\/#\/schema\/logo\/image\/","url":"https:\/\/news.canadamotorjobs.com\/wp-content\/uploads\/2022\/10\/logo-canada-motor-jobs-1.png","contentUrl":"https:\/\/news.canadamotorjobs.com\/wp-content\/uploads\/2022\/10\/logo-canada-motor-jobs-1.png","width":800,"height":400,"caption":"Canada Motor Jobs"},"image":{"@id":"https:\/\/news.canadamotorjobs.com\/#\/schema\/logo\/image\/"},"sameAs":["https:\/\/www.facebook.com\/canadamotorjobs\/","https:\/\/x.com\/canadamotorjobs","https:\/\/www.instagram.com\/canadamotorjobs\/","https:\/\/www.linkedin.com\/company\/canadamotorjobs"]},{"@type":"Person","@id":"https:\/\/news.canadamotorjobs.com\/#\/schema\/person\/51793d1f87d44011d7bcc2ed99269a90","name":"Benoit Charette","image":{"@type":"ImageObject","inLanguage":"fr-CA","@id":"https:\/\/news.canadamotorjobs.com\/#\/schema\/person\/image\/","url":"https:\/\/secure.gravatar.com\/avatar\/45f3d2eebcccd909668d7ce7ea7267b6?s=96&d=mm&r=g","contentUrl":"https:\/\/secure.gravatar.com\/avatar\/45f3d2eebcccd909668d7ce7ea7267b6?s=96&d=mm&r=g","caption":"Benoit Charette"},"description":"Benoit Charette \/ Propri\u00e9taire et r\u00e9dacteur en chef Benoit Charette pratique le journalisme automobile depuis bient\u00f4t 30 ans. Il a fait ses classes au c\u00f4t\u00e9 de Daniel H\u00e9raud et au Carnet de route de 1992 \u00e0 2001. Il est fondateur, copropri\u00e9taire et r\u00e9dacteur en chef de L\u2019Annuel de l\u2019automobile, qu\u2019il publie depuis 2001. Il a anim\u00e9 les \u00e9missions RPM et RPM+ sur V et les L\u00e9gendes de la route sur Historia. \u00c0 la radio depuis 1986, il reprend l\u2019antenne cette ann\u00e9e sur les ondes de Cogeco et participe pour la deuxi\u00e8me ann\u00e9e \u00e0 l\u2019\u00e9mission Passion Auto sur RDS en plus de mettre en ligne le site Web officiel de L\u2019Annuel de l\u2019automobile sur annuelauto.ca.","sameAs":["https:\/\/annuelauto.ca\/"],"url":"https:\/\/news.canadamotorjobs.com\/fr\/author\/benoit-charette\/"}]}},"_links":{"self":[{"href":"https:\/\/news.canadamotorjobs.com\/fr\/wp-json\/wp\/v2\/posts\/145771"}],"collection":[{"href":"https:\/\/news.canadamotorjobs.com\/fr\/wp-json\/wp\/v2\/posts"}],"about":[{"href":"https:\/\/news.canadamotorjobs.com\/fr\/wp-json\/wp\/v2\/types\/post"}],"author":[{"embeddable":true,"href":"https:\/\/news.canadamotorjobs.com\/fr\/wp-json\/wp\/v2\/users\/8"}],"replies":[{"embeddable":true,"href":"https:\/\/news.canadamotorjobs.com\/fr\/wp-json\/wp\/v2\/comments?post=145771"}],"version-history":[{"count":2,"href":"https:\/\/news.canadamotorjobs.com\/fr\/wp-json\/wp\/v2\/posts\/145771\/revisions"}],"predecessor-version":[{"id":145775,"href":"https:\/\/news.canadamotorjobs.com\/fr\/wp-json\/wp\/v2\/posts\/145771\/revisions\/145775"}],"wp:featuredmedia":[{"embeddable":true,"href":"https:\/\/news.canadamotorjobs.com\/fr\/wp-json\/wp\/v2\/media\/145773"}],"wp:attachment":[{"href":"https:\/\/news.canadamotorjobs.com\/fr\/wp-json\/wp\/v2\/media?parent=145771"}],"wp:term":[{"taxonomy":"category","embeddable":true,"href":"https:\/\/news.canadamotorjobs.com\/fr\/wp-json\/wp\/v2\/categories?post=145771"},{"taxonomy":"post_tag","embeddable":true,"href":"https:\/\/news.canadamotorjobs.com\/fr\/wp-json\/wp\/v2\/tags?post=145771"}],"curies":[{"name":"wp","href":"https:\/\/api.w.org\/{rel}","templated":true}]}}