{"id":145748,"date":"2023-05-30T19:48:58","date_gmt":"2023-05-30T23:48:58","guid":{"rendered":"https:\/\/news.canadamotorjobs.com\/?p=145748"},"modified":"2023-05-30T20:17:10","modified_gmt":"2023-05-31T00:17:10","slug":"munro-les-nouveaux-4x4-ecossais","status":"publish","type":"post","link":"https:\/\/news.canadamotorjobs.com\/fr\/munro-les-nouveaux-4x4-ecossais\/","title":{"rendered":"Munro, les nouveaux 4\u00d74 \u00e9cossais"},"content":{"rendered":"<\/p>\n<p>L\u2019histoire du Munro\u00a0Mark\u00a01 s\u2019apparente \u00e0 celle des <a href=\"https:\/\/annuelauto.ca\/bollinger-motors-avance-a-petits-pas-vers-une-eventuelle-commercialisation\/\" target=\"_blank\" rel=\"noopener noreferrer\">Bollinger<\/a>\u00a0B1 et B2. Dans les deux cas, on a affaire \u00e0 des <a href=\"https:\/\/annuelauto.ca\/suzuki-lance-son-premier-jimny-a-5-portes\/\" target=\"_blank\" rel=\"noopener noreferrer\">4&#215;4<\/a> d\u2019un nouveau constructeur de v\u00e9hicules \u00e9lectriques, le premier \u00e9tant \u00e9cossais et le second \u00e9tatsunien. Dans les deux cas, il s\u2019agit de tout-terrains ayant une conception sans compromis qui se refl\u00e8te dans des formes anguleuses aussi sophistiqu\u00e9es que celles d\u2019une bo\u00eete \u00e0 chaussures. Il y a cependant une diff\u00e9rence majeure entre ces deux marques. L\u2019\u00e9cossaise a abouti \u00e0 la commercialisation de ses v\u00e9hicules, mais pas l\u2019autre.<\/p>\n<p>C\u2019est en juillet 2019 que Russell Peterson et Ross Anderson ont fond\u00e9 la soci\u00e9t\u00e9 All\u00a0Terrain All\u00a0Electric\u00a0Ltd \u00e0 Glasgow pour fabriquer les utilitaires \u00e9lectriques \u00e0 quatre roues motrices Munro, un nom qui d\u00e9signe les montagnes de plus de 914 m\u00e8tres dans cette r\u00e9gion du Royaume-Uni.<span class=\"Apple-converted-space\">\u00a0<\/span><\/p>\n<p>Ces 4&#215;4 sont d\u2019ailleurs les premiers v\u00e9hicules con\u00e7us et fabriqu\u00e9s par une entreprise \u00e9cossaise depuis la disparition des taxis Beardmore, en 1966.<\/p>\n<p>Le premier mod\u00e8le de cette marque, l\u2019utilitaire \u00e0 5\u00a0portes Munro Mark\u00a01, a fait ses d\u00e9buts le 5\u00a0d\u00e9cembre\u00a02022. Dot\u00e9 d\u2019une carrosserie tout-aluminium fix\u00e9e \u00e0 un ch\u00e2ssis \u00e0 longerons, il a une capacit\u00e9 de charge de 1\u00a0000\u00a0kg, une capacit\u00e9 de remorquage de 3\u00a0500\u00a0kg et une garde au sol de 480\u00a0mm. Cet imposant v\u00e9hicule \u00e0 cinq places b\u00e9n\u00e9ficie \u00e9galement d\u2019une capacit\u00e9 de franchissement de 800\u00a0mm dans les plans d\u2019eau.<\/p>\n<h3><strong>Choix de deux moteurs et deux batteries<\/strong><\/h3>\n<p>\nL\u2019acheteur a le choix d\u2019un moteur mont\u00e9 en position centrale de 220 ou 280\u00a0kW (293 ou 373\u00a0ch) aliment\u00e9s par une batterie de 61\u00a0ou 82\u00a0kWh. Dans les meilleures conditions, ce Munro pourra parcourir jusqu\u2019\u00e0 306\u00a0km ou fonctionner 16\u00a0heures durant avant de devoir \u00eatre recharg\u00e9. C\u2019est ce qu\u2019affirme son constructeur qui le destine avant tout \u00e0 un usage commercial et industriel\u00a0: les mines, la construction, les services publics, l\u2019agriculture, etc.<\/p>\n<p>L\u2019utilitaire Mark\u00a01 est offert \u00e0 partir de 49\u00a0995\u00a0\u00a3 (environ 84\u00a0000\u00a0$) et les premi\u00e8res livraisons auront lieu cette ann\u00e9e. Mais depuis peu, il y a du nouveau. En effet, plus t\u00f4t ce mois-ci, Munro a d\u00e9voil\u00e9 la seconde variante du Mark\u00a01\u00a0: une camionnette \u00e0 4 portes.<span class=\"Apple-converted-space\">\u00a0<\/span><\/p>\n<p>Adoptant la m\u00eame architecture tout aluminium, cette camionnette partage aussi le prix de base de l\u2019utilitaire. Elle a la m\u00eame cote de remorquage, mais sa capacit\u00e9 de charge atteint 1\u00a0050\u00a0kg. En outre, pour ce mod\u00e8le, le constructeur n\u2019offre que le moteur le plus puissant (280\u00a0kW) et la batterie de grande capacit\u00e9 (82kWh).<span class=\"Apple-converted-space\">\u00a0<\/span><\/p>\n<p>Un communiqu\u00e9 publi\u00e9 lors de son lancement pr\u00e9cise, par ailleurs, que plus de 200\u00a0commandes ont d\u00e9j\u00e0 \u00e9t\u00e9 enregistr\u00e9es pour cette camionnette, ce qui repr\u00e9senterait une ann\u00e9e et demie de production\u00a0!<span class=\"Apple-converted-space\">\u00a0<\/span><\/p>\n<p>Car Munro, qui est le seul fabricant de v\u00e9hicules automobiles en activit\u00e9 en <a href=\"https:\/\/annuelauto.ca\/17-septembre-1854-naissance-de-david-dunbar-buick\/\" target=\"_blank\" rel=\"noopener noreferrer\">\u00c9cosse<\/a> actuellement, entend produire 50\u00a0v\u00e9hicules en 2023 avant d\u2019emm\u00e9nager dans de nouvelles installations d\u2019assemblage pr\u00e8s de Glasgow, en 2024. La production devrait alors passer \u00e0 250\u00a0v\u00e9hicules par ann\u00e9e et cr\u00e9er 300\u00a0emplois. Puis, d\u2019ici 2027, l\u2019entreprise esp\u00e8re atteindre une production annuelle de 2\u00a0500 unit\u00e9s.<\/p>\n<p><i>Photos : Munro<\/i><\/p>\n<p>Le texte <a rel=\"nofollow\" href=\"https:\/\/annuelauto.ca\/munro-les-nouveaux-4x4-ecossais\/\">Munro, les nouveaux 4\u00d74 \u00e9cossais<\/a> provient de <a rel=\"nofollow\" href=\"https:\/\/annuelauto.ca\">L&#8217;annuel de l&#8217;automobile &#8211; Actualit\u00e9 automobile<\/a><\/p>\n<p><\/p>\n","protected":false},"excerpt":{"rendered":"<p>L\u2019histoire du Munro\u00a0Mark\u00a01 s\u2019apparente \u00e0 celle des Bollinger\u00a0B1 et B2. Dans les deux cas, on a affaire \u00e0 des 4&#215;4 d\u2019un nouveau constructeur de v\u00e9hicules \u00e9lectriques, le premier \u00e9tant \u00e9cossais et le second \u00e9tatsunien. Dans les deux cas, il s\u2019agit de tout-terrains ayant une conception sans compromis qui se refl\u00e8te dans des formes anguleuses aussi [&hellip;]<\/p>\n","protected":false},"author":8,"featured_media":145750,"comment_status":"close","ping_status":"closed","sticky":false,"template":"","format":"standard","meta":{"_monsterinsights_skip_tracking":false,"_monsterinsights_sitenote_active":false,"_monsterinsights_sitenote_note":"","_monsterinsights_sitenote_category":0,"footnotes":""},"categories":[101],"tags":[],"yoast_head":"<!-- This site is optimized with the Yoast SEO plugin v23.2 - https:\/\/yoast.com\/wordpress\/plugins\/seo\/ -->\n<title>Munro, les nouveaux 4\u00d74 \u00e9cossais - CanadaMotorJobs.com<\/title>\n<meta name=\"description\" content=\"Munro, les nouveaux 4\u00d74 \u00e9cossais - Benoit Charette - Annuel automobile - CanadaMotorJobs.com.\" \/>\n<meta name=\"robots\" content=\"index, follow, max-snippet:-1, max-image-preview:large, max-video-preview:-1\" \/>\n<meta property=\"og:locale\" content=\"fr_CA\" \/>\n<meta property=\"og:type\" content=\"article\" \/>\n<meta property=\"og:title\" content=\"Munro, les nouveaux 4\u00d74 \u00e9cossais - CanadaMotorJobs.com\" \/>\n<meta property=\"og:description\" content=\"Munro, les nouveaux 4\u00d74 \u00e9cossais - Benoit Charette - Annuel automobile - CanadaMotorJobs.com.\" \/>\n<meta property=\"og:url\" content=\"https:\/\/news.canadamotorjobs.com\/fr\/munro-les-nouveaux-4x4-ecossais\/\" \/>\n<meta property=\"og:site_name\" content=\"CanadaMotorJobs.com\" \/>\n<meta property=\"article:publisher\" content=\"https:\/\/www.facebook.com\/canadamotorjobs\/\" \/>\n<meta property=\"article:published_time\" content=\"2023-05-30T23:48:58+00:00\" \/>\n<meta property=\"article:modified_time\" content=\"2023-05-31T00:17:10+00:00\" \/>\n<meta property=\"og:image\" content=\"https:\/\/news.canadamotorjobs.com\/wp-content\/uploads\/2023\/05\/Munro-Mark-1-2023-8.jpg\" \/>\n\t<meta property=\"og:image:width\" content=\"1500\" \/>\n\t<meta property=\"og:image:height\" content=\"1000\" \/>\n\t<meta property=\"og:image:type\" content=\"image\/jpeg\" \/>\n<meta name=\"author\" content=\"Benoit Charette\" \/>\n<meta name=\"twitter:card\" content=\"summary_large_image\" \/>\n<meta name=\"twitter:creator\" content=\"@canadamotorjobs\" \/>\n<meta name=\"twitter:site\" content=\"@canadamotorjobs\" \/>\n<meta name=\"twitter:label1\" content=\"\u00c9crit par\" \/>\n\t<meta name=\"twitter:data1\" content=\"Benoit Charette\" \/>\n\t<meta name=\"twitter:label2\" content=\"Estimation du temps de lecture\" \/>\n\t<meta name=\"twitter:data2\" content=\"3 minutes\" \/>\n<!-- \/ Yoast SEO plugin. -->","yoast_head_json":{"title":"Munro, les nouveaux 4\u00d74 \u00e9cossais - CanadaMotorJobs.com","description":"Munro, les nouveaux 4\u00d74 \u00e9cossais - Benoit Charette - Annuel automobile - CanadaMotorJobs.com.","robots":{"index":"index","follow":"follow","max-snippet":"max-snippet:-1","max-image-preview":"max-image-preview:large","max-video-preview":"max-video-preview:-1"},"og_locale":"fr_CA","og_type":"article","og_title":"Munro, les nouveaux 4\u00d74 \u00e9cossais - CanadaMotorJobs.com","og_description":"Munro, les nouveaux 4\u00d74 \u00e9cossais - Benoit Charette - Annuel automobile - CanadaMotorJobs.com.","og_url":"https:\/\/news.canadamotorjobs.com\/fr\/munro-les-nouveaux-4x4-ecossais\/","og_site_name":"CanadaMotorJobs.com","article_publisher":"https:\/\/www.facebook.com\/canadamotorjobs\/","article_published_time":"2023-05-30T23:48:58+00:00","article_modified_time":"2023-05-31T00:17:10+00:00","og_image":[{"width":1500,"height":1000,"url":"https:\/\/news.canadamotorjobs.com\/wp-content\/uploads\/2023\/05\/Munro-Mark-1-2023-8.jpg","type":"image\/jpeg"}],"author":"Benoit Charette","twitter_card":"summary_large_image","twitter_creator":"@canadamotorjobs","twitter_site":"@canadamotorjobs","twitter_misc":{"\u00c9crit par":"Benoit Charette","Estimation du temps de lecture":"3 minutes"},"schema":{"@context":"https:\/\/schema.org","@graph":[{"@type":"Article","@id":"https:\/\/news.canadamotorjobs.com\/fr\/munro-les-nouveaux-4x4-ecossais\/#article","isPartOf":{"@id":"https:\/\/news.canadamotorjobs.com\/fr\/munro-les-nouveaux-4x4-ecossais\/"},"author":{"name":"Benoit Charette","@id":"https:\/\/news.canadamotorjobs.com\/#\/schema\/person\/51793d1f87d44011d7bcc2ed99269a90"},"headline":"Munro, les nouveaux 4\u00d74 \u00e9cossais","datePublished":"2023-05-30T23:48:58+00:00","dateModified":"2023-05-31T00:17:10+00:00","mainEntityOfPage":{"@id":"https:\/\/news.canadamotorjobs.com\/fr\/munro-les-nouveaux-4x4-ecossais\/"},"wordCount":544,"publisher":{"@id":"https:\/\/news.canadamotorjobs.com\/#organization"},"image":{"@id":"https:\/\/news.canadamotorjobs.com\/fr\/munro-les-nouveaux-4x4-ecossais\/#primaryimage"},"thumbnailUrl":"https:\/\/news.canadamotorjobs.com\/wp-content\/uploads\/2023\/05\/Munro-Mark-1-2023-8.jpg","articleSection":["Annuel automobile"],"inLanguage":"fr-CA"},{"@type":"WebPage","@id":"https:\/\/news.canadamotorjobs.com\/fr\/munro-les-nouveaux-4x4-ecossais\/","url":"https:\/\/news.canadamotorjobs.com\/fr\/munro-les-nouveaux-4x4-ecossais\/","name":"Munro, les nouveaux 4\u00d74 \u00e9cossais - CanadaMotorJobs.com","isPartOf":{"@id":"https:\/\/news.canadamotorjobs.com\/#website"},"primaryImageOfPage":{"@id":"https:\/\/news.canadamotorjobs.com\/fr\/munro-les-nouveaux-4x4-ecossais\/#primaryimage"},"image":{"@id":"https:\/\/news.canadamotorjobs.com\/fr\/munro-les-nouveaux-4x4-ecossais\/#primaryimage"},"thumbnailUrl":"https:\/\/news.canadamotorjobs.com\/wp-content\/uploads\/2023\/05\/Munro-Mark-1-2023-8.jpg","datePublished":"2023-05-30T23:48:58+00:00","dateModified":"2023-05-31T00:17:10+00:00","description":"Munro, les nouveaux 4\u00d74 \u00e9cossais - Benoit Charette - Annuel automobile - CanadaMotorJobs.com.","breadcrumb":{"@id":"https:\/\/news.canadamotorjobs.com\/fr\/munro-les-nouveaux-4x4-ecossais\/#breadcrumb"},"inLanguage":"fr-CA","potentialAction":[{"@type":"ReadAction","target":["https:\/\/news.canadamotorjobs.com\/fr\/munro-les-nouveaux-4x4-ecossais\/"]}]},{"@type":"ImageObject","inLanguage":"fr-CA","@id":"https:\/\/news.canadamotorjobs.com\/fr\/munro-les-nouveaux-4x4-ecossais\/#primaryimage","url":"https:\/\/news.canadamotorjobs.com\/wp-content\/uploads\/2023\/05\/Munro-Mark-1-2023-8.jpg","contentUrl":"https:\/\/news.canadamotorjobs.com\/wp-content\/uploads\/2023\/05\/Munro-Mark-1-2023-8.jpg","width":1500,"height":1000},{"@type":"BreadcrumbList","@id":"https:\/\/news.canadamotorjobs.com\/fr\/munro-les-nouveaux-4x4-ecossais\/#breadcrumb","itemListElement":[{"@type":"ListItem","position":1,"name":"Home","item":"https:\/\/news.canadamotorjobs.com\/fr\/blog\/"},{"@type":"ListItem","position":2,"name":"Munro, les nouveaux 4\u00d74 \u00e9cossais"}]},{"@type":"WebSite","@id":"https:\/\/news.canadamotorjobs.com\/#website","url":"https:\/\/news.canadamotorjobs.com\/","name":"CanadaMotorJobs.com","description":"Automotive Jobs","publisher":{"@id":"https:\/\/news.canadamotorjobs.com\/#organization"},"potentialAction":[{"@type":"SearchAction","target":{"@type":"EntryPoint","urlTemplate":"https:\/\/news.canadamotorjobs.com\/?s={search_term_string}"},"query-input":"required name=search_term_string"}],"inLanguage":"fr-CA"},{"@type":"Organization","@id":"https:\/\/news.canadamotorjobs.com\/#organization","name":"Canada Motor Jobs","url":"https:\/\/news.canadamotorjobs.com\/","logo":{"@type":"ImageObject","inLanguage":"fr-CA","@id":"https:\/\/news.canadamotorjobs.com\/#\/schema\/logo\/image\/","url":"https:\/\/news.canadamotorjobs.com\/wp-content\/uploads\/2022\/10\/logo-canada-motor-jobs-1.png","contentUrl":"https:\/\/news.canadamotorjobs.com\/wp-content\/uploads\/2022\/10\/logo-canada-motor-jobs-1.png","width":800,"height":400,"caption":"Canada Motor Jobs"},"image":{"@id":"https:\/\/news.canadamotorjobs.com\/#\/schema\/logo\/image\/"},"sameAs":["https:\/\/www.facebook.com\/canadamotorjobs\/","https:\/\/x.com\/canadamotorjobs","https:\/\/www.instagram.com\/canadamotorjobs\/","https:\/\/www.linkedin.com\/company\/canadamotorjobs"]},{"@type":"Person","@id":"https:\/\/news.canadamotorjobs.com\/#\/schema\/person\/51793d1f87d44011d7bcc2ed99269a90","name":"Benoit Charette","image":{"@type":"ImageObject","inLanguage":"fr-CA","@id":"https:\/\/news.canadamotorjobs.com\/#\/schema\/person\/image\/","url":"https:\/\/secure.gravatar.com\/avatar\/45f3d2eebcccd909668d7ce7ea7267b6?s=96&d=mm&r=g","contentUrl":"https:\/\/secure.gravatar.com\/avatar\/45f3d2eebcccd909668d7ce7ea7267b6?s=96&d=mm&r=g","caption":"Benoit Charette"},"description":"Benoit Charette \/ Propri\u00e9taire et r\u00e9dacteur en chef Benoit Charette pratique le journalisme automobile depuis bient\u00f4t 30 ans. Il a fait ses classes au c\u00f4t\u00e9 de Daniel H\u00e9raud et au Carnet de route de 1992 \u00e0 2001. Il est fondateur, copropri\u00e9taire et r\u00e9dacteur en chef de L\u2019Annuel de l\u2019automobile, qu\u2019il publie depuis 2001. Il a anim\u00e9 les \u00e9missions RPM et RPM+ sur V et les L\u00e9gendes de la route sur Historia. \u00c0 la radio depuis 1986, il reprend l\u2019antenne cette ann\u00e9e sur les ondes de Cogeco et participe pour la deuxi\u00e8me ann\u00e9e \u00e0 l\u2019\u00e9mission Passion Auto sur RDS en plus de mettre en ligne le site Web officiel de L\u2019Annuel de l\u2019automobile sur annuelauto.ca.","sameAs":["https:\/\/annuelauto.ca\/"],"url":"https:\/\/news.canadamotorjobs.com\/fr\/author\/benoit-charette\/"}]}},"_links":{"self":[{"href":"https:\/\/news.canadamotorjobs.com\/fr\/wp-json\/wp\/v2\/posts\/145748"}],"collection":[{"href":"https:\/\/news.canadamotorjobs.com\/fr\/wp-json\/wp\/v2\/posts"}],"about":[{"href":"https:\/\/news.canadamotorjobs.com\/fr\/wp-json\/wp\/v2\/types\/post"}],"author":[{"embeddable":true,"href":"https:\/\/news.canadamotorjobs.com\/fr\/wp-json\/wp\/v2\/users\/8"}],"replies":[{"embeddable":true,"href":"https:\/\/news.canadamotorjobs.com\/fr\/wp-json\/wp\/v2\/comments?post=145748"}],"version-history":[{"count":2,"href":"https:\/\/news.canadamotorjobs.com\/fr\/wp-json\/wp\/v2\/posts\/145748\/revisions"}],"predecessor-version":[{"id":145752,"href":"https:\/\/news.canadamotorjobs.com\/fr\/wp-json\/wp\/v2\/posts\/145748\/revisions\/145752"}],"wp:featuredmedia":[{"embeddable":true,"href":"https:\/\/news.canadamotorjobs.com\/fr\/wp-json\/wp\/v2\/media\/145750"}],"wp:attachment":[{"href":"https:\/\/news.canadamotorjobs.com\/fr\/wp-json\/wp\/v2\/media?parent=145748"}],"wp:term":[{"taxonomy":"category","embeddable":true,"href":"https:\/\/news.canadamotorjobs.com\/fr\/wp-json\/wp\/v2\/categories?post=145748"},{"taxonomy":"post_tag","embeddable":true,"href":"https:\/\/news.canadamotorjobs.com\/fr\/wp-json\/wp\/v2\/tags?post=145748"}],"curies":[{"name":"wp","href":"https:\/\/api.w.org\/{rel}","templated":true}]}}