{"id":145689,"date":"2023-05-28T08:15:16","date_gmt":"2023-05-28T12:15:16","guid":{"rendered":"https:\/\/news.canadamotorjobs.com\/?p=145689"},"modified":"2023-05-28T08:29:24","modified_gmt":"2023-05-28T12:29:24","slug":"le-reseau-de-recharge-de-tesla-ouvert-aux-autres-voitures-electriques-au-canada","status":"publish","type":"post","link":"https:\/\/news.canadamotorjobs.com\/fr\/le-reseau-de-recharge-de-tesla-ouvert-aux-autres-voitures-electriques-au-canada\/","title":{"rendered":"Le r\u00e9seau de recharge de Tesla ouvert aux autres voitures \u00e9lectriques au Canada"},"content":{"rendered":"<\/p>\n<p>Ressources naturelles Canada a fait le point sur l&#8217;infrastructure de recharge des V\u00c9S dans le pays r\u00e9v\u00e9lant que Tesla va ouvrir une partie de son r\u00e9seau de Superchargeurs aux v\u00e9hicules non Tesla en 2023. On parle de 750 bornes au pays d&#8217;ici la fin 2025.<\/p>\n<h3>On d\u00e9bute en Ontario<\/h3>\n<p>\nSelon le communiqu\u00e9 de presse, les premi\u00e8res stations &#8211; entre Sudbury et Ottawa &#8211; seront ouvertes dans le courant de l&#8217;ann\u00e9e. Le programme pilote de superchargeurs non-Tesla devrait s&#8217;\u00e9tendre progressivement \u00e0 l&#8217;ensemble du Canada (y compris \u00e0 la route transcanadienne entre Ottawa et Calgary) et, d&#8217;ici quelques ann\u00e9es, comprendre des centaines de bornes de recharge.<\/p>\n<h3>Un r\u00e9seau \u00e9tendu d\u2019ici la fin de 2025<\/h3>\n<p>\nLes informations officielles font \u00e9tat de 750 bornes individuelles qui devraient \u00eatre pr\u00eates pour les V\u00c9S non-Tesla d&#8217;ici \u00e0 la fin de 2025. Au moins 350 de ces bornes offriront une puissance allant jusqu&#8217;\u00e0 250 kilowatts. Les chargeurs ouverts seront r\u00e9partis dans tout le Canada, et l&#8217;itin\u00e9raire comprendra l&#8217;autoroute transcanadienne d&#8217;Ottawa \u00e0 Calgary&#8221;. Il est int\u00e9ressant de noter que Tesla reste silencieux sur le projet, et que toutes les informations proviennent du gouvernement canadien.<\/p>\n<h3>Une bonne nouvelle pour les voyageurs<\/h3>\n<p>\nC&#8217;est assur\u00e9ment une tr\u00e8s bonne nouvelle pour ceux qui voudraient utiliser le r\u00e9seau Supercharging de Tesla qui est puissant et tr\u00e8s fiable. Le projet pilote aux \u00c9tats-Unis est d\u00e9j\u00e0 en cours (initialement \u00e0 New York et en Californie). Il a \u00e9galement \u00e9t\u00e9 lanc\u00e9 r\u00e9cemment en Australie et en Chine. En Europe, le projet pilote non-Tesla a \u00e9t\u00e9 lanc\u00e9 en 2021 et s&#8217;est depuis \u00e9tendu \u00e0 15 march\u00e9s.<\/p>\n<h3>Transformer les bornes<\/h3>\n<p>\nTesla devra \u00e9quiper ses bornes existantes de l&#8217;adaptateur CCS1 int\u00e9gr\u00e9 Magic Dock, qui permet d&#8217;utiliser la prise North American Charging Standard (NACS) de Tesla ou la prise avec adaptateur CCS1 attach\u00e9 pour les VE non Tesla. \u00c0 l&#8217;avenir, Tesla devrait passer des bornes de recharge V3 aux bornes V4 dans le monde entier. Des installations sont en cours en Europe. Les superchargeurs V4 devraient \u00e9galement \u00eatre install\u00e9s aux \u00c9tats-Unis et porteront leur puissance \u00e0 350 kilowatts. Ford a, il y a quelques ann\u00e9es, mis en place un syst\u00e8me de superchargeurs de type V4.<\/p>\n<p>\u00a0<\/p>\n<p>Source\u00a0: Ressources naturelles Canada<\/p>\n<p>\u00a0<\/p>\n<p>Le texte <a rel=\"nofollow\" href=\"https:\/\/annuelauto.ca\/le-reseau-de-recharge-de-tesla-ouvert-aux-autres-voitures-electriques-au-canada\/\">Le r\u00e9seau de recharge de Tesla ouvert aux autres voitures \u00e9lectriques au Canada<\/a> provient de <a rel=\"nofollow\" href=\"https:\/\/annuelauto.ca\">L&#8217;annuel de l&#8217;automobile &#8211; Actualit\u00e9 automobile<\/a><\/p>\n<p><\/p>\n","protected":false},"excerpt":{"rendered":"<p>Ressources naturelles Canada a fait le point sur l&#8217;infrastructure de recharge des V\u00c9S dans le pays r\u00e9v\u00e9lant que Tesla va ouvrir une partie de son r\u00e9seau de Superchargeurs aux v\u00e9hicules non Tesla en 2023. On parle de 750 bornes au pays d&#8217;ici la fin 2025. On d\u00e9bute en Ontario Selon le communiqu\u00e9 de presse, les [&hellip;]<\/p>\n","protected":false},"author":8,"featured_media":145691,"comment_status":"close","ping_status":"closed","sticky":false,"template":"","format":"standard","meta":{"_monsterinsights_skip_tracking":false,"_monsterinsights_sitenote_active":false,"_monsterinsights_sitenote_note":"","_monsterinsights_sitenote_category":0,"footnotes":""},"categories":[101],"tags":[],"yoast_head":"<!-- This site is optimized with the Yoast SEO plugin v23.2 - https:\/\/yoast.com\/wordpress\/plugins\/seo\/ -->\n<title>Le r\u00e9seau de recharge de Tesla ouvert aux autres voitures \u00e9lectriques au Canada - CanadaMotorJobs.com<\/title>\n<meta name=\"description\" content=\"Le r\u00e9seau de recharge de Tesla ouvert aux autres voitures \u00e9lectriques au Canada - Benoit Charette - Annuel automobile - CanadaMotorJobs.com.\" \/>\n<meta name=\"robots\" content=\"index, follow, max-snippet:-1, max-image-preview:large, max-video-preview:-1\" \/>\n<meta property=\"og:locale\" content=\"fr_CA\" \/>\n<meta property=\"og:type\" content=\"article\" \/>\n<meta property=\"og:title\" content=\"Le r\u00e9seau de recharge de Tesla ouvert aux autres voitures \u00e9lectriques au Canada - CanadaMotorJobs.com\" \/>\n<meta property=\"og:description\" content=\"Le r\u00e9seau de recharge de Tesla ouvert aux autres voitures \u00e9lectriques au Canada - Benoit Charette - Annuel automobile - CanadaMotorJobs.com.\" \/>\n<meta property=\"og:url\" content=\"https:\/\/news.canadamotorjobs.com\/fr\/le-reseau-de-recharge-de-tesla-ouvert-aux-autres-voitures-electriques-au-canada\/\" \/>\n<meta property=\"og:site_name\" content=\"CanadaMotorJobs.com\" \/>\n<meta property=\"article:publisher\" content=\"https:\/\/www.facebook.com\/canadamotorjobs\/\" \/>\n<meta property=\"article:published_time\" content=\"2023-05-28T12:15:16+00:00\" \/>\n<meta property=\"article:modified_time\" content=\"2023-05-28T12:29:24+00:00\" \/>\n<meta property=\"og:image\" content=\"https:\/\/news.canadamotorjobs.com\/wp-content\/uploads\/2023\/05\/Tesla-super-charger-scaled-1.jpg\" \/>\n\t<meta property=\"og:image:width\" content=\"2560\" \/>\n\t<meta property=\"og:image:height\" content=\"1306\" \/>\n\t<meta property=\"og:image:type\" content=\"image\/jpeg\" \/>\n<meta name=\"author\" content=\"Benoit Charette\" \/>\n<meta name=\"twitter:card\" content=\"summary_large_image\" \/>\n<meta name=\"twitter:creator\" content=\"@canadamotorjobs\" \/>\n<meta name=\"twitter:site\" content=\"@canadamotorjobs\" \/>\n<meta name=\"twitter:label1\" content=\"\u00c9crit par\" \/>\n\t<meta name=\"twitter:data1\" content=\"Benoit Charette\" \/>\n\t<meta name=\"twitter:label2\" content=\"Estimation du temps de lecture\" \/>\n\t<meta name=\"twitter:data2\" content=\"2 minutes\" \/>\n<!-- \/ Yoast SEO plugin. -->","yoast_head_json":{"title":"Le r\u00e9seau de recharge de Tesla ouvert aux autres voitures \u00e9lectriques au Canada - CanadaMotorJobs.com","description":"Le r\u00e9seau de recharge de Tesla ouvert aux autres voitures \u00e9lectriques au Canada - Benoit Charette - Annuel automobile - CanadaMotorJobs.com.","robots":{"index":"index","follow":"follow","max-snippet":"max-snippet:-1","max-image-preview":"max-image-preview:large","max-video-preview":"max-video-preview:-1"},"og_locale":"fr_CA","og_type":"article","og_title":"Le r\u00e9seau de recharge de Tesla ouvert aux autres voitures \u00e9lectriques au Canada - CanadaMotorJobs.com","og_description":"Le r\u00e9seau de recharge de Tesla ouvert aux autres voitures \u00e9lectriques au Canada - Benoit Charette - Annuel automobile - CanadaMotorJobs.com.","og_url":"https:\/\/news.canadamotorjobs.com\/fr\/le-reseau-de-recharge-de-tesla-ouvert-aux-autres-voitures-electriques-au-canada\/","og_site_name":"CanadaMotorJobs.com","article_publisher":"https:\/\/www.facebook.com\/canadamotorjobs\/","article_published_time":"2023-05-28T12:15:16+00:00","article_modified_time":"2023-05-28T12:29:24+00:00","og_image":[{"width":2560,"height":1306,"url":"https:\/\/news.canadamotorjobs.com\/wp-content\/uploads\/2023\/05\/Tesla-super-charger-scaled-1.jpg","type":"image\/jpeg"}],"author":"Benoit Charette","twitter_card":"summary_large_image","twitter_creator":"@canadamotorjobs","twitter_site":"@canadamotorjobs","twitter_misc":{"\u00c9crit par":"Benoit Charette","Estimation du temps de lecture":"2 minutes"},"schema":{"@context":"https:\/\/schema.org","@graph":[{"@type":"Article","@id":"https:\/\/news.canadamotorjobs.com\/fr\/le-reseau-de-recharge-de-tesla-ouvert-aux-autres-voitures-electriques-au-canada\/#article","isPartOf":{"@id":"https:\/\/news.canadamotorjobs.com\/fr\/le-reseau-de-recharge-de-tesla-ouvert-aux-autres-voitures-electriques-au-canada\/"},"author":{"name":"Benoit Charette","@id":"https:\/\/news.canadamotorjobs.com\/#\/schema\/person\/51793d1f87d44011d7bcc2ed99269a90"},"headline":"Le r\u00e9seau de recharge de Tesla ouvert aux autres voitures \u00e9lectriques au Canada","datePublished":"2023-05-28T12:15:16+00:00","dateModified":"2023-05-28T12:29:24+00:00","mainEntityOfPage":{"@id":"https:\/\/news.canadamotorjobs.com\/fr\/le-reseau-de-recharge-de-tesla-ouvert-aux-autres-voitures-electriques-au-canada\/"},"wordCount":422,"publisher":{"@id":"https:\/\/news.canadamotorjobs.com\/#organization"},"image":{"@id":"https:\/\/news.canadamotorjobs.com\/fr\/le-reseau-de-recharge-de-tesla-ouvert-aux-autres-voitures-electriques-au-canada\/#primaryimage"},"thumbnailUrl":"https:\/\/news.canadamotorjobs.com\/wp-content\/uploads\/2023\/05\/Tesla-super-charger-scaled-1.jpg","articleSection":["Annuel automobile"],"inLanguage":"fr-CA"},{"@type":"WebPage","@id":"https:\/\/news.canadamotorjobs.com\/fr\/le-reseau-de-recharge-de-tesla-ouvert-aux-autres-voitures-electriques-au-canada\/","url":"https:\/\/news.canadamotorjobs.com\/fr\/le-reseau-de-recharge-de-tesla-ouvert-aux-autres-voitures-electriques-au-canada\/","name":"Le r\u00e9seau de recharge de Tesla ouvert aux autres voitures \u00e9lectriques au Canada - CanadaMotorJobs.com","isPartOf":{"@id":"https:\/\/news.canadamotorjobs.com\/#website"},"primaryImageOfPage":{"@id":"https:\/\/news.canadamotorjobs.com\/fr\/le-reseau-de-recharge-de-tesla-ouvert-aux-autres-voitures-electriques-au-canada\/#primaryimage"},"image":{"@id":"https:\/\/news.canadamotorjobs.com\/fr\/le-reseau-de-recharge-de-tesla-ouvert-aux-autres-voitures-electriques-au-canada\/#primaryimage"},"thumbnailUrl":"https:\/\/news.canadamotorjobs.com\/wp-content\/uploads\/2023\/05\/Tesla-super-charger-scaled-1.jpg","datePublished":"2023-05-28T12:15:16+00:00","dateModified":"2023-05-28T12:29:24+00:00","description":"Le r\u00e9seau de recharge de Tesla ouvert aux autres voitures \u00e9lectriques au Canada - Benoit Charette - Annuel automobile - CanadaMotorJobs.com.","breadcrumb":{"@id":"https:\/\/news.canadamotorjobs.com\/fr\/le-reseau-de-recharge-de-tesla-ouvert-aux-autres-voitures-electriques-au-canada\/#breadcrumb"},"inLanguage":"fr-CA","potentialAction":[{"@type":"ReadAction","target":["https:\/\/news.canadamotorjobs.com\/fr\/le-reseau-de-recharge-de-tesla-ouvert-aux-autres-voitures-electriques-au-canada\/"]}]},{"@type":"ImageObject","inLanguage":"fr-CA","@id":"https:\/\/news.canadamotorjobs.com\/fr\/le-reseau-de-recharge-de-tesla-ouvert-aux-autres-voitures-electriques-au-canada\/#primaryimage","url":"https:\/\/news.canadamotorjobs.com\/wp-content\/uploads\/2023\/05\/Tesla-super-charger-scaled-1.jpg","contentUrl":"https:\/\/news.canadamotorjobs.com\/wp-content\/uploads\/2023\/05\/Tesla-super-charger-scaled-1.jpg","width":2560,"height":1306},{"@type":"BreadcrumbList","@id":"https:\/\/news.canadamotorjobs.com\/fr\/le-reseau-de-recharge-de-tesla-ouvert-aux-autres-voitures-electriques-au-canada\/#breadcrumb","itemListElement":[{"@type":"ListItem","position":1,"name":"Home","item":"https:\/\/news.canadamotorjobs.com\/fr\/blog\/"},{"@type":"ListItem","position":2,"name":"Le r\u00e9seau de recharge de Tesla ouvert aux autres voitures \u00e9lectriques au Canada"}]},{"@type":"WebSite","@id":"https:\/\/news.canadamotorjobs.com\/#website","url":"https:\/\/news.canadamotorjobs.com\/","name":"CanadaMotorJobs.com","description":"Automotive Jobs","publisher":{"@id":"https:\/\/news.canadamotorjobs.com\/#organization"},"potentialAction":[{"@type":"SearchAction","target":{"@type":"EntryPoint","urlTemplate":"https:\/\/news.canadamotorjobs.com\/?s={search_term_string}"},"query-input":"required name=search_term_string"}],"inLanguage":"fr-CA"},{"@type":"Organization","@id":"https:\/\/news.canadamotorjobs.com\/#organization","name":"Canada Motor Jobs","url":"https:\/\/news.canadamotorjobs.com\/","logo":{"@type":"ImageObject","inLanguage":"fr-CA","@id":"https:\/\/news.canadamotorjobs.com\/#\/schema\/logo\/image\/","url":"https:\/\/news.canadamotorjobs.com\/wp-content\/uploads\/2022\/10\/logo-canada-motor-jobs-1.png","contentUrl":"https:\/\/news.canadamotorjobs.com\/wp-content\/uploads\/2022\/10\/logo-canada-motor-jobs-1.png","width":800,"height":400,"caption":"Canada Motor Jobs"},"image":{"@id":"https:\/\/news.canadamotorjobs.com\/#\/schema\/logo\/image\/"},"sameAs":["https:\/\/www.facebook.com\/canadamotorjobs\/","https:\/\/x.com\/canadamotorjobs","https:\/\/www.instagram.com\/canadamotorjobs\/","https:\/\/www.linkedin.com\/company\/canadamotorjobs"]},{"@type":"Person","@id":"https:\/\/news.canadamotorjobs.com\/#\/schema\/person\/51793d1f87d44011d7bcc2ed99269a90","name":"Benoit Charette","image":{"@type":"ImageObject","inLanguage":"fr-CA","@id":"https:\/\/news.canadamotorjobs.com\/#\/schema\/person\/image\/","url":"https:\/\/secure.gravatar.com\/avatar\/45f3d2eebcccd909668d7ce7ea7267b6?s=96&d=mm&r=g","contentUrl":"https:\/\/secure.gravatar.com\/avatar\/45f3d2eebcccd909668d7ce7ea7267b6?s=96&d=mm&r=g","caption":"Benoit Charette"},"description":"Benoit Charette \/ Propri\u00e9taire et r\u00e9dacteur en chef Benoit Charette pratique le journalisme automobile depuis bient\u00f4t 30 ans. Il a fait ses classes au c\u00f4t\u00e9 de Daniel H\u00e9raud et au Carnet de route de 1992 \u00e0 2001. Il est fondateur, copropri\u00e9taire et r\u00e9dacteur en chef de L\u2019Annuel de l\u2019automobile, qu\u2019il publie depuis 2001. Il a anim\u00e9 les \u00e9missions RPM et RPM+ sur V et les L\u00e9gendes de la route sur Historia. \u00c0 la radio depuis 1986, il reprend l\u2019antenne cette ann\u00e9e sur les ondes de Cogeco et participe pour la deuxi\u00e8me ann\u00e9e \u00e0 l\u2019\u00e9mission Passion Auto sur RDS en plus de mettre en ligne le site Web officiel de L\u2019Annuel de l\u2019automobile sur annuelauto.ca.","sameAs":["https:\/\/annuelauto.ca\/"],"url":"https:\/\/news.canadamotorjobs.com\/fr\/author\/benoit-charette\/"}]}},"_links":{"self":[{"href":"https:\/\/news.canadamotorjobs.com\/fr\/wp-json\/wp\/v2\/posts\/145689"}],"collection":[{"href":"https:\/\/news.canadamotorjobs.com\/fr\/wp-json\/wp\/v2\/posts"}],"about":[{"href":"https:\/\/news.canadamotorjobs.com\/fr\/wp-json\/wp\/v2\/types\/post"}],"author":[{"embeddable":true,"href":"https:\/\/news.canadamotorjobs.com\/fr\/wp-json\/wp\/v2\/users\/8"}],"replies":[{"embeddable":true,"href":"https:\/\/news.canadamotorjobs.com\/fr\/wp-json\/wp\/v2\/comments?post=145689"}],"version-history":[{"count":2,"href":"https:\/\/news.canadamotorjobs.com\/fr\/wp-json\/wp\/v2\/posts\/145689\/revisions"}],"predecessor-version":[{"id":145693,"href":"https:\/\/news.canadamotorjobs.com\/fr\/wp-json\/wp\/v2\/posts\/145689\/revisions\/145693"}],"wp:featuredmedia":[{"embeddable":true,"href":"https:\/\/news.canadamotorjobs.com\/fr\/wp-json\/wp\/v2\/media\/145691"}],"wp:attachment":[{"href":"https:\/\/news.canadamotorjobs.com\/fr\/wp-json\/wp\/v2\/media?parent=145689"}],"wp:term":[{"taxonomy":"category","embeddable":true,"href":"https:\/\/news.canadamotorjobs.com\/fr\/wp-json\/wp\/v2\/categories?post=145689"},{"taxonomy":"post_tag","embeddable":true,"href":"https:\/\/news.canadamotorjobs.com\/fr\/wp-json\/wp\/v2\/tags?post=145689"}],"curies":[{"name":"wp","href":"https:\/\/api.w.org\/{rel}","templated":true}]}}