{"id":145643,"date":"2023-05-27T07:50:30","date_gmt":"2023-05-27T11:50:30","guid":{"rendered":"https:\/\/news.canadamotorjobs.com\/?p=145643"},"modified":"2023-05-27T07:59:20","modified_gmt":"2023-05-27T11:59:20","slug":"une-possible-fuite-massive-de-donnees-de-tesla-examinee-par-un-organisme-de-surveillance-neerlandais","status":"publish","type":"post","link":"https:\/\/news.canadamotorjobs.com\/fr\/une-possible-fuite-massive-de-donnees-de-tesla-examinee-par-un-organisme-de-surveillance-neerlandais\/","title":{"rendered":"Une possible fuite \u00ab\u00a0massive\u00a0\u00bb de donn\u00e9es de Tesla examin\u00e9e par un organisme de surveillance n\u00e9erlandais"},"content":{"rendered":"<\/p>\n<p>Le journal \u00e9conomique allemand Handelsblatt a rapport\u00e9 jeudi que la soci\u00e9t\u00e9 Tesla d&#8217;Elon Musk n&#8217;aurait pas r\u00e9ussi \u00e0 prot\u00e9ger de mani\u00e8re ad\u00e9quate les donn\u00e9es des clients, des employ\u00e9s et des partenaires commerciaux, citant 100 gigaoctets de donn\u00e9es confidentielles divulgu\u00e9es par un d\u00e9nonciateur. L&#8217;organisme de surveillance de la protection des donn\u00e9es des Pays-Bas a d\u00e9clar\u00e9 vendredi qu&#8217;il \u00e9tait au courant d&#8217;\u00e9ventuelles violations de la protection des donn\u00e9es de Tesla, mais qu&#8217;il \u00e9tait trop t\u00f4t pour faire d&#8217;autres commentaires.<\/p>\n<h3>Encore peu d\u2019information<\/h3>\n<p>\nLe porte-parole a refus\u00e9 de dire si l&#8217;agence pouvait lancer ou avait lanc\u00e9 une enqu\u00eate, pour des raisons de politique g\u00e9n\u00e9rale. L&#8217;agence n\u00e9erlandaise a \u00e9t\u00e9 inform\u00e9e par son homologue de l&#8217;\u00c9tat allemand de Brandenberg, o\u00f9 se trouve la gigafactory europ\u00e9enne de Tesla, juste \u00e0 l&#8217;ext\u00e9rieur de Berlin. Handelsblatt a d\u00e9clar\u00e9 que Tesla avait inform\u00e9 les autorit\u00e9s n\u00e9erlandaises de la violation, mais le porte-parole de l&#8217;AP a d\u00e9clar\u00e9 qu&#8217;il ne savait pas si l&#8217;entreprise avait fait des d\u00e9marches aupr\u00e8s de l&#8217;agence.<\/p>\n<h3>Violation massive des donn\u00e9es<\/h3>\n<p>\nLe bureau de protection des donn\u00e9es de Brandebourg, o\u00f9 se trouve la gigafactory europ\u00e9enne de Tesla, a qualifi\u00e9 la fuite de donn\u00e9es de \u00ab\u00a0massive\u00a0\u00bb. Les fichiers comprennent des tableaux contenant plus de 100 000 noms d&#8217;anciens employ\u00e9s et d&#8217;employ\u00e9s actuels, y compris le num\u00e9ro de s\u00e9curit\u00e9 sociale du PDG de Tesla, Elon. Musk, ainsi que des adresses \u00e9lectroniques priv\u00e9es, des num\u00e9ros de t\u00e9l\u00e9phone, des salaires d&#8217;employ\u00e9s, des coordonn\u00e9es bancaires de clients et des d\u00e9tails secrets de la production, a rapport\u00e9 Handelsblatt.<\/p>\n<h3>Une amende sal\u00e9e<\/h3>\n<p>\nSi une telle violation \u00e9tait prouv\u00e9e, Tesla pourrait se voir infliger une amende allant jusqu&#8217;\u00e0 4\u00a0% de son chiffre d&#8217;affaires annuel, soit 3,26 milliards d&#8217;euros. Le syndicat allemand IG Metall a d\u00e9clar\u00e9 que ces r\u00e9v\u00e9lations \u00e9taient \u00ab\u00a0inqui\u00e9tantes\u00a0\u00bb et a demand\u00e9 \u00e0 Tesla d&#8217;informer les employ\u00e9s de toutes les violations de la protection des donn\u00e9es et de promouvoir une culture dans laquelle le personnel pourrait soulever des probl\u00e8mes et des griefs ouvertement et sans crainte. Le journal fait \u00e9tat de milliers de plaintes de clients concernant les syst\u00e8mes d&#8217;aide \u00e0 la conduite du constructeur automobile, dont environ 4 000 plaintes relatives \u00e0 des acc\u00e9l\u00e9rations soudaines ou \u00e0 des freinages fant\u00f4mes.Le mois dernier, un rapport de Reuters a montr\u00e9 que des groupes d&#8217;employ\u00e9s de Tesla ont partag\u00e9 en priv\u00e9 via un syst\u00e8me de messagerie interne des vid\u00e9os et des images parfois tr\u00e8s invasives enregistr\u00e9es par les cam\u00e9ras des voitures des clients entre 2019 et 2022.<\/p>\n<h3>Demander \u00e0 Fascebook<\/h3>\n<p>\nCette semaine, Meta, la soci\u00e9t\u00e9 m\u00e8re de Facebook, a \u00e9t\u00e9 condamn\u00e9e \u00e0 une amende record de 1,2 milliard d&#8217;euros (1,75 milliard de dollars) par l&#8217;autorit\u00e9 de r\u00e9gulation de la vie priv\u00e9e de l&#8217;Union europ\u00e9enne dont elle d\u00e9pend, en raison de sa gestion des informations sur les utilisateurs, et s&#8217;est vu accorder cinq mois pour cesser de transf\u00e9rer des donn\u00e9es d&#8217;utilisateurs aux \u00c9tats-Unis. Tesla fait face aux m\u00eames genres d\u2019accusation<\/p>\n<p>\u00a0<\/p>\n<p>Avec des renseignements d\u2019Automotive News Europe<\/p>\n<p>\u00a0<\/p>\n<p>Le texte <a rel=\"nofollow\" href=\"https:\/\/annuelauto.ca\/une-possible-fuite-massive-de-donnees-de-tesla-examinee-par-un-organisme-de-surveillance-neerlandais\/\">Une possible fuite \u00ab\u00a0massive\u00a0\u00bb de donn\u00e9es de Tesla examin\u00e9e par un organisme de surveillance n\u00e9erlandais<\/a> provient de <a rel=\"nofollow\" href=\"https:\/\/annuelauto.ca\">L&#8217;annuel de l&#8217;automobile &#8211; Actualit\u00e9 automobile<\/a><\/p>\n<p><\/p>\n","protected":false},"excerpt":{"rendered":"<p>Le journal \u00e9conomique allemand Handelsblatt a rapport\u00e9 jeudi que la soci\u00e9t\u00e9 Tesla d&#8217;Elon Musk n&#8217;aurait pas r\u00e9ussi \u00e0 prot\u00e9ger de mani\u00e8re ad\u00e9quate les donn\u00e9es des clients, des employ\u00e9s et des partenaires commerciaux, citant 100 gigaoctets de donn\u00e9es confidentielles divulgu\u00e9es par un d\u00e9nonciateur. L&#8217;organisme de surveillance de la protection des donn\u00e9es des Pays-Bas a d\u00e9clar\u00e9 vendredi [&hellip;]<\/p>\n","protected":false},"author":8,"featured_media":145645,"comment_status":"close","ping_status":"closed","sticky":false,"template":"","format":"standard","meta":{"_monsterinsights_skip_tracking":false,"_monsterinsights_sitenote_active":false,"_monsterinsights_sitenote_note":"","_monsterinsights_sitenote_category":0,"footnotes":""},"categories":[101],"tags":[],"yoast_head":"<!-- This site is optimized with the Yoast SEO plugin v23.2 - https:\/\/yoast.com\/wordpress\/plugins\/seo\/ -->\n<title>Une possible fuite \u00ab\u00a0massive\u00a0\u00bb de donn\u00e9es de Tesla examin\u00e9e par un organisme de surveillance n\u00e9erlandais - CanadaMotorJobs.com<\/title>\n<meta name=\"description\" content=\"Une possible fuite \u00ab\u00a0massive\u00a0\u00bb de donn\u00e9es de Tesla examin\u00e9e par un organisme de surveillance n\u00e9erlandais - Benoit Charette - Annuel automobile - CanadaMotorJobs.com.\" \/>\n<meta name=\"robots\" content=\"index, follow, max-snippet:-1, max-image-preview:large, max-video-preview:-1\" \/>\n<meta property=\"og:locale\" content=\"fr_CA\" \/>\n<meta property=\"og:type\" content=\"article\" \/>\n<meta property=\"og:title\" content=\"Une possible fuite \u00ab\u00a0massive\u00a0\u00bb de donn\u00e9es de Tesla examin\u00e9e par un organisme de surveillance n\u00e9erlandais - CanadaMotorJobs.com\" \/>\n<meta property=\"og:description\" content=\"Une possible fuite \u00ab\u00a0massive\u00a0\u00bb de donn\u00e9es de Tesla examin\u00e9e par un organisme de surveillance n\u00e9erlandais - Benoit Charette - Annuel automobile - CanadaMotorJobs.com.\" \/>\n<meta property=\"og:url\" content=\"https:\/\/news.canadamotorjobs.com\/fr\/une-possible-fuite-massive-de-donnees-de-tesla-examinee-par-un-organisme-de-surveillance-neerlandais\/\" \/>\n<meta property=\"og:site_name\" content=\"CanadaMotorJobs.com\" \/>\n<meta property=\"article:publisher\" content=\"https:\/\/www.facebook.com\/canadamotorjobs\/\" \/>\n<meta property=\"article:published_time\" content=\"2023-05-27T11:50:30+00:00\" \/>\n<meta property=\"article:modified_time\" content=\"2023-05-27T11:59:20+00:00\" \/>\n<meta property=\"og:image\" content=\"https:\/\/news.canadamotorjobs.com\/wp-content\/uploads\/2023\/05\/tesla-gigafactory-2-4.jpg\" \/>\n\t<meta property=\"og:image:width\" content=\"1991\" \/>\n\t<meta property=\"og:image:height\" content=\"902\" \/>\n\t<meta property=\"og:image:type\" content=\"image\/jpeg\" \/>\n<meta name=\"author\" content=\"Benoit Charette\" \/>\n<meta name=\"twitter:card\" content=\"summary_large_image\" \/>\n<meta name=\"twitter:creator\" content=\"@canadamotorjobs\" \/>\n<meta name=\"twitter:site\" content=\"@canadamotorjobs\" \/>\n<meta name=\"twitter:label1\" content=\"\u00c9crit par\" \/>\n\t<meta name=\"twitter:data1\" content=\"Benoit Charette\" \/>\n\t<meta name=\"twitter:label2\" content=\"Estimation du temps de lecture\" \/>\n\t<meta name=\"twitter:data2\" content=\"3 minutes\" \/>\n<!-- \/ Yoast SEO plugin. -->","yoast_head_json":{"title":"Une possible fuite \u00ab\u00a0massive\u00a0\u00bb de donn\u00e9es de Tesla examin\u00e9e par un organisme de surveillance n\u00e9erlandais - CanadaMotorJobs.com","description":"Une possible fuite \u00ab\u00a0massive\u00a0\u00bb de donn\u00e9es de Tesla examin\u00e9e par un organisme de surveillance n\u00e9erlandais - Benoit Charette - Annuel automobile - CanadaMotorJobs.com.","robots":{"index":"index","follow":"follow","max-snippet":"max-snippet:-1","max-image-preview":"max-image-preview:large","max-video-preview":"max-video-preview:-1"},"og_locale":"fr_CA","og_type":"article","og_title":"Une possible fuite \u00ab\u00a0massive\u00a0\u00bb de donn\u00e9es de Tesla examin\u00e9e par un organisme de surveillance n\u00e9erlandais - CanadaMotorJobs.com","og_description":"Une possible fuite \u00ab\u00a0massive\u00a0\u00bb de donn\u00e9es de Tesla examin\u00e9e par un organisme de surveillance n\u00e9erlandais - Benoit Charette - Annuel automobile - CanadaMotorJobs.com.","og_url":"https:\/\/news.canadamotorjobs.com\/fr\/une-possible-fuite-massive-de-donnees-de-tesla-examinee-par-un-organisme-de-surveillance-neerlandais\/","og_site_name":"CanadaMotorJobs.com","article_publisher":"https:\/\/www.facebook.com\/canadamotorjobs\/","article_published_time":"2023-05-27T11:50:30+00:00","article_modified_time":"2023-05-27T11:59:20+00:00","og_image":[{"width":1991,"height":902,"url":"https:\/\/news.canadamotorjobs.com\/wp-content\/uploads\/2023\/05\/tesla-gigafactory-2-4.jpg","type":"image\/jpeg"}],"author":"Benoit Charette","twitter_card":"summary_large_image","twitter_creator":"@canadamotorjobs","twitter_site":"@canadamotorjobs","twitter_misc":{"\u00c9crit par":"Benoit Charette","Estimation du temps de lecture":"3 minutes"},"schema":{"@context":"https:\/\/schema.org","@graph":[{"@type":"Article","@id":"https:\/\/news.canadamotorjobs.com\/fr\/une-possible-fuite-massive-de-donnees-de-tesla-examinee-par-un-organisme-de-surveillance-neerlandais\/#article","isPartOf":{"@id":"https:\/\/news.canadamotorjobs.com\/fr\/une-possible-fuite-massive-de-donnees-de-tesla-examinee-par-un-organisme-de-surveillance-neerlandais\/"},"author":{"name":"Benoit Charette","@id":"https:\/\/news.canadamotorjobs.com\/#\/schema\/person\/51793d1f87d44011d7bcc2ed99269a90"},"headline":"Une possible fuite \u00ab\u00a0massive\u00a0\u00bb de donn\u00e9es de Tesla examin\u00e9e par un organisme de surveillance n\u00e9erlandais","datePublished":"2023-05-27T11:50:30+00:00","dateModified":"2023-05-27T11:59:20+00:00","mainEntityOfPage":{"@id":"https:\/\/news.canadamotorjobs.com\/fr\/une-possible-fuite-massive-de-donnees-de-tesla-examinee-par-un-organisme-de-surveillance-neerlandais\/"},"wordCount":611,"publisher":{"@id":"https:\/\/news.canadamotorjobs.com\/#organization"},"image":{"@id":"https:\/\/news.canadamotorjobs.com\/fr\/une-possible-fuite-massive-de-donnees-de-tesla-examinee-par-un-organisme-de-surveillance-neerlandais\/#primaryimage"},"thumbnailUrl":"https:\/\/news.canadamotorjobs.com\/wp-content\/uploads\/2023\/05\/tesla-gigafactory-2-4.jpg","articleSection":["Annuel automobile"],"inLanguage":"fr-CA"},{"@type":"WebPage","@id":"https:\/\/news.canadamotorjobs.com\/fr\/une-possible-fuite-massive-de-donnees-de-tesla-examinee-par-un-organisme-de-surveillance-neerlandais\/","url":"https:\/\/news.canadamotorjobs.com\/fr\/une-possible-fuite-massive-de-donnees-de-tesla-examinee-par-un-organisme-de-surveillance-neerlandais\/","name":"Une possible fuite \u00ab\u00a0massive\u00a0\u00bb de donn\u00e9es de Tesla examin\u00e9e par un organisme de surveillance n\u00e9erlandais - CanadaMotorJobs.com","isPartOf":{"@id":"https:\/\/news.canadamotorjobs.com\/#website"},"primaryImageOfPage":{"@id":"https:\/\/news.canadamotorjobs.com\/fr\/une-possible-fuite-massive-de-donnees-de-tesla-examinee-par-un-organisme-de-surveillance-neerlandais\/#primaryimage"},"image":{"@id":"https:\/\/news.canadamotorjobs.com\/fr\/une-possible-fuite-massive-de-donnees-de-tesla-examinee-par-un-organisme-de-surveillance-neerlandais\/#primaryimage"},"thumbnailUrl":"https:\/\/news.canadamotorjobs.com\/wp-content\/uploads\/2023\/05\/tesla-gigafactory-2-4.jpg","datePublished":"2023-05-27T11:50:30+00:00","dateModified":"2023-05-27T11:59:20+00:00","description":"Une possible fuite \u00ab\u00a0massive\u00a0\u00bb de donn\u00e9es de Tesla examin\u00e9e par un organisme de surveillance n\u00e9erlandais - Benoit Charette - Annuel automobile - CanadaMotorJobs.com.","breadcrumb":{"@id":"https:\/\/news.canadamotorjobs.com\/fr\/une-possible-fuite-massive-de-donnees-de-tesla-examinee-par-un-organisme-de-surveillance-neerlandais\/#breadcrumb"},"inLanguage":"fr-CA","potentialAction":[{"@type":"ReadAction","target":["https:\/\/news.canadamotorjobs.com\/fr\/une-possible-fuite-massive-de-donnees-de-tesla-examinee-par-un-organisme-de-surveillance-neerlandais\/"]}]},{"@type":"ImageObject","inLanguage":"fr-CA","@id":"https:\/\/news.canadamotorjobs.com\/fr\/une-possible-fuite-massive-de-donnees-de-tesla-examinee-par-un-organisme-de-surveillance-neerlandais\/#primaryimage","url":"https:\/\/news.canadamotorjobs.com\/wp-content\/uploads\/2023\/05\/tesla-gigafactory-2-4.jpg","contentUrl":"https:\/\/news.canadamotorjobs.com\/wp-content\/uploads\/2023\/05\/tesla-gigafactory-2-4.jpg","width":1991,"height":902},{"@type":"BreadcrumbList","@id":"https:\/\/news.canadamotorjobs.com\/fr\/une-possible-fuite-massive-de-donnees-de-tesla-examinee-par-un-organisme-de-surveillance-neerlandais\/#breadcrumb","itemListElement":[{"@type":"ListItem","position":1,"name":"Home","item":"https:\/\/news.canadamotorjobs.com\/fr\/blog\/"},{"@type":"ListItem","position":2,"name":"Une possible fuite \u00ab\u00a0massive\u00a0\u00bb de donn\u00e9es de Tesla examin\u00e9e par un organisme de surveillance n\u00e9erlandais"}]},{"@type":"WebSite","@id":"https:\/\/news.canadamotorjobs.com\/#website","url":"https:\/\/news.canadamotorjobs.com\/","name":"CanadaMotorJobs.com","description":"Automotive Jobs","publisher":{"@id":"https:\/\/news.canadamotorjobs.com\/#organization"},"potentialAction":[{"@type":"SearchAction","target":{"@type":"EntryPoint","urlTemplate":"https:\/\/news.canadamotorjobs.com\/?s={search_term_string}"},"query-input":"required name=search_term_string"}],"inLanguage":"fr-CA"},{"@type":"Organization","@id":"https:\/\/news.canadamotorjobs.com\/#organization","name":"Canada Motor Jobs","url":"https:\/\/news.canadamotorjobs.com\/","logo":{"@type":"ImageObject","inLanguage":"fr-CA","@id":"https:\/\/news.canadamotorjobs.com\/#\/schema\/logo\/image\/","url":"https:\/\/news.canadamotorjobs.com\/wp-content\/uploads\/2022\/10\/logo-canada-motor-jobs-1.png","contentUrl":"https:\/\/news.canadamotorjobs.com\/wp-content\/uploads\/2022\/10\/logo-canada-motor-jobs-1.png","width":800,"height":400,"caption":"Canada Motor Jobs"},"image":{"@id":"https:\/\/news.canadamotorjobs.com\/#\/schema\/logo\/image\/"},"sameAs":["https:\/\/www.facebook.com\/canadamotorjobs\/","https:\/\/x.com\/canadamotorjobs","https:\/\/www.instagram.com\/canadamotorjobs\/","https:\/\/www.linkedin.com\/company\/canadamotorjobs"]},{"@type":"Person","@id":"https:\/\/news.canadamotorjobs.com\/#\/schema\/person\/51793d1f87d44011d7bcc2ed99269a90","name":"Benoit Charette","image":{"@type":"ImageObject","inLanguage":"fr-CA","@id":"https:\/\/news.canadamotorjobs.com\/#\/schema\/person\/image\/","url":"https:\/\/secure.gravatar.com\/avatar\/45f3d2eebcccd909668d7ce7ea7267b6?s=96&d=mm&r=g","contentUrl":"https:\/\/secure.gravatar.com\/avatar\/45f3d2eebcccd909668d7ce7ea7267b6?s=96&d=mm&r=g","caption":"Benoit Charette"},"description":"Benoit Charette \/ Propri\u00e9taire et r\u00e9dacteur en chef Benoit Charette pratique le journalisme automobile depuis bient\u00f4t 30 ans. Il a fait ses classes au c\u00f4t\u00e9 de Daniel H\u00e9raud et au Carnet de route de 1992 \u00e0 2001. Il est fondateur, copropri\u00e9taire et r\u00e9dacteur en chef de L\u2019Annuel de l\u2019automobile, qu\u2019il publie depuis 2001. Il a anim\u00e9 les \u00e9missions RPM et RPM+ sur V et les L\u00e9gendes de la route sur Historia. \u00c0 la radio depuis 1986, il reprend l\u2019antenne cette ann\u00e9e sur les ondes de Cogeco et participe pour la deuxi\u00e8me ann\u00e9e \u00e0 l\u2019\u00e9mission Passion Auto sur RDS en plus de mettre en ligne le site Web officiel de L\u2019Annuel de l\u2019automobile sur annuelauto.ca.","sameAs":["https:\/\/annuelauto.ca\/"],"url":"https:\/\/news.canadamotorjobs.com\/fr\/author\/benoit-charette\/"}]}},"_links":{"self":[{"href":"https:\/\/news.canadamotorjobs.com\/fr\/wp-json\/wp\/v2\/posts\/145643"}],"collection":[{"href":"https:\/\/news.canadamotorjobs.com\/fr\/wp-json\/wp\/v2\/posts"}],"about":[{"href":"https:\/\/news.canadamotorjobs.com\/fr\/wp-json\/wp\/v2\/types\/post"}],"author":[{"embeddable":true,"href":"https:\/\/news.canadamotorjobs.com\/fr\/wp-json\/wp\/v2\/users\/8"}],"replies":[{"embeddable":true,"href":"https:\/\/news.canadamotorjobs.com\/fr\/wp-json\/wp\/v2\/comments?post=145643"}],"version-history":[{"count":2,"href":"https:\/\/news.canadamotorjobs.com\/fr\/wp-json\/wp\/v2\/posts\/145643\/revisions"}],"predecessor-version":[{"id":145647,"href":"https:\/\/news.canadamotorjobs.com\/fr\/wp-json\/wp\/v2\/posts\/145643\/revisions\/145647"}],"wp:featuredmedia":[{"embeddable":true,"href":"https:\/\/news.canadamotorjobs.com\/fr\/wp-json\/wp\/v2\/media\/145645"}],"wp:attachment":[{"href":"https:\/\/news.canadamotorjobs.com\/fr\/wp-json\/wp\/v2\/media?parent=145643"}],"wp:term":[{"taxonomy":"category","embeddable":true,"href":"https:\/\/news.canadamotorjobs.com\/fr\/wp-json\/wp\/v2\/categories?post=145643"},{"taxonomy":"post_tag","embeddable":true,"href":"https:\/\/news.canadamotorjobs.com\/fr\/wp-json\/wp\/v2\/tags?post=145643"}],"curies":[{"name":"wp","href":"https:\/\/api.w.org\/{rel}","templated":true}]}}