{"id":145601,"date":"2023-05-27T06:30:55","date_gmt":"2023-05-27T10:30:55","guid":{"rendered":"https:\/\/news.canadamotorjobs.com\/?p=145601"},"modified":"2023-05-27T06:31:54","modified_gmt":"2023-05-27T10:31:54","slug":"kia-confirme-larrivee-dun-pick-up-en-2025","status":"publish","type":"post","link":"https:\/\/news.canadamotorjobs.com\/fr\/kia-confirme-larrivee-dun-pick-up-en-2025\/","title":{"rendered":"Kia confirme l\u2019arriv\u00e9e d\u2019un pick-up en 2025"},"content":{"rendered":"<\/p>\n<h3>Il ne s&#8217;agira pas d&#8217;une refonte du Hyundai Santa Cruz.<\/h3>\n<p>\nSelon un rapport de la publication australienne Drive, Kia a tenu une r\u00e9union confidentielle avec ses concessionnaires pour les informer qu&#8217;un nouveau pick-up \u00e0 double cabine arriverait en concession en 2025. Les concessionnaires auraient \u00e9t\u00e9 inform\u00e9s qu&#8217;ils devaient s&#8217;attendre \u00e0 un &#8220;v\u00e9ritable et s\u00e9rieux rival&#8221; des Toyota Tacoma et Ford Ranger. Kia a aussi laiss\u00e9 entendre qu\u2019il travaille sur le projet depuis 2020 et que le mod\u00e8le est propre \u00e0 Kia et n\u2019a rien \u00e0 voir avec un cousin chez Hyundai.<\/p>\n<h3>Pas encore trouv\u00e9 de nom<\/h3>\n<p>\nLe m\u00eame rapport affirme que le pick-up, dont le nom n&#8217;a pas encore \u00e9t\u00e9 d\u00e9voil\u00e9 et qui est en cours de d\u00e9veloppement sous le code interne &#8220;TK&#8221;, aura une capacit\u00e9 de remorquage et de transport \u00e9quivalente \u00e0 celle des pick-up les plus vendus, mais il reste \u00e0 savoir quels moteurs seront propos\u00e9s. Une variante \u00e9lectrique pourrait \u00e9galement voir le jour, \u00e9ventuellement sur le m\u00eame ch\u00e2ssis robuste que celui de ce nouveau pick-up (\u00e0 moteur thermique).<\/p>\n<h3>Pas de photos officielles non plus<\/h3>\n<p>\nLe pick-up a d\u00e9j\u00e0 \u00e9t\u00e9 aper\u00e7u recouvert d&#8217;un camouflage, mais il semble pr\u00e9senter un design robuste bas\u00e9 sur le VUS Mohave \u00e0 carrosserie sur ch\u00e2ssis vendu sur les march\u00e9s \u00e9trangers. Les choses semblent prometteuses, mais nous restons prudents quant aux perspectives de succ\u00e8s de Kia. Le march\u00e9 des camions est tr\u00e8s diff\u00e9rent de celui des autres voitures, et les acheteurs ont tendance \u00e0 \u00eatre fid\u00e8les \u00e0 une marque. Il faudra aussi voir quels march\u00e9s seront vis\u00e9s par ce mod\u00e8le. L\u2019Australie est en ligne de mire. Reste \u00e0 savoir si les \u00c9tats-Unis et le Canada seront aussi de la partie.<\/p>\n<p>Avec des renseignements de Carbuzz<\/p>\n<p>Le texte <a rel=\"nofollow\" href=\"https:\/\/annuelauto.ca\/kia-confirme-larrivee-dun-pick-up-en-2025\/\">Kia confirme l\u2019arriv\u00e9e d\u2019un pick-up en 2025<\/a> provient de <a rel=\"nofollow\" href=\"https:\/\/annuelauto.ca\">L&#8217;annuel de l&#8217;automobile &#8211; Actualit\u00e9 automobile<\/a><\/p>\n<p><\/p>\n","protected":false},"excerpt":{"rendered":"<p>Il ne s&#8217;agira pas d&#8217;une refonte du Hyundai Santa Cruz. Selon un rapport de la publication australienne Drive, Kia a tenu une r\u00e9union confidentielle avec ses concessionnaires pour les informer qu&#8217;un nouveau pick-up \u00e0 double cabine arriverait en concession en 2025. Les concessionnaires auraient \u00e9t\u00e9 inform\u00e9s qu&#8217;ils devaient s&#8217;attendre \u00e0 un &#8220;v\u00e9ritable et s\u00e9rieux rival&#8221; [&hellip;]<\/p>\n","protected":false},"author":8,"featured_media":145603,"comment_status":"close","ping_status":"closed","sticky":false,"template":"","format":"standard","meta":{"_monsterinsights_skip_tracking":false,"_monsterinsights_sitenote_active":false,"_monsterinsights_sitenote_note":"","_monsterinsights_sitenote_category":0,"footnotes":""},"categories":[101],"tags":[],"yoast_head":"<!-- This site is optimized with the Yoast SEO plugin v23.2 - https:\/\/yoast.com\/wordpress\/plugins\/seo\/ -->\n<title>Kia confirme l\u2019arriv\u00e9e d\u2019un pick-up en 2025 - CanadaMotorJobs.com<\/title>\n<meta name=\"description\" content=\"Kia confirme l\u2019arriv\u00e9e d\u2019un pick-up en 2025 - Benoit Charette - Annuel automobile - CanadaMotorJobs.com.\" \/>\n<meta name=\"robots\" content=\"index, follow, max-snippet:-1, max-image-preview:large, max-video-preview:-1\" \/>\n<meta property=\"og:locale\" content=\"fr_CA\" \/>\n<meta property=\"og:type\" content=\"article\" \/>\n<meta property=\"og:title\" content=\"Kia confirme l\u2019arriv\u00e9e d\u2019un pick-up en 2025 - CanadaMotorJobs.com\" \/>\n<meta property=\"og:description\" content=\"Kia confirme l\u2019arriv\u00e9e d\u2019un pick-up en 2025 - Benoit Charette - Annuel automobile - CanadaMotorJobs.com.\" \/>\n<meta property=\"og:url\" content=\"https:\/\/news.canadamotorjobs.com\/fr\/kia-confirme-larrivee-dun-pick-up-en-2025\/\" \/>\n<meta property=\"og:site_name\" content=\"CanadaMotorJobs.com\" \/>\n<meta property=\"article:publisher\" content=\"https:\/\/www.facebook.com\/canadamotorjobs\/\" \/>\n<meta property=\"article:published_time\" content=\"2023-05-27T10:30:55+00:00\" \/>\n<meta property=\"article:modified_time\" content=\"2023-05-27T10:31:54+00:00\" \/>\n<meta property=\"og:image\" content=\"https:\/\/news.canadamotorjobs.com\/wp-content\/uploads\/2023\/05\/1141145.jpg\" \/>\n\t<meta property=\"og:image:width\" content=\"1600\" \/>\n\t<meta property=\"og:image:height\" content=\"1066\" \/>\n\t<meta property=\"og:image:type\" content=\"image\/jpeg\" \/>\n<meta name=\"author\" content=\"Benoit Charette\" \/>\n<meta name=\"twitter:card\" content=\"summary_large_image\" \/>\n<meta name=\"twitter:creator\" content=\"@canadamotorjobs\" \/>\n<meta name=\"twitter:site\" content=\"@canadamotorjobs\" \/>\n<meta name=\"twitter:label1\" content=\"\u00c9crit par\" \/>\n\t<meta name=\"twitter:data1\" content=\"Benoit Charette\" \/>\n\t<meta name=\"twitter:label2\" content=\"Estimation du temps de lecture\" \/>\n\t<meta name=\"twitter:data2\" content=\"2 minutes\" \/>\n<!-- \/ Yoast SEO plugin. -->","yoast_head_json":{"title":"Kia confirme l\u2019arriv\u00e9e d\u2019un pick-up en 2025 - CanadaMotorJobs.com","description":"Kia confirme l\u2019arriv\u00e9e d\u2019un pick-up en 2025 - Benoit Charette - Annuel automobile - CanadaMotorJobs.com.","robots":{"index":"index","follow":"follow","max-snippet":"max-snippet:-1","max-image-preview":"max-image-preview:large","max-video-preview":"max-video-preview:-1"},"og_locale":"fr_CA","og_type":"article","og_title":"Kia confirme l\u2019arriv\u00e9e d\u2019un pick-up en 2025 - CanadaMotorJobs.com","og_description":"Kia confirme l\u2019arriv\u00e9e d\u2019un pick-up en 2025 - Benoit Charette - Annuel automobile - CanadaMotorJobs.com.","og_url":"https:\/\/news.canadamotorjobs.com\/fr\/kia-confirme-larrivee-dun-pick-up-en-2025\/","og_site_name":"CanadaMotorJobs.com","article_publisher":"https:\/\/www.facebook.com\/canadamotorjobs\/","article_published_time":"2023-05-27T10:30:55+00:00","article_modified_time":"2023-05-27T10:31:54+00:00","og_image":[{"width":1600,"height":1066,"url":"https:\/\/news.canadamotorjobs.com\/wp-content\/uploads\/2023\/05\/1141145.jpg","type":"image\/jpeg"}],"author":"Benoit Charette","twitter_card":"summary_large_image","twitter_creator":"@canadamotorjobs","twitter_site":"@canadamotorjobs","twitter_misc":{"\u00c9crit par":"Benoit Charette","Estimation du temps de lecture":"2 minutes"},"schema":{"@context":"https:\/\/schema.org","@graph":[{"@type":"Article","@id":"https:\/\/news.canadamotorjobs.com\/fr\/kia-confirme-larrivee-dun-pick-up-en-2025\/#article","isPartOf":{"@id":"https:\/\/news.canadamotorjobs.com\/fr\/kia-confirme-larrivee-dun-pick-up-en-2025\/"},"author":{"name":"Benoit Charette","@id":"https:\/\/news.canadamotorjobs.com\/#\/schema\/person\/51793d1f87d44011d7bcc2ed99269a90"},"headline":"Kia confirme l\u2019arriv\u00e9e d\u2019un pick-up en 2025","datePublished":"2023-05-27T10:30:55+00:00","dateModified":"2023-05-27T10:31:54+00:00","mainEntityOfPage":{"@id":"https:\/\/news.canadamotorjobs.com\/fr\/kia-confirme-larrivee-dun-pick-up-en-2025\/"},"wordCount":330,"publisher":{"@id":"https:\/\/news.canadamotorjobs.com\/#organization"},"image":{"@id":"https:\/\/news.canadamotorjobs.com\/fr\/kia-confirme-larrivee-dun-pick-up-en-2025\/#primaryimage"},"thumbnailUrl":"https:\/\/news.canadamotorjobs.com\/wp-content\/uploads\/2023\/05\/1141145.jpg","articleSection":["Annuel automobile"],"inLanguage":"fr-CA"},{"@type":"WebPage","@id":"https:\/\/news.canadamotorjobs.com\/fr\/kia-confirme-larrivee-dun-pick-up-en-2025\/","url":"https:\/\/news.canadamotorjobs.com\/fr\/kia-confirme-larrivee-dun-pick-up-en-2025\/","name":"Kia confirme l\u2019arriv\u00e9e d\u2019un pick-up en 2025 - CanadaMotorJobs.com","isPartOf":{"@id":"https:\/\/news.canadamotorjobs.com\/#website"},"primaryImageOfPage":{"@id":"https:\/\/news.canadamotorjobs.com\/fr\/kia-confirme-larrivee-dun-pick-up-en-2025\/#primaryimage"},"image":{"@id":"https:\/\/news.canadamotorjobs.com\/fr\/kia-confirme-larrivee-dun-pick-up-en-2025\/#primaryimage"},"thumbnailUrl":"https:\/\/news.canadamotorjobs.com\/wp-content\/uploads\/2023\/05\/1141145.jpg","datePublished":"2023-05-27T10:30:55+00:00","dateModified":"2023-05-27T10:31:54+00:00","description":"Kia confirme l\u2019arriv\u00e9e d\u2019un pick-up en 2025 - Benoit Charette - Annuel automobile - CanadaMotorJobs.com.","breadcrumb":{"@id":"https:\/\/news.canadamotorjobs.com\/fr\/kia-confirme-larrivee-dun-pick-up-en-2025\/#breadcrumb"},"inLanguage":"fr-CA","potentialAction":[{"@type":"ReadAction","target":["https:\/\/news.canadamotorjobs.com\/fr\/kia-confirme-larrivee-dun-pick-up-en-2025\/"]}]},{"@type":"ImageObject","inLanguage":"fr-CA","@id":"https:\/\/news.canadamotorjobs.com\/fr\/kia-confirme-larrivee-dun-pick-up-en-2025\/#primaryimage","url":"https:\/\/news.canadamotorjobs.com\/wp-content\/uploads\/2023\/05\/1141145.jpg","contentUrl":"https:\/\/news.canadamotorjobs.com\/wp-content\/uploads\/2023\/05\/1141145.jpg","width":1600,"height":1066},{"@type":"BreadcrumbList","@id":"https:\/\/news.canadamotorjobs.com\/fr\/kia-confirme-larrivee-dun-pick-up-en-2025\/#breadcrumb","itemListElement":[{"@type":"ListItem","position":1,"name":"Home","item":"https:\/\/news.canadamotorjobs.com\/fr\/blog\/"},{"@type":"ListItem","position":2,"name":"Kia confirme l\u2019arriv\u00e9e d\u2019un pick-up en 2025"}]},{"@type":"WebSite","@id":"https:\/\/news.canadamotorjobs.com\/#website","url":"https:\/\/news.canadamotorjobs.com\/","name":"CanadaMotorJobs.com","description":"Automotive Jobs","publisher":{"@id":"https:\/\/news.canadamotorjobs.com\/#organization"},"potentialAction":[{"@type":"SearchAction","target":{"@type":"EntryPoint","urlTemplate":"https:\/\/news.canadamotorjobs.com\/?s={search_term_string}"},"query-input":"required name=search_term_string"}],"inLanguage":"fr-CA"},{"@type":"Organization","@id":"https:\/\/news.canadamotorjobs.com\/#organization","name":"Canada Motor Jobs","url":"https:\/\/news.canadamotorjobs.com\/","logo":{"@type":"ImageObject","inLanguage":"fr-CA","@id":"https:\/\/news.canadamotorjobs.com\/#\/schema\/logo\/image\/","url":"https:\/\/news.canadamotorjobs.com\/wp-content\/uploads\/2022\/10\/logo-canada-motor-jobs-1.png","contentUrl":"https:\/\/news.canadamotorjobs.com\/wp-content\/uploads\/2022\/10\/logo-canada-motor-jobs-1.png","width":800,"height":400,"caption":"Canada Motor Jobs"},"image":{"@id":"https:\/\/news.canadamotorjobs.com\/#\/schema\/logo\/image\/"},"sameAs":["https:\/\/www.facebook.com\/canadamotorjobs\/","https:\/\/x.com\/canadamotorjobs","https:\/\/www.instagram.com\/canadamotorjobs\/","https:\/\/www.linkedin.com\/company\/canadamotorjobs"]},{"@type":"Person","@id":"https:\/\/news.canadamotorjobs.com\/#\/schema\/person\/51793d1f87d44011d7bcc2ed99269a90","name":"Benoit Charette","image":{"@type":"ImageObject","inLanguage":"fr-CA","@id":"https:\/\/news.canadamotorjobs.com\/#\/schema\/person\/image\/","url":"https:\/\/secure.gravatar.com\/avatar\/45f3d2eebcccd909668d7ce7ea7267b6?s=96&d=mm&r=g","contentUrl":"https:\/\/secure.gravatar.com\/avatar\/45f3d2eebcccd909668d7ce7ea7267b6?s=96&d=mm&r=g","caption":"Benoit Charette"},"description":"Benoit Charette \/ Propri\u00e9taire et r\u00e9dacteur en chef Benoit Charette pratique le journalisme automobile depuis bient\u00f4t 30 ans. Il a fait ses classes au c\u00f4t\u00e9 de Daniel H\u00e9raud et au Carnet de route de 1992 \u00e0 2001. Il est fondateur, copropri\u00e9taire et r\u00e9dacteur en chef de L\u2019Annuel de l\u2019automobile, qu\u2019il publie depuis 2001. Il a anim\u00e9 les \u00e9missions RPM et RPM+ sur V et les L\u00e9gendes de la route sur Historia. \u00c0 la radio depuis 1986, il reprend l\u2019antenne cette ann\u00e9e sur les ondes de Cogeco et participe pour la deuxi\u00e8me ann\u00e9e \u00e0 l\u2019\u00e9mission Passion Auto sur RDS en plus de mettre en ligne le site Web officiel de L\u2019Annuel de l\u2019automobile sur annuelauto.ca.","sameAs":["https:\/\/annuelauto.ca\/"],"url":"https:\/\/news.canadamotorjobs.com\/fr\/author\/benoit-charette\/"}]}},"_links":{"self":[{"href":"https:\/\/news.canadamotorjobs.com\/fr\/wp-json\/wp\/v2\/posts\/145601"}],"collection":[{"href":"https:\/\/news.canadamotorjobs.com\/fr\/wp-json\/wp\/v2\/posts"}],"about":[{"href":"https:\/\/news.canadamotorjobs.com\/fr\/wp-json\/wp\/v2\/types\/post"}],"author":[{"embeddable":true,"href":"https:\/\/news.canadamotorjobs.com\/fr\/wp-json\/wp\/v2\/users\/8"}],"replies":[{"embeddable":true,"href":"https:\/\/news.canadamotorjobs.com\/fr\/wp-json\/wp\/v2\/comments?post=145601"}],"version-history":[{"count":2,"href":"https:\/\/news.canadamotorjobs.com\/fr\/wp-json\/wp\/v2\/posts\/145601\/revisions"}],"predecessor-version":[{"id":145605,"href":"https:\/\/news.canadamotorjobs.com\/fr\/wp-json\/wp\/v2\/posts\/145601\/revisions\/145605"}],"wp:featuredmedia":[{"embeddable":true,"href":"https:\/\/news.canadamotorjobs.com\/fr\/wp-json\/wp\/v2\/media\/145603"}],"wp:attachment":[{"href":"https:\/\/news.canadamotorjobs.com\/fr\/wp-json\/wp\/v2\/media?parent=145601"}],"wp:term":[{"taxonomy":"category","embeddable":true,"href":"https:\/\/news.canadamotorjobs.com\/fr\/wp-json\/wp\/v2\/categories?post=145601"},{"taxonomy":"post_tag","embeddable":true,"href":"https:\/\/news.canadamotorjobs.com\/fr\/wp-json\/wp\/v2\/tags?post=145601"}],"curies":[{"name":"wp","href":"https:\/\/api.w.org\/{rel}","templated":true}]}}