{"id":145577,"date":"2023-05-26T07:30:10","date_gmt":"2023-05-26T11:30:10","guid":{"rendered":"https:\/\/news.canadamotorjobs.com\/?p=145577"},"modified":"2023-05-26T07:31:24","modified_gmt":"2023-05-26T11:31:24","slug":"un-rappel-de-pres-de-100-000-mini-pour-risque-dincendie","status":"publish","type":"post","link":"https:\/\/news.canadamotorjobs.com\/fr\/un-rappel-de-pres-de-100-000-mini-pour-risque-dincendie\/","title":{"rendered":"Un rappel de pr\u00e8s de 100\u00a0000 MINI pour risque d\u2019incendie"},"content":{"rendered":"<\/p>\n<p>Mini rappelle plus de 97\u00a0000 voitures pour rem\u00e9dier \u00e0 un risque potentiel d&#8217;incendie. Le rappel concerne la Mini Clubman 2008-2014 (y compris les mod\u00e8les Cooper, Cooper S et John Cooper Works) et la Mini Hardtop 2 portes\u00a02007-2013 (\u00e9galement les variantes Cooper, Cooper S et John Cooper Works). Sur ces deux mod\u00e8les, un module de commande situ\u00e9 sous le montant A c\u00f4t\u00e9 conducteur est susceptible de subir une intrusion d&#8217;eau dans certaines circonstances. Si les composants \u00e9lectroniques \u00e0 l&#8217;int\u00e9rieur sont expos\u00e9s \u00e0 l&#8217;eau, un court-circuit peut se produire, ce qui, selon Mini, peut entra\u00eener un incendie.<\/p>\n<h3>La corrosion par le sel est responsable du probl\u00e8me<\/h3>\n<p>\nLes mod\u00e8les vendus dans des climats o\u00f9 l&#8217;utilisation de sel de d\u00e9neigement est fr\u00e9quente sont les plus \u00e0 risques. Dans cet environnement, le sel de d\u00e9neigement qui p\u00e9n\u00e8tre dans l&#8217;habitacle par des moyens normaux (lire : vos bottes) peut acc\u00e9l\u00e9rer la corrosion si de l&#8217;eau p\u00e9n\u00e8tre dans l&#8217;habitacle. Comment cela peut-il se produire ? Selon Mini, l&#8217;un des coupables les plus courants est le drain du toit ouvrant. Comme le sel est couramment utilis\u00e9 chez nous, le risque est potentiellement plus grand. Un correctif est actuellement en cours d&#8217;\u00e9laboration. Mini commencera \u00e0 envoyer des avis de rappel \u00e0 ses clients au d\u00e9but du mois de juillet.<\/p>\n<p>\u00a0<\/p>\n<p>Avec des renseignements d\u2019Autoblog<\/p>\n<p>\u00a0<\/p>\n<p>Le texte <a rel=\"nofollow\" href=\"https:\/\/annuelauto.ca\/un-rappel-de-pres-de-100-000-mini-pour-risque-dincendie\/\">Un rappel de pr\u00e8s de 100\u00a0000 MINI pour risque d\u2019incendie<\/a> provient de <a rel=\"nofollow\" href=\"https:\/\/annuelauto.ca\">L&#8217;annuel de l&#8217;automobile &#8211; Actualit\u00e9 automobile<\/a><\/p>\n<p><\/p>\n","protected":false},"excerpt":{"rendered":"<p>Mini rappelle plus de 97\u00a0000 voitures pour rem\u00e9dier \u00e0 un risque potentiel d&#8217;incendie. Le rappel concerne la Mini Clubman 2008-2014 (y compris les mod\u00e8les Cooper, Cooper S et John Cooper Works) et la Mini Hardtop 2 portes\u00a02007-2013 (\u00e9galement les variantes Cooper, Cooper S et John Cooper Works). Sur ces deux mod\u00e8les, un module de commande [&hellip;]<\/p>\n","protected":false},"author":8,"featured_media":145579,"comment_status":"close","ping_status":"closed","sticky":false,"template":"","format":"standard","meta":{"_monsterinsights_skip_tracking":false,"_monsterinsights_sitenote_active":false,"_monsterinsights_sitenote_note":"","_monsterinsights_sitenote_category":0,"footnotes":""},"categories":[101],"tags":[],"yoast_head":"<!-- This site is optimized with the Yoast SEO plugin v23.2 - https:\/\/yoast.com\/wordpress\/plugins\/seo\/ -->\n<title>Un rappel de pr\u00e8s de 100\u00a0000 MINI pour risque d\u2019incendie - CanadaMotorJobs.com<\/title>\n<meta name=\"description\" content=\"Un rappel de pr\u00e8s de 100\u00a0000 MINI pour risque d\u2019incendie - Benoit Charette - Annuel automobile - CanadaMotorJobs.com.\" \/>\n<meta name=\"robots\" content=\"index, follow, max-snippet:-1, max-image-preview:large, max-video-preview:-1\" \/>\n<meta property=\"og:locale\" content=\"fr_CA\" \/>\n<meta property=\"og:type\" content=\"article\" \/>\n<meta property=\"og:title\" content=\"Un rappel de pr\u00e8s de 100\u00a0000 MINI pour risque d\u2019incendie - CanadaMotorJobs.com\" \/>\n<meta property=\"og:description\" content=\"Un rappel de pr\u00e8s de 100\u00a0000 MINI pour risque d\u2019incendie - Benoit Charette - Annuel automobile - CanadaMotorJobs.com.\" \/>\n<meta property=\"og:url\" content=\"https:\/\/news.canadamotorjobs.com\/fr\/un-rappel-de-pres-de-100-000-mini-pour-risque-dincendie\/\" \/>\n<meta property=\"og:site_name\" content=\"CanadaMotorJobs.com\" \/>\n<meta property=\"article:publisher\" content=\"https:\/\/www.facebook.com\/canadamotorjobs\/\" \/>\n<meta property=\"article:published_time\" content=\"2023-05-26T11:30:10+00:00\" \/>\n<meta property=\"article:modified_time\" content=\"2023-05-26T11:31:24+00:00\" \/>\n<meta property=\"og:image\" content=\"https:\/\/news.canadamotorjobs.com\/wp-content\/uploads\/2023\/05\/f5d03f7265664524a893aa75a51413b8.jpg\" \/>\n\t<meta property=\"og:image:width\" content=\"1200\" \/>\n\t<meta property=\"og:image:height\" content=\"900\" \/>\n\t<meta property=\"og:image:type\" content=\"image\/jpeg\" \/>\n<meta name=\"author\" content=\"Benoit Charette\" \/>\n<meta name=\"twitter:card\" content=\"summary_large_image\" \/>\n<meta name=\"twitter:creator\" content=\"@canadamotorjobs\" \/>\n<meta name=\"twitter:site\" content=\"@canadamotorjobs\" \/>\n<meta name=\"twitter:label1\" content=\"\u00c9crit par\" \/>\n\t<meta name=\"twitter:data1\" content=\"Benoit Charette\" \/>\n\t<meta name=\"twitter:label2\" content=\"Estimation du temps de lecture\" \/>\n\t<meta name=\"twitter:data2\" content=\"1 minute\" \/>\n<!-- \/ Yoast SEO plugin. -->","yoast_head_json":{"title":"Un rappel de pr\u00e8s de 100\u00a0000 MINI pour risque d\u2019incendie - CanadaMotorJobs.com","description":"Un rappel de pr\u00e8s de 100\u00a0000 MINI pour risque d\u2019incendie - Benoit Charette - Annuel automobile - CanadaMotorJobs.com.","robots":{"index":"index","follow":"follow","max-snippet":"max-snippet:-1","max-image-preview":"max-image-preview:large","max-video-preview":"max-video-preview:-1"},"og_locale":"fr_CA","og_type":"article","og_title":"Un rappel de pr\u00e8s de 100\u00a0000 MINI pour risque d\u2019incendie - CanadaMotorJobs.com","og_description":"Un rappel de pr\u00e8s de 100\u00a0000 MINI pour risque d\u2019incendie - Benoit Charette - Annuel automobile - CanadaMotorJobs.com.","og_url":"https:\/\/news.canadamotorjobs.com\/fr\/un-rappel-de-pres-de-100-000-mini-pour-risque-dincendie\/","og_site_name":"CanadaMotorJobs.com","article_publisher":"https:\/\/www.facebook.com\/canadamotorjobs\/","article_published_time":"2023-05-26T11:30:10+00:00","article_modified_time":"2023-05-26T11:31:24+00:00","og_image":[{"width":1200,"height":900,"url":"https:\/\/news.canadamotorjobs.com\/wp-content\/uploads\/2023\/05\/f5d03f7265664524a893aa75a51413b8.jpg","type":"image\/jpeg"}],"author":"Benoit Charette","twitter_card":"summary_large_image","twitter_creator":"@canadamotorjobs","twitter_site":"@canadamotorjobs","twitter_misc":{"\u00c9crit par":"Benoit Charette","Estimation du temps de lecture":"1 minute"},"schema":{"@context":"https:\/\/schema.org","@graph":[{"@type":"Article","@id":"https:\/\/news.canadamotorjobs.com\/fr\/un-rappel-de-pres-de-100-000-mini-pour-risque-dincendie\/#article","isPartOf":{"@id":"https:\/\/news.canadamotorjobs.com\/fr\/un-rappel-de-pres-de-100-000-mini-pour-risque-dincendie\/"},"author":{"name":"Benoit Charette","@id":"https:\/\/news.canadamotorjobs.com\/#\/schema\/person\/51793d1f87d44011d7bcc2ed99269a90"},"headline":"Un rappel de pr\u00e8s de 100\u00a0000 MINI pour risque d\u2019incendie","datePublished":"2023-05-26T11:30:10+00:00","dateModified":"2023-05-26T11:31:24+00:00","mainEntityOfPage":{"@id":"https:\/\/news.canadamotorjobs.com\/fr\/un-rappel-de-pres-de-100-000-mini-pour-risque-dincendie\/"},"wordCount":269,"publisher":{"@id":"https:\/\/news.canadamotorjobs.com\/#organization"},"image":{"@id":"https:\/\/news.canadamotorjobs.com\/fr\/un-rappel-de-pres-de-100-000-mini-pour-risque-dincendie\/#primaryimage"},"thumbnailUrl":"https:\/\/news.canadamotorjobs.com\/wp-content\/uploads\/2023\/05\/f5d03f7265664524a893aa75a51413b8.jpg","articleSection":["Annuel automobile"],"inLanguage":"fr-CA"},{"@type":"WebPage","@id":"https:\/\/news.canadamotorjobs.com\/fr\/un-rappel-de-pres-de-100-000-mini-pour-risque-dincendie\/","url":"https:\/\/news.canadamotorjobs.com\/fr\/un-rappel-de-pres-de-100-000-mini-pour-risque-dincendie\/","name":"Un rappel de pr\u00e8s de 100\u00a0000 MINI pour risque d\u2019incendie - CanadaMotorJobs.com","isPartOf":{"@id":"https:\/\/news.canadamotorjobs.com\/#website"},"primaryImageOfPage":{"@id":"https:\/\/news.canadamotorjobs.com\/fr\/un-rappel-de-pres-de-100-000-mini-pour-risque-dincendie\/#primaryimage"},"image":{"@id":"https:\/\/news.canadamotorjobs.com\/fr\/un-rappel-de-pres-de-100-000-mini-pour-risque-dincendie\/#primaryimage"},"thumbnailUrl":"https:\/\/news.canadamotorjobs.com\/wp-content\/uploads\/2023\/05\/f5d03f7265664524a893aa75a51413b8.jpg","datePublished":"2023-05-26T11:30:10+00:00","dateModified":"2023-05-26T11:31:24+00:00","description":"Un rappel de pr\u00e8s de 100\u00a0000 MINI pour risque d\u2019incendie - Benoit Charette - Annuel automobile - CanadaMotorJobs.com.","breadcrumb":{"@id":"https:\/\/news.canadamotorjobs.com\/fr\/un-rappel-de-pres-de-100-000-mini-pour-risque-dincendie\/#breadcrumb"},"inLanguage":"fr-CA","potentialAction":[{"@type":"ReadAction","target":["https:\/\/news.canadamotorjobs.com\/fr\/un-rappel-de-pres-de-100-000-mini-pour-risque-dincendie\/"]}]},{"@type":"ImageObject","inLanguage":"fr-CA","@id":"https:\/\/news.canadamotorjobs.com\/fr\/un-rappel-de-pres-de-100-000-mini-pour-risque-dincendie\/#primaryimage","url":"https:\/\/news.canadamotorjobs.com\/wp-content\/uploads\/2023\/05\/f5d03f7265664524a893aa75a51413b8.jpg","contentUrl":"https:\/\/news.canadamotorjobs.com\/wp-content\/uploads\/2023\/05\/f5d03f7265664524a893aa75a51413b8.jpg","width":1200,"height":900},{"@type":"BreadcrumbList","@id":"https:\/\/news.canadamotorjobs.com\/fr\/un-rappel-de-pres-de-100-000-mini-pour-risque-dincendie\/#breadcrumb","itemListElement":[{"@type":"ListItem","position":1,"name":"Home","item":"https:\/\/news.canadamotorjobs.com\/fr\/blog\/"},{"@type":"ListItem","position":2,"name":"Un rappel de pr\u00e8s de 100\u00a0000 MINI pour risque d\u2019incendie"}]},{"@type":"WebSite","@id":"https:\/\/news.canadamotorjobs.com\/#website","url":"https:\/\/news.canadamotorjobs.com\/","name":"CanadaMotorJobs.com","description":"Automotive Jobs","publisher":{"@id":"https:\/\/news.canadamotorjobs.com\/#organization"},"potentialAction":[{"@type":"SearchAction","target":{"@type":"EntryPoint","urlTemplate":"https:\/\/news.canadamotorjobs.com\/?s={search_term_string}"},"query-input":"required name=search_term_string"}],"inLanguage":"fr-CA"},{"@type":"Organization","@id":"https:\/\/news.canadamotorjobs.com\/#organization","name":"Canada Motor Jobs","url":"https:\/\/news.canadamotorjobs.com\/","logo":{"@type":"ImageObject","inLanguage":"fr-CA","@id":"https:\/\/news.canadamotorjobs.com\/#\/schema\/logo\/image\/","url":"https:\/\/news.canadamotorjobs.com\/wp-content\/uploads\/2022\/10\/logo-canada-motor-jobs-1.png","contentUrl":"https:\/\/news.canadamotorjobs.com\/wp-content\/uploads\/2022\/10\/logo-canada-motor-jobs-1.png","width":800,"height":400,"caption":"Canada Motor Jobs"},"image":{"@id":"https:\/\/news.canadamotorjobs.com\/#\/schema\/logo\/image\/"},"sameAs":["https:\/\/www.facebook.com\/canadamotorjobs\/","https:\/\/x.com\/canadamotorjobs","https:\/\/www.instagram.com\/canadamotorjobs\/","https:\/\/www.linkedin.com\/company\/canadamotorjobs"]},{"@type":"Person","@id":"https:\/\/news.canadamotorjobs.com\/#\/schema\/person\/51793d1f87d44011d7bcc2ed99269a90","name":"Benoit Charette","image":{"@type":"ImageObject","inLanguage":"fr-CA","@id":"https:\/\/news.canadamotorjobs.com\/#\/schema\/person\/image\/","url":"https:\/\/secure.gravatar.com\/avatar\/45f3d2eebcccd909668d7ce7ea7267b6?s=96&d=mm&r=g","contentUrl":"https:\/\/secure.gravatar.com\/avatar\/45f3d2eebcccd909668d7ce7ea7267b6?s=96&d=mm&r=g","caption":"Benoit Charette"},"description":"Benoit Charette \/ Propri\u00e9taire et r\u00e9dacteur en chef Benoit Charette pratique le journalisme automobile depuis bient\u00f4t 30 ans. Il a fait ses classes au c\u00f4t\u00e9 de Daniel H\u00e9raud et au Carnet de route de 1992 \u00e0 2001. Il est fondateur, copropri\u00e9taire et r\u00e9dacteur en chef de L\u2019Annuel de l\u2019automobile, qu\u2019il publie depuis 2001. Il a anim\u00e9 les \u00e9missions RPM et RPM+ sur V et les L\u00e9gendes de la route sur Historia. \u00c0 la radio depuis 1986, il reprend l\u2019antenne cette ann\u00e9e sur les ondes de Cogeco et participe pour la deuxi\u00e8me ann\u00e9e \u00e0 l\u2019\u00e9mission Passion Auto sur RDS en plus de mettre en ligne le site Web officiel de L\u2019Annuel de l\u2019automobile sur annuelauto.ca.","sameAs":["https:\/\/annuelauto.ca\/"],"url":"https:\/\/news.canadamotorjobs.com\/fr\/author\/benoit-charette\/"}]}},"_links":{"self":[{"href":"https:\/\/news.canadamotorjobs.com\/fr\/wp-json\/wp\/v2\/posts\/145577"}],"collection":[{"href":"https:\/\/news.canadamotorjobs.com\/fr\/wp-json\/wp\/v2\/posts"}],"about":[{"href":"https:\/\/news.canadamotorjobs.com\/fr\/wp-json\/wp\/v2\/types\/post"}],"author":[{"embeddable":true,"href":"https:\/\/news.canadamotorjobs.com\/fr\/wp-json\/wp\/v2\/users\/8"}],"replies":[{"embeddable":true,"href":"https:\/\/news.canadamotorjobs.com\/fr\/wp-json\/wp\/v2\/comments?post=145577"}],"version-history":[{"count":2,"href":"https:\/\/news.canadamotorjobs.com\/fr\/wp-json\/wp\/v2\/posts\/145577\/revisions"}],"predecessor-version":[{"id":145581,"href":"https:\/\/news.canadamotorjobs.com\/fr\/wp-json\/wp\/v2\/posts\/145577\/revisions\/145581"}],"wp:featuredmedia":[{"embeddable":true,"href":"https:\/\/news.canadamotorjobs.com\/fr\/wp-json\/wp\/v2\/media\/145579"}],"wp:attachment":[{"href":"https:\/\/news.canadamotorjobs.com\/fr\/wp-json\/wp\/v2\/media?parent=145577"}],"wp:term":[{"taxonomy":"category","embeddable":true,"href":"https:\/\/news.canadamotorjobs.com\/fr\/wp-json\/wp\/v2\/categories?post=145577"},{"taxonomy":"post_tag","embeddable":true,"href":"https:\/\/news.canadamotorjobs.com\/fr\/wp-json\/wp\/v2\/tags?post=145577"}],"curies":[{"name":"wp","href":"https:\/\/api.w.org\/{rel}","templated":true}]}}