{"id":145554,"date":"2023-05-26T06:21:04","date_gmt":"2023-05-26T10:21:04","guid":{"rendered":"https:\/\/news.canadamotorjobs.com\/?p=145554"},"modified":"2023-05-26T06:36:54","modified_gmt":"2023-05-26T10:36:54","slug":"ford-va-avoir-acces-aux-12-000-bornes-de-recharge-tesla","status":"publish","type":"post","link":"https:\/\/news.canadamotorjobs.com\/fr\/ford-va-avoir-acces-aux-12-000-bornes-de-recharge-tesla\/","title":{"rendered":"Ford va avoir acc\u00e8s aux 12\u00a0000 bornes de recharge Tesla"},"content":{"rendered":"<\/p>\n<p>\u00c0 partir du printemps prochain, les propri\u00e9taires de V\u00c9 Ford auront acc\u00e8s \u00e0 environ 12 000 Superchargeurs Tesla via des adaptateurs, dans le cadre du premier partenariat direct de ce type entre deux constructeurs concurrents de v\u00e9hicules \u00e9lectriques. \u00c0 partir de 2025, Ford Motor Co. cessera de construire ses V\u00c9S avec des ports CCS (Combined Charging System) traditionnels et les remplacera par le port de charge NACS (North American Charging Standard) pr\u00e9f\u00e9r\u00e9 de Tesla, ce qui \u00e9liminera le besoin d&#8217;un adaptateur sp\u00e9cial.<\/p>\n<h3>Une bonne nouvelle pour les propri\u00e9taires<\/h3>\n<p>\nFarley et le PDG de Tesla, Elon Musk, ont fait l&#8217;annonce jeudi soir sur Twitter. Tesla exploite environ 17\u00a0000 superchargeurs aux \u00c9tats-Unis, et Ford aura donc acc\u00e8s \u00e0 la majorit\u00e9 d&#8217;entre eux. Au d\u00e9but de l&#8217;ann\u00e9e, Tesla a ouvert son r\u00e9seau Supercharger aux constructeurs automobiles ext\u00e9rieurs, bien qu&#8217;il ne se soit engag\u00e9 qu&#8217;\u00e0 ouvrir 3 500 bornes de recharge actuelles et futures aux autres marques. \u00c0 ce jour, le constructeur automobile n&#8217;a ouvert qu&#8217;une poign\u00e9e de stations aux v\u00e9hicules autres que Tesla. Musk a d\u00e9clar\u00e9 que le prix des adaptateurs pour les V\u00c9S Ford \u00e0 partir du printemps prochain ne serait pas &#8220;prohibitif&#8221; et se situerait probablement dans la fourchette des &#8220;centaines de dollars&#8221;.<\/p>\n<h3>Comment va-t-on proc\u00e9der ?<\/h3>\n<p>\nCe qui n&#8217;est pas encore clair, c&#8217;est la mani\u00e8re dont le r\u00e9seau actuel de Ford, qui compte environ 84 000 chargeurs, dont 10 000 chargeurs rapides, interagira avec les V\u00c9S Ford \u00e9quip\u00e9s du port de charge NACS \u00e0 partir de 2025. Un porte-parole a d\u00e9clar\u00e9 qu&#8217;il \u00e9tait pr\u00e9vu que les stations de recharge tierces proposent des prises qui se connecteraient aux ports NACS, bien que l&#8217;on ne sache pas exactement qui paierait pour cela. Les concessionnaires Ford, dans le cadre d&#8217;une s\u00e9rie de normes visant \u00e0 vendre les futurs v\u00e9hicules \u00e9lectriques, sont tenus de construire un certain nombre de stations de recharge. Un porte-parole a d\u00e9clar\u00e9 que l&#8217;annonce de jeudi ne modifiait pas ces exigences. On ne sait pas encore si le concessionnaire devra fournir l&#8217;adaptateur ou si le client devra apporter le sien.<\/p>\n<p>On ne sait pas pour le moment si cette entente sera aussi valable pour le Canada.<\/p>\n<p>\u00a0<\/p>\n<p>Avec des renseignements d\u2019Automotive News<\/p>\n<p>Le texte <a rel=\"nofollow\" href=\"https:\/\/annuelauto.ca\/ford-va-avoir-acces-au-12-000-bornes-de-recharge-tesla\/\">Ford va avoir acc\u00e8s aux 12\u00a0000 bornes de recharge Tesla<\/a> provient de <a rel=\"nofollow\" href=\"https:\/\/annuelauto.ca\">L&#8217;annuel de l&#8217;automobile &#8211; Actualit\u00e9 automobile<\/a><\/p>\n<p><\/p>\n","protected":false},"excerpt":{"rendered":"<p>\u00c0 partir du printemps prochain, les propri\u00e9taires de V\u00c9 Ford auront acc\u00e8s \u00e0 environ 12 000 Superchargeurs Tesla via des adaptateurs, dans le cadre du premier partenariat direct de ce type entre deux constructeurs concurrents de v\u00e9hicules \u00e9lectriques. \u00c0 partir de 2025, Ford Motor Co. cessera de construire ses V\u00c9S avec des ports CCS (Combined [&hellip;]<\/p>\n","protected":false},"author":8,"featured_media":145556,"comment_status":"close","ping_status":"closed","sticky":false,"template":"","format":"standard","meta":{"_monsterinsights_skip_tracking":false,"_monsterinsights_sitenote_active":false,"_monsterinsights_sitenote_note":"","_monsterinsights_sitenote_category":0,"footnotes":""},"categories":[101],"tags":[],"yoast_head":"<!-- This site is optimized with the Yoast SEO plugin v23.2 - https:\/\/yoast.com\/wordpress\/plugins\/seo\/ -->\n<title>Ford va avoir acc\u00e8s aux 12\u00a0000 bornes de recharge Tesla - CanadaMotorJobs.com<\/title>\n<meta name=\"description\" content=\"Ford va avoir acc\u00e8s aux 12\u00a0000 bornes de recharge Tesla - Benoit Charette - Annuel automobile - CanadaMotorJobs.com.\" \/>\n<meta name=\"robots\" content=\"index, follow, max-snippet:-1, max-image-preview:large, max-video-preview:-1\" \/>\n<meta property=\"og:locale\" content=\"fr_CA\" \/>\n<meta property=\"og:type\" content=\"article\" \/>\n<meta property=\"og:title\" content=\"Ford va avoir acc\u00e8s aux 12\u00a0000 bornes de recharge Tesla - CanadaMotorJobs.com\" \/>\n<meta property=\"og:description\" content=\"Ford va avoir acc\u00e8s aux 12\u00a0000 bornes de recharge Tesla - Benoit Charette - Annuel automobile - CanadaMotorJobs.com.\" \/>\n<meta property=\"og:url\" content=\"https:\/\/news.canadamotorjobs.com\/fr\/ford-va-avoir-acces-aux-12-000-bornes-de-recharge-tesla\/\" \/>\n<meta property=\"og:site_name\" content=\"CanadaMotorJobs.com\" \/>\n<meta property=\"article:publisher\" content=\"https:\/\/www.facebook.com\/canadamotorjobs\/\" \/>\n<meta property=\"article:published_time\" content=\"2023-05-26T10:21:04+00:00\" \/>\n<meta property=\"article:modified_time\" content=\"2023-05-26T10:36:54+00:00\" \/>\n<meta property=\"og:image\" content=\"https:\/\/news.canadamotorjobs.com\/wp-content\/uploads\/2023\/05\/mac06486-1619186856.jpg\" \/>\n\t<meta property=\"og:image:width\" content=\"1200\" \/>\n\t<meta property=\"og:image:height\" content=\"900\" \/>\n\t<meta property=\"og:image:type\" content=\"image\/jpeg\" \/>\n<meta name=\"author\" content=\"Benoit Charette\" \/>\n<meta name=\"twitter:card\" content=\"summary_large_image\" \/>\n<meta name=\"twitter:creator\" content=\"@canadamotorjobs\" \/>\n<meta name=\"twitter:site\" content=\"@canadamotorjobs\" \/>\n<meta name=\"twitter:label1\" content=\"\u00c9crit par\" \/>\n\t<meta name=\"twitter:data1\" content=\"Benoit Charette\" \/>\n\t<meta name=\"twitter:label2\" content=\"Estimation du temps de lecture\" \/>\n\t<meta name=\"twitter:data2\" content=\"2 minutes\" \/>\n<!-- \/ Yoast SEO plugin. -->","yoast_head_json":{"title":"Ford va avoir acc\u00e8s aux 12\u00a0000 bornes de recharge Tesla - CanadaMotorJobs.com","description":"Ford va avoir acc\u00e8s aux 12\u00a0000 bornes de recharge Tesla - Benoit Charette - Annuel automobile - CanadaMotorJobs.com.","robots":{"index":"index","follow":"follow","max-snippet":"max-snippet:-1","max-image-preview":"max-image-preview:large","max-video-preview":"max-video-preview:-1"},"og_locale":"fr_CA","og_type":"article","og_title":"Ford va avoir acc\u00e8s aux 12\u00a0000 bornes de recharge Tesla - CanadaMotorJobs.com","og_description":"Ford va avoir acc\u00e8s aux 12\u00a0000 bornes de recharge Tesla - Benoit Charette - Annuel automobile - CanadaMotorJobs.com.","og_url":"https:\/\/news.canadamotorjobs.com\/fr\/ford-va-avoir-acces-aux-12-000-bornes-de-recharge-tesla\/","og_site_name":"CanadaMotorJobs.com","article_publisher":"https:\/\/www.facebook.com\/canadamotorjobs\/","article_published_time":"2023-05-26T10:21:04+00:00","article_modified_time":"2023-05-26T10:36:54+00:00","og_image":[{"width":1200,"height":900,"url":"https:\/\/news.canadamotorjobs.com\/wp-content\/uploads\/2023\/05\/mac06486-1619186856.jpg","type":"image\/jpeg"}],"author":"Benoit Charette","twitter_card":"summary_large_image","twitter_creator":"@canadamotorjobs","twitter_site":"@canadamotorjobs","twitter_misc":{"\u00c9crit par":"Benoit Charette","Estimation du temps de lecture":"2 minutes"},"schema":{"@context":"https:\/\/schema.org","@graph":[{"@type":"Article","@id":"https:\/\/news.canadamotorjobs.com\/fr\/ford-va-avoir-acces-aux-12-000-bornes-de-recharge-tesla\/#article","isPartOf":{"@id":"https:\/\/news.canadamotorjobs.com\/fr\/ford-va-avoir-acces-aux-12-000-bornes-de-recharge-tesla\/"},"author":{"name":"Benoit Charette","@id":"https:\/\/news.canadamotorjobs.com\/#\/schema\/person\/51793d1f87d44011d7bcc2ed99269a90"},"headline":"Ford va avoir acc\u00e8s aux 12\u00a0000 bornes de recharge Tesla","datePublished":"2023-05-26T10:21:04+00:00","dateModified":"2023-05-26T10:36:54+00:00","mainEntityOfPage":{"@id":"https:\/\/news.canadamotorjobs.com\/fr\/ford-va-avoir-acces-aux-12-000-bornes-de-recharge-tesla\/"},"wordCount":414,"publisher":{"@id":"https:\/\/news.canadamotorjobs.com\/#organization"},"image":{"@id":"https:\/\/news.canadamotorjobs.com\/fr\/ford-va-avoir-acces-aux-12-000-bornes-de-recharge-tesla\/#primaryimage"},"thumbnailUrl":"https:\/\/news.canadamotorjobs.com\/wp-content\/uploads\/2023\/05\/mac06486-1619186856.jpg","articleSection":["Annuel automobile"],"inLanguage":"fr-CA"},{"@type":"WebPage","@id":"https:\/\/news.canadamotorjobs.com\/fr\/ford-va-avoir-acces-aux-12-000-bornes-de-recharge-tesla\/","url":"https:\/\/news.canadamotorjobs.com\/fr\/ford-va-avoir-acces-aux-12-000-bornes-de-recharge-tesla\/","name":"Ford va avoir acc\u00e8s aux 12\u00a0000 bornes de recharge Tesla - CanadaMotorJobs.com","isPartOf":{"@id":"https:\/\/news.canadamotorjobs.com\/#website"},"primaryImageOfPage":{"@id":"https:\/\/news.canadamotorjobs.com\/fr\/ford-va-avoir-acces-aux-12-000-bornes-de-recharge-tesla\/#primaryimage"},"image":{"@id":"https:\/\/news.canadamotorjobs.com\/fr\/ford-va-avoir-acces-aux-12-000-bornes-de-recharge-tesla\/#primaryimage"},"thumbnailUrl":"https:\/\/news.canadamotorjobs.com\/wp-content\/uploads\/2023\/05\/mac06486-1619186856.jpg","datePublished":"2023-05-26T10:21:04+00:00","dateModified":"2023-05-26T10:36:54+00:00","description":"Ford va avoir acc\u00e8s aux 12\u00a0000 bornes de recharge Tesla - Benoit Charette - Annuel automobile - CanadaMotorJobs.com.","breadcrumb":{"@id":"https:\/\/news.canadamotorjobs.com\/fr\/ford-va-avoir-acces-aux-12-000-bornes-de-recharge-tesla\/#breadcrumb"},"inLanguage":"fr-CA","potentialAction":[{"@type":"ReadAction","target":["https:\/\/news.canadamotorjobs.com\/fr\/ford-va-avoir-acces-aux-12-000-bornes-de-recharge-tesla\/"]}]},{"@type":"ImageObject","inLanguage":"fr-CA","@id":"https:\/\/news.canadamotorjobs.com\/fr\/ford-va-avoir-acces-aux-12-000-bornes-de-recharge-tesla\/#primaryimage","url":"https:\/\/news.canadamotorjobs.com\/wp-content\/uploads\/2023\/05\/mac06486-1619186856.jpg","contentUrl":"https:\/\/news.canadamotorjobs.com\/wp-content\/uploads\/2023\/05\/mac06486-1619186856.jpg","width":1200,"height":900},{"@type":"BreadcrumbList","@id":"https:\/\/news.canadamotorjobs.com\/fr\/ford-va-avoir-acces-aux-12-000-bornes-de-recharge-tesla\/#breadcrumb","itemListElement":[{"@type":"ListItem","position":1,"name":"Home","item":"https:\/\/news.canadamotorjobs.com\/fr\/blog\/"},{"@type":"ListItem","position":2,"name":"Ford va avoir acc\u00e8s aux 12\u00a0000 bornes de recharge Tesla"}]},{"@type":"WebSite","@id":"https:\/\/news.canadamotorjobs.com\/#website","url":"https:\/\/news.canadamotorjobs.com\/","name":"CanadaMotorJobs.com","description":"Automotive Jobs","publisher":{"@id":"https:\/\/news.canadamotorjobs.com\/#organization"},"potentialAction":[{"@type":"SearchAction","target":{"@type":"EntryPoint","urlTemplate":"https:\/\/news.canadamotorjobs.com\/?s={search_term_string}"},"query-input":"required name=search_term_string"}],"inLanguage":"fr-CA"},{"@type":"Organization","@id":"https:\/\/news.canadamotorjobs.com\/#organization","name":"Canada Motor Jobs","url":"https:\/\/news.canadamotorjobs.com\/","logo":{"@type":"ImageObject","inLanguage":"fr-CA","@id":"https:\/\/news.canadamotorjobs.com\/#\/schema\/logo\/image\/","url":"https:\/\/news.canadamotorjobs.com\/wp-content\/uploads\/2022\/10\/logo-canada-motor-jobs-1.png","contentUrl":"https:\/\/news.canadamotorjobs.com\/wp-content\/uploads\/2022\/10\/logo-canada-motor-jobs-1.png","width":800,"height":400,"caption":"Canada Motor Jobs"},"image":{"@id":"https:\/\/news.canadamotorjobs.com\/#\/schema\/logo\/image\/"},"sameAs":["https:\/\/www.facebook.com\/canadamotorjobs\/","https:\/\/x.com\/canadamotorjobs","https:\/\/www.instagram.com\/canadamotorjobs\/","https:\/\/www.linkedin.com\/company\/canadamotorjobs"]},{"@type":"Person","@id":"https:\/\/news.canadamotorjobs.com\/#\/schema\/person\/51793d1f87d44011d7bcc2ed99269a90","name":"Benoit Charette","image":{"@type":"ImageObject","inLanguage":"fr-CA","@id":"https:\/\/news.canadamotorjobs.com\/#\/schema\/person\/image\/","url":"https:\/\/secure.gravatar.com\/avatar\/45f3d2eebcccd909668d7ce7ea7267b6?s=96&d=mm&r=g","contentUrl":"https:\/\/secure.gravatar.com\/avatar\/45f3d2eebcccd909668d7ce7ea7267b6?s=96&d=mm&r=g","caption":"Benoit Charette"},"description":"Benoit Charette \/ Propri\u00e9taire et r\u00e9dacteur en chef Benoit Charette pratique le journalisme automobile depuis bient\u00f4t 30 ans. Il a fait ses classes au c\u00f4t\u00e9 de Daniel H\u00e9raud et au Carnet de route de 1992 \u00e0 2001. Il est fondateur, copropri\u00e9taire et r\u00e9dacteur en chef de L\u2019Annuel de l\u2019automobile, qu\u2019il publie depuis 2001. Il a anim\u00e9 les \u00e9missions RPM et RPM+ sur V et les L\u00e9gendes de la route sur Historia. \u00c0 la radio depuis 1986, il reprend l\u2019antenne cette ann\u00e9e sur les ondes de Cogeco et participe pour la deuxi\u00e8me ann\u00e9e \u00e0 l\u2019\u00e9mission Passion Auto sur RDS en plus de mettre en ligne le site Web officiel de L\u2019Annuel de l\u2019automobile sur annuelauto.ca.","sameAs":["https:\/\/annuelauto.ca\/"],"url":"https:\/\/news.canadamotorjobs.com\/fr\/author\/benoit-charette\/"}]}},"_links":{"self":[{"href":"https:\/\/news.canadamotorjobs.com\/fr\/wp-json\/wp\/v2\/posts\/145554"}],"collection":[{"href":"https:\/\/news.canadamotorjobs.com\/fr\/wp-json\/wp\/v2\/posts"}],"about":[{"href":"https:\/\/news.canadamotorjobs.com\/fr\/wp-json\/wp\/v2\/types\/post"}],"author":[{"embeddable":true,"href":"https:\/\/news.canadamotorjobs.com\/fr\/wp-json\/wp\/v2\/users\/8"}],"replies":[{"embeddable":true,"href":"https:\/\/news.canadamotorjobs.com\/fr\/wp-json\/wp\/v2\/comments?post=145554"}],"version-history":[{"count":2,"href":"https:\/\/news.canadamotorjobs.com\/fr\/wp-json\/wp\/v2\/posts\/145554\/revisions"}],"predecessor-version":[{"id":145558,"href":"https:\/\/news.canadamotorjobs.com\/fr\/wp-json\/wp\/v2\/posts\/145554\/revisions\/145558"}],"wp:featuredmedia":[{"embeddable":true,"href":"https:\/\/news.canadamotorjobs.com\/fr\/wp-json\/wp\/v2\/media\/145556"}],"wp:attachment":[{"href":"https:\/\/news.canadamotorjobs.com\/fr\/wp-json\/wp\/v2\/media?parent=145554"}],"wp:term":[{"taxonomy":"category","embeddable":true,"href":"https:\/\/news.canadamotorjobs.com\/fr\/wp-json\/wp\/v2\/categories?post=145554"},{"taxonomy":"post_tag","embeddable":true,"href":"https:\/\/news.canadamotorjobs.com\/fr\/wp-json\/wp\/v2\/tags?post=145554"}],"curies":[{"name":"wp","href":"https:\/\/api.w.org\/{rel}","templated":true}]}}