{"id":145508,"date":"2023-05-25T06:50:28","date_gmt":"2023-05-25T10:50:28","guid":{"rendered":"https:\/\/news.canadamotorjobs.com\/?p=145508"},"modified":"2023-05-25T07:00:46","modified_gmt":"2023-05-25T11:00:46","slug":"bmw-devoile-la-serie-5-2024-et-la-berline-i5-tout-electrique-qui-vient-avec","status":"publish","type":"post","link":"https:\/\/news.canadamotorjobs.com\/fr\/bmw-devoile-la-serie-5-2024-et-la-berline-i5-tout-electrique-qui-vient-avec\/","title":{"rendered":"BMW d\u00e9voile la S\u00e9rie\u00a05 2024\u2026 et la berline i5 tout \u00e9lectrique qui vient avec"},"content":{"rendered":"<\/p>\n<p>Si vous \u00eates sensibles \u00e0 la tradition, on vous sugg\u00e8re de ne pas regarder de trop pr\u00e8s les nouveaut\u00e9s apport\u00e9es sur la nouvelle g\u00e9n\u00e9ration de la berline de S\u00e9rie 5 de BMW, car elles ne sont pas aussi subtiles que l\u2019auraient probablement souhait\u00e9 les amateurs de cette belle grande berline allemande.<\/p>\n<h3>Deux approches et un style commun<\/h3>\n<p>\nCeux qui ont h\u00e2te d\u2019acheter une BMW tout \u00e9lectrique sont pour leur part g\u00e2t\u00e9s\u00a0: la i5 est une S\u00e9rie\u00a05 tout \u00e9lectrique dont le prix de d\u00e9tail n\u2019est pas tr\u00e8s loin de celui de la version \u00e0 moteur \u00e0 essence. Les prix sont de 59\u00a0000 et 61 000\u00a0$ US pour les mod\u00e8les \u00e0 essence vendus aux \u00c9tats-Unis et de 68\u00a0000 et 85 000\u00a0$ pour les versions tout \u00e9lectriques.<\/p>\n<h3>Quatre ou six cylindres ou pas<\/h3>\n<p>\nSous le capot, on a droit \u00e0 un 4 cylindres turbo de 2 litres de base, qui fait 255 chevaux, et qui peut \u00eatre remplac\u00e9 par un 6 cylindres en ligne de 3 litres turbo lui aussi et qui fait 375 chevaux. Les deux sont jumel\u00e9s \u00e0 une bo\u00eete automatique \u00e0 8 rapports. La i5 eDrive40 est anim\u00e9e par un moteur unique d\u2019une puissance \u00e9quivalant \u00e0 355 chevaux. Une version appel\u00e9e M60 xDrive a deux moteurs, quatre roues motrices et 590 chevaux. L\u2019autonomie varie selon le mod\u00e8le entre 411 et 495 kilom\u00e8tres par charge, selon ce qu\u2019avance BMW. Semble-t-il qu\u2019on peut revenir \u00e0 80 % de charge en 30 minutes ou moins via une borne de recharge haute vitesse. Notez aussi qu\u2019une M5 sera commercialis\u00e9e \u00e9ventuellement et que celle-l\u00e0 devrait combiner les deux technologies\u00a0: un moteur \u00e0 essence, dans ce cas-ci, un V8, et un groupe \u00e9lectrique rechargeable. Vu la r\u00e9putation de la M5, on s\u2019attend \u00e0 un monstre, rien de moins.<\/p>\n<h3>La techno en avant plan<\/h3>\n<p>\nC\u00f4t\u00e9 techno, BMW ne d\u00e9\u00e7oit pas non plus, puisque la S\u00e9rie 5 aura droit \u00e0 un \u00e9cran sur lequel on pourra jouer \u00e0 des jeux vid\u00e9o. La conduite autonome pourra changer de voie toute seule sur l\u2019autoroute, et la voiture pourra se garer toute seule en parall\u00e8le ou de fa\u00e7on perpendiculaire. La voiture pourra aussi enregistrer la disposition d\u2019un stationnement int\u00e9rieur sur une distance de 50 m\u00e8tres et aller se stationner toute seule par la suite. Bref, la totale pour cette berline allemande qui, on le comprend mieux aujourd\u2019hui, ne dispara\u00eetra pas en raison du virage \u00e9lectrique de BMW. C\u2019est une bonne nouvelle, car c\u2019est une des berlines les plus iconiques du march\u00e9 automobile mondial.<\/p>\n<p>\u00a0<\/p>\n<p>\u00a0<\/p>\n<p>Le texte <a rel=\"nofollow\" href=\"https:\/\/annuelauto.ca\/bmw-devoile-la-serie-5-2024-et-la-berline-i5-tout-electrique-qui-vient-avec\/\">BMW d\u00e9voile la S\u00e9rie\u00a05 2024\u2026 et la berline i5 tout \u00e9lectrique qui vient avec<\/a> provient de <a rel=\"nofollow\" href=\"https:\/\/annuelauto.ca\">L&#8217;annuel de l&#8217;automobile &#8211; Actualit\u00e9 automobile<\/a><\/p>\n<p><\/p>\n","protected":false},"excerpt":{"rendered":"<p>Si vous \u00eates sensibles \u00e0 la tradition, on vous sugg\u00e8re de ne pas regarder de trop pr\u00e8s les nouveaut\u00e9s apport\u00e9es sur la nouvelle g\u00e9n\u00e9ration de la berline de S\u00e9rie 5 de BMW, car elles ne sont pas aussi subtiles que l\u2019auraient probablement souhait\u00e9 les amateurs de cette belle grande berline allemande. Deux approches et un [&hellip;]<\/p>\n","protected":false},"author":8,"featured_media":145510,"comment_status":"close","ping_status":"closed","sticky":false,"template":"","format":"standard","meta":{"_monsterinsights_skip_tracking":false,"_monsterinsights_sitenote_active":false,"_monsterinsights_sitenote_note":"","_monsterinsights_sitenote_category":0,"footnotes":""},"categories":[101],"tags":[],"yoast_head":"<!-- This site is optimized with the Yoast SEO plugin v23.2 - https:\/\/yoast.com\/wordpress\/plugins\/seo\/ -->\n<title>BMW d\u00e9voile la S\u00e9rie\u00a05 2024\u2026 et la berline i5 tout \u00e9lectrique qui vient avec - CanadaMotorJobs.com<\/title>\n<meta name=\"description\" content=\"BMW d\u00e9voile la S\u00e9rie\u00a05 2024\u2026 et la berline i5 tout \u00e9lectrique qui vient avec - Benoit Charette - Annuel automobile - CanadaMotorJobs.com.\" \/>\n<meta name=\"robots\" content=\"index, follow, max-snippet:-1, max-image-preview:large, max-video-preview:-1\" \/>\n<meta property=\"og:locale\" content=\"fr_CA\" \/>\n<meta property=\"og:type\" content=\"article\" \/>\n<meta property=\"og:title\" content=\"BMW d\u00e9voile la S\u00e9rie\u00a05 2024\u2026 et la berline i5 tout \u00e9lectrique qui vient avec - CanadaMotorJobs.com\" \/>\n<meta property=\"og:description\" content=\"BMW d\u00e9voile la S\u00e9rie\u00a05 2024\u2026 et la berline i5 tout \u00e9lectrique qui vient avec - Benoit Charette - Annuel automobile - CanadaMotorJobs.com.\" \/>\n<meta property=\"og:url\" content=\"https:\/\/news.canadamotorjobs.com\/fr\/bmw-devoile-la-serie-5-2024-et-la-berline-i5-tout-electrique-qui-vient-avec\/\" \/>\n<meta property=\"og:site_name\" content=\"CanadaMotorJobs.com\" \/>\n<meta property=\"article:publisher\" content=\"https:\/\/www.facebook.com\/canadamotorjobs\/\" \/>\n<meta property=\"article:published_time\" content=\"2023-05-25T10:50:28+00:00\" \/>\n<meta property=\"article:modified_time\" content=\"2023-05-25T11:00:46+00:00\" \/>\n<meta property=\"og:image\" content=\"https:\/\/news.canadamotorjobs.com\/wp-content\/uploads\/2023\/05\/P90505140_highRes_the-new-bmw-5-series.jpg\" \/>\n\t<meta property=\"og:image:width\" content=\"1200\" \/>\n\t<meta property=\"og:image:height\" content=\"800\" \/>\n\t<meta property=\"og:image:type\" content=\"image\/jpeg\" \/>\n<meta name=\"author\" content=\"Benoit Charette\" \/>\n<meta name=\"twitter:card\" content=\"summary_large_image\" \/>\n<meta name=\"twitter:creator\" content=\"@canadamotorjobs\" \/>\n<meta name=\"twitter:site\" content=\"@canadamotorjobs\" \/>\n<meta name=\"twitter:label1\" content=\"\u00c9crit par\" \/>\n\t<meta name=\"twitter:data1\" content=\"Benoit Charette\" \/>\n\t<meta name=\"twitter:label2\" content=\"Estimation du temps de lecture\" \/>\n\t<meta name=\"twitter:data2\" content=\"2 minutes\" \/>\n<!-- \/ Yoast SEO plugin. -->","yoast_head_json":{"title":"BMW d\u00e9voile la S\u00e9rie\u00a05 2024\u2026 et la berline i5 tout \u00e9lectrique qui vient avec - CanadaMotorJobs.com","description":"BMW d\u00e9voile la S\u00e9rie\u00a05 2024\u2026 et la berline i5 tout \u00e9lectrique qui vient avec - Benoit Charette - Annuel automobile - CanadaMotorJobs.com.","robots":{"index":"index","follow":"follow","max-snippet":"max-snippet:-1","max-image-preview":"max-image-preview:large","max-video-preview":"max-video-preview:-1"},"og_locale":"fr_CA","og_type":"article","og_title":"BMW d\u00e9voile la S\u00e9rie\u00a05 2024\u2026 et la berline i5 tout \u00e9lectrique qui vient avec - CanadaMotorJobs.com","og_description":"BMW d\u00e9voile la S\u00e9rie\u00a05 2024\u2026 et la berline i5 tout \u00e9lectrique qui vient avec - Benoit Charette - Annuel automobile - CanadaMotorJobs.com.","og_url":"https:\/\/news.canadamotorjobs.com\/fr\/bmw-devoile-la-serie-5-2024-et-la-berline-i5-tout-electrique-qui-vient-avec\/","og_site_name":"CanadaMotorJobs.com","article_publisher":"https:\/\/www.facebook.com\/canadamotorjobs\/","article_published_time":"2023-05-25T10:50:28+00:00","article_modified_time":"2023-05-25T11:00:46+00:00","og_image":[{"width":1200,"height":800,"url":"https:\/\/news.canadamotorjobs.com\/wp-content\/uploads\/2023\/05\/P90505140_highRes_the-new-bmw-5-series.jpg","type":"image\/jpeg"}],"author":"Benoit Charette","twitter_card":"summary_large_image","twitter_creator":"@canadamotorjobs","twitter_site":"@canadamotorjobs","twitter_misc":{"\u00c9crit par":"Benoit Charette","Estimation du temps de lecture":"2 minutes"},"schema":{"@context":"https:\/\/schema.org","@graph":[{"@type":"Article","@id":"https:\/\/news.canadamotorjobs.com\/fr\/bmw-devoile-la-serie-5-2024-et-la-berline-i5-tout-electrique-qui-vient-avec\/#article","isPartOf":{"@id":"https:\/\/news.canadamotorjobs.com\/fr\/bmw-devoile-la-serie-5-2024-et-la-berline-i5-tout-electrique-qui-vient-avec\/"},"author":{"name":"Benoit Charette","@id":"https:\/\/news.canadamotorjobs.com\/#\/schema\/person\/51793d1f87d44011d7bcc2ed99269a90"},"headline":"BMW d\u00e9voile la S\u00e9rie\u00a05 2024\u2026 et la berline i5 tout \u00e9lectrique qui vient avec","datePublished":"2023-05-25T10:50:28+00:00","dateModified":"2023-05-25T11:00:46+00:00","mainEntityOfPage":{"@id":"https:\/\/news.canadamotorjobs.com\/fr\/bmw-devoile-la-serie-5-2024-et-la-berline-i5-tout-electrique-qui-vient-avec\/"},"wordCount":463,"publisher":{"@id":"https:\/\/news.canadamotorjobs.com\/#organization"},"image":{"@id":"https:\/\/news.canadamotorjobs.com\/fr\/bmw-devoile-la-serie-5-2024-et-la-berline-i5-tout-electrique-qui-vient-avec\/#primaryimage"},"thumbnailUrl":"https:\/\/news.canadamotorjobs.com\/wp-content\/uploads\/2023\/05\/P90505140_highRes_the-new-bmw-5-series.jpg","articleSection":["Annuel automobile"],"inLanguage":"fr-CA"},{"@type":"WebPage","@id":"https:\/\/news.canadamotorjobs.com\/fr\/bmw-devoile-la-serie-5-2024-et-la-berline-i5-tout-electrique-qui-vient-avec\/","url":"https:\/\/news.canadamotorjobs.com\/fr\/bmw-devoile-la-serie-5-2024-et-la-berline-i5-tout-electrique-qui-vient-avec\/","name":"BMW d\u00e9voile la S\u00e9rie\u00a05 2024\u2026 et la berline i5 tout \u00e9lectrique qui vient avec - CanadaMotorJobs.com","isPartOf":{"@id":"https:\/\/news.canadamotorjobs.com\/#website"},"primaryImageOfPage":{"@id":"https:\/\/news.canadamotorjobs.com\/fr\/bmw-devoile-la-serie-5-2024-et-la-berline-i5-tout-electrique-qui-vient-avec\/#primaryimage"},"image":{"@id":"https:\/\/news.canadamotorjobs.com\/fr\/bmw-devoile-la-serie-5-2024-et-la-berline-i5-tout-electrique-qui-vient-avec\/#primaryimage"},"thumbnailUrl":"https:\/\/news.canadamotorjobs.com\/wp-content\/uploads\/2023\/05\/P90505140_highRes_the-new-bmw-5-series.jpg","datePublished":"2023-05-25T10:50:28+00:00","dateModified":"2023-05-25T11:00:46+00:00","description":"BMW d\u00e9voile la S\u00e9rie\u00a05 2024\u2026 et la berline i5 tout \u00e9lectrique qui vient avec - Benoit Charette - Annuel automobile - CanadaMotorJobs.com.","breadcrumb":{"@id":"https:\/\/news.canadamotorjobs.com\/fr\/bmw-devoile-la-serie-5-2024-et-la-berline-i5-tout-electrique-qui-vient-avec\/#breadcrumb"},"inLanguage":"fr-CA","potentialAction":[{"@type":"ReadAction","target":["https:\/\/news.canadamotorjobs.com\/fr\/bmw-devoile-la-serie-5-2024-et-la-berline-i5-tout-electrique-qui-vient-avec\/"]}]},{"@type":"ImageObject","inLanguage":"fr-CA","@id":"https:\/\/news.canadamotorjobs.com\/fr\/bmw-devoile-la-serie-5-2024-et-la-berline-i5-tout-electrique-qui-vient-avec\/#primaryimage","url":"https:\/\/news.canadamotorjobs.com\/wp-content\/uploads\/2023\/05\/P90505140_highRes_the-new-bmw-5-series.jpg","contentUrl":"https:\/\/news.canadamotorjobs.com\/wp-content\/uploads\/2023\/05\/P90505140_highRes_the-new-bmw-5-series.jpg","width":1200,"height":800},{"@type":"BreadcrumbList","@id":"https:\/\/news.canadamotorjobs.com\/fr\/bmw-devoile-la-serie-5-2024-et-la-berline-i5-tout-electrique-qui-vient-avec\/#breadcrumb","itemListElement":[{"@type":"ListItem","position":1,"name":"Home","item":"https:\/\/news.canadamotorjobs.com\/fr\/blog\/"},{"@type":"ListItem","position":2,"name":"BMW d\u00e9voile la S\u00e9rie\u00a05 2024\u2026 et la berline i5 tout \u00e9lectrique qui vient avec"}]},{"@type":"WebSite","@id":"https:\/\/news.canadamotorjobs.com\/#website","url":"https:\/\/news.canadamotorjobs.com\/","name":"CanadaMotorJobs.com","description":"Automotive Jobs","publisher":{"@id":"https:\/\/news.canadamotorjobs.com\/#organization"},"potentialAction":[{"@type":"SearchAction","target":{"@type":"EntryPoint","urlTemplate":"https:\/\/news.canadamotorjobs.com\/?s={search_term_string}"},"query-input":"required name=search_term_string"}],"inLanguage":"fr-CA"},{"@type":"Organization","@id":"https:\/\/news.canadamotorjobs.com\/#organization","name":"Canada Motor Jobs","url":"https:\/\/news.canadamotorjobs.com\/","logo":{"@type":"ImageObject","inLanguage":"fr-CA","@id":"https:\/\/news.canadamotorjobs.com\/#\/schema\/logo\/image\/","url":"https:\/\/news.canadamotorjobs.com\/wp-content\/uploads\/2022\/10\/logo-canada-motor-jobs-1.png","contentUrl":"https:\/\/news.canadamotorjobs.com\/wp-content\/uploads\/2022\/10\/logo-canada-motor-jobs-1.png","width":800,"height":400,"caption":"Canada Motor Jobs"},"image":{"@id":"https:\/\/news.canadamotorjobs.com\/#\/schema\/logo\/image\/"},"sameAs":["https:\/\/www.facebook.com\/canadamotorjobs\/","https:\/\/x.com\/canadamotorjobs","https:\/\/www.instagram.com\/canadamotorjobs\/","https:\/\/www.linkedin.com\/company\/canadamotorjobs"]},{"@type":"Person","@id":"https:\/\/news.canadamotorjobs.com\/#\/schema\/person\/51793d1f87d44011d7bcc2ed99269a90","name":"Benoit Charette","image":{"@type":"ImageObject","inLanguage":"fr-CA","@id":"https:\/\/news.canadamotorjobs.com\/#\/schema\/person\/image\/","url":"https:\/\/secure.gravatar.com\/avatar\/45f3d2eebcccd909668d7ce7ea7267b6?s=96&d=mm&r=g","contentUrl":"https:\/\/secure.gravatar.com\/avatar\/45f3d2eebcccd909668d7ce7ea7267b6?s=96&d=mm&r=g","caption":"Benoit Charette"},"description":"Benoit Charette \/ Propri\u00e9taire et r\u00e9dacteur en chef Benoit Charette pratique le journalisme automobile depuis bient\u00f4t 30 ans. Il a fait ses classes au c\u00f4t\u00e9 de Daniel H\u00e9raud et au Carnet de route de 1992 \u00e0 2001. Il est fondateur, copropri\u00e9taire et r\u00e9dacteur en chef de L\u2019Annuel de l\u2019automobile, qu\u2019il publie depuis 2001. Il a anim\u00e9 les \u00e9missions RPM et RPM+ sur V et les L\u00e9gendes de la route sur Historia. \u00c0 la radio depuis 1986, il reprend l\u2019antenne cette ann\u00e9e sur les ondes de Cogeco et participe pour la deuxi\u00e8me ann\u00e9e \u00e0 l\u2019\u00e9mission Passion Auto sur RDS en plus de mettre en ligne le site Web officiel de L\u2019Annuel de l\u2019automobile sur annuelauto.ca.","sameAs":["https:\/\/annuelauto.ca\/"],"url":"https:\/\/news.canadamotorjobs.com\/fr\/author\/benoit-charette\/"}]}},"_links":{"self":[{"href":"https:\/\/news.canadamotorjobs.com\/fr\/wp-json\/wp\/v2\/posts\/145508"}],"collection":[{"href":"https:\/\/news.canadamotorjobs.com\/fr\/wp-json\/wp\/v2\/posts"}],"about":[{"href":"https:\/\/news.canadamotorjobs.com\/fr\/wp-json\/wp\/v2\/types\/post"}],"author":[{"embeddable":true,"href":"https:\/\/news.canadamotorjobs.com\/fr\/wp-json\/wp\/v2\/users\/8"}],"replies":[{"embeddable":true,"href":"https:\/\/news.canadamotorjobs.com\/fr\/wp-json\/wp\/v2\/comments?post=145508"}],"version-history":[{"count":2,"href":"https:\/\/news.canadamotorjobs.com\/fr\/wp-json\/wp\/v2\/posts\/145508\/revisions"}],"predecessor-version":[{"id":145512,"href":"https:\/\/news.canadamotorjobs.com\/fr\/wp-json\/wp\/v2\/posts\/145508\/revisions\/145512"}],"wp:featuredmedia":[{"embeddable":true,"href":"https:\/\/news.canadamotorjobs.com\/fr\/wp-json\/wp\/v2\/media\/145510"}],"wp:attachment":[{"href":"https:\/\/news.canadamotorjobs.com\/fr\/wp-json\/wp\/v2\/media?parent=145508"}],"wp:term":[{"taxonomy":"category","embeddable":true,"href":"https:\/\/news.canadamotorjobs.com\/fr\/wp-json\/wp\/v2\/categories?post=145508"},{"taxonomy":"post_tag","embeddable":true,"href":"https:\/\/news.canadamotorjobs.com\/fr\/wp-json\/wp\/v2\/tags?post=145508"}],"curies":[{"name":"wp","href":"https:\/\/api.w.org\/{rel}","templated":true}]}}