{"id":145435,"date":"2023-05-24T05:39:20","date_gmt":"2023-05-24T09:39:20","guid":{"rendered":"https:\/\/news.canadamotorjobs.com\/?p=145435"},"modified":"2023-05-24T05:45:48","modified_gmt":"2023-05-24T09:45:48","slug":"honda-et-aston-martin-vont-faire-equipe-en-2026","status":"publish","type":"post","link":"https:\/\/news.canadamotorjobs.com\/fr\/honda-et-aston-martin-vont-faire-equipe-en-2026\/","title":{"rendered":"Honda et Aston-Martin vont faire \u00e9quipe en 2026"},"content":{"rendered":"<\/p>\n<p>Honda continuera \u00e0 fournir des groupes motopropulseurs \u00e0 la Formule 1 lorsque les r\u00e8gles changeront pour la saison 2026, mais il s&#8217;associera \u00e0 une nouvelle \u00e9quipe de course.<\/p>\n<h3>Bienvenue chez Aston-Martin<\/h3>\n<p>\nMardi soir, Honda et Aston Martin ont annonc\u00e9 que Honda Racing Corporation concevra, d\u00e9veloppera et fabriquera des moteurs pour l&#8217;\u00e9quipe Aston Martin Aramco Cognizant pour la saison 2026 de Formule 1. Honda estime que la technologie des groupes motopropulseurs pourra \u00eatre appliqu\u00e9e \u00e0 des v\u00e9hicules de s\u00e9rie. Aston Martin qui utilise pr\u00e9sentement des moteurs Mercedes sera responsable de la conception du reste de la voiture.<\/p>\n<h3>Nouveau moteur et nouveau carburant<\/h3>\n<p>\nLa F1 adoptera de nouvelles r\u00e8gles en mati\u00e8re d&#8217;unit\u00e9s de puissance pour la saison 2026. Le carburant sera 100 % neutre en carbone et le moteur \u00e9lectrique fournira trois fois plus de puissance qu&#8217;aujourd&#8217;hui. La Formule 1 d\u00e9veloppe le carburant avec Aramco, la compagnie p\u00e9troli\u00e8re nationale d&#8217;Arabie saoudite, et pr\u00e9voit qu&#8217;il sera pr\u00eat \u00e0 temps pour cette saison. Selon les nouvelles r\u00e8gles, les voitures de F1 utiliseront une configuration hybride V-6 turbo de 1,6 litre, qui est la configuration actuelle. La nouvelle unit\u00e9 de puissance \u00e9liminera le moteur-g\u00e9n\u00e9rateur MGU-H qui r\u00e9cup\u00e8re l&#8217;\u00e9nergie des gaz d&#8217;\u00e9chappement via le turbocompresseur. Il restera le moteur MGU-K, qui r\u00e9cup\u00e8re l&#8217;\u00e9nergie des freins arri\u00e8re, mais qui d\u00e9veloppera 469 chevaux contre 160 chevaux aujourd&#8217;hui, soit une augmentation d&#8217;environ 20 % par rapport \u00e0 la r\u00e9partition 50\/50 avec le moteur. L&#8217;une des cl\u00e9s de la performance sera la batterie, qui devra \u00eatre capable de fournir rapidement une puissance \u00e9lev\u00e9e. Au total, l&#8217;unit\u00e9 de puissance continuera \u00e0 produire environ 1 000 chevaux, mais gr\u00e2ce \u00e0 l&#8217;augmentation de la puissance \u00e9lectrique, la consommation de carburant devrait passer d&#8217;environ 220 livres aujourd&#8217;hui \u00e0 154 livres.<\/p>\n<p>Les r\u00e8gles de la F1 imposeront \u00e9galement un plafond de co\u00fbt au composant \u00e0 combustion interne de l&#8217;unit\u00e9 de puissance, r\u00e9duiront le temps pass\u00e9 sur les bancs d&#8217;essai et limiteront chaque voiture \u00e0 trois unit\u00e9s de puissance par saison.<\/p>\n<p>\u00a0<\/p>\n<p>Avec des renseignements de Motor authority<\/p>\n<p>Le texte <a rel=\"nofollow\" href=\"https:\/\/annuelauto.ca\/honda-et-aston-martin-vont-faire-equipe-en-2026\/\">Honda et Aston-Martin vont faire \u00e9quipe en 2026<\/a> provient de <a rel=\"nofollow\" href=\"https:\/\/annuelauto.ca\">L&#8217;annuel de l&#8217;automobile &#8211; Actualit\u00e9 automobile<\/a><\/p>\n<p><\/p>\n","protected":false},"excerpt":{"rendered":"<p>Honda continuera \u00e0 fournir des groupes motopropulseurs \u00e0 la Formule 1 lorsque les r\u00e8gles changeront pour la saison 2026, mais il s&#8217;associera \u00e0 une nouvelle \u00e9quipe de course. Bienvenue chez Aston-Martin Mardi soir, Honda et Aston Martin ont annonc\u00e9 que Honda Racing Corporation concevra, d\u00e9veloppera et fabriquera des moteurs pour l&#8217;\u00e9quipe Aston Martin Aramco Cognizant [&hellip;]<\/p>\n","protected":false},"author":8,"featured_media":145437,"comment_status":"close","ping_status":"closed","sticky":false,"template":"","format":"standard","meta":{"_monsterinsights_skip_tracking":false,"_monsterinsights_sitenote_active":false,"_monsterinsights_sitenote_note":"","_monsterinsights_sitenote_category":0,"footnotes":""},"categories":[101],"tags":[],"yoast_head":"<!-- This site is optimized with the Yoast SEO plugin v23.2 - https:\/\/yoast.com\/wordpress\/plugins\/seo\/ -->\n<title>Honda et Aston-Martin vont faire \u00e9quipe en 2026 - CanadaMotorJobs.com<\/title>\n<meta name=\"description\" content=\"Honda et Aston-Martin vont faire \u00e9quipe en 2026 - Benoit Charette - Annuel automobile - CanadaMotorJobs.com.\" \/>\n<meta name=\"robots\" content=\"index, follow, max-snippet:-1, max-image-preview:large, max-video-preview:-1\" \/>\n<meta property=\"og:locale\" content=\"fr_CA\" \/>\n<meta property=\"og:type\" content=\"article\" \/>\n<meta property=\"og:title\" content=\"Honda et Aston-Martin vont faire \u00e9quipe en 2026 - CanadaMotorJobs.com\" \/>\n<meta property=\"og:description\" content=\"Honda et Aston-Martin vont faire \u00e9quipe en 2026 - Benoit Charette - Annuel automobile - CanadaMotorJobs.com.\" \/>\n<meta property=\"og:url\" content=\"https:\/\/news.canadamotorjobs.com\/fr\/honda-et-aston-martin-vont-faire-equipe-en-2026\/\" \/>\n<meta property=\"og:site_name\" content=\"CanadaMotorJobs.com\" \/>\n<meta property=\"article:publisher\" content=\"https:\/\/www.facebook.com\/canadamotorjobs\/\" \/>\n<meta property=\"article:published_time\" content=\"2023-05-24T09:39:20+00:00\" \/>\n<meta property=\"article:modified_time\" content=\"2023-05-24T09:45:48+00:00\" \/>\n<meta property=\"og:image\" content=\"https:\/\/news.canadamotorjobs.com\/wp-content\/uploads\/2023\/05\/formula-1-bahrain-february-tes-2.jpg\" \/>\n\t<meta property=\"og:image:width\" content=\"1000\" \/>\n\t<meta property=\"og:image:height\" content=\"667\" \/>\n\t<meta property=\"og:image:type\" content=\"image\/jpeg\" \/>\n<meta name=\"author\" content=\"Benoit Charette\" \/>\n<meta name=\"twitter:card\" content=\"summary_large_image\" \/>\n<meta name=\"twitter:creator\" content=\"@canadamotorjobs\" \/>\n<meta name=\"twitter:site\" content=\"@canadamotorjobs\" \/>\n<meta name=\"twitter:label1\" content=\"\u00c9crit par\" \/>\n\t<meta name=\"twitter:data1\" content=\"Benoit Charette\" \/>\n\t<meta name=\"twitter:label2\" content=\"Estimation du temps de lecture\" \/>\n\t<meta name=\"twitter:data2\" content=\"2 minutes\" \/>\n<!-- \/ Yoast SEO plugin. -->","yoast_head_json":{"title":"Honda et Aston-Martin vont faire \u00e9quipe en 2026 - CanadaMotorJobs.com","description":"Honda et Aston-Martin vont faire \u00e9quipe en 2026 - Benoit Charette - Annuel automobile - CanadaMotorJobs.com.","robots":{"index":"index","follow":"follow","max-snippet":"max-snippet:-1","max-image-preview":"max-image-preview:large","max-video-preview":"max-video-preview:-1"},"og_locale":"fr_CA","og_type":"article","og_title":"Honda et Aston-Martin vont faire \u00e9quipe en 2026 - CanadaMotorJobs.com","og_description":"Honda et Aston-Martin vont faire \u00e9quipe en 2026 - Benoit Charette - Annuel automobile - CanadaMotorJobs.com.","og_url":"https:\/\/news.canadamotorjobs.com\/fr\/honda-et-aston-martin-vont-faire-equipe-en-2026\/","og_site_name":"CanadaMotorJobs.com","article_publisher":"https:\/\/www.facebook.com\/canadamotorjobs\/","article_published_time":"2023-05-24T09:39:20+00:00","article_modified_time":"2023-05-24T09:45:48+00:00","og_image":[{"width":1000,"height":667,"url":"https:\/\/news.canadamotorjobs.com\/wp-content\/uploads\/2023\/05\/formula-1-bahrain-february-tes-2.jpg","type":"image\/jpeg"}],"author":"Benoit Charette","twitter_card":"summary_large_image","twitter_creator":"@canadamotorjobs","twitter_site":"@canadamotorjobs","twitter_misc":{"\u00c9crit par":"Benoit Charette","Estimation du temps de lecture":"2 minutes"},"schema":{"@context":"https:\/\/schema.org","@graph":[{"@type":"Article","@id":"https:\/\/news.canadamotorjobs.com\/fr\/honda-et-aston-martin-vont-faire-equipe-en-2026\/#article","isPartOf":{"@id":"https:\/\/news.canadamotorjobs.com\/fr\/honda-et-aston-martin-vont-faire-equipe-en-2026\/"},"author":{"name":"Benoit Charette","@id":"https:\/\/news.canadamotorjobs.com\/#\/schema\/person\/51793d1f87d44011d7bcc2ed99269a90"},"headline":"Honda et Aston-Martin vont faire \u00e9quipe en 2026","datePublished":"2023-05-24T09:39:20+00:00","dateModified":"2023-05-24T09:45:48+00:00","mainEntityOfPage":{"@id":"https:\/\/news.canadamotorjobs.com\/fr\/honda-et-aston-martin-vont-faire-equipe-en-2026\/"},"wordCount":377,"publisher":{"@id":"https:\/\/news.canadamotorjobs.com\/#organization"},"image":{"@id":"https:\/\/news.canadamotorjobs.com\/fr\/honda-et-aston-martin-vont-faire-equipe-en-2026\/#primaryimage"},"thumbnailUrl":"https:\/\/news.canadamotorjobs.com\/wp-content\/uploads\/2023\/05\/formula-1-bahrain-february-tes-2.jpg","articleSection":["Annuel automobile"],"inLanguage":"fr-CA"},{"@type":"WebPage","@id":"https:\/\/news.canadamotorjobs.com\/fr\/honda-et-aston-martin-vont-faire-equipe-en-2026\/","url":"https:\/\/news.canadamotorjobs.com\/fr\/honda-et-aston-martin-vont-faire-equipe-en-2026\/","name":"Honda et Aston-Martin vont faire \u00e9quipe en 2026 - CanadaMotorJobs.com","isPartOf":{"@id":"https:\/\/news.canadamotorjobs.com\/#website"},"primaryImageOfPage":{"@id":"https:\/\/news.canadamotorjobs.com\/fr\/honda-et-aston-martin-vont-faire-equipe-en-2026\/#primaryimage"},"image":{"@id":"https:\/\/news.canadamotorjobs.com\/fr\/honda-et-aston-martin-vont-faire-equipe-en-2026\/#primaryimage"},"thumbnailUrl":"https:\/\/news.canadamotorjobs.com\/wp-content\/uploads\/2023\/05\/formula-1-bahrain-february-tes-2.jpg","datePublished":"2023-05-24T09:39:20+00:00","dateModified":"2023-05-24T09:45:48+00:00","description":"Honda et Aston-Martin vont faire \u00e9quipe en 2026 - Benoit Charette - Annuel automobile - CanadaMotorJobs.com.","breadcrumb":{"@id":"https:\/\/news.canadamotorjobs.com\/fr\/honda-et-aston-martin-vont-faire-equipe-en-2026\/#breadcrumb"},"inLanguage":"fr-CA","potentialAction":[{"@type":"ReadAction","target":["https:\/\/news.canadamotorjobs.com\/fr\/honda-et-aston-martin-vont-faire-equipe-en-2026\/"]}]},{"@type":"ImageObject","inLanguage":"fr-CA","@id":"https:\/\/news.canadamotorjobs.com\/fr\/honda-et-aston-martin-vont-faire-equipe-en-2026\/#primaryimage","url":"https:\/\/news.canadamotorjobs.com\/wp-content\/uploads\/2023\/05\/formula-1-bahrain-february-tes-2.jpg","contentUrl":"https:\/\/news.canadamotorjobs.com\/wp-content\/uploads\/2023\/05\/formula-1-bahrain-february-tes-2.jpg","width":1000,"height":667},{"@type":"BreadcrumbList","@id":"https:\/\/news.canadamotorjobs.com\/fr\/honda-et-aston-martin-vont-faire-equipe-en-2026\/#breadcrumb","itemListElement":[{"@type":"ListItem","position":1,"name":"Home","item":"https:\/\/news.canadamotorjobs.com\/fr\/blog\/"},{"@type":"ListItem","position":2,"name":"Honda et Aston-Martin vont faire \u00e9quipe en 2026"}]},{"@type":"WebSite","@id":"https:\/\/news.canadamotorjobs.com\/#website","url":"https:\/\/news.canadamotorjobs.com\/","name":"CanadaMotorJobs.com","description":"Automotive Jobs","publisher":{"@id":"https:\/\/news.canadamotorjobs.com\/#organization"},"potentialAction":[{"@type":"SearchAction","target":{"@type":"EntryPoint","urlTemplate":"https:\/\/news.canadamotorjobs.com\/?s={search_term_string}"},"query-input":"required name=search_term_string"}],"inLanguage":"fr-CA"},{"@type":"Organization","@id":"https:\/\/news.canadamotorjobs.com\/#organization","name":"Canada Motor Jobs","url":"https:\/\/news.canadamotorjobs.com\/","logo":{"@type":"ImageObject","inLanguage":"fr-CA","@id":"https:\/\/news.canadamotorjobs.com\/#\/schema\/logo\/image\/","url":"https:\/\/news.canadamotorjobs.com\/wp-content\/uploads\/2022\/10\/logo-canada-motor-jobs-1.png","contentUrl":"https:\/\/news.canadamotorjobs.com\/wp-content\/uploads\/2022\/10\/logo-canada-motor-jobs-1.png","width":800,"height":400,"caption":"Canada Motor Jobs"},"image":{"@id":"https:\/\/news.canadamotorjobs.com\/#\/schema\/logo\/image\/"},"sameAs":["https:\/\/www.facebook.com\/canadamotorjobs\/","https:\/\/x.com\/canadamotorjobs","https:\/\/www.instagram.com\/canadamotorjobs\/","https:\/\/www.linkedin.com\/company\/canadamotorjobs"]},{"@type":"Person","@id":"https:\/\/news.canadamotorjobs.com\/#\/schema\/person\/51793d1f87d44011d7bcc2ed99269a90","name":"Benoit Charette","image":{"@type":"ImageObject","inLanguage":"fr-CA","@id":"https:\/\/news.canadamotorjobs.com\/#\/schema\/person\/image\/","url":"https:\/\/secure.gravatar.com\/avatar\/45f3d2eebcccd909668d7ce7ea7267b6?s=96&d=mm&r=g","contentUrl":"https:\/\/secure.gravatar.com\/avatar\/45f3d2eebcccd909668d7ce7ea7267b6?s=96&d=mm&r=g","caption":"Benoit Charette"},"description":"Benoit Charette \/ Propri\u00e9taire et r\u00e9dacteur en chef Benoit Charette pratique le journalisme automobile depuis bient\u00f4t 30 ans. Il a fait ses classes au c\u00f4t\u00e9 de Daniel H\u00e9raud et au Carnet de route de 1992 \u00e0 2001. Il est fondateur, copropri\u00e9taire et r\u00e9dacteur en chef de L\u2019Annuel de l\u2019automobile, qu\u2019il publie depuis 2001. Il a anim\u00e9 les \u00e9missions RPM et RPM+ sur V et les L\u00e9gendes de la route sur Historia. \u00c0 la radio depuis 1986, il reprend l\u2019antenne cette ann\u00e9e sur les ondes de Cogeco et participe pour la deuxi\u00e8me ann\u00e9e \u00e0 l\u2019\u00e9mission Passion Auto sur RDS en plus de mettre en ligne le site Web officiel de L\u2019Annuel de l\u2019automobile sur annuelauto.ca.","sameAs":["https:\/\/annuelauto.ca\/"],"url":"https:\/\/news.canadamotorjobs.com\/fr\/author\/benoit-charette\/"}]}},"_links":{"self":[{"href":"https:\/\/news.canadamotorjobs.com\/fr\/wp-json\/wp\/v2\/posts\/145435"}],"collection":[{"href":"https:\/\/news.canadamotorjobs.com\/fr\/wp-json\/wp\/v2\/posts"}],"about":[{"href":"https:\/\/news.canadamotorjobs.com\/fr\/wp-json\/wp\/v2\/types\/post"}],"author":[{"embeddable":true,"href":"https:\/\/news.canadamotorjobs.com\/fr\/wp-json\/wp\/v2\/users\/8"}],"replies":[{"embeddable":true,"href":"https:\/\/news.canadamotorjobs.com\/fr\/wp-json\/wp\/v2\/comments?post=145435"}],"version-history":[{"count":2,"href":"https:\/\/news.canadamotorjobs.com\/fr\/wp-json\/wp\/v2\/posts\/145435\/revisions"}],"predecessor-version":[{"id":145439,"href":"https:\/\/news.canadamotorjobs.com\/fr\/wp-json\/wp\/v2\/posts\/145435\/revisions\/145439"}],"wp:featuredmedia":[{"embeddable":true,"href":"https:\/\/news.canadamotorjobs.com\/fr\/wp-json\/wp\/v2\/media\/145437"}],"wp:attachment":[{"href":"https:\/\/news.canadamotorjobs.com\/fr\/wp-json\/wp\/v2\/media?parent=145435"}],"wp:term":[{"taxonomy":"category","embeddable":true,"href":"https:\/\/news.canadamotorjobs.com\/fr\/wp-json\/wp\/v2\/categories?post=145435"},{"taxonomy":"post_tag","embeddable":true,"href":"https:\/\/news.canadamotorjobs.com\/fr\/wp-json\/wp\/v2\/tags?post=145435"}],"curies":[{"name":"wp","href":"https:\/\/api.w.org\/{rel}","templated":true}]}}