{"id":145354,"date":"2023-05-23T06:49:14","date_gmt":"2023-05-23T10:49:14","guid":{"rendered":"https:\/\/news.canadamotorjobs.com\/?p=145354"},"modified":"2023-05-23T07:06:08","modified_gmt":"2023-05-23T11:06:08","slug":"ford-signe-un-accord-avec-lentreprise-quebecoise-nemaska-lithium","status":"publish","type":"post","link":"https:\/\/news.canadamotorjobs.com\/fr\/ford-signe-un-accord-avec-lentreprise-quebecoise-nemaska-lithium\/","title":{"rendered":"Ford signe un accord avec l\u2019entreprise qu\u00e9b\u00e9coise Nemaska Lithium"},"content":{"rendered":"<\/p>\n<ul><\/p>\n<li>\n<h3><strong>Ford devient le tout premier client de Nemaska Lithium <\/strong><\/h3>\n<p>\n<\/li>\n<p><\/p>\n<li>\n<h3><strong>l\u2019hydroxyde de lithium sera produit \u00e0 l\u2019usine de B\u00e9cancour pour la production de ses batteries de v\u00e9hicules \u00e9lectriques (V\u00c9).<\/strong><\/h3>\n<p>\n<\/li>\n<p>\n<\/ul>\n<p>\nFord a conclu un accord \u00e0 long terme avec Nemaska Lithium pour l\u2019approvisionnement en produits de lithium, notamment de l\u2019hydroxyde de lithium, sur une p\u00e9riode de 11 ans. L\u2019accord pr\u00e9voit la livraison d\u2019un maximum de 13 000 tonnes d\u2019hydroxyde de lithium par an. L\u2019entente pr\u00e9voit \u00e9galement qu\u2019avant de commencer \u00e0 livrer l\u2019hydroxyde de lithium produit \u00e0 B\u00e9cancour, Nemaska Lithium fournira \u00e0 Ford du concentr\u00e9 de spodum\u00e8ne provenant de sa mine Whabouchi. Le projet int\u00e9gr\u00e9 de Nemaska Lithium sera le premier projet \u00e0 produire de l\u2019hydroxyde de lithium au Qu\u00e9bec.<\/p>\n<p>L\u2019hydroxyde de lithium qui sera produit par l\u2019entreprise qu\u00e9b\u00e9coise et fournie au constructeur automobile r\u00e9pondra \u00e0 des standards \u00e9lev\u00e9s en mati\u00e8re de qualit\u00e9 et de d\u00e9veloppement durable, gr\u00e2ce notamment \u00e0 une empreinte carbone parmi les plus faibles dans son industrie. L\u2019hydroxyde de lithium produit par Nemaska Lithium devrait permettre aux v\u00e9hicules Ford de b\u00e9n\u00e9ficier des avantages fiscaux accord\u00e9s aux consommateurs en vertu de la loi am\u00e9ricaine sur la r\u00e9duction de l\u2019inflation.<\/p>\n<p>Nemaska Lithium est d\u00e9tenue \u00e0 parts \u00e9gales par deux investisseurs solides, soit Investissement Qu\u00e9bec, l\u2019agence de d\u00e9veloppement \u00e9conomique du gouvernement du Qu\u00e9bec, et Livent, joueur de renomm\u00e9e internationale du secteur du lithium. Gr\u00e2ce \u00e0 son expertise chevronn\u00e9e comme producteur de lithium, Livent a \u00e9t\u00e9 d\u00e9sign\u00e9e par le conseil d\u2019administration de Nemaska Lithium pour entreprendre, sur une base exclusive, les efforts de ventes et de marketing de ses produits, efforts qui ont men\u00e9 \u00e0 la conclusion de la pr\u00e9sente entente. D\u2019autres ententes avec des clients sont \u00e0 pr\u00e9voir d\u2019ici la fin de l\u2019ann\u00e9e 2023.<\/p>\n<p>\u00a0<\/p>\n<p>Le texte <a rel=\"nofollow\" href=\"https:\/\/annuelauto.ca\/ford-signe-un-accord-avec-lentreprise-quebecoise-nemaska-lithium\/\">Ford signe un accord avec l\u2019entreprise qu\u00e9b\u00e9coise Nemaska Lithium<\/a> provient de <a rel=\"nofollow\" href=\"https:\/\/annuelauto.ca\">L&#8217;annuel de l&#8217;automobile &#8211; Actualit\u00e9 automobile<\/a><\/p>\n<p><\/p>\n","protected":false},"excerpt":{"rendered":"<p>Ford devient le tout premier client de Nemaska Lithium l\u2019hydroxyde de lithium sera produit \u00e0 l\u2019usine de B\u00e9cancour pour la production de ses batteries de v\u00e9hicules \u00e9lectriques (V\u00c9). Ford a conclu un accord \u00e0 long terme avec Nemaska Lithium pour l\u2019approvisionnement en produits de lithium, notamment de l\u2019hydroxyde de lithium, sur une p\u00e9riode de 11 [&hellip;]<\/p>\n","protected":false},"author":8,"featured_media":145356,"comment_status":"close","ping_status":"closed","sticky":false,"template":"","format":"standard","meta":{"_monsterinsights_skip_tracking":false,"_monsterinsights_sitenote_active":false,"_monsterinsights_sitenote_note":"","_monsterinsights_sitenote_category":0,"footnotes":""},"categories":[101],"tags":[],"yoast_head":"<!-- This site is optimized with the Yoast SEO plugin v23.2 - https:\/\/yoast.com\/wordpress\/plugins\/seo\/ -->\n<title>Ford signe un accord avec l\u2019entreprise qu\u00e9b\u00e9coise Nemaska Lithium - CanadaMotorJobs.com<\/title>\n<meta name=\"description\" content=\"Ford signe un accord avec l\u2019entreprise qu\u00e9b\u00e9coise Nemaska Lithium - Benoit Charette - Annuel automobile - CanadaMotorJobs.com.\" \/>\n<meta name=\"robots\" content=\"index, follow, max-snippet:-1, max-image-preview:large, max-video-preview:-1\" \/>\n<meta property=\"og:locale\" content=\"fr_CA\" \/>\n<meta property=\"og:type\" content=\"article\" \/>\n<meta property=\"og:title\" content=\"Ford signe un accord avec l\u2019entreprise qu\u00e9b\u00e9coise Nemaska Lithium - CanadaMotorJobs.com\" \/>\n<meta property=\"og:description\" content=\"Ford signe un accord avec l\u2019entreprise qu\u00e9b\u00e9coise Nemaska Lithium - Benoit Charette - Annuel automobile - CanadaMotorJobs.com.\" \/>\n<meta property=\"og:url\" content=\"https:\/\/news.canadamotorjobs.com\/fr\/ford-signe-un-accord-avec-lentreprise-quebecoise-nemaska-lithium\/\" \/>\n<meta property=\"og:site_name\" content=\"CanadaMotorJobs.com\" \/>\n<meta property=\"article:publisher\" content=\"https:\/\/www.facebook.com\/canadamotorjobs\/\" \/>\n<meta property=\"article:published_time\" content=\"2023-05-23T10:49:14+00:00\" \/>\n<meta property=\"article:modified_time\" content=\"2023-05-23T11:06:08+00:00\" \/>\n<meta property=\"og:image\" content=\"https:\/\/news.canadamotorjobs.com\/wp-content\/uploads\/2023\/05\/2022-04-26-Nemaska-Lithium-scaled-1.jpeg\" \/>\n\t<meta property=\"og:image:width\" content=\"2560\" \/>\n\t<meta property=\"og:image:height\" content=\"1920\" \/>\n\t<meta property=\"og:image:type\" content=\"image\/jpeg\" \/>\n<meta name=\"author\" content=\"Benoit Charette\" \/>\n<meta name=\"twitter:card\" content=\"summary_large_image\" \/>\n<meta name=\"twitter:creator\" content=\"@canadamotorjobs\" \/>\n<meta name=\"twitter:site\" content=\"@canadamotorjobs\" \/>\n<meta name=\"twitter:label1\" content=\"\u00c9crit par\" \/>\n\t<meta name=\"twitter:data1\" content=\"Benoit Charette\" \/>\n\t<meta name=\"twitter:label2\" content=\"Estimation du temps de lecture\" \/>\n\t<meta name=\"twitter:data2\" content=\"2 minutes\" \/>\n<!-- \/ Yoast SEO plugin. -->","yoast_head_json":{"title":"Ford signe un accord avec l\u2019entreprise qu\u00e9b\u00e9coise Nemaska Lithium - CanadaMotorJobs.com","description":"Ford signe un accord avec l\u2019entreprise qu\u00e9b\u00e9coise Nemaska Lithium - Benoit Charette - Annuel automobile - CanadaMotorJobs.com.","robots":{"index":"index","follow":"follow","max-snippet":"max-snippet:-1","max-image-preview":"max-image-preview:large","max-video-preview":"max-video-preview:-1"},"og_locale":"fr_CA","og_type":"article","og_title":"Ford signe un accord avec l\u2019entreprise qu\u00e9b\u00e9coise Nemaska Lithium - CanadaMotorJobs.com","og_description":"Ford signe un accord avec l\u2019entreprise qu\u00e9b\u00e9coise Nemaska Lithium - Benoit Charette - Annuel automobile - CanadaMotorJobs.com.","og_url":"https:\/\/news.canadamotorjobs.com\/fr\/ford-signe-un-accord-avec-lentreprise-quebecoise-nemaska-lithium\/","og_site_name":"CanadaMotorJobs.com","article_publisher":"https:\/\/www.facebook.com\/canadamotorjobs\/","article_published_time":"2023-05-23T10:49:14+00:00","article_modified_time":"2023-05-23T11:06:08+00:00","og_image":[{"width":2560,"height":1920,"url":"https:\/\/news.canadamotorjobs.com\/wp-content\/uploads\/2023\/05\/2022-04-26-Nemaska-Lithium-scaled-1.jpeg","type":"image\/jpeg"}],"author":"Benoit Charette","twitter_card":"summary_large_image","twitter_creator":"@canadamotorjobs","twitter_site":"@canadamotorjobs","twitter_misc":{"\u00c9crit par":"Benoit Charette","Estimation du temps de lecture":"2 minutes"},"schema":{"@context":"https:\/\/schema.org","@graph":[{"@type":"Article","@id":"https:\/\/news.canadamotorjobs.com\/fr\/ford-signe-un-accord-avec-lentreprise-quebecoise-nemaska-lithium\/#article","isPartOf":{"@id":"https:\/\/news.canadamotorjobs.com\/fr\/ford-signe-un-accord-avec-lentreprise-quebecoise-nemaska-lithium\/"},"author":{"name":"Benoit Charette","@id":"https:\/\/news.canadamotorjobs.com\/#\/schema\/person\/51793d1f87d44011d7bcc2ed99269a90"},"headline":"Ford signe un accord avec l\u2019entreprise qu\u00e9b\u00e9coise Nemaska Lithium","datePublished":"2023-05-23T10:49:14+00:00","dateModified":"2023-05-23T11:06:08+00:00","mainEntityOfPage":{"@id":"https:\/\/news.canadamotorjobs.com\/fr\/ford-signe-un-accord-avec-lentreprise-quebecoise-nemaska-lithium\/"},"wordCount":355,"publisher":{"@id":"https:\/\/news.canadamotorjobs.com\/#organization"},"image":{"@id":"https:\/\/news.canadamotorjobs.com\/fr\/ford-signe-un-accord-avec-lentreprise-quebecoise-nemaska-lithium\/#primaryimage"},"thumbnailUrl":"https:\/\/news.canadamotorjobs.com\/wp-content\/uploads\/2023\/05\/2022-04-26-Nemaska-Lithium-scaled-1.jpeg","articleSection":["Annuel automobile"],"inLanguage":"fr-CA"},{"@type":"WebPage","@id":"https:\/\/news.canadamotorjobs.com\/fr\/ford-signe-un-accord-avec-lentreprise-quebecoise-nemaska-lithium\/","url":"https:\/\/news.canadamotorjobs.com\/fr\/ford-signe-un-accord-avec-lentreprise-quebecoise-nemaska-lithium\/","name":"Ford signe un accord avec l\u2019entreprise qu\u00e9b\u00e9coise Nemaska Lithium - CanadaMotorJobs.com","isPartOf":{"@id":"https:\/\/news.canadamotorjobs.com\/#website"},"primaryImageOfPage":{"@id":"https:\/\/news.canadamotorjobs.com\/fr\/ford-signe-un-accord-avec-lentreprise-quebecoise-nemaska-lithium\/#primaryimage"},"image":{"@id":"https:\/\/news.canadamotorjobs.com\/fr\/ford-signe-un-accord-avec-lentreprise-quebecoise-nemaska-lithium\/#primaryimage"},"thumbnailUrl":"https:\/\/news.canadamotorjobs.com\/wp-content\/uploads\/2023\/05\/2022-04-26-Nemaska-Lithium-scaled-1.jpeg","datePublished":"2023-05-23T10:49:14+00:00","dateModified":"2023-05-23T11:06:08+00:00","description":"Ford signe un accord avec l\u2019entreprise qu\u00e9b\u00e9coise Nemaska Lithium - Benoit Charette - Annuel automobile - CanadaMotorJobs.com.","breadcrumb":{"@id":"https:\/\/news.canadamotorjobs.com\/fr\/ford-signe-un-accord-avec-lentreprise-quebecoise-nemaska-lithium\/#breadcrumb"},"inLanguage":"fr-CA","potentialAction":[{"@type":"ReadAction","target":["https:\/\/news.canadamotorjobs.com\/fr\/ford-signe-un-accord-avec-lentreprise-quebecoise-nemaska-lithium\/"]}]},{"@type":"ImageObject","inLanguage":"fr-CA","@id":"https:\/\/news.canadamotorjobs.com\/fr\/ford-signe-un-accord-avec-lentreprise-quebecoise-nemaska-lithium\/#primaryimage","url":"https:\/\/news.canadamotorjobs.com\/wp-content\/uploads\/2023\/05\/2022-04-26-Nemaska-Lithium-scaled-1.jpeg","contentUrl":"https:\/\/news.canadamotorjobs.com\/wp-content\/uploads\/2023\/05\/2022-04-26-Nemaska-Lithium-scaled-1.jpeg","width":2560,"height":1920},{"@type":"BreadcrumbList","@id":"https:\/\/news.canadamotorjobs.com\/fr\/ford-signe-un-accord-avec-lentreprise-quebecoise-nemaska-lithium\/#breadcrumb","itemListElement":[{"@type":"ListItem","position":1,"name":"Home","item":"https:\/\/news.canadamotorjobs.com\/fr\/blog\/"},{"@type":"ListItem","position":2,"name":"Ford signe un accord avec l\u2019entreprise qu\u00e9b\u00e9coise Nemaska Lithium"}]},{"@type":"WebSite","@id":"https:\/\/news.canadamotorjobs.com\/#website","url":"https:\/\/news.canadamotorjobs.com\/","name":"CanadaMotorJobs.com","description":"Automotive Jobs","publisher":{"@id":"https:\/\/news.canadamotorjobs.com\/#organization"},"potentialAction":[{"@type":"SearchAction","target":{"@type":"EntryPoint","urlTemplate":"https:\/\/news.canadamotorjobs.com\/?s={search_term_string}"},"query-input":"required name=search_term_string"}],"inLanguage":"fr-CA"},{"@type":"Organization","@id":"https:\/\/news.canadamotorjobs.com\/#organization","name":"Canada Motor Jobs","url":"https:\/\/news.canadamotorjobs.com\/","logo":{"@type":"ImageObject","inLanguage":"fr-CA","@id":"https:\/\/news.canadamotorjobs.com\/#\/schema\/logo\/image\/","url":"https:\/\/news.canadamotorjobs.com\/wp-content\/uploads\/2022\/10\/logo-canada-motor-jobs-1.png","contentUrl":"https:\/\/news.canadamotorjobs.com\/wp-content\/uploads\/2022\/10\/logo-canada-motor-jobs-1.png","width":800,"height":400,"caption":"Canada Motor Jobs"},"image":{"@id":"https:\/\/news.canadamotorjobs.com\/#\/schema\/logo\/image\/"},"sameAs":["https:\/\/www.facebook.com\/canadamotorjobs\/","https:\/\/x.com\/canadamotorjobs","https:\/\/www.instagram.com\/canadamotorjobs\/","https:\/\/www.linkedin.com\/company\/canadamotorjobs"]},{"@type":"Person","@id":"https:\/\/news.canadamotorjobs.com\/#\/schema\/person\/51793d1f87d44011d7bcc2ed99269a90","name":"Benoit Charette","image":{"@type":"ImageObject","inLanguage":"fr-CA","@id":"https:\/\/news.canadamotorjobs.com\/#\/schema\/person\/image\/","url":"https:\/\/secure.gravatar.com\/avatar\/45f3d2eebcccd909668d7ce7ea7267b6?s=96&d=mm&r=g","contentUrl":"https:\/\/secure.gravatar.com\/avatar\/45f3d2eebcccd909668d7ce7ea7267b6?s=96&d=mm&r=g","caption":"Benoit Charette"},"description":"Benoit Charette \/ Propri\u00e9taire et r\u00e9dacteur en chef Benoit Charette pratique le journalisme automobile depuis bient\u00f4t 30 ans. Il a fait ses classes au c\u00f4t\u00e9 de Daniel H\u00e9raud et au Carnet de route de 1992 \u00e0 2001. Il est fondateur, copropri\u00e9taire et r\u00e9dacteur en chef de L\u2019Annuel de l\u2019automobile, qu\u2019il publie depuis 2001. Il a anim\u00e9 les \u00e9missions RPM et RPM+ sur V et les L\u00e9gendes de la route sur Historia. \u00c0 la radio depuis 1986, il reprend l\u2019antenne cette ann\u00e9e sur les ondes de Cogeco et participe pour la deuxi\u00e8me ann\u00e9e \u00e0 l\u2019\u00e9mission Passion Auto sur RDS en plus de mettre en ligne le site Web officiel de L\u2019Annuel de l\u2019automobile sur annuelauto.ca.","sameAs":["https:\/\/annuelauto.ca\/"],"url":"https:\/\/news.canadamotorjobs.com\/fr\/author\/benoit-charette\/"}]}},"_links":{"self":[{"href":"https:\/\/news.canadamotorjobs.com\/fr\/wp-json\/wp\/v2\/posts\/145354"}],"collection":[{"href":"https:\/\/news.canadamotorjobs.com\/fr\/wp-json\/wp\/v2\/posts"}],"about":[{"href":"https:\/\/news.canadamotorjobs.com\/fr\/wp-json\/wp\/v2\/types\/post"}],"author":[{"embeddable":true,"href":"https:\/\/news.canadamotorjobs.com\/fr\/wp-json\/wp\/v2\/users\/8"}],"replies":[{"embeddable":true,"href":"https:\/\/news.canadamotorjobs.com\/fr\/wp-json\/wp\/v2\/comments?post=145354"}],"version-history":[{"count":2,"href":"https:\/\/news.canadamotorjobs.com\/fr\/wp-json\/wp\/v2\/posts\/145354\/revisions"}],"predecessor-version":[{"id":145358,"href":"https:\/\/news.canadamotorjobs.com\/fr\/wp-json\/wp\/v2\/posts\/145354\/revisions\/145358"}],"wp:featuredmedia":[{"embeddable":true,"href":"https:\/\/news.canadamotorjobs.com\/fr\/wp-json\/wp\/v2\/media\/145356"}],"wp:attachment":[{"href":"https:\/\/news.canadamotorjobs.com\/fr\/wp-json\/wp\/v2\/media?parent=145354"}],"wp:term":[{"taxonomy":"category","embeddable":true,"href":"https:\/\/news.canadamotorjobs.com\/fr\/wp-json\/wp\/v2\/categories?post=145354"},{"taxonomy":"post_tag","embeddable":true,"href":"https:\/\/news.canadamotorjobs.com\/fr\/wp-json\/wp\/v2\/tags?post=145354"}],"curies":[{"name":"wp","href":"https:\/\/api.w.org\/{rel}","templated":true}]}}