{"id":145331,"date":"2023-05-21T21:09:25","date_gmt":"2023-05-22T01:09:25","guid":{"rendered":"https:\/\/news.canadamotorjobs.com\/?p=145331"},"modified":"2023-05-21T21:30:21","modified_gmt":"2023-05-22T01:30:21","slug":"la-wienermobile-devient-la-frankmobile","status":"publish","type":"post","link":"https:\/\/news.canadamotorjobs.com\/fr\/la-wienermobile-devient-la-frankmobile\/","title":{"rendered":"La Wienermobile devient la Frankmobile"},"content":{"rendered":"<\/p>\n<p>Aux \u00c9tats-Unis, cette ic\u00f4ne fait sourire les gens depuis plusieurs d\u00e9cennies. Elle fait vendre des saucisses aussi. Des tas. Or, un vulgaire communiqu\u00e9 diffus\u00e9 ces derniers jours dans le pays de l\u2019Oncle Sam nous a appris qu\u2019elle change de nom. Rien de moins. Le v\u00e9hicule promotionnel d\u2019Oscar Mayer que tout le monde connaissait sous le nom de <a href=\"https:\/\/annuelauto.ca\/18-juillet-1936-naissance-de-la-wienermobile\/?fbclid=IwAR3XCAdbcDRHmVXurLDg85-bm8wkT9-DlJ3C9xoAF9gjefsYNDDKyje-v4c\" target=\"_blank\" rel=\"noopener noreferrer\">Wienermobile<\/a> s\u2019appellera d\u00e9sormais Frankmobile. Mais ce n\u2019est pas \u00e0 cause d\u2019un d\u00e9nomm\u00e9 Frank. D\u00e9trompez-vous\u00a0!<\/p>\n<p>La d\u00e9cision de changer le nom d\u2019un des v\u00e9hicules les plus connus aux \u00c9tats-Unis provient des id\u00e9ateurs de Kraft\u00a0Heinz, la multinationale qui poss\u00e8de cette marque de charcuterie. \u00c0 leur avis, ce sera un moyen efficace pour mettre en valeur le slogan \u00ab\u00a0<em>100\u00a0% beef franks<\/em> \u00bb associ\u00e9 \u00e0 la nouvelle recette des saucisses Oscar Mayer, dont les \u00c9tatsuniens d\u00e9couvriront la saveur cet \u00e9t\u00e9. Car ils sont avides de chiens-chauds, nos voisins du sud. En 2015, le magazine <em>Fortune<\/em> affirmait qu\u2019ils en achetaient pr\u00e8s d\u2019un milliard de paquets par ann\u00e9e. Parions qu\u2019en huit ans, ce chiffre faramineux n\u2019aura fait qu\u2019augmenter !<\/p>\n<p>Et que vient faire la Wienermobile dans tout cela\u00a0? Oups\u00a0! S\u2019cusez&#8230; la&#8230; Frankmobile&#8230; Eh bien cette saucisse sur quatre roues sillonne les \u00c9tats-Unis pour promouvoir les produits Oscar Mayer depuis 1936. Voil\u00e0 pourquoi elle est si connue.<\/p>\n<h3><strong>La Wienermobile du <em>New Deal<\/em><br \/>\n<\/strong><\/h3>\n<p>\nDeux ann\u00e9es apr\u00e8s l\u2019implantation du <em>New Deal<\/em> par Franklin Delano Roosevelt, Carl\u00a0G.\u00a0Mayer, a eu l\u2019id\u00e9e de cr\u00e9er un v\u00e9hicule devant servir \u00e0 annoncer ces produits dans les rues de Chicago, o\u00f9 l\u2019entreprise \u00e9tait install\u00e9e depuis le tournant du si\u00e8cle.<\/p>\n<p>Carl\u00a0\u00e9tait le neveu du fondateur de la marque\u00a0: Oscar F.\u00a0Mayer (1859-1955), un immigrant allemand. Car il y a bel et bien eu un Oscar; celui-l\u00e0, mais aussi son fils et son petit-fils, Oscar G.\u00a0Mayer Sr. (1888-1965) et Oscar G.\u00a0Mayer Jr. (1914-2009), qui ont tous deux suivi ses traces dans l\u2019entreprise.<\/p>\n<p>Carl s\u2019est donc adress\u00e9 \u00e0 la General Body Company de Chicago pour construite ce v\u00e9hicule h\u00e9t\u00e9roclite, la Wienermobile originelle. Longue de pr\u00e8s de 4 m\u00e8tres, on lui avait fait un habitacle d\u00e9couvert qui s\u2019av\u00e9rait si peu spacieux que seules des personnes de petite taille peuvent y prendre place. Ces porte-parole d\u2019Oscar Mayer deviendront les <em>Little Oscar<\/em>. Expos\u00e9s aux intemp\u00e9ries, ces conducteurs devront cependant attendre 1940 pour b\u00e9n\u00e9ficier d\u2019un toit en mati\u00e8re transparente.<\/p>\n<h3><strong>Un mod\u00e8le d\u2019apr\u00e8s-guerre qui inspirera plusieurs g\u00e9n\u00e9rations<\/strong><\/h3>\n<p>\nAu lendemain de la Deuxi\u00e8me Guerre, Carl con\u00e7oit une nouvelle Wienermobile. Celle-l\u00e0 aura une carrosserie car\u00e9n\u00e9e avec poste de conduite \u00e0 l\u2019avant. Mise en service en 1952, elle sera fabriqu\u00e9e en petit nombre et deviendra le mod\u00e8le de la dizaine de g\u00e9n\u00e9rations de Wienermobile qui suivront jusqu\u2019\u00e0 ce jour.<\/p>\n<p>Le mod\u00e8le actuel arbore, pour sa part, une silhouette plus moderne imagin\u00e9e par le designer am\u00e9ricain Harry Bentley Bradley, celui-l\u00e0 m\u00eame qui a dessin\u00e9 la Dodge Deora, un v\u00e9hicule de r\u00eave des ann\u00e9es 60, mais aussi les premi\u00e8res miniatures <a href=\"https:\/\/annuelauto.ca\/volvo-p1800-aint-no-saint-gasser-bientot-dans-votre-collection-de-hot-wheels\/\" target=\"_blank\" rel=\"noopener noreferrer\">Hot\u00a0Wheels<\/a> fabriqu\u00e9es par Mattel en 1968.<\/p>\n<p>Sa carrosserie couleur ketchup et moutarde \u00e0 portes-papillons mesure 55\u00a0hot dogs de long (plus de 8\u00a0m\u00e8tres), 18 de large et 25\u00a0de haut, selon le service de presse d\u2019Oscar Mayer. Elle est faite en fibre de verre et, pour les six v\u00e9hicules qui forment la flotte actuelle, elle habille un ch\u00e2ssis de GMC S\u00e9rie\u00a0W (un camion poids moyen) dot\u00e9 d\u2019un V8 Vortec 5700 de 6,0\u00a0L produisant 300\u00a0ch.<\/p>\n<h3><strong>Elle a servi \u00e0 toutes les&#8230; sauces<\/strong><\/h3>\n<p>\nCette ic\u00f4ne de la route qui aura bient\u00f4t 90\u00a0ans a marqu\u00e9 l\u2019imaginaire am\u00e9ricain de multiples fa\u00e7ons. Au cin\u00e9ma, elle a figur\u00e9 dans au moins deux longs m\u00e9trages (<em>Ladybugs<\/em> avec Rodney Dangerfield et <em>Another You<\/em> avec Richard Pryor et Gene Wilder), en plus d\u2019avoir fait de nombreuses apparitions dans les \u00e9missions de la t\u00e9l\u00e9 am\u00e9ricaine, notamment aux <em>The Tonight Show<\/em> de <a href=\"https:\/\/annuelauto.ca\/nbc-met-fin-au-contrat-de-jay-leno\/\" target=\"_blank\" rel=\"noopener noreferrer\">Jay Leno<\/a> et <em>The Late Show<\/em> avec David Letterman.<\/p>\n<p>R\u00e9cemment, il a aussi servi \u00e0 toutes sortes de&#8230; sauces ! En 2019, un des v\u00e9hicules de la flotte a \u00e9t\u00e9 transform\u00e9 en g\u00eete et offert sur le r\u00e9seau Airbnb. En 2021, durant quelques jours, une Wienermobile a servi bri\u00e8vement au covoiturage pour Lyft dans les villes de New York, Chicago, Los Angeles et Atlanta. Puis, en avril dernier, un de ces v\u00e9hicules est m\u00eame devenu la <em>Wienermobile of Love<\/em> : une chapelle servant \u00e0 c\u00e9l\u00e9brer des mariages \u00e0 Las Vegas !<\/p>\n<p>Maintenant, des millions d\u2019Am\u00e9ricains vont devoir se faire \u00e0 cette nouvelle appellation : Frankmobile, qui est bien moins amusante. \u00c0 tout le moins, les op\u00e9rateurs de ces v\u00e9hicules, eux, ne changeront pas de nom. Ils resteront les <em>Hotdoggers<\/em>. Au moins, une partie du mythe demeure intact&#8230;<\/p>\n<p><em>Photos : Kraft Heinz et archives LG<\/em><\/p>\n<div id=\"simple-translate\" class=\"simple-translate-light-theme\"><\/p>\n<div><\/p>\n<div class=\"simple-translate-button isShow\" style=\"height: 22px;width: 22px;top: 1182px;left: 181px\"><\/div>\n<p><\/p>\n<div class=\"simple-translate-panel \" style=\"width: 300px;height: 200px;top: 0px;left: 0px;font-size: 13px\"><\/p>\n<div class=\"simple-translate-result-wrapper\" style=\"overflow: hidden\"><\/p>\n<div class=\"simple-translate-move\"><\/div>\n<p><\/p>\n<div class=\"simple-translate-result-contents\"><\/p>\n<p class=\"simple-translate-candidate\" dir=\"auto\">\n<\/div>\n<p>\n<\/div>\n<p>\n<\/div>\n<p>\n<\/div>\n<p>\n<\/div>\n<p>Le texte <a rel=\"nofollow\" href=\"https:\/\/annuelauto.ca\/la-wienermobile-devient-la-frankmobile\/\">La Wienermobile devient la Frankmobile<\/a> provient de <a rel=\"nofollow\" href=\"https:\/\/annuelauto.ca\">L&#8217;annuel de l&#8217;automobile &#8211; Actualit\u00e9 automobile<\/a><\/p>\n<p><\/p>\n","protected":false},"excerpt":{"rendered":"<p>Aux \u00c9tats-Unis, cette ic\u00f4ne fait sourire les gens depuis plusieurs d\u00e9cennies. Elle fait vendre des saucisses aussi. Des tas. Or, un vulgaire communiqu\u00e9 diffus\u00e9 ces derniers jours dans le pays de l\u2019Oncle Sam nous a appris qu\u2019elle change de nom. Rien de moins. Le v\u00e9hicule promotionnel d\u2019Oscar Mayer que tout le monde connaissait sous le [&hellip;]<\/p>\n","protected":false},"author":8,"featured_media":145333,"comment_status":"close","ping_status":"closed","sticky":false,"template":"","format":"standard","meta":{"_monsterinsights_skip_tracking":false,"_monsterinsights_sitenote_active":false,"_monsterinsights_sitenote_note":"","_monsterinsights_sitenote_category":0,"footnotes":""},"categories":[101],"tags":[],"yoast_head":"<!-- This site is optimized with the Yoast SEO plugin v23.2 - https:\/\/yoast.com\/wordpress\/plugins\/seo\/ -->\n<title>La Wienermobile devient la Frankmobile - CanadaMotorJobs.com<\/title>\n<meta name=\"description\" content=\"La Wienermobile devient la Frankmobile - Benoit Charette - Annuel automobile - CanadaMotorJobs.com.\" \/>\n<meta name=\"robots\" content=\"index, follow, max-snippet:-1, max-image-preview:large, max-video-preview:-1\" \/>\n<meta property=\"og:locale\" content=\"fr_CA\" \/>\n<meta property=\"og:type\" content=\"article\" \/>\n<meta property=\"og:title\" content=\"La Wienermobile devient la Frankmobile - CanadaMotorJobs.com\" \/>\n<meta property=\"og:description\" content=\"La Wienermobile devient la Frankmobile - Benoit Charette - Annuel automobile - CanadaMotorJobs.com.\" \/>\n<meta property=\"og:url\" content=\"https:\/\/news.canadamotorjobs.com\/fr\/la-wienermobile-devient-la-frankmobile\/\" \/>\n<meta property=\"og:site_name\" content=\"CanadaMotorJobs.com\" \/>\n<meta property=\"article:publisher\" content=\"https:\/\/www.facebook.com\/canadamotorjobs\/\" \/>\n<meta property=\"article:published_time\" content=\"2023-05-22T01:09:25+00:00\" \/>\n<meta property=\"article:modified_time\" content=\"2023-05-22T01:30:21+00:00\" \/>\n<meta property=\"og:image\" content=\"https:\/\/news.canadamotorjobs.com\/wp-content\/uploads\/2023\/05\/Frankmobile-2023-1.jpg\" \/>\n\t<meta property=\"og:image:width\" content=\"1500\" \/>\n\t<meta property=\"og:image:height\" content=\"1000\" \/>\n\t<meta property=\"og:image:type\" content=\"image\/jpeg\" \/>\n<meta name=\"author\" content=\"Benoit Charette\" \/>\n<meta name=\"twitter:card\" content=\"summary_large_image\" \/>\n<meta name=\"twitter:creator\" content=\"@canadamotorjobs\" \/>\n<meta name=\"twitter:site\" content=\"@canadamotorjobs\" \/>\n<meta name=\"twitter:label1\" content=\"\u00c9crit par\" \/>\n\t<meta name=\"twitter:data1\" content=\"Benoit Charette\" \/>\n\t<meta name=\"twitter:label2\" content=\"Estimation du temps de lecture\" \/>\n\t<meta name=\"twitter:data2\" content=\"4 minutes\" \/>\n<!-- \/ Yoast SEO plugin. -->","yoast_head_json":{"title":"La Wienermobile devient la Frankmobile - CanadaMotorJobs.com","description":"La Wienermobile devient la Frankmobile - Benoit Charette - Annuel automobile - CanadaMotorJobs.com.","robots":{"index":"index","follow":"follow","max-snippet":"max-snippet:-1","max-image-preview":"max-image-preview:large","max-video-preview":"max-video-preview:-1"},"og_locale":"fr_CA","og_type":"article","og_title":"La Wienermobile devient la Frankmobile - CanadaMotorJobs.com","og_description":"La Wienermobile devient la Frankmobile - Benoit Charette - Annuel automobile - CanadaMotorJobs.com.","og_url":"https:\/\/news.canadamotorjobs.com\/fr\/la-wienermobile-devient-la-frankmobile\/","og_site_name":"CanadaMotorJobs.com","article_publisher":"https:\/\/www.facebook.com\/canadamotorjobs\/","article_published_time":"2023-05-22T01:09:25+00:00","article_modified_time":"2023-05-22T01:30:21+00:00","og_image":[{"width":1500,"height":1000,"url":"https:\/\/news.canadamotorjobs.com\/wp-content\/uploads\/2023\/05\/Frankmobile-2023-1.jpg","type":"image\/jpeg"}],"author":"Benoit Charette","twitter_card":"summary_large_image","twitter_creator":"@canadamotorjobs","twitter_site":"@canadamotorjobs","twitter_misc":{"\u00c9crit par":"Benoit Charette","Estimation du temps de lecture":"4 minutes"},"schema":{"@context":"https:\/\/schema.org","@graph":[{"@type":"Article","@id":"https:\/\/news.canadamotorjobs.com\/fr\/la-wienermobile-devient-la-frankmobile\/#article","isPartOf":{"@id":"https:\/\/news.canadamotorjobs.com\/fr\/la-wienermobile-devient-la-frankmobile\/"},"author":{"name":"Benoit Charette","@id":"https:\/\/news.canadamotorjobs.com\/#\/schema\/person\/51793d1f87d44011d7bcc2ed99269a90"},"headline":"La Wienermobile devient la Frankmobile","datePublished":"2023-05-22T01:09:25+00:00","dateModified":"2023-05-22T01:30:21+00:00","mainEntityOfPage":{"@id":"https:\/\/news.canadamotorjobs.com\/fr\/la-wienermobile-devient-la-frankmobile\/"},"wordCount":855,"publisher":{"@id":"https:\/\/news.canadamotorjobs.com\/#organization"},"image":{"@id":"https:\/\/news.canadamotorjobs.com\/fr\/la-wienermobile-devient-la-frankmobile\/#primaryimage"},"thumbnailUrl":"https:\/\/news.canadamotorjobs.com\/wp-content\/uploads\/2023\/05\/Frankmobile-2023-1.jpg","articleSection":["Annuel automobile"],"inLanguage":"fr-CA"},{"@type":"WebPage","@id":"https:\/\/news.canadamotorjobs.com\/fr\/la-wienermobile-devient-la-frankmobile\/","url":"https:\/\/news.canadamotorjobs.com\/fr\/la-wienermobile-devient-la-frankmobile\/","name":"La Wienermobile devient la Frankmobile - CanadaMotorJobs.com","isPartOf":{"@id":"https:\/\/news.canadamotorjobs.com\/#website"},"primaryImageOfPage":{"@id":"https:\/\/news.canadamotorjobs.com\/fr\/la-wienermobile-devient-la-frankmobile\/#primaryimage"},"image":{"@id":"https:\/\/news.canadamotorjobs.com\/fr\/la-wienermobile-devient-la-frankmobile\/#primaryimage"},"thumbnailUrl":"https:\/\/news.canadamotorjobs.com\/wp-content\/uploads\/2023\/05\/Frankmobile-2023-1.jpg","datePublished":"2023-05-22T01:09:25+00:00","dateModified":"2023-05-22T01:30:21+00:00","description":"La Wienermobile devient la Frankmobile - Benoit Charette - Annuel automobile - CanadaMotorJobs.com.","breadcrumb":{"@id":"https:\/\/news.canadamotorjobs.com\/fr\/la-wienermobile-devient-la-frankmobile\/#breadcrumb"},"inLanguage":"fr-CA","potentialAction":[{"@type":"ReadAction","target":["https:\/\/news.canadamotorjobs.com\/fr\/la-wienermobile-devient-la-frankmobile\/"]}]},{"@type":"ImageObject","inLanguage":"fr-CA","@id":"https:\/\/news.canadamotorjobs.com\/fr\/la-wienermobile-devient-la-frankmobile\/#primaryimage","url":"https:\/\/news.canadamotorjobs.com\/wp-content\/uploads\/2023\/05\/Frankmobile-2023-1.jpg","contentUrl":"https:\/\/news.canadamotorjobs.com\/wp-content\/uploads\/2023\/05\/Frankmobile-2023-1.jpg","width":1500,"height":1000},{"@type":"BreadcrumbList","@id":"https:\/\/news.canadamotorjobs.com\/fr\/la-wienermobile-devient-la-frankmobile\/#breadcrumb","itemListElement":[{"@type":"ListItem","position":1,"name":"Home","item":"https:\/\/news.canadamotorjobs.com\/fr\/blog\/"},{"@type":"ListItem","position":2,"name":"La Wienermobile devient la Frankmobile"}]},{"@type":"WebSite","@id":"https:\/\/news.canadamotorjobs.com\/#website","url":"https:\/\/news.canadamotorjobs.com\/","name":"CanadaMotorJobs.com","description":"Automotive Jobs","publisher":{"@id":"https:\/\/news.canadamotorjobs.com\/#organization"},"potentialAction":[{"@type":"SearchAction","target":{"@type":"EntryPoint","urlTemplate":"https:\/\/news.canadamotorjobs.com\/?s={search_term_string}"},"query-input":"required name=search_term_string"}],"inLanguage":"fr-CA"},{"@type":"Organization","@id":"https:\/\/news.canadamotorjobs.com\/#organization","name":"Canada Motor Jobs","url":"https:\/\/news.canadamotorjobs.com\/","logo":{"@type":"ImageObject","inLanguage":"fr-CA","@id":"https:\/\/news.canadamotorjobs.com\/#\/schema\/logo\/image\/","url":"https:\/\/news.canadamotorjobs.com\/wp-content\/uploads\/2022\/10\/logo-canada-motor-jobs-1.png","contentUrl":"https:\/\/news.canadamotorjobs.com\/wp-content\/uploads\/2022\/10\/logo-canada-motor-jobs-1.png","width":800,"height":400,"caption":"Canada Motor Jobs"},"image":{"@id":"https:\/\/news.canadamotorjobs.com\/#\/schema\/logo\/image\/"},"sameAs":["https:\/\/www.facebook.com\/canadamotorjobs\/","https:\/\/x.com\/canadamotorjobs","https:\/\/www.instagram.com\/canadamotorjobs\/","https:\/\/www.linkedin.com\/company\/canadamotorjobs"]},{"@type":"Person","@id":"https:\/\/news.canadamotorjobs.com\/#\/schema\/person\/51793d1f87d44011d7bcc2ed99269a90","name":"Benoit Charette","image":{"@type":"ImageObject","inLanguage":"fr-CA","@id":"https:\/\/news.canadamotorjobs.com\/#\/schema\/person\/image\/","url":"https:\/\/secure.gravatar.com\/avatar\/45f3d2eebcccd909668d7ce7ea7267b6?s=96&d=mm&r=g","contentUrl":"https:\/\/secure.gravatar.com\/avatar\/45f3d2eebcccd909668d7ce7ea7267b6?s=96&d=mm&r=g","caption":"Benoit Charette"},"description":"Benoit Charette \/ Propri\u00e9taire et r\u00e9dacteur en chef Benoit Charette pratique le journalisme automobile depuis bient\u00f4t 30 ans. Il a fait ses classes au c\u00f4t\u00e9 de Daniel H\u00e9raud et au Carnet de route de 1992 \u00e0 2001. Il est fondateur, copropri\u00e9taire et r\u00e9dacteur en chef de L\u2019Annuel de l\u2019automobile, qu\u2019il publie depuis 2001. Il a anim\u00e9 les \u00e9missions RPM et RPM+ sur V et les L\u00e9gendes de la route sur Historia. \u00c0 la radio depuis 1986, il reprend l\u2019antenne cette ann\u00e9e sur les ondes de Cogeco et participe pour la deuxi\u00e8me ann\u00e9e \u00e0 l\u2019\u00e9mission Passion Auto sur RDS en plus de mettre en ligne le site Web officiel de L\u2019Annuel de l\u2019automobile sur annuelauto.ca.","sameAs":["https:\/\/annuelauto.ca\/"],"url":"https:\/\/news.canadamotorjobs.com\/fr\/author\/benoit-charette\/"}]}},"_links":{"self":[{"href":"https:\/\/news.canadamotorjobs.com\/fr\/wp-json\/wp\/v2\/posts\/145331"}],"collection":[{"href":"https:\/\/news.canadamotorjobs.com\/fr\/wp-json\/wp\/v2\/posts"}],"about":[{"href":"https:\/\/news.canadamotorjobs.com\/fr\/wp-json\/wp\/v2\/types\/post"}],"author":[{"embeddable":true,"href":"https:\/\/news.canadamotorjobs.com\/fr\/wp-json\/wp\/v2\/users\/8"}],"replies":[{"embeddable":true,"href":"https:\/\/news.canadamotorjobs.com\/fr\/wp-json\/wp\/v2\/comments?post=145331"}],"version-history":[{"count":2,"href":"https:\/\/news.canadamotorjobs.com\/fr\/wp-json\/wp\/v2\/posts\/145331\/revisions"}],"predecessor-version":[{"id":145335,"href":"https:\/\/news.canadamotorjobs.com\/fr\/wp-json\/wp\/v2\/posts\/145331\/revisions\/145335"}],"wp:featuredmedia":[{"embeddable":true,"href":"https:\/\/news.canadamotorjobs.com\/fr\/wp-json\/wp\/v2\/media\/145333"}],"wp:attachment":[{"href":"https:\/\/news.canadamotorjobs.com\/fr\/wp-json\/wp\/v2\/media?parent=145331"}],"wp:term":[{"taxonomy":"category","embeddable":true,"href":"https:\/\/news.canadamotorjobs.com\/fr\/wp-json\/wp\/v2\/categories?post=145331"},{"taxonomy":"post_tag","embeddable":true,"href":"https:\/\/news.canadamotorjobs.com\/fr\/wp-json\/wp\/v2\/tags?post=145331"}],"curies":[{"name":"wp","href":"https:\/\/api.w.org\/{rel}","templated":true}]}}